{"id":9159,"date":"2022-07-28T10:25:52","date_gmt":"2022-07-28T10:25:52","guid":{"rendered":"https:\/\/spitalmciuc.ro\/?p=9159"},"modified":"2022-07-28T10:34:33","modified_gmt":"2022-07-28T10:34:33","slug":"mentoszolgalat-nemzeti-napja","status":"publish","type":"post","link":"https:\/\/spitalmciuc.ro\/hu\/mentoszolgalat-nemzeti-napja\/","title":{"rendered":"A rom\u00e1niai ment\u0151szolg\u00e1lat napja"},"content":{"rendered":"<p>[vc_row][vc_column][vc_column_text]<\/p>\n<div class=\"cxmmr5t8 oygrvhab hcukyx3x c1et5uql o9v6fnle ii04i59q\">\n<div dir=\"auto\" style=\"text-align: center;\">\u201eOly sokan halnak meg \u00e9rtelmetlen\u00fcl, mik\u00f6zben m\u00e9g \u00e9lhettek volna.<\/div>\n<div dir=\"auto\" style=\"text-align: center;\">Egy \u00e9let megment\u00e9se ellens\u00falyozhatja egy m\u00e1sik elveszt\u00e9s\u00e9t.\u201d<\/div>\n<div dir=\"auto\" style=\"text-align: center;\">(Cinda Williams Chima)<\/div>\n<\/div>\n<p>&nbsp;<\/p>\n<div class=\"cxmmr5t8 oygrvhab hcukyx3x c1et5uql o9v6fnle ii04i59q\" style=\"text-align: center;\">\n<div dir=\"auto\">J\u00falius 28-\u00e1n, cs\u00fct\u00f6rt\u00f6k\u00f6n, az orsz\u00e1gos ment\u0151szolg\u00e1lat megalakul\u00e1s\u00e1nak 116. \u00e9vfordul\u00f3j\u00e1n, a ment\u0151s\u00f6ket \u00fcnnepelj\u00fck.<\/div>\n<p>&nbsp;<\/p>\n<div dir=\"auto\">1906-ban, ezen a napon kezdte meg szolg\u00e1lat\u00e1t Bukarestben az els\u0151 ment\u0151szolg\u00e1lat. Az els\u0151 ment\u0151csapat egy kocsisb\u00f3l \u00e9s egy rend\u0151rb\u0151l \u00e1llt, j\u00e1rm\u0171ve egy lovaskocsi volt.<\/div>\n<\/div>\n<p>&nbsp;<\/p>\n<div class=\"cxmmr5t8 oygrvhab hcukyx3x c1et5uql o9v6fnle ii04i59q\" style=\"text-align: center;\">\n<div dir=\"auto\">Hargita megy\u00e9ben, jelenleg, 16 \u00e1llom\u00e1shelyen, 339 ember teljes\u00edt szolg\u00e1latot, akik kimagasl\u00f3 teljes\u00edtm\u00e9nyt ny\u00fajtanak eg\u00e9sz \u00e9vben. Az elm\u00falt id\u0151szak, k\u00fcl\u00f6n\u00f6sen nagy er\u0151pr\u00f3ba el\u00e9 \u00e1ll\u00edtotta mindannyiukat. A sikeres helyt\u00e1ll\u00e1s a ment\u0151dolgoz\u00f3k felk\u00e9sz\u00fclts\u00e9g\u00e9nek \u00e9s elh\u00edvatotts\u00e1g\u00e1nak, valamint, a t\u00e1rsadalom t\u00e1mogat\u00f3 \u00f6sszefog\u00e1s\u00e1nak is k\u00f6sz\u00f6nhet\u0151.<\/div>\n<\/div>\n<p>&nbsp;<\/p>\n<div class=\"cxmmr5t8 oygrvhab hcukyx3x c1et5uql o9v6fnle ii04i59q\" style=\"text-align: center;\">\n<div dir=\"auto\">A ment\u0151s\u00f6k f\u00e1radhatatlan munk\u00e1ja, fontos r\u00e9sze, az eg\u00e9szs\u00e9g\u00fcgy, \u00edgy a Cs\u00edkszeredai Megyei S\u00fcrg\u0151ss\u00e9gi K\u00f3rh\u00e1z hat\u00e9kony m\u0171k\u00f6d\u00e9s\u00e9nek is. Ez\u00faton szeretn\u00e9nk h\u00e1l\u00e1nkat, tisztelet\u00fcnket \u00e9s k\u00f6sz\u00f6net\u00fcnket kifejezni a Hargita Megyei Ment\u0151szolg\u00e1lat minden kedves dolgoz\u00f3j\u00e1nak.<\/div>\n<\/div>\n<p>&nbsp;<\/p>\n<div class=\"cxmmr5t8 oygrvhab hcukyx3x c1et5uql o9v6fnle ii04i59q\">\n<div dir=\"auto\" style=\"text-align: center;\">K\u00edv\u00e1nunk a munk\u00e1jukhoz tov\u00e1bbi j\u00f3 eg\u00e9szs\u00e9get!<\/div>\n<\/div>\n<p>[\/vc_column_text][\/vc_column][\/vc_row][vc_row][vc_column width=&#8221;1\/3&#8243;][vc_single_image image=&#8221;9160&#8243; img_size=&#8221;large&#8221;][\/vc_column][vc_column width=&#8221;1\/3&#8243;][vc_single_image image=&#8221;9162&#8243; img_size=&#8221;large&#8221;][\/vc_column][vc_column width=&#8221;1\/3&#8243;][vc_single_image image=&#8221;9169&#8243; img_size=&#8221;large&#8221;][\/vc_column][\/vc_row]<\/p>\n","protected":false},"excerpt":{"rendered":"<p>[vc_row][vc_column][vc_column_text] \u201eOly sokan halnak meg \u00e9rtelmetlen\u00fcl, mik\u00f6zben m\u00e9g \u00e9lhettek volna. Egy \u00e9let megment\u00e9se ellens\u00falyozhatja egy m\u00e1sik elveszt\u00e9s\u00e9t.\u201d (Cinda Williams Chima) &nbsp; J\u00falius 28-\u00e1n, cs\u00fct\u00f6rt\u00f6k\u00f6n, az orsz\u00e1gos ment\u0151szolg\u00e1lat megalakul\u00e1s\u00e1nak 116. \u00e9vfordul\u00f3j\u00e1n, a ment\u0151s\u00f6ket \u00fcnnepelj\u00fck. &nbsp; 1906-ban, ezen a napon kezdte meg szolg\u00e1lat\u00e1t Bukarestben az els\u0151 ment\u0151szolg\u00e1lat. Az els\u0151 ment\u0151csapat egy kocsisb\u00f3l \u00e9s egy rend\u0151rb\u0151l \u00e1llt, j\u00e1rm\u0171ve&hellip;<\/p>\n","protected":false},"author":11,"featured_media":0,"comment_status":"closed","ping_status":"open","sticky":false,"template":"","format":"standard","meta":[],"categories":[29,1],"tags":[],"yoast_head":"<!-- This site is optimized with the Yoast SEO plugin v18.3 - https:\/\/yoast.com\/wordpress\/plugins\/seo\/ -->\n<title>A rom\u00e1niai ment\u0151szolg\u00e1lat napja - Cs\u00edkszeredai Megyei S\u00fcrg\u0151ss\u00e9gi K\u00f3rh\u00e1z<\/title>\n<meta name=\"robots\" content=\"index, follow, max-snippet:-1, max-image-preview:large, max-video-preview:-1\" \/>\n<link rel=\"canonical\" href=\"https:\/\/spitalmciuc.ro\/hu\/mentoszolgalat-nemzeti-napja\/\" \/>\n<meta property=\"og:locale\" content=\"hu_HU\" \/>\n<meta property=\"og:type\" content=\"article\" \/>\n<meta property=\"og:title\" content=\"A rom\u00e1niai ment\u0151szolg\u00e1lat napja - Cs\u00edkszeredai Megyei S\u00fcrg\u0151ss\u00e9gi K\u00f3rh\u00e1z\" \/>\n<meta property=\"og:description\" content=\"[vc_row][vc_column][vc_column_text] \u201eOly sokan halnak meg \u00e9rtelmetlen\u00fcl, mik\u00f6zben m\u00e9g \u00e9lhettek volna. Egy \u00e9let megment\u00e9se ellens\u00falyozhatja egy m\u00e1sik elveszt\u00e9s\u00e9t.\u201d (Cinda Williams Chima) &nbsp; J\u00falius 28-\u00e1n, cs\u00fct\u00f6rt\u00f6k\u00f6n, az orsz\u00e1gos ment\u0151szolg\u00e1lat megalakul\u00e1s\u00e1nak 116. \u00e9vfordul\u00f3j\u00e1n, a ment\u0151s\u00f6ket \u00fcnnepelj\u00fck. &nbsp; 1906-ban, ezen a napon kezdte meg szolg\u00e1lat\u00e1t Bukarestben az els\u0151 ment\u0151szolg\u00e1lat. Az els\u0151 ment\u0151csapat egy kocsisb\u00f3l \u00e9s egy rend\u0151rb\u0151l \u00e1llt, j\u00e1rm\u0171ve&hellip;\" \/>\n<meta property=\"og:url\" content=\"https:\/\/spitalmciuc.ro\/hu\/mentoszolgalat-nemzeti-napja\/\" \/>\n<meta property=\"og:site_name\" content=\"Cs\u00edkszeredai Megyei S\u00fcrg\u0151ss\u00e9gi K\u00f3rh\u00e1z\" \/>\n<meta property=\"article:published_time\" content=\"2022-07-28T10:25:52+00:00\" \/>\n<meta property=\"article:modified_time\" content=\"2022-07-28T10:34:33+00:00\" \/>\n<meta name=\"twitter:card\" content=\"summary_large_image\" \/>\n<meta name=\"twitter:label1\" content=\"Szerz\u0151:\" \/>\n\t<meta name=\"twitter:data1\" content=\"Milik Szil\u00e1rd\" \/>\n\t<meta name=\"twitter:label2\" content=\"Becs\u00fclt olvas\u00e1si id\u0151\" \/>\n\t<meta name=\"twitter:data2\" content=\"1 perc\" \/>\n<script type=\"application\/ld+json\" class=\"yoast-schema-graph\">{\"@context\":\"https:\/\/schema.org\",\"@graph\":[{\"@type\":\"Organization\",\"@id\":\"https:\/\/spitalmciuc.ro\/#organization\",\"name\":\"Spitalul Jude\u0163ean de Urgen\u0163\u0103 Miercurea Ciuc\",\"url\":\"https:\/\/spitalmciuc.ro\/\",\"sameAs\":[],\"logo\":{\"@type\":\"ImageObject\",\"@id\":\"https:\/\/spitalmciuc.ro\/#logo\",\"inLanguage\":\"hu\",\"url\":\"https:\/\/spitalmciuc.ro\/wp-content\/uploads\/2022\/02\/logo-spital-ro-60.jpg\",\"contentUrl\":\"https:\/\/spitalmciuc.ro\/wp-content\/uploads\/2022\/02\/logo-spital-ro-60.jpg\",\"width\":198,\"height\":60,\"caption\":\"Spitalul Jude\u0163ean de Urgen\u0163\u0103 Miercurea Ciuc\"},\"image\":{\"@id\":\"https:\/\/spitalmciuc.ro\/#logo\"}},{\"@type\":\"WebSite\",\"@id\":\"https:\/\/spitalmciuc.ro\/#website\",\"url\":\"https:\/\/spitalmciuc.ro\/\",\"name\":\"Cs\u00edkszeredai Megyei S\u00fcrg\u0151ss\u00e9gi K\u00f3rh\u00e1z\",\"description\":\"\",\"publisher\":{\"@id\":\"https:\/\/spitalmciuc.ro\/#organization\"},\"potentialAction\":[{\"@type\":\"SearchAction\",\"target\":{\"@type\":\"EntryPoint\",\"urlTemplate\":\"https:\/\/spitalmciuc.ro\/?s={search_term_string}\"},\"query-input\":\"required name=search_term_string\"}],\"inLanguage\":\"hu\"},{\"@type\":\"WebPage\",\"@id\":\"https:\/\/spitalmciuc.ro\/hu\/mentoszolgalat-nemzeti-napja\/#webpage\",\"url\":\"https:\/\/spitalmciuc.ro\/hu\/mentoszolgalat-nemzeti-napja\/\",\"name\":\"A rom\u00e1niai ment\u0151szolg\u00e1lat napja - Cs\u00edkszeredai Megyei S\u00fcrg\u0151ss\u00e9gi K\u00f3rh\u00e1z\",\"isPartOf\":{\"@id\":\"https:\/\/spitalmciuc.ro\/#website\"},\"datePublished\":\"2022-07-28T10:25:52+00:00\",\"dateModified\":\"2022-07-28T10:34:33+00:00\",\"breadcrumb\":{\"@id\":\"https:\/\/spitalmciuc.ro\/hu\/mentoszolgalat-nemzeti-napja\/#breadcrumb\"},\"inLanguage\":\"hu\",\"potentialAction\":[{\"@type\":\"ReadAction\",\"target\":[\"https:\/\/spitalmciuc.ro\/hu\/mentoszolgalat-nemzeti-napja\/\"]}]},{\"@type\":\"BreadcrumbList\",\"@id\":\"https:\/\/spitalmciuc.ro\/hu\/mentoszolgalat-nemzeti-napja\/#breadcrumb\",\"itemListElement\":[{\"@type\":\"ListItem\",\"position\":1,\"name\":\"Kezd\u0151lap\",\"item\":\"https:\/\/spitalmciuc.ro\/hu\/\"},{\"@type\":\"ListItem\",\"position\":2,\"name\":\"A rom\u00e1niai ment\u0151szolg\u00e1lat napja\"}]},{\"@type\":\"Article\",\"@id\":\"https:\/\/spitalmciuc.ro\/hu\/mentoszolgalat-nemzeti-napja\/#article\",\"isPartOf\":{\"@id\":\"https:\/\/spitalmciuc.ro\/hu\/mentoszolgalat-nemzeti-napja\/#webpage\"},\"author\":{\"@id\":\"https:\/\/spitalmciuc.ro\/#\/schema\/person\/20ea297ab07e8f4d1689dfe252e34174\"},\"headline\":\"A rom\u00e1niai ment\u0151szolg\u00e1lat napja\",\"datePublished\":\"2022-07-28T10:25:52+00:00\",\"dateModified\":\"2022-07-28T10:34:33+00:00\",\"mainEntityOfPage\":{\"@id\":\"https:\/\/spitalmciuc.ro\/hu\/mentoszolgalat-nemzeti-napja\/#webpage\"},\"wordCount\":298,\"publisher\":{\"@id\":\"https:\/\/spitalmciuc.ro\/#organization\"},\"articleSection\":[\"\u0218tiri\",\"Uncategorized @hu\"],\"inLanguage\":\"hu\"},{\"@type\":\"Person\",\"@id\":\"https:\/\/spitalmciuc.ro\/#\/schema\/person\/20ea297ab07e8f4d1689dfe252e34174\",\"name\":\"Milik Szil\u00e1rd\",\"url\":\"https:\/\/spitalmciuc.ro\/hu\/author\/szilard\/\"}]}<\/script>\n<!-- \/ Yoast SEO plugin. -->","yoast_head_json":{"title":"A rom\u00e1niai ment\u0151szolg\u00e1lat napja - Cs\u00edkszeredai Megyei S\u00fcrg\u0151ss\u00e9gi K\u00f3rh\u00e1z","robots":{"index":"index","follow":"follow","max-snippet":"max-snippet:-1","max-image-preview":"max-image-preview:large","max-video-preview":"max-video-preview:-1"},"canonical":"https:\/\/spitalmciuc.ro\/hu\/mentoszolgalat-nemzeti-napja\/","og_locale":"hu_HU","og_type":"article","og_title":"A rom\u00e1niai ment\u0151szolg\u00e1lat napja - Cs\u00edkszeredai Megyei S\u00fcrg\u0151ss\u00e9gi K\u00f3rh\u00e1z","og_description":"[vc_row][vc_column][vc_column_text] \u201eOly sokan halnak meg \u00e9rtelmetlen\u00fcl, mik\u00f6zben m\u00e9g \u00e9lhettek volna. Egy \u00e9let megment\u00e9se ellens\u00falyozhatja egy m\u00e1sik elveszt\u00e9s\u00e9t.\u201d (Cinda Williams Chima) &nbsp; J\u00falius 28-\u00e1n, cs\u00fct\u00f6rt\u00f6k\u00f6n, az orsz\u00e1gos ment\u0151szolg\u00e1lat megalakul\u00e1s\u00e1nak 116. \u00e9vfordul\u00f3j\u00e1n, a ment\u0151s\u00f6ket \u00fcnnepelj\u00fck. &nbsp; 1906-ban, ezen a napon kezdte meg szolg\u00e1lat\u00e1t Bukarestben az els\u0151 ment\u0151szolg\u00e1lat. Az els\u0151 ment\u0151csapat egy kocsisb\u00f3l \u00e9s egy rend\u0151rb\u0151l \u00e1llt, j\u00e1rm\u0171ve&hellip;","og_url":"https:\/\/spitalmciuc.ro\/hu\/mentoszolgalat-nemzeti-napja\/","og_site_name":"Cs\u00edkszeredai Megyei S\u00fcrg\u0151ss\u00e9gi K\u00f3rh\u00e1z","article_published_time":"2022-07-28T10:25:52+00:00","article_modified_time":"2022-07-28T10:34:33+00:00","twitter_card":"summary_large_image","twitter_misc":{"Szerz\u0151:":"Milik Szil\u00e1rd","Becs\u00fclt olvas\u00e1si id\u0151":"1 perc"},"schema":{"@context":"https:\/\/schema.org","@graph":[{"@type":"Organization","@id":"https:\/\/spitalmciuc.ro\/#organization","name":"Spitalul Jude\u0163ean de Urgen\u0163\u0103 Miercurea Ciuc","url":"https:\/\/spitalmciuc.ro\/","sameAs":[],"logo":{"@type":"ImageObject","@id":"https:\/\/spitalmciuc.ro\/#logo","inLanguage":"hu","url":"https:\/\/spitalmciuc.ro\/wp-content\/uploads\/2022\/02\/logo-spital-ro-60.jpg","contentUrl":"https:\/\/spitalmciuc.ro\/wp-content\/uploads\/2022\/02\/logo-spital-ro-60.jpg","width":198,"height":60,"caption":"Spitalul Jude\u0163ean de Urgen\u0163\u0103 Miercurea Ciuc"},"image":{"@id":"https:\/\/spitalmciuc.ro\/#logo"}},{"@type":"WebSite","@id":"https:\/\/spitalmciuc.ro\/#website","url":"https:\/\/spitalmciuc.ro\/","name":"Cs\u00edkszeredai Megyei S\u00fcrg\u0151ss\u00e9gi K\u00f3rh\u00e1z","description":"","publisher":{"@id":"https:\/\/spitalmciuc.ro\/#organization"},"potentialAction":[{"@type":"SearchAction","target":{"@type":"EntryPoint","urlTemplate":"https:\/\/spitalmciuc.ro\/?s={search_term_string}"},"query-input":"required name=search_term_string"}],"inLanguage":"hu"},{"@type":"WebPage","@id":"https:\/\/spitalmciuc.ro\/hu\/mentoszolgalat-nemzeti-napja\/#webpage","url":"https:\/\/spitalmciuc.ro\/hu\/mentoszolgalat-nemzeti-napja\/","name":"A rom\u00e1niai ment\u0151szolg\u00e1lat napja - Cs\u00edkszeredai Megyei S\u00fcrg\u0151ss\u00e9gi K\u00f3rh\u00e1z","isPartOf":{"@id":"https:\/\/spitalmciuc.ro\/#website"},"datePublished":"2022-07-28T10:25:52+00:00","dateModified":"2022-07-28T10:34:33+00:00","breadcrumb":{"@id":"https:\/\/spitalmciuc.ro\/hu\/mentoszolgalat-nemzeti-napja\/#breadcrumb"},"inLanguage":"hu","potentialAction":[{"@type":"ReadAction","target":["https:\/\/spitalmciuc.ro\/hu\/mentoszolgalat-nemzeti-napja\/"]}]},{"@type":"BreadcrumbList","@id":"https:\/\/spitalmciuc.ro\/hu\/mentoszolgalat-nemzeti-napja\/#breadcrumb","itemListElement":[{"@type":"ListItem","position":1,"name":"Kezd\u0151lap","item":"https:\/\/spitalmciuc.ro\/hu\/"},{"@type":"ListItem","position":2,"name":"A rom\u00e1niai ment\u0151szolg\u00e1lat napja"}]},{"@type":"Article","@id":"https:\/\/spitalmciuc.ro\/hu\/mentoszolgalat-nemzeti-napja\/#article","isPartOf":{"@id":"https:\/\/spitalmciuc.ro\/hu\/mentoszolgalat-nemzeti-napja\/#webpage"},"author":{"@id":"https:\/\/spitalmciuc.ro\/#\/schema\/person\/20ea297ab07e8f4d1689dfe252e34174"},"headline":"A rom\u00e1niai ment\u0151szolg\u00e1lat napja","datePublished":"2022-07-28T10:25:52+00:00","dateModified":"2022-07-28T10:34:33+00:00","mainEntityOfPage":{"@id":"https:\/\/spitalmciuc.ro\/hu\/mentoszolgalat-nemzeti-napja\/#webpage"},"wordCount":298,"publisher":{"@id":"https:\/\/spitalmciuc.ro\/#organization"},"articleSection":["\u0218tiri","Uncategorized @hu"],"inLanguage":"hu"},{"@type":"Person","@id":"https:\/\/spitalmciuc.ro\/#\/schema\/person\/20ea297ab07e8f4d1689dfe252e34174","name":"Milik Szil\u00e1rd","url":"https:\/\/spitalmciuc.ro\/hu\/author\/szilard\/"}]}},"_links":{"self":[{"href":"https:\/\/spitalmciuc.ro\/hu\/wp-json\/wp\/v2\/posts\/9159"}],"collection":[{"href":"https:\/\/spitalmciuc.ro\/hu\/wp-json\/wp\/v2\/posts"}],"about":[{"href":"https:\/\/spitalmciuc.ro\/hu\/wp-json\/wp\/v2\/types\/post"}],"author":[{"embeddable":true,"href":"https:\/\/spitalmciuc.ro\/hu\/wp-json\/wp\/v2\/users\/11"}],"replies":[{"embeddable":true,"href":"https:\/\/spitalmciuc.ro\/hu\/wp-json\/wp\/v2\/comments?post=9159"}],"version-history":[{"count":9,"href":"https:\/\/spitalmciuc.ro\/hu\/wp-json\/wp\/v2\/posts\/9159\/revisions"}],"predecessor-version":[{"id":9178,"href":"https:\/\/spitalmciuc.ro\/hu\/wp-json\/wp\/v2\/posts\/9159\/revisions\/9178"}],"wp:attachment":[{"href":"https:\/\/spitalmciuc.ro\/hu\/wp-json\/wp\/v2\/media?parent=9159"}],"wp:term":[{"taxonomy":"category","embeddable":true,"href":"https:\/\/spitalmciuc.ro\/hu\/wp-json\/wp\/v2\/categories?post=9159"},{"taxonomy":"post_tag","embeddable":true,"href":"https:\/\/spitalmciuc.ro\/hu\/wp-json\/wp\/v2\/tags?post=9159"}],"curies":[{"name":"wp","href":"https:\/\/api.w.org\/{rel}","templated":true}]}}