{"id":6103,"date":"2022-01-06T10:45:17","date_gmt":"2022-01-06T10:45:17","guid":{"rendered":"https:\/\/spital.creative-solutions.ro\/index.php\/kerjuek-tartsak-be-az-idopontokat\/"},"modified":"2022-03-01T13:56:32","modified_gmt":"2022-03-01T13:56:32","slug":"kerjuek-tartsak-be-az-idopontokat","status":"publish","type":"post","link":"https:\/\/spitalmciuc.ro\/hu\/kerjuek-tartsak-be-az-idopontokat\/","title":{"rendered":"K\u00e9rj\u00fck, tarts\u00e1k be az id\u0151pontokat"},"content":{"rendered":"<p>Az ism\u00e9t fokoz\u00f3d\u00f3 j\u00e1rv\u00e1nyvesz\u00e9lyre val\u00f3 tekintettel, a koronav\u00edrus-fert\u0151z\u00e9sek megel\u0151z\u00e9se \u00e9rdek\u00e9ben k\u00e9rj\u00fck p\u00e1cienseinket, hogy pontosan \u00e9rkezzenek a j\u00e1r\u00f3betegrendel\u0151kbe, betartva a kapott id\u0151pontokat.&nbsp;<\/p>\n<p>A zs\u00fafolts\u00e1g elker\u00fcl\u00e9se \u00e9rdek\u00e9ben csak az el\u0151jegyz\u00e9si id\u0151pont el\u0151tt lehet bemenni a rendel\u0151k helysz\u00edn\u00e9re. K\u00eds\u00e9r\u0151k ugyanakkor csak indokolt esetben mehetnek be.&nbsp;<\/p>\n<p>A rendel\u0151k el\u0151tt \u00e9s a rendel\u0151kben k\u00e9rj\u00fck, viseljenek az orrot \u00e9s sz\u00e1jat eltakar\u00f3 maszkot.&nbsp;<\/p>\n<p>K\u00f6sz\u00f6nj\u00fck meg\u00e9rt\u00e9s\u00fcket.<\/p>\n","protected":false},"excerpt":{"rendered":"<p>Az ism\u00e9t fokoz\u00f3d\u00f3 j\u00e1rv\u00e1nyvesz\u00e9lyre val\u00f3 tekintettel, a koronav\u00edrus-fert\u0151z\u00e9sek megel\u0151z\u00e9se \u00e9rdek\u00e9ben k\u00e9rj\u00fck p\u00e1cienseinket, hogy pontosan \u00e9rkezzenek a j\u00e1r\u00f3betegrendel\u0151kbe, betartva a kapott id\u0151pontokat.&nbsp; A zs\u00fafolts\u00e1g elker\u00fcl\u00e9se \u00e9rdek\u00e9ben csak az el\u0151jegyz\u00e9si id\u0151pont el\u0151tt lehet bemenni a rendel\u0151k helysz\u00edn\u00e9re. K\u00eds\u00e9r\u0151k ugyanakkor csak indokolt esetben mehetnek be.&nbsp; A rendel\u0151k el\u0151tt \u00e9s a rendel\u0151kben k\u00e9rj\u00fck, viseljenek az orrot \u00e9s sz\u00e1jat eltakar\u00f3&hellip;<\/p>\n","protected":false},"author":11,"featured_media":0,"comment_status":"closed","ping_status":"closed","sticky":false,"template":"","format":"standard","meta":[],"categories":[],"tags":[],"yoast_head":"<!-- This site is optimized with the Yoast SEO plugin v18.3 - https:\/\/yoast.com\/wordpress\/plugins\/seo\/ -->\n<title>K\u00e9rj\u00fck, tarts\u00e1k be az id\u0151pontokat - Cs\u00edkszeredai Megyei S\u00fcrg\u0151ss\u00e9gi K\u00f3rh\u00e1z<\/title>\n<meta name=\"robots\" content=\"index, follow, max-snippet:-1, max-image-preview:large, max-video-preview:-1\" \/>\n<link rel=\"canonical\" href=\"https:\/\/spitalmciuc.ro\/kerjuek-tartsak-be-az-idopontokat\/\" \/>\n<meta property=\"og:locale\" content=\"hu_HU\" \/>\n<meta property=\"og:type\" content=\"article\" \/>\n<meta property=\"og:title\" content=\"K\u00e9rj\u00fck, tarts\u00e1k be az id\u0151pontokat - Cs\u00edkszeredai Megyei S\u00fcrg\u0151ss\u00e9gi K\u00f3rh\u00e1z\" \/>\n<meta property=\"og:description\" content=\"Az ism\u00e9t fokoz\u00f3d\u00f3 j\u00e1rv\u00e1nyvesz\u00e9lyre val\u00f3 tekintettel, a koronav\u00edrus-fert\u0151z\u00e9sek megel\u0151z\u00e9se \u00e9rdek\u00e9ben k\u00e9rj\u00fck p\u00e1cienseinket, hogy pontosan \u00e9rkezzenek a j\u00e1r\u00f3betegrendel\u0151kbe, betartva a kapott id\u0151pontokat.&nbsp; A zs\u00fafolts\u00e1g elker\u00fcl\u00e9se \u00e9rdek\u00e9ben csak az el\u0151jegyz\u00e9si id\u0151pont el\u0151tt lehet bemenni a rendel\u0151k helysz\u00edn\u00e9re. K\u00eds\u00e9r\u0151k ugyanakkor csak indokolt esetben mehetnek be.&nbsp; A rendel\u0151k el\u0151tt \u00e9s a rendel\u0151kben k\u00e9rj\u00fck, viseljenek az orrot \u00e9s sz\u00e1jat eltakar\u00f3&hellip;\" \/>\n<meta property=\"og:url\" content=\"https:\/\/spitalmciuc.ro\/kerjuek-tartsak-be-az-idopontokat\/\" \/>\n<meta property=\"og:site_name\" content=\"Cs\u00edkszeredai Megyei S\u00fcrg\u0151ss\u00e9gi K\u00f3rh\u00e1z\" \/>\n<meta property=\"article:published_time\" content=\"2022-01-06T10:45:17+00:00\" \/>\n<meta property=\"article:modified_time\" content=\"2022-03-01T13:56:32+00:00\" \/>\n<meta name=\"twitter:card\" content=\"summary_large_image\" \/>\n<meta name=\"twitter:label1\" content=\"Szerz\u0151:\" \/>\n\t<meta name=\"twitter:data1\" content=\"Milik Szil\u00e1rd\" \/>\n\t<meta name=\"twitter:label2\" content=\"Becs\u00fclt olvas\u00e1si id\u0151\" \/>\n\t<meta name=\"twitter:data2\" content=\"1 perc\" \/>\n<script type=\"application\/ld+json\" class=\"yoast-schema-graph\">{\"@context\":\"https:\/\/schema.org\",\"@graph\":[{\"@type\":\"Organization\",\"@id\":\"https:\/\/spitalmciuc.ro\/#organization\",\"name\":\"Spitalul Jude\u0163ean de Urgen\u0163\u0103 Miercurea Ciuc\",\"url\":\"https:\/\/spitalmciuc.ro\/\",\"sameAs\":[],\"logo\":{\"@type\":\"ImageObject\",\"@id\":\"https:\/\/spitalmciuc.ro\/#logo\",\"inLanguage\":\"hu\",\"url\":\"https:\/\/spitalmciuc.ro\/wp-content\/uploads\/2022\/02\/logo-spital-ro-60.jpg\",\"contentUrl\":\"https:\/\/spitalmciuc.ro\/wp-content\/uploads\/2022\/02\/logo-spital-ro-60.jpg\",\"width\":198,\"height\":60,\"caption\":\"Spitalul Jude\u0163ean de Urgen\u0163\u0103 Miercurea Ciuc\"},\"image\":{\"@id\":\"https:\/\/spitalmciuc.ro\/#logo\"}},{\"@type\":\"WebSite\",\"@id\":\"https:\/\/spitalmciuc.ro\/#website\",\"url\":\"https:\/\/spitalmciuc.ro\/\",\"name\":\"Cs\u00edkszeredai Megyei S\u00fcrg\u0151ss\u00e9gi K\u00f3rh\u00e1z\",\"description\":\"\",\"publisher\":{\"@id\":\"https:\/\/spitalmciuc.ro\/#organization\"},\"potentialAction\":[{\"@type\":\"SearchAction\",\"target\":{\"@type\":\"EntryPoint\",\"urlTemplate\":\"https:\/\/spitalmciuc.ro\/?s={search_term_string}\"},\"query-input\":\"required name=search_term_string\"}],\"inLanguage\":\"hu\"},{\"@type\":\"WebPage\",\"@id\":\"https:\/\/spitalmciuc.ro\/kerjuek-tartsak-be-az-idopontokat\/#webpage\",\"url\":\"https:\/\/spitalmciuc.ro\/kerjuek-tartsak-be-az-idopontokat\/\",\"name\":\"K\u00e9rj\u00fck, tarts\u00e1k be az id\u0151pontokat - Cs\u00edkszeredai Megyei S\u00fcrg\u0151ss\u00e9gi K\u00f3rh\u00e1z\",\"isPartOf\":{\"@id\":\"https:\/\/spitalmciuc.ro\/#website\"},\"datePublished\":\"2022-01-06T10:45:17+00:00\",\"dateModified\":\"2022-03-01T13:56:32+00:00\",\"breadcrumb\":{\"@id\":\"https:\/\/spitalmciuc.ro\/kerjuek-tartsak-be-az-idopontokat\/#breadcrumb\"},\"inLanguage\":\"hu\",\"potentialAction\":[{\"@type\":\"ReadAction\",\"target\":[\"https:\/\/spitalmciuc.ro\/kerjuek-tartsak-be-az-idopontokat\/\"]}]},{\"@type\":\"BreadcrumbList\",\"@id\":\"https:\/\/spitalmciuc.ro\/kerjuek-tartsak-be-az-idopontokat\/#breadcrumb\",\"itemListElement\":[{\"@type\":\"ListItem\",\"position\":1,\"name\":\"Kezd\u0151lap\",\"item\":\"https:\/\/spitalmciuc.ro\/hu\/\"},{\"@type\":\"ListItem\",\"position\":2,\"name\":\"K\u00e9rj\u00fck, tarts\u00e1k be az id\u0151pontokat\"}]},{\"@type\":\"Article\",\"@id\":\"https:\/\/spitalmciuc.ro\/kerjuek-tartsak-be-az-idopontokat\/#article\",\"isPartOf\":{\"@id\":\"https:\/\/spitalmciuc.ro\/kerjuek-tartsak-be-az-idopontokat\/#webpage\"},\"author\":{\"@id\":\"https:\/\/spitalmciuc.ro\/#\/schema\/person\/20ea297ab07e8f4d1689dfe252e34174\"},\"headline\":\"K\u00e9rj\u00fck, tarts\u00e1k be az id\u0151pontokat\",\"datePublished\":\"2022-01-06T10:45:17+00:00\",\"dateModified\":\"2022-03-01T13:56:32+00:00\",\"mainEntityOfPage\":{\"@id\":\"https:\/\/spitalmciuc.ro\/kerjuek-tartsak-be-az-idopontokat\/#webpage\"},\"wordCount\":115,\"publisher\":{\"@id\":\"https:\/\/spitalmciuc.ro\/#organization\"},\"inLanguage\":\"hu\"},{\"@type\":\"Person\",\"@id\":\"https:\/\/spitalmciuc.ro\/#\/schema\/person\/20ea297ab07e8f4d1689dfe252e34174\",\"name\":\"Milik Szil\u00e1rd\",\"url\":\"https:\/\/spitalmciuc.ro\/hu\/author\/szilard\/\"}]}<\/script>\n<!-- \/ Yoast SEO plugin. -->","yoast_head_json":{"title":"K\u00e9rj\u00fck, tarts\u00e1k be az id\u0151pontokat - Cs\u00edkszeredai Megyei S\u00fcrg\u0151ss\u00e9gi K\u00f3rh\u00e1z","robots":{"index":"index","follow":"follow","max-snippet":"max-snippet:-1","max-image-preview":"max-image-preview:large","max-video-preview":"max-video-preview:-1"},"canonical":"https:\/\/spitalmciuc.ro\/kerjuek-tartsak-be-az-idopontokat\/","og_locale":"hu_HU","og_type":"article","og_title":"K\u00e9rj\u00fck, tarts\u00e1k be az id\u0151pontokat - Cs\u00edkszeredai Megyei S\u00fcrg\u0151ss\u00e9gi K\u00f3rh\u00e1z","og_description":"Az ism\u00e9t fokoz\u00f3d\u00f3 j\u00e1rv\u00e1nyvesz\u00e9lyre val\u00f3 tekintettel, a koronav\u00edrus-fert\u0151z\u00e9sek megel\u0151z\u00e9se \u00e9rdek\u00e9ben k\u00e9rj\u00fck p\u00e1cienseinket, hogy pontosan \u00e9rkezzenek a j\u00e1r\u00f3betegrendel\u0151kbe, betartva a kapott id\u0151pontokat.&nbsp; A zs\u00fafolts\u00e1g elker\u00fcl\u00e9se \u00e9rdek\u00e9ben csak az el\u0151jegyz\u00e9si id\u0151pont el\u0151tt lehet bemenni a rendel\u0151k helysz\u00edn\u00e9re. K\u00eds\u00e9r\u0151k ugyanakkor csak indokolt esetben mehetnek be.&nbsp; A rendel\u0151k el\u0151tt \u00e9s a rendel\u0151kben k\u00e9rj\u00fck, viseljenek az orrot \u00e9s sz\u00e1jat eltakar\u00f3&hellip;","og_url":"https:\/\/spitalmciuc.ro\/kerjuek-tartsak-be-az-idopontokat\/","og_site_name":"Cs\u00edkszeredai Megyei S\u00fcrg\u0151ss\u00e9gi K\u00f3rh\u00e1z","article_published_time":"2022-01-06T10:45:17+00:00","article_modified_time":"2022-03-01T13:56:32+00:00","twitter_card":"summary_large_image","twitter_misc":{"Szerz\u0151:":"Milik Szil\u00e1rd","Becs\u00fclt olvas\u00e1si id\u0151":"1 perc"},"schema":{"@context":"https:\/\/schema.org","@graph":[{"@type":"Organization","@id":"https:\/\/spitalmciuc.ro\/#organization","name":"Spitalul Jude\u0163ean de Urgen\u0163\u0103 Miercurea Ciuc","url":"https:\/\/spitalmciuc.ro\/","sameAs":[],"logo":{"@type":"ImageObject","@id":"https:\/\/spitalmciuc.ro\/#logo","inLanguage":"hu","url":"https:\/\/spitalmciuc.ro\/wp-content\/uploads\/2022\/02\/logo-spital-ro-60.jpg","contentUrl":"https:\/\/spitalmciuc.ro\/wp-content\/uploads\/2022\/02\/logo-spital-ro-60.jpg","width":198,"height":60,"caption":"Spitalul Jude\u0163ean de Urgen\u0163\u0103 Miercurea Ciuc"},"image":{"@id":"https:\/\/spitalmciuc.ro\/#logo"}},{"@type":"WebSite","@id":"https:\/\/spitalmciuc.ro\/#website","url":"https:\/\/spitalmciuc.ro\/","name":"Cs\u00edkszeredai Megyei S\u00fcrg\u0151ss\u00e9gi K\u00f3rh\u00e1z","description":"","publisher":{"@id":"https:\/\/spitalmciuc.ro\/#organization"},"potentialAction":[{"@type":"SearchAction","target":{"@type":"EntryPoint","urlTemplate":"https:\/\/spitalmciuc.ro\/?s={search_term_string}"},"query-input":"required name=search_term_string"}],"inLanguage":"hu"},{"@type":"WebPage","@id":"https:\/\/spitalmciuc.ro\/kerjuek-tartsak-be-az-idopontokat\/#webpage","url":"https:\/\/spitalmciuc.ro\/kerjuek-tartsak-be-az-idopontokat\/","name":"K\u00e9rj\u00fck, tarts\u00e1k be az id\u0151pontokat - Cs\u00edkszeredai Megyei S\u00fcrg\u0151ss\u00e9gi K\u00f3rh\u00e1z","isPartOf":{"@id":"https:\/\/spitalmciuc.ro\/#website"},"datePublished":"2022-01-06T10:45:17+00:00","dateModified":"2022-03-01T13:56:32+00:00","breadcrumb":{"@id":"https:\/\/spitalmciuc.ro\/kerjuek-tartsak-be-az-idopontokat\/#breadcrumb"},"inLanguage":"hu","potentialAction":[{"@type":"ReadAction","target":["https:\/\/spitalmciuc.ro\/kerjuek-tartsak-be-az-idopontokat\/"]}]},{"@type":"BreadcrumbList","@id":"https:\/\/spitalmciuc.ro\/kerjuek-tartsak-be-az-idopontokat\/#breadcrumb","itemListElement":[{"@type":"ListItem","position":1,"name":"Kezd\u0151lap","item":"https:\/\/spitalmciuc.ro\/hu\/"},{"@type":"ListItem","position":2,"name":"K\u00e9rj\u00fck, tarts\u00e1k be az id\u0151pontokat"}]},{"@type":"Article","@id":"https:\/\/spitalmciuc.ro\/kerjuek-tartsak-be-az-idopontokat\/#article","isPartOf":{"@id":"https:\/\/spitalmciuc.ro\/kerjuek-tartsak-be-az-idopontokat\/#webpage"},"author":{"@id":"https:\/\/spitalmciuc.ro\/#\/schema\/person\/20ea297ab07e8f4d1689dfe252e34174"},"headline":"K\u00e9rj\u00fck, tarts\u00e1k be az id\u0151pontokat","datePublished":"2022-01-06T10:45:17+00:00","dateModified":"2022-03-01T13:56:32+00:00","mainEntityOfPage":{"@id":"https:\/\/spitalmciuc.ro\/kerjuek-tartsak-be-az-idopontokat\/#webpage"},"wordCount":115,"publisher":{"@id":"https:\/\/spitalmciuc.ro\/#organization"},"inLanguage":"hu"},{"@type":"Person","@id":"https:\/\/spitalmciuc.ro\/#\/schema\/person\/20ea297ab07e8f4d1689dfe252e34174","name":"Milik Szil\u00e1rd","url":"https:\/\/spitalmciuc.ro\/hu\/author\/szilard\/"}]}},"_links":{"self":[{"href":"https:\/\/spitalmciuc.ro\/hu\/wp-json\/wp\/v2\/posts\/6103"}],"collection":[{"href":"https:\/\/spitalmciuc.ro\/hu\/wp-json\/wp\/v2\/posts"}],"about":[{"href":"https:\/\/spitalmciuc.ro\/hu\/wp-json\/wp\/v2\/types\/post"}],"author":[{"embeddable":true,"href":"https:\/\/spitalmciuc.ro\/hu\/wp-json\/wp\/v2\/users\/11"}],"replies":[{"embeddable":true,"href":"https:\/\/spitalmciuc.ro\/hu\/wp-json\/wp\/v2\/comments?post=6103"}],"version-history":[{"count":1,"href":"https:\/\/spitalmciuc.ro\/hu\/wp-json\/wp\/v2\/posts\/6103\/revisions"}],"predecessor-version":[{"id":6250,"href":"https:\/\/spitalmciuc.ro\/hu\/wp-json\/wp\/v2\/posts\/6103\/revisions\/6250"}],"wp:attachment":[{"href":"https:\/\/spitalmciuc.ro\/hu\/wp-json\/wp\/v2\/media?parent=6103"}],"wp:term":[{"taxonomy":"category","embeddable":true,"href":"https:\/\/spitalmciuc.ro\/hu\/wp-json\/wp\/v2\/categories?post=6103"},{"taxonomy":"post_tag","embeddable":true,"href":"https:\/\/spitalmciuc.ro\/hu\/wp-json\/wp\/v2\/tags?post=6103"}],"curies":[{"name":"wp","href":"https:\/\/api.w.org\/{rel}","templated":true}]}}