{"id":6086,"date":"2021-11-23T09:24:32","date_gmt":"2021-11-23T09:24:32","guid":{"rendered":"https:\/\/spital.creative-solutions.ro\/index.php\/szurovizsgalat-a-ferfiak-egeszsegeert\/"},"modified":"2022-03-01T13:56:32","modified_gmt":"2022-03-01T13:56:32","slug":"szurovizsgalat-a-ferfiak-egeszsegeert","status":"publish","type":"post","link":"https:\/\/spitalmciuc.ro\/hu\/szurovizsgalat-a-ferfiak-egeszsegeert\/","title":{"rendered":"Sz\u0171r\u0151vizsg\u00e1lat a f\u00e9rfiak eg\u00e9szs\u00e9g\u00e9\u00e9rt"},"content":{"rendered":"<p>&nbsp;<\/p>\n<p>November a f\u00e9rfi eg\u00e9szs\u00e9g h\u00f3napja, az eg\u00e9szs\u00e9g meg\u0151rz\u00e9s\u00e9re, a sz\u0171r\u0151vizsg\u00e1latok fontoss\u00e1g\u00e1ra h\u00edvj\u00e1k fel vil\u00e1gszerte a figyelmet.&nbsp;<\/p>\n<p>A f\u00e9rfiakn\u00e1l a m\u00e1sodik leggyakoribb daganatt\u00edpus a prosztatar\u00e1k. A kor\u00e1n felfedezett prosztatadaganatok j\u00f3 es\u00e9llyel gy\u00f3gy\u00edthat\u00f3k, ez\u00e9rt fontos az id\u0151ben elv\u00e9gzett sz\u0171r\u0151vizsg\u00e1lat. Az urol\u00f3gusn\u00e1l zajl\u00f3 klinikai vizsg\u00e1lat kieg\u00e9sz\u00edt\u0151je vagy megel\u0151z\u0151je is lehet a PSA (prosztata specifikus antigen) laborvizsg\u00e1lat, amely kimutathatja a vesz\u00e9lyeztetetts\u00e9get. A v\u00e9rb\u0151l vizsg\u00e1lt PSA emelkedett szintje a prosztata megnagyobbod\u00e1s\u00e1ra vagy daganatra is utalhat.&nbsp;<\/p>\n<p>Csatlakozva a f\u00e9rfi eg\u00e9szs\u00e9g h\u00f3napj\u00e1hoz, a Cs\u00edkszeredai Megyei S\u00fcrg\u0151ss\u00e9gi K\u00f3rh\u00e1z ebben a h\u00f3napban, november 30-ig minden 45 \u00e9v feletti bennfekv\u0151 f\u00e9rfi beteg sz\u00e1m\u00e1ra ingyenesen elv\u00e9gzi a PSA-vizsg\u00e1latot. A m\u00falt heti betegforgalom adataira alapozva ez mintegy 250 f\u00e9rfi sz\u0171r\u00e9s\u00e9t fogja jelenteni.&nbsp;<\/p>\n<p>A k\u00f3rh\u00e1z szakemberei tan\u00e1csolj\u00e1k minden 45 \u00e9v feletti f\u00e9rfi sz\u00e1m\u00e1ra ezen v\u00e9rvizsg\u00e1lat elv\u00e9gz\u00e9s\u00e9t \u00e9s amennyiben ennek az eredm\u00e9nye nem megfelel\u0151, urol\u00f3gus szakorvos felkeres\u00e9s\u00e9t.<\/p>\n<p>&nbsp;<\/p>\n<p>Cs\u00edkszereda, 2021.10.05<\/p>\n","protected":false},"excerpt":{"rendered":"<p>&nbsp; November a f\u00e9rfi eg\u00e9szs\u00e9g h\u00f3napja, az eg\u00e9szs\u00e9g meg\u0151rz\u00e9s\u00e9re, a sz\u0171r\u0151vizsg\u00e1latok fontoss\u00e1g\u00e1ra h\u00edvj\u00e1k fel vil\u00e1gszerte a figyelmet.&nbsp; A f\u00e9rfiakn\u00e1l a m\u00e1sodik leggyakoribb daganatt\u00edpus a prosztatar\u00e1k. A kor\u00e1n felfedezett prosztatadaganatok j\u00f3 es\u00e9llyel gy\u00f3gy\u00edthat\u00f3k, ez\u00e9rt fontos az id\u0151ben elv\u00e9gzett sz\u0171r\u0151vizsg\u00e1lat. Az urol\u00f3gusn\u00e1l zajl\u00f3 klinikai vizsg\u00e1lat kieg\u00e9sz\u00edt\u0151je vagy megel\u0151z\u0151je is lehet a PSA (prosztata specifikus antigen) laborvizsg\u00e1lat, amely&hellip;<\/p>\n","protected":false},"author":11,"featured_media":0,"comment_status":"closed","ping_status":"closed","sticky":false,"template":"","format":"standard","meta":[],"categories":[],"tags":[],"yoast_head":"<!-- This site is optimized with the Yoast SEO plugin v18.3 - https:\/\/yoast.com\/wordpress\/plugins\/seo\/ -->\n<title>Sz\u0171r\u0151vizsg\u00e1lat a f\u00e9rfiak eg\u00e9szs\u00e9g\u00e9\u00e9rt - Cs\u00edkszeredai Megyei S\u00fcrg\u0151ss\u00e9gi K\u00f3rh\u00e1z<\/title>\n<meta name=\"robots\" content=\"index, follow, max-snippet:-1, max-image-preview:large, max-video-preview:-1\" \/>\n<link rel=\"canonical\" href=\"https:\/\/spitalmciuc.ro\/szurovizsgalat-a-ferfiak-egeszsegeert\/\" \/>\n<meta property=\"og:locale\" content=\"hu_HU\" \/>\n<meta property=\"og:type\" content=\"article\" \/>\n<meta property=\"og:title\" content=\"Sz\u0171r\u0151vizsg\u00e1lat a f\u00e9rfiak eg\u00e9szs\u00e9g\u00e9\u00e9rt - Cs\u00edkszeredai Megyei S\u00fcrg\u0151ss\u00e9gi K\u00f3rh\u00e1z\" \/>\n<meta property=\"og:description\" content=\"&nbsp; November a f\u00e9rfi eg\u00e9szs\u00e9g h\u00f3napja, az eg\u00e9szs\u00e9g meg\u0151rz\u00e9s\u00e9re, a sz\u0171r\u0151vizsg\u00e1latok fontoss\u00e1g\u00e1ra h\u00edvj\u00e1k fel vil\u00e1gszerte a figyelmet.&nbsp; A f\u00e9rfiakn\u00e1l a m\u00e1sodik leggyakoribb daganatt\u00edpus a prosztatar\u00e1k. A kor\u00e1n felfedezett prosztatadaganatok j\u00f3 es\u00e9llyel gy\u00f3gy\u00edthat\u00f3k, ez\u00e9rt fontos az id\u0151ben elv\u00e9gzett sz\u0171r\u0151vizsg\u00e1lat. Az urol\u00f3gusn\u00e1l zajl\u00f3 klinikai vizsg\u00e1lat kieg\u00e9sz\u00edt\u0151je vagy megel\u0151z\u0151je is lehet a PSA (prosztata specifikus antigen) laborvizsg\u00e1lat, amely&hellip;\" \/>\n<meta property=\"og:url\" content=\"https:\/\/spitalmciuc.ro\/szurovizsgalat-a-ferfiak-egeszsegeert\/\" \/>\n<meta property=\"og:site_name\" content=\"Cs\u00edkszeredai Megyei S\u00fcrg\u0151ss\u00e9gi K\u00f3rh\u00e1z\" \/>\n<meta property=\"article:published_time\" content=\"2021-11-23T09:24:32+00:00\" \/>\n<meta property=\"article:modified_time\" content=\"2022-03-01T13:56:32+00:00\" \/>\n<meta name=\"twitter:card\" content=\"summary_large_image\" \/>\n<meta name=\"twitter:label1\" content=\"Szerz\u0151:\" \/>\n\t<meta name=\"twitter:data1\" content=\"Milik Szil\u00e1rd\" \/>\n\t<meta name=\"twitter:label2\" content=\"Becs\u00fclt olvas\u00e1si id\u0151\" \/>\n\t<meta name=\"twitter:data2\" content=\"1 perc\" \/>\n<script type=\"application\/ld+json\" class=\"yoast-schema-graph\">{\"@context\":\"https:\/\/schema.org\",\"@graph\":[{\"@type\":\"Organization\",\"@id\":\"https:\/\/spitalmciuc.ro\/#organization\",\"name\":\"Spitalul Jude\u0163ean de Urgen\u0163\u0103 Miercurea Ciuc\",\"url\":\"https:\/\/spitalmciuc.ro\/\",\"sameAs\":[],\"logo\":{\"@type\":\"ImageObject\",\"@id\":\"https:\/\/spitalmciuc.ro\/#logo\",\"inLanguage\":\"hu\",\"url\":\"https:\/\/spitalmciuc.ro\/wp-content\/uploads\/2022\/02\/logo-spital-ro-60.jpg\",\"contentUrl\":\"https:\/\/spitalmciuc.ro\/wp-content\/uploads\/2022\/02\/logo-spital-ro-60.jpg\",\"width\":198,\"height\":60,\"caption\":\"Spitalul Jude\u0163ean de Urgen\u0163\u0103 Miercurea Ciuc\"},\"image\":{\"@id\":\"https:\/\/spitalmciuc.ro\/#logo\"}},{\"@type\":\"WebSite\",\"@id\":\"https:\/\/spitalmciuc.ro\/#website\",\"url\":\"https:\/\/spitalmciuc.ro\/\",\"name\":\"Cs\u00edkszeredai Megyei S\u00fcrg\u0151ss\u00e9gi K\u00f3rh\u00e1z\",\"description\":\"\",\"publisher\":{\"@id\":\"https:\/\/spitalmciuc.ro\/#organization\"},\"potentialAction\":[{\"@type\":\"SearchAction\",\"target\":{\"@type\":\"EntryPoint\",\"urlTemplate\":\"https:\/\/spitalmciuc.ro\/?s={search_term_string}\"},\"query-input\":\"required name=search_term_string\"}],\"inLanguage\":\"hu\"},{\"@type\":\"WebPage\",\"@id\":\"https:\/\/spitalmciuc.ro\/szurovizsgalat-a-ferfiak-egeszsegeert\/#webpage\",\"url\":\"https:\/\/spitalmciuc.ro\/szurovizsgalat-a-ferfiak-egeszsegeert\/\",\"name\":\"Sz\u0171r\u0151vizsg\u00e1lat a f\u00e9rfiak eg\u00e9szs\u00e9g\u00e9\u00e9rt - Cs\u00edkszeredai Megyei S\u00fcrg\u0151ss\u00e9gi K\u00f3rh\u00e1z\",\"isPartOf\":{\"@id\":\"https:\/\/spitalmciuc.ro\/#website\"},\"datePublished\":\"2021-11-23T09:24:32+00:00\",\"dateModified\":\"2022-03-01T13:56:32+00:00\",\"breadcrumb\":{\"@id\":\"https:\/\/spitalmciuc.ro\/szurovizsgalat-a-ferfiak-egeszsegeert\/#breadcrumb\"},\"inLanguage\":\"hu\",\"potentialAction\":[{\"@type\":\"ReadAction\",\"target\":[\"https:\/\/spitalmciuc.ro\/szurovizsgalat-a-ferfiak-egeszsegeert\/\"]}]},{\"@type\":\"BreadcrumbList\",\"@id\":\"https:\/\/spitalmciuc.ro\/szurovizsgalat-a-ferfiak-egeszsegeert\/#breadcrumb\",\"itemListElement\":[{\"@type\":\"ListItem\",\"position\":1,\"name\":\"Kezd\u0151lap\",\"item\":\"https:\/\/spitalmciuc.ro\/hu\/\"},{\"@type\":\"ListItem\",\"position\":2,\"name\":\"Sz\u0171r\u0151vizsg\u00e1lat a f\u00e9rfiak eg\u00e9szs\u00e9g\u00e9\u00e9rt\"}]},{\"@type\":\"Article\",\"@id\":\"https:\/\/spitalmciuc.ro\/szurovizsgalat-a-ferfiak-egeszsegeert\/#article\",\"isPartOf\":{\"@id\":\"https:\/\/spitalmciuc.ro\/szurovizsgalat-a-ferfiak-egeszsegeert\/#webpage\"},\"author\":{\"@id\":\"https:\/\/spitalmciuc.ro\/#\/schema\/person\/20ea297ab07e8f4d1689dfe252e34174\"},\"headline\":\"Sz\u0171r\u0151vizsg\u00e1lat a f\u00e9rfiak eg\u00e9szs\u00e9g\u00e9\u00e9rt\",\"datePublished\":\"2021-11-23T09:24:32+00:00\",\"dateModified\":\"2022-03-01T13:56:32+00:00\",\"mainEntityOfPage\":{\"@id\":\"https:\/\/spitalmciuc.ro\/szurovizsgalat-a-ferfiak-egeszsegeert\/#webpage\"},\"wordCount\":235,\"publisher\":{\"@id\":\"https:\/\/spitalmciuc.ro\/#organization\"},\"inLanguage\":\"hu\"},{\"@type\":\"Person\",\"@id\":\"https:\/\/spitalmciuc.ro\/#\/schema\/person\/20ea297ab07e8f4d1689dfe252e34174\",\"name\":\"Milik Szil\u00e1rd\",\"url\":\"https:\/\/spitalmciuc.ro\/hu\/author\/szilard\/\"}]}<\/script>\n<!-- \/ Yoast SEO plugin. -->","yoast_head_json":{"title":"Sz\u0171r\u0151vizsg\u00e1lat a f\u00e9rfiak eg\u00e9szs\u00e9g\u00e9\u00e9rt - Cs\u00edkszeredai Megyei S\u00fcrg\u0151ss\u00e9gi K\u00f3rh\u00e1z","robots":{"index":"index","follow":"follow","max-snippet":"max-snippet:-1","max-image-preview":"max-image-preview:large","max-video-preview":"max-video-preview:-1"},"canonical":"https:\/\/spitalmciuc.ro\/szurovizsgalat-a-ferfiak-egeszsegeert\/","og_locale":"hu_HU","og_type":"article","og_title":"Sz\u0171r\u0151vizsg\u00e1lat a f\u00e9rfiak eg\u00e9szs\u00e9g\u00e9\u00e9rt - Cs\u00edkszeredai Megyei S\u00fcrg\u0151ss\u00e9gi K\u00f3rh\u00e1z","og_description":"&nbsp; November a f\u00e9rfi eg\u00e9szs\u00e9g h\u00f3napja, az eg\u00e9szs\u00e9g meg\u0151rz\u00e9s\u00e9re, a sz\u0171r\u0151vizsg\u00e1latok fontoss\u00e1g\u00e1ra h\u00edvj\u00e1k fel vil\u00e1gszerte a figyelmet.&nbsp; A f\u00e9rfiakn\u00e1l a m\u00e1sodik leggyakoribb daganatt\u00edpus a prosztatar\u00e1k. A kor\u00e1n felfedezett prosztatadaganatok j\u00f3 es\u00e9llyel gy\u00f3gy\u00edthat\u00f3k, ez\u00e9rt fontos az id\u0151ben elv\u00e9gzett sz\u0171r\u0151vizsg\u00e1lat. Az urol\u00f3gusn\u00e1l zajl\u00f3 klinikai vizsg\u00e1lat kieg\u00e9sz\u00edt\u0151je vagy megel\u0151z\u0151je is lehet a PSA (prosztata specifikus antigen) laborvizsg\u00e1lat, amely&hellip;","og_url":"https:\/\/spitalmciuc.ro\/szurovizsgalat-a-ferfiak-egeszsegeert\/","og_site_name":"Cs\u00edkszeredai Megyei S\u00fcrg\u0151ss\u00e9gi K\u00f3rh\u00e1z","article_published_time":"2021-11-23T09:24:32+00:00","article_modified_time":"2022-03-01T13:56:32+00:00","twitter_card":"summary_large_image","twitter_misc":{"Szerz\u0151:":"Milik Szil\u00e1rd","Becs\u00fclt olvas\u00e1si id\u0151":"1 perc"},"schema":{"@context":"https:\/\/schema.org","@graph":[{"@type":"Organization","@id":"https:\/\/spitalmciuc.ro\/#organization","name":"Spitalul Jude\u0163ean de Urgen\u0163\u0103 Miercurea Ciuc","url":"https:\/\/spitalmciuc.ro\/","sameAs":[],"logo":{"@type":"ImageObject","@id":"https:\/\/spitalmciuc.ro\/#logo","inLanguage":"hu","url":"https:\/\/spitalmciuc.ro\/wp-content\/uploads\/2022\/02\/logo-spital-ro-60.jpg","contentUrl":"https:\/\/spitalmciuc.ro\/wp-content\/uploads\/2022\/02\/logo-spital-ro-60.jpg","width":198,"height":60,"caption":"Spitalul Jude\u0163ean de Urgen\u0163\u0103 Miercurea Ciuc"},"image":{"@id":"https:\/\/spitalmciuc.ro\/#logo"}},{"@type":"WebSite","@id":"https:\/\/spitalmciuc.ro\/#website","url":"https:\/\/spitalmciuc.ro\/","name":"Cs\u00edkszeredai Megyei S\u00fcrg\u0151ss\u00e9gi K\u00f3rh\u00e1z","description":"","publisher":{"@id":"https:\/\/spitalmciuc.ro\/#organization"},"potentialAction":[{"@type":"SearchAction","target":{"@type":"EntryPoint","urlTemplate":"https:\/\/spitalmciuc.ro\/?s={search_term_string}"},"query-input":"required name=search_term_string"}],"inLanguage":"hu"},{"@type":"WebPage","@id":"https:\/\/spitalmciuc.ro\/szurovizsgalat-a-ferfiak-egeszsegeert\/#webpage","url":"https:\/\/spitalmciuc.ro\/szurovizsgalat-a-ferfiak-egeszsegeert\/","name":"Sz\u0171r\u0151vizsg\u00e1lat a f\u00e9rfiak eg\u00e9szs\u00e9g\u00e9\u00e9rt - Cs\u00edkszeredai Megyei S\u00fcrg\u0151ss\u00e9gi K\u00f3rh\u00e1z","isPartOf":{"@id":"https:\/\/spitalmciuc.ro\/#website"},"datePublished":"2021-11-23T09:24:32+00:00","dateModified":"2022-03-01T13:56:32+00:00","breadcrumb":{"@id":"https:\/\/spitalmciuc.ro\/szurovizsgalat-a-ferfiak-egeszsegeert\/#breadcrumb"},"inLanguage":"hu","potentialAction":[{"@type":"ReadAction","target":["https:\/\/spitalmciuc.ro\/szurovizsgalat-a-ferfiak-egeszsegeert\/"]}]},{"@type":"BreadcrumbList","@id":"https:\/\/spitalmciuc.ro\/szurovizsgalat-a-ferfiak-egeszsegeert\/#breadcrumb","itemListElement":[{"@type":"ListItem","position":1,"name":"Kezd\u0151lap","item":"https:\/\/spitalmciuc.ro\/hu\/"},{"@type":"ListItem","position":2,"name":"Sz\u0171r\u0151vizsg\u00e1lat a f\u00e9rfiak eg\u00e9szs\u00e9g\u00e9\u00e9rt"}]},{"@type":"Article","@id":"https:\/\/spitalmciuc.ro\/szurovizsgalat-a-ferfiak-egeszsegeert\/#article","isPartOf":{"@id":"https:\/\/spitalmciuc.ro\/szurovizsgalat-a-ferfiak-egeszsegeert\/#webpage"},"author":{"@id":"https:\/\/spitalmciuc.ro\/#\/schema\/person\/20ea297ab07e8f4d1689dfe252e34174"},"headline":"Sz\u0171r\u0151vizsg\u00e1lat a f\u00e9rfiak eg\u00e9szs\u00e9g\u00e9\u00e9rt","datePublished":"2021-11-23T09:24:32+00:00","dateModified":"2022-03-01T13:56:32+00:00","mainEntityOfPage":{"@id":"https:\/\/spitalmciuc.ro\/szurovizsgalat-a-ferfiak-egeszsegeert\/#webpage"},"wordCount":235,"publisher":{"@id":"https:\/\/spitalmciuc.ro\/#organization"},"inLanguage":"hu"},{"@type":"Person","@id":"https:\/\/spitalmciuc.ro\/#\/schema\/person\/20ea297ab07e8f4d1689dfe252e34174","name":"Milik Szil\u00e1rd","url":"https:\/\/spitalmciuc.ro\/hu\/author\/szilard\/"}]}},"_links":{"self":[{"href":"https:\/\/spitalmciuc.ro\/hu\/wp-json\/wp\/v2\/posts\/6086"}],"collection":[{"href":"https:\/\/spitalmciuc.ro\/hu\/wp-json\/wp\/v2\/posts"}],"about":[{"href":"https:\/\/spitalmciuc.ro\/hu\/wp-json\/wp\/v2\/types\/post"}],"author":[{"embeddable":true,"href":"https:\/\/spitalmciuc.ro\/hu\/wp-json\/wp\/v2\/users\/11"}],"replies":[{"embeddable":true,"href":"https:\/\/spitalmciuc.ro\/hu\/wp-json\/wp\/v2\/comments?post=6086"}],"version-history":[{"count":1,"href":"https:\/\/spitalmciuc.ro\/hu\/wp-json\/wp\/v2\/posts\/6086\/revisions"}],"predecessor-version":[{"id":6276,"href":"https:\/\/spitalmciuc.ro\/hu\/wp-json\/wp\/v2\/posts\/6086\/revisions\/6276"}],"wp:attachment":[{"href":"https:\/\/spitalmciuc.ro\/hu\/wp-json\/wp\/v2\/media?parent=6086"}],"wp:term":[{"taxonomy":"category","embeddable":true,"href":"https:\/\/spitalmciuc.ro\/hu\/wp-json\/wp\/v2\/categories?post=6086"},{"taxonomy":"post_tag","embeddable":true,"href":"https:\/\/spitalmciuc.ro\/hu\/wp-json\/wp\/v2\/tags?post=6086"}],"curies":[{"name":"wp","href":"https:\/\/api.w.org\/{rel}","templated":true}]}}