{"id":6084,"date":"2021-11-22T09:34:37","date_gmt":"2021-11-22T09:34:37","guid":{"rendered":"https:\/\/spital.creative-solutions.ro\/index.php\/delutani-program-a-radiologiai-jarobetegrendeloben\/"},"modified":"2022-03-01T13:56:32","modified_gmt":"2022-03-01T13:56:32","slug":"delutani-program-a-radiologiai-jarobetegrendeloben","status":"publish","type":"post","link":"https:\/\/spitalmciuc.ro\/hu\/delutani-program-a-radiologiai-jarobetegrendeloben\/","title":{"rendered":"D\u00e9lut\u00e1ni program a radiol\u00f3giai j\u00e1r\u00f3betegrendel\u0151ben"},"content":{"rendered":"<p>&nbsp;<\/p>\n<p>A megn\u00f6vekedett ig\u00e9nyekre v\u00e1laszolva h\u00e9tf\u0151t\u0151l, november 22-t\u0151l d\u00e9lut\u00e1ni programot vezet be a Cs\u00edkszeredai Megyei S\u00fcrg\u0151ss\u00e9gi K\u00f3rh\u00e1z a poliklinik\u00e1n m\u0171k\u00f6d\u0151 radiol\u00f3giai j\u00e1r\u00f3betegrendel\u0151ben a t\u00fcd\u0151filmek elk\u00e9sz\u00edt\u00e9s\u00e9re.&nbsp;<\/p>\n<p>Az elm\u00falt hetekben jelent\u0151sen megn\u0151tt a t\u00fcd\u0151filmre jelentkez\u0151 j\u00e1r\u00f3betegek sz\u00e1ma \u00e9s mivel az akut esetekben nem v\u00e9gz\u00fcnk el\u0151jegyz\u00e9st a betegek sz\u00e1m\u00e1ra, esetenk\u00e9nt hosszasan v\u00e1rakozniuk kellett. A helyzet megold\u00e1sa \u00e9rdek\u00e9ben november 22-t\u0151l d\u00e9lut\u00e1ni programot is bevezet a k\u00f3rh\u00e1z: minden nap 14 \u00f3r\u00e1t\u00f3l 20 \u00f3r\u00e1ig is lehet jelentkezni t\u00fcd\u0151r\u00f6ntgen elk\u00e9sz\u00edt\u00e9s\u00e9re a poliklinika f\u00f6ldszintj\u00e9n m\u0171k\u00f6d\u0151 radiol\u00f3giai j\u00e1r\u00f3betegrendel\u0151ben.<\/p>\n<p><img decoding=\"async\" loading=\"lazy\" class=\" size-full wp-image-3298\" src=\"https:\/\/spitalmciuc.ro\/wp-content\/uploads\/2021\/11\/rotngen_face.jpg\" alt=\"rotngen face\" width=\"800\" height=\"600\" srcset=\"https:\/\/spitalmciuc.ro\/wp-content\/uploads\/2021\/11\/rotngen_face.jpg 2000w, https:\/\/spitalmciuc.ro\/wp-content\/uploads\/2021\/11\/rotngen_face-300x225.jpg 300w, https:\/\/spitalmciuc.ro\/wp-content\/uploads\/2021\/11\/rotngen_face-1024x768.jpg 1024w, https:\/\/spitalmciuc.ro\/wp-content\/uploads\/2021\/11\/rotngen_face-768x576.jpg 768w, https:\/\/spitalmciuc.ro\/wp-content\/uploads\/2021\/11\/rotngen_face-1536x1152.jpg 1536w\" sizes=\"(max-width: 800px) 100vw, 800px\" \/><\/p>\n<p>Kr\u00f3nikus beteg p\u00e1cienseink figyelm\u00e9t felh\u00edvjuk tov\u00e1bb\u00e1 arra is, hogy a novemberre \u00e9s decemberre program\u00e1lt kr\u00f3nikus betegek ingyenes r\u00f6ntgenvizsg\u00e1latait \u00fajraprogram\u00e1ljuk 2022 janu\u00e1rj\u00e1ra. Ezeket a vizsg\u00e1latokat jelenleg nem tudjuk ingyenesen elv\u00e9gezni, a k\u00f6lts\u00e9gvet\u00e9si keret kimer\u00fcl\u00e9se miatt.<\/p>\n<p>Az \u00f6sszes akut esetben \u00e9s a kr\u00f3nikus t\u00fcd\u0151betegek sz\u00e1m\u00e1ra a r\u00f6ntgenvizsg\u00e1latokat beutal\u00f3 alapj\u00e1n tov\u00e1bbra is ingyenesen v\u00e9gezz\u00fck.<\/p>\n<p>&nbsp;<\/p>\n<p>Cs\u00edkszereda, 2021.11.19<\/p>\n","protected":false},"excerpt":{"rendered":"<p>&nbsp; A megn\u00f6vekedett ig\u00e9nyekre v\u00e1laszolva h\u00e9tf\u0151t\u0151l, november 22-t\u0151l d\u00e9lut\u00e1ni programot vezet be a Cs\u00edkszeredai Megyei S\u00fcrg\u0151ss\u00e9gi K\u00f3rh\u00e1z a poliklinik\u00e1n m\u0171k\u00f6d\u0151 radiol\u00f3giai j\u00e1r\u00f3betegrendel\u0151ben a t\u00fcd\u0151filmek elk\u00e9sz\u00edt\u00e9s\u00e9re.&nbsp; Az elm\u00falt hetekben jelent\u0151sen megn\u0151tt a t\u00fcd\u0151filmre jelentkez\u0151 j\u00e1r\u00f3betegek sz\u00e1ma \u00e9s mivel az akut esetekben nem v\u00e9gz\u00fcnk el\u0151jegyz\u00e9st a betegek sz\u00e1m\u00e1ra, esetenk\u00e9nt hosszasan v\u00e1rakozniuk kellett. A helyzet megold\u00e1sa \u00e9rdek\u00e9ben november&hellip;<\/p>\n","protected":false},"author":11,"featured_media":3298,"comment_status":"closed","ping_status":"closed","sticky":false,"template":"","format":"standard","meta":[],"categories":[],"tags":[],"yoast_head":"<!-- This site is optimized with the Yoast SEO plugin v18.3 - https:\/\/yoast.com\/wordpress\/plugins\/seo\/ -->\n<title>D\u00e9lut\u00e1ni program a radiol\u00f3giai j\u00e1r\u00f3betegrendel\u0151ben - Cs\u00edkszeredai Megyei S\u00fcrg\u0151ss\u00e9gi K\u00f3rh\u00e1z<\/title>\n<meta name=\"robots\" content=\"index, follow, max-snippet:-1, max-image-preview:large, max-video-preview:-1\" \/>\n<link rel=\"canonical\" href=\"https:\/\/spitalmciuc.ro\/delutani-program-a-radiologiai-jarobetegrendeloben\/\" \/>\n<meta property=\"og:locale\" content=\"hu_HU\" \/>\n<meta property=\"og:type\" content=\"article\" \/>\n<meta property=\"og:title\" content=\"D\u00e9lut\u00e1ni program a radiol\u00f3giai j\u00e1r\u00f3betegrendel\u0151ben - Cs\u00edkszeredai Megyei S\u00fcrg\u0151ss\u00e9gi K\u00f3rh\u00e1z\" \/>\n<meta property=\"og:description\" content=\"&nbsp; A megn\u00f6vekedett ig\u00e9nyekre v\u00e1laszolva h\u00e9tf\u0151t\u0151l, november 22-t\u0151l d\u00e9lut\u00e1ni programot vezet be a Cs\u00edkszeredai Megyei S\u00fcrg\u0151ss\u00e9gi K\u00f3rh\u00e1z a poliklinik\u00e1n m\u0171k\u00f6d\u0151 radiol\u00f3giai j\u00e1r\u00f3betegrendel\u0151ben a t\u00fcd\u0151filmek elk\u00e9sz\u00edt\u00e9s\u00e9re.&nbsp; Az elm\u00falt hetekben jelent\u0151sen megn\u0151tt a t\u00fcd\u0151filmre jelentkez\u0151 j\u00e1r\u00f3betegek sz\u00e1ma \u00e9s mivel az akut esetekben nem v\u00e9gz\u00fcnk el\u0151jegyz\u00e9st a betegek sz\u00e1m\u00e1ra, esetenk\u00e9nt hosszasan v\u00e1rakozniuk kellett. A helyzet megold\u00e1sa \u00e9rdek\u00e9ben november&hellip;\" \/>\n<meta property=\"og:url\" content=\"https:\/\/spitalmciuc.ro\/delutani-program-a-radiologiai-jarobetegrendeloben\/\" \/>\n<meta property=\"og:site_name\" content=\"Cs\u00edkszeredai Megyei S\u00fcrg\u0151ss\u00e9gi K\u00f3rh\u00e1z\" \/>\n<meta property=\"article:published_time\" content=\"2021-11-22T09:34:37+00:00\" \/>\n<meta property=\"article:modified_time\" content=\"2022-03-01T13:56:32+00:00\" \/>\n<meta property=\"og:image\" content=\"https:\/\/spitalmciuc.ro\/wp-content\/uploads\/2021\/11\/rotngen_face.jpg\" \/>\n\t<meta property=\"og:image:width\" content=\"2000\" \/>\n\t<meta property=\"og:image:height\" content=\"1500\" \/>\n\t<meta property=\"og:image:type\" content=\"image\/jpeg\" \/>\n<meta name=\"twitter:card\" content=\"summary_large_image\" \/>\n<meta name=\"twitter:label1\" content=\"Szerz\u0151:\" \/>\n\t<meta name=\"twitter:data1\" content=\"Milik Szil\u00e1rd\" \/>\n\t<meta name=\"twitter:label2\" content=\"Becs\u00fclt olvas\u00e1si id\u0151\" \/>\n\t<meta name=\"twitter:data2\" content=\"1 perc\" \/>\n<script type=\"application\/ld+json\" class=\"yoast-schema-graph\">{\"@context\":\"https:\/\/schema.org\",\"@graph\":[{\"@type\":\"Organization\",\"@id\":\"https:\/\/spitalmciuc.ro\/#organization\",\"name\":\"Spitalul Jude\u0163ean de Urgen\u0163\u0103 Miercurea Ciuc\",\"url\":\"https:\/\/spitalmciuc.ro\/\",\"sameAs\":[],\"logo\":{\"@type\":\"ImageObject\",\"@id\":\"https:\/\/spitalmciuc.ro\/#logo\",\"inLanguage\":\"hu\",\"url\":\"https:\/\/spitalmciuc.ro\/wp-content\/uploads\/2022\/02\/logo-spital-ro-60.jpg\",\"contentUrl\":\"https:\/\/spitalmciuc.ro\/wp-content\/uploads\/2022\/02\/logo-spital-ro-60.jpg\",\"width\":198,\"height\":60,\"caption\":\"Spitalul Jude\u0163ean de Urgen\u0163\u0103 Miercurea Ciuc\"},\"image\":{\"@id\":\"https:\/\/spitalmciuc.ro\/#logo\"}},{\"@type\":\"WebSite\",\"@id\":\"https:\/\/spitalmciuc.ro\/#website\",\"url\":\"https:\/\/spitalmciuc.ro\/\",\"name\":\"Cs\u00edkszeredai Megyei S\u00fcrg\u0151ss\u00e9gi K\u00f3rh\u00e1z\",\"description\":\"\",\"publisher\":{\"@id\":\"https:\/\/spitalmciuc.ro\/#organization\"},\"potentialAction\":[{\"@type\":\"SearchAction\",\"target\":{\"@type\":\"EntryPoint\",\"urlTemplate\":\"https:\/\/spitalmciuc.ro\/?s={search_term_string}\"},\"query-input\":\"required name=search_term_string\"}],\"inLanguage\":\"hu\"},{\"@type\":\"ImageObject\",\"@id\":\"https:\/\/spitalmciuc.ro\/delutani-program-a-radiologiai-jarobetegrendeloben\/#primaryimage\",\"inLanguage\":\"hu\",\"url\":\"https:\/\/spitalmciuc.ro\/wp-content\/uploads\/2021\/11\/rotngen_face.jpg\",\"contentUrl\":\"https:\/\/spitalmciuc.ro\/wp-content\/uploads\/2021\/11\/rotngen_face.jpg\",\"width\":2000,\"height\":1500},{\"@type\":\"WebPage\",\"@id\":\"https:\/\/spitalmciuc.ro\/delutani-program-a-radiologiai-jarobetegrendeloben\/#webpage\",\"url\":\"https:\/\/spitalmciuc.ro\/delutani-program-a-radiologiai-jarobetegrendeloben\/\",\"name\":\"D\u00e9lut\u00e1ni program a radiol\u00f3giai j\u00e1r\u00f3betegrendel\u0151ben - Cs\u00edkszeredai Megyei S\u00fcrg\u0151ss\u00e9gi K\u00f3rh\u00e1z\",\"isPartOf\":{\"@id\":\"https:\/\/spitalmciuc.ro\/#website\"},\"primaryImageOfPage\":{\"@id\":\"https:\/\/spitalmciuc.ro\/delutani-program-a-radiologiai-jarobetegrendeloben\/#primaryimage\"},\"datePublished\":\"2021-11-22T09:34:37+00:00\",\"dateModified\":\"2022-03-01T13:56:32+00:00\",\"breadcrumb\":{\"@id\":\"https:\/\/spitalmciuc.ro\/delutani-program-a-radiologiai-jarobetegrendeloben\/#breadcrumb\"},\"inLanguage\":\"hu\",\"potentialAction\":[{\"@type\":\"ReadAction\",\"target\":[\"https:\/\/spitalmciuc.ro\/delutani-program-a-radiologiai-jarobetegrendeloben\/\"]}]},{\"@type\":\"BreadcrumbList\",\"@id\":\"https:\/\/spitalmciuc.ro\/delutani-program-a-radiologiai-jarobetegrendeloben\/#breadcrumb\",\"itemListElement\":[{\"@type\":\"ListItem\",\"position\":1,\"name\":\"Kezd\u0151lap\",\"item\":\"https:\/\/spitalmciuc.ro\/hu\/\"},{\"@type\":\"ListItem\",\"position\":2,\"name\":\"D\u00e9lut\u00e1ni program a radiol\u00f3giai j\u00e1r\u00f3betegrendel\u0151ben\"}]},{\"@type\":\"Article\",\"@id\":\"https:\/\/spitalmciuc.ro\/delutani-program-a-radiologiai-jarobetegrendeloben\/#article\",\"isPartOf\":{\"@id\":\"https:\/\/spitalmciuc.ro\/delutani-program-a-radiologiai-jarobetegrendeloben\/#webpage\"},\"author\":{\"@id\":\"https:\/\/spitalmciuc.ro\/#\/schema\/person\/20ea297ab07e8f4d1689dfe252e34174\"},\"headline\":\"D\u00e9lut\u00e1ni program a radiol\u00f3giai j\u00e1r\u00f3betegrendel\u0151ben\",\"datePublished\":\"2021-11-22T09:34:37+00:00\",\"dateModified\":\"2022-03-01T13:56:32+00:00\",\"mainEntityOfPage\":{\"@id\":\"https:\/\/spitalmciuc.ro\/delutani-program-a-radiologiai-jarobetegrendeloben\/#webpage\"},\"wordCount\":241,\"publisher\":{\"@id\":\"https:\/\/spitalmciuc.ro\/#organization\"},\"image\":{\"@id\":\"https:\/\/spitalmciuc.ro\/delutani-program-a-radiologiai-jarobetegrendeloben\/#primaryimage\"},\"thumbnailUrl\":\"https:\/\/spitalmciuc.ro\/wp-content\/uploads\/2021\/11\/rotngen_face.jpg\",\"inLanguage\":\"hu\"},{\"@type\":\"Person\",\"@id\":\"https:\/\/spitalmciuc.ro\/#\/schema\/person\/20ea297ab07e8f4d1689dfe252e34174\",\"name\":\"Milik Szil\u00e1rd\",\"url\":\"https:\/\/spitalmciuc.ro\/hu\/author\/szilard\/\"}]}<\/script>\n<!-- \/ Yoast SEO plugin. -->","yoast_head_json":{"title":"D\u00e9lut\u00e1ni program a radiol\u00f3giai j\u00e1r\u00f3betegrendel\u0151ben - Cs\u00edkszeredai Megyei S\u00fcrg\u0151ss\u00e9gi K\u00f3rh\u00e1z","robots":{"index":"index","follow":"follow","max-snippet":"max-snippet:-1","max-image-preview":"max-image-preview:large","max-video-preview":"max-video-preview:-1"},"canonical":"https:\/\/spitalmciuc.ro\/delutani-program-a-radiologiai-jarobetegrendeloben\/","og_locale":"hu_HU","og_type":"article","og_title":"D\u00e9lut\u00e1ni program a radiol\u00f3giai j\u00e1r\u00f3betegrendel\u0151ben - Cs\u00edkszeredai Megyei S\u00fcrg\u0151ss\u00e9gi K\u00f3rh\u00e1z","og_description":"&nbsp; A megn\u00f6vekedett ig\u00e9nyekre v\u00e1laszolva h\u00e9tf\u0151t\u0151l, november 22-t\u0151l d\u00e9lut\u00e1ni programot vezet be a Cs\u00edkszeredai Megyei S\u00fcrg\u0151ss\u00e9gi K\u00f3rh\u00e1z a poliklinik\u00e1n m\u0171k\u00f6d\u0151 radiol\u00f3giai j\u00e1r\u00f3betegrendel\u0151ben a t\u00fcd\u0151filmek elk\u00e9sz\u00edt\u00e9s\u00e9re.&nbsp; Az elm\u00falt hetekben jelent\u0151sen megn\u0151tt a t\u00fcd\u0151filmre jelentkez\u0151 j\u00e1r\u00f3betegek sz\u00e1ma \u00e9s mivel az akut esetekben nem v\u00e9gz\u00fcnk el\u0151jegyz\u00e9st a betegek sz\u00e1m\u00e1ra, esetenk\u00e9nt hosszasan v\u00e1rakozniuk kellett. A helyzet megold\u00e1sa \u00e9rdek\u00e9ben november&hellip;","og_url":"https:\/\/spitalmciuc.ro\/delutani-program-a-radiologiai-jarobetegrendeloben\/","og_site_name":"Cs\u00edkszeredai Megyei S\u00fcrg\u0151ss\u00e9gi K\u00f3rh\u00e1z","article_published_time":"2021-11-22T09:34:37+00:00","article_modified_time":"2022-03-01T13:56:32+00:00","og_image":[{"width":2000,"height":1500,"url":"https:\/\/spitalmciuc.ro\/wp-content\/uploads\/2021\/11\/rotngen_face.jpg","type":"image\/jpeg"}],"twitter_card":"summary_large_image","twitter_misc":{"Szerz\u0151:":"Milik Szil\u00e1rd","Becs\u00fclt olvas\u00e1si id\u0151":"1 perc"},"schema":{"@context":"https:\/\/schema.org","@graph":[{"@type":"Organization","@id":"https:\/\/spitalmciuc.ro\/#organization","name":"Spitalul Jude\u0163ean de Urgen\u0163\u0103 Miercurea Ciuc","url":"https:\/\/spitalmciuc.ro\/","sameAs":[],"logo":{"@type":"ImageObject","@id":"https:\/\/spitalmciuc.ro\/#logo","inLanguage":"hu","url":"https:\/\/spitalmciuc.ro\/wp-content\/uploads\/2022\/02\/logo-spital-ro-60.jpg","contentUrl":"https:\/\/spitalmciuc.ro\/wp-content\/uploads\/2022\/02\/logo-spital-ro-60.jpg","width":198,"height":60,"caption":"Spitalul Jude\u0163ean de Urgen\u0163\u0103 Miercurea Ciuc"},"image":{"@id":"https:\/\/spitalmciuc.ro\/#logo"}},{"@type":"WebSite","@id":"https:\/\/spitalmciuc.ro\/#website","url":"https:\/\/spitalmciuc.ro\/","name":"Cs\u00edkszeredai Megyei S\u00fcrg\u0151ss\u00e9gi K\u00f3rh\u00e1z","description":"","publisher":{"@id":"https:\/\/spitalmciuc.ro\/#organization"},"potentialAction":[{"@type":"SearchAction","target":{"@type":"EntryPoint","urlTemplate":"https:\/\/spitalmciuc.ro\/?s={search_term_string}"},"query-input":"required name=search_term_string"}],"inLanguage":"hu"},{"@type":"ImageObject","@id":"https:\/\/spitalmciuc.ro\/delutani-program-a-radiologiai-jarobetegrendeloben\/#primaryimage","inLanguage":"hu","url":"https:\/\/spitalmciuc.ro\/wp-content\/uploads\/2021\/11\/rotngen_face.jpg","contentUrl":"https:\/\/spitalmciuc.ro\/wp-content\/uploads\/2021\/11\/rotngen_face.jpg","width":2000,"height":1500},{"@type":"WebPage","@id":"https:\/\/spitalmciuc.ro\/delutani-program-a-radiologiai-jarobetegrendeloben\/#webpage","url":"https:\/\/spitalmciuc.ro\/delutani-program-a-radiologiai-jarobetegrendeloben\/","name":"D\u00e9lut\u00e1ni program a radiol\u00f3giai j\u00e1r\u00f3betegrendel\u0151ben - Cs\u00edkszeredai Megyei S\u00fcrg\u0151ss\u00e9gi K\u00f3rh\u00e1z","isPartOf":{"@id":"https:\/\/spitalmciuc.ro\/#website"},"primaryImageOfPage":{"@id":"https:\/\/spitalmciuc.ro\/delutani-program-a-radiologiai-jarobetegrendeloben\/#primaryimage"},"datePublished":"2021-11-22T09:34:37+00:00","dateModified":"2022-03-01T13:56:32+00:00","breadcrumb":{"@id":"https:\/\/spitalmciuc.ro\/delutani-program-a-radiologiai-jarobetegrendeloben\/#breadcrumb"},"inLanguage":"hu","potentialAction":[{"@type":"ReadAction","target":["https:\/\/spitalmciuc.ro\/delutani-program-a-radiologiai-jarobetegrendeloben\/"]}]},{"@type":"BreadcrumbList","@id":"https:\/\/spitalmciuc.ro\/delutani-program-a-radiologiai-jarobetegrendeloben\/#breadcrumb","itemListElement":[{"@type":"ListItem","position":1,"name":"Kezd\u0151lap","item":"https:\/\/spitalmciuc.ro\/hu\/"},{"@type":"ListItem","position":2,"name":"D\u00e9lut\u00e1ni program a radiol\u00f3giai j\u00e1r\u00f3betegrendel\u0151ben"}]},{"@type":"Article","@id":"https:\/\/spitalmciuc.ro\/delutani-program-a-radiologiai-jarobetegrendeloben\/#article","isPartOf":{"@id":"https:\/\/spitalmciuc.ro\/delutani-program-a-radiologiai-jarobetegrendeloben\/#webpage"},"author":{"@id":"https:\/\/spitalmciuc.ro\/#\/schema\/person\/20ea297ab07e8f4d1689dfe252e34174"},"headline":"D\u00e9lut\u00e1ni program a radiol\u00f3giai j\u00e1r\u00f3betegrendel\u0151ben","datePublished":"2021-11-22T09:34:37+00:00","dateModified":"2022-03-01T13:56:32+00:00","mainEntityOfPage":{"@id":"https:\/\/spitalmciuc.ro\/delutani-program-a-radiologiai-jarobetegrendeloben\/#webpage"},"wordCount":241,"publisher":{"@id":"https:\/\/spitalmciuc.ro\/#organization"},"image":{"@id":"https:\/\/spitalmciuc.ro\/delutani-program-a-radiologiai-jarobetegrendeloben\/#primaryimage"},"thumbnailUrl":"https:\/\/spitalmciuc.ro\/wp-content\/uploads\/2021\/11\/rotngen_face.jpg","inLanguage":"hu"},{"@type":"Person","@id":"https:\/\/spitalmciuc.ro\/#\/schema\/person\/20ea297ab07e8f4d1689dfe252e34174","name":"Milik Szil\u00e1rd","url":"https:\/\/spitalmciuc.ro\/hu\/author\/szilard\/"}]}},"_links":{"self":[{"href":"https:\/\/spitalmciuc.ro\/hu\/wp-json\/wp\/v2\/posts\/6084"}],"collection":[{"href":"https:\/\/spitalmciuc.ro\/hu\/wp-json\/wp\/v2\/posts"}],"about":[{"href":"https:\/\/spitalmciuc.ro\/hu\/wp-json\/wp\/v2\/types\/post"}],"author":[{"embeddable":true,"href":"https:\/\/spitalmciuc.ro\/hu\/wp-json\/wp\/v2\/users\/11"}],"replies":[{"embeddable":true,"href":"https:\/\/spitalmciuc.ro\/hu\/wp-json\/wp\/v2\/comments?post=6084"}],"version-history":[{"count":1,"href":"https:\/\/spitalmciuc.ro\/hu\/wp-json\/wp\/v2\/posts\/6084\/revisions"}],"predecessor-version":[{"id":6277,"href":"https:\/\/spitalmciuc.ro\/hu\/wp-json\/wp\/v2\/posts\/6084\/revisions\/6277"}],"wp:featuredmedia":[{"embeddable":true,"href":"https:\/\/spitalmciuc.ro\/hu\/wp-json\/wp\/v2\/media\/3298"}],"wp:attachment":[{"href":"https:\/\/spitalmciuc.ro\/hu\/wp-json\/wp\/v2\/media?parent=6084"}],"wp:term":[{"taxonomy":"category","embeddable":true,"href":"https:\/\/spitalmciuc.ro\/hu\/wp-json\/wp\/v2\/categories?post=6084"},{"taxonomy":"post_tag","embeddable":true,"href":"https:\/\/spitalmciuc.ro\/hu\/wp-json\/wp\/v2\/tags?post=6084"}],"curies":[{"name":"wp","href":"https:\/\/api.w.org\/{rel}","templated":true}]}}