{"id":6071,"date":"2021-10-27T11:34:10","date_gmt":"2021-10-27T11:34:10","guid":{"rendered":"https:\/\/spital.creative-solutions.ro\/index.php\/a-poliklinikara-koeltoezik-a-szueleszeti-nogyogyaszati-jarobetegrendelo\/"},"modified":"2022-03-01T13:56:33","modified_gmt":"2022-03-01T13:56:33","slug":"a-poliklinikara-koeltoezik-a-szueleszeti-nogyogyaszati-jarobetegrendelo","status":"publish","type":"post","link":"https:\/\/spitalmciuc.ro\/hu\/a-poliklinikara-koeltoezik-a-szueleszeti-nogyogyaszati-jarobetegrendelo\/","title":{"rendered":"A poliklinik\u00e1ra k\u00f6lt\u00f6zik a sz\u00fcl\u00e9szeti-n\u0151gy\u00f3gy\u00e1szati j\u00e1r\u00f3betegrendel\u0151"},"content":{"rendered":"<p style=\"text-align: justify;\">&nbsp;<\/p>\n<p style=\"text-align: justify;\">A poliklinika els\u0151 emelet\u00e9re k\u00f6lt\u00f6zik 2021. november 1-t\u0151l a Cs\u00edkszeredai Megyei S\u00fcrg\u0151ss\u00e9gi K\u00f3rh\u00e1z sz\u00fcl\u00e9szeti-n\u0151gy\u00f3gy\u00e1szati j\u00e1r\u00f3betegrendel\u0151je. A p\u00e1cienseket el\u0151jegyz\u00e9s alapj\u00e1n \u00e9s beutal\u00f3val fogadj\u00e1k itt a k\u00f3rh\u00e1z orvosai, h\u00e9tf\u0151t\u0151l p\u00e9ntekig 8 \u00e9s 14 \u00f3ra k\u00f6z\u00f6tt. El\u0151jegyz\u00e9st ig\u00e9nyelni online lehet a k\u00f3rh\u00e1z honlapj\u00e1n vagy telefonon, a 0372661291-es telefonsz\u00e1mon. Tov\u00e1bbi inform\u00e1ci\u00f3k\u00e9rt a rendel\u0151 telefonsz\u00e1ma is h\u00edvhat\u00f3, a rendel\u00e9si id\u0151ben a 0746119570-es telefonsz\u00e1mon lehet \u00e9rdekl\u0151dni.<\/p>\n<p>&nbsp;<\/p>\n","protected":false},"excerpt":{"rendered":"<p>&nbsp; A poliklinika els\u0151 emelet\u00e9re k\u00f6lt\u00f6zik 2021. november 1-t\u0151l a Cs\u00edkszeredai Megyei S\u00fcrg\u0151ss\u00e9gi K\u00f3rh\u00e1z sz\u00fcl\u00e9szeti-n\u0151gy\u00f3gy\u00e1szati j\u00e1r\u00f3betegrendel\u0151je. A p\u00e1cienseket el\u0151jegyz\u00e9s alapj\u00e1n \u00e9s beutal\u00f3val fogadj\u00e1k itt a k\u00f3rh\u00e1z orvosai, h\u00e9tf\u0151t\u0151l p\u00e9ntekig 8 \u00e9s 14 \u00f3ra k\u00f6z\u00f6tt. El\u0151jegyz\u00e9st ig\u00e9nyelni online lehet a k\u00f3rh\u00e1z honlapj\u00e1n vagy telefonon, a 0372661291-es telefonsz\u00e1mon. Tov\u00e1bbi inform\u00e1ci\u00f3k\u00e9rt a rendel\u0151 telefonsz\u00e1ma is h\u00edvhat\u00f3, a rendel\u00e9si&hellip;<\/p>\n","protected":false},"author":11,"featured_media":0,"comment_status":"closed","ping_status":"closed","sticky":false,"template":"","format":"standard","meta":[],"categories":[],"tags":[],"yoast_head":"<!-- This site is optimized with the Yoast SEO plugin v18.3 - https:\/\/yoast.com\/wordpress\/plugins\/seo\/ -->\n<title>A poliklinik\u00e1ra k\u00f6lt\u00f6zik a sz\u00fcl\u00e9szeti-n\u0151gy\u00f3gy\u00e1szati j\u00e1r\u00f3betegrendel\u0151 - Cs\u00edkszeredai Megyei S\u00fcrg\u0151ss\u00e9gi K\u00f3rh\u00e1z<\/title>\n<meta name=\"robots\" content=\"index, follow, max-snippet:-1, max-image-preview:large, max-video-preview:-1\" \/>\n<link rel=\"canonical\" href=\"https:\/\/spitalmciuc.ro\/a-poliklinikara-koeltoezik-a-szueleszeti-nogyogyaszati-jarobetegrendelo\/\" \/>\n<meta property=\"og:locale\" content=\"hu_HU\" \/>\n<meta property=\"og:type\" content=\"article\" \/>\n<meta property=\"og:title\" content=\"A poliklinik\u00e1ra k\u00f6lt\u00f6zik a sz\u00fcl\u00e9szeti-n\u0151gy\u00f3gy\u00e1szati j\u00e1r\u00f3betegrendel\u0151 - Cs\u00edkszeredai Megyei S\u00fcrg\u0151ss\u00e9gi K\u00f3rh\u00e1z\" \/>\n<meta property=\"og:description\" content=\"&nbsp; A poliklinika els\u0151 emelet\u00e9re k\u00f6lt\u00f6zik 2021. november 1-t\u0151l a Cs\u00edkszeredai Megyei S\u00fcrg\u0151ss\u00e9gi K\u00f3rh\u00e1z sz\u00fcl\u00e9szeti-n\u0151gy\u00f3gy\u00e1szati j\u00e1r\u00f3betegrendel\u0151je. A p\u00e1cienseket el\u0151jegyz\u00e9s alapj\u00e1n \u00e9s beutal\u00f3val fogadj\u00e1k itt a k\u00f3rh\u00e1z orvosai, h\u00e9tf\u0151t\u0151l p\u00e9ntekig 8 \u00e9s 14 \u00f3ra k\u00f6z\u00f6tt. El\u0151jegyz\u00e9st ig\u00e9nyelni online lehet a k\u00f3rh\u00e1z honlapj\u00e1n vagy telefonon, a 0372661291-es telefonsz\u00e1mon. Tov\u00e1bbi inform\u00e1ci\u00f3k\u00e9rt a rendel\u0151 telefonsz\u00e1ma is h\u00edvhat\u00f3, a rendel\u00e9si&hellip;\" \/>\n<meta property=\"og:url\" content=\"https:\/\/spitalmciuc.ro\/a-poliklinikara-koeltoezik-a-szueleszeti-nogyogyaszati-jarobetegrendelo\/\" \/>\n<meta property=\"og:site_name\" content=\"Cs\u00edkszeredai Megyei S\u00fcrg\u0151ss\u00e9gi K\u00f3rh\u00e1z\" \/>\n<meta property=\"article:published_time\" content=\"2021-10-27T11:34:10+00:00\" \/>\n<meta property=\"article:modified_time\" content=\"2022-03-01T13:56:33+00:00\" \/>\n<meta name=\"twitter:card\" content=\"summary_large_image\" \/>\n<meta name=\"twitter:label1\" content=\"Szerz\u0151:\" \/>\n\t<meta name=\"twitter:data1\" content=\"Milik Szil\u00e1rd\" \/>\n\t<meta name=\"twitter:label2\" content=\"Becs\u00fclt olvas\u00e1si id\u0151\" \/>\n\t<meta name=\"twitter:data2\" content=\"1 perc\" \/>\n<script type=\"application\/ld+json\" class=\"yoast-schema-graph\">{\"@context\":\"https:\/\/schema.org\",\"@graph\":[{\"@type\":\"Organization\",\"@id\":\"https:\/\/spitalmciuc.ro\/#organization\",\"name\":\"Spitalul Jude\u0163ean de Urgen\u0163\u0103 Miercurea Ciuc\",\"url\":\"https:\/\/spitalmciuc.ro\/\",\"sameAs\":[],\"logo\":{\"@type\":\"ImageObject\",\"@id\":\"https:\/\/spitalmciuc.ro\/#logo\",\"inLanguage\":\"hu\",\"url\":\"https:\/\/spitalmciuc.ro\/wp-content\/uploads\/2022\/02\/logo-spital-ro-60.jpg\",\"contentUrl\":\"https:\/\/spitalmciuc.ro\/wp-content\/uploads\/2022\/02\/logo-spital-ro-60.jpg\",\"width\":198,\"height\":60,\"caption\":\"Spitalul Jude\u0163ean de Urgen\u0163\u0103 Miercurea Ciuc\"},\"image\":{\"@id\":\"https:\/\/spitalmciuc.ro\/#logo\"}},{\"@type\":\"WebSite\",\"@id\":\"https:\/\/spitalmciuc.ro\/#website\",\"url\":\"https:\/\/spitalmciuc.ro\/\",\"name\":\"Cs\u00edkszeredai Megyei S\u00fcrg\u0151ss\u00e9gi K\u00f3rh\u00e1z\",\"description\":\"\",\"publisher\":{\"@id\":\"https:\/\/spitalmciuc.ro\/#organization\"},\"potentialAction\":[{\"@type\":\"SearchAction\",\"target\":{\"@type\":\"EntryPoint\",\"urlTemplate\":\"https:\/\/spitalmciuc.ro\/?s={search_term_string}\"},\"query-input\":\"required name=search_term_string\"}],\"inLanguage\":\"hu\"},{\"@type\":\"WebPage\",\"@id\":\"https:\/\/spitalmciuc.ro\/a-poliklinikara-koeltoezik-a-szueleszeti-nogyogyaszati-jarobetegrendelo\/#webpage\",\"url\":\"https:\/\/spitalmciuc.ro\/a-poliklinikara-koeltoezik-a-szueleszeti-nogyogyaszati-jarobetegrendelo\/\",\"name\":\"A poliklinik\u00e1ra k\u00f6lt\u00f6zik a sz\u00fcl\u00e9szeti-n\u0151gy\u00f3gy\u00e1szati j\u00e1r\u00f3betegrendel\u0151 - Cs\u00edkszeredai Megyei S\u00fcrg\u0151ss\u00e9gi K\u00f3rh\u00e1z\",\"isPartOf\":{\"@id\":\"https:\/\/spitalmciuc.ro\/#website\"},\"datePublished\":\"2021-10-27T11:34:10+00:00\",\"dateModified\":\"2022-03-01T13:56:33+00:00\",\"breadcrumb\":{\"@id\":\"https:\/\/spitalmciuc.ro\/a-poliklinikara-koeltoezik-a-szueleszeti-nogyogyaszati-jarobetegrendelo\/#breadcrumb\"},\"inLanguage\":\"hu\",\"potentialAction\":[{\"@type\":\"ReadAction\",\"target\":[\"https:\/\/spitalmciuc.ro\/a-poliklinikara-koeltoezik-a-szueleszeti-nogyogyaszati-jarobetegrendelo\/\"]}]},{\"@type\":\"BreadcrumbList\",\"@id\":\"https:\/\/spitalmciuc.ro\/a-poliklinikara-koeltoezik-a-szueleszeti-nogyogyaszati-jarobetegrendelo\/#breadcrumb\",\"itemListElement\":[{\"@type\":\"ListItem\",\"position\":1,\"name\":\"Kezd\u0151lap\",\"item\":\"https:\/\/spitalmciuc.ro\/hu\/\"},{\"@type\":\"ListItem\",\"position\":2,\"name\":\"A poliklinik\u00e1ra k\u00f6lt\u00f6zik a sz\u00fcl\u00e9szeti-n\u0151gy\u00f3gy\u00e1szati j\u00e1r\u00f3betegrendel\u0151\"}]},{\"@type\":\"Article\",\"@id\":\"https:\/\/spitalmciuc.ro\/a-poliklinikara-koeltoezik-a-szueleszeti-nogyogyaszati-jarobetegrendelo\/#article\",\"isPartOf\":{\"@id\":\"https:\/\/spitalmciuc.ro\/a-poliklinikara-koeltoezik-a-szueleszeti-nogyogyaszati-jarobetegrendelo\/#webpage\"},\"author\":{\"@id\":\"https:\/\/spitalmciuc.ro\/#\/schema\/person\/20ea297ab07e8f4d1689dfe252e34174\"},\"headline\":\"A poliklinik\u00e1ra k\u00f6lt\u00f6zik a sz\u00fcl\u00e9szeti-n\u0151gy\u00f3gy\u00e1szati j\u00e1r\u00f3betegrendel\u0151\",\"datePublished\":\"2021-10-27T11:34:10+00:00\",\"dateModified\":\"2022-03-01T13:56:33+00:00\",\"mainEntityOfPage\":{\"@id\":\"https:\/\/spitalmciuc.ro\/a-poliklinikara-koeltoezik-a-szueleszeti-nogyogyaszati-jarobetegrendelo\/#webpage\"},\"wordCount\":124,\"publisher\":{\"@id\":\"https:\/\/spitalmciuc.ro\/#organization\"},\"inLanguage\":\"hu\"},{\"@type\":\"Person\",\"@id\":\"https:\/\/spitalmciuc.ro\/#\/schema\/person\/20ea297ab07e8f4d1689dfe252e34174\",\"name\":\"Milik Szil\u00e1rd\",\"url\":\"https:\/\/spitalmciuc.ro\/hu\/author\/szilard\/\"}]}<\/script>\n<!-- \/ Yoast SEO plugin. -->","yoast_head_json":{"title":"A poliklinik\u00e1ra k\u00f6lt\u00f6zik a sz\u00fcl\u00e9szeti-n\u0151gy\u00f3gy\u00e1szati j\u00e1r\u00f3betegrendel\u0151 - Cs\u00edkszeredai Megyei S\u00fcrg\u0151ss\u00e9gi K\u00f3rh\u00e1z","robots":{"index":"index","follow":"follow","max-snippet":"max-snippet:-1","max-image-preview":"max-image-preview:large","max-video-preview":"max-video-preview:-1"},"canonical":"https:\/\/spitalmciuc.ro\/a-poliklinikara-koeltoezik-a-szueleszeti-nogyogyaszati-jarobetegrendelo\/","og_locale":"hu_HU","og_type":"article","og_title":"A poliklinik\u00e1ra k\u00f6lt\u00f6zik a sz\u00fcl\u00e9szeti-n\u0151gy\u00f3gy\u00e1szati j\u00e1r\u00f3betegrendel\u0151 - Cs\u00edkszeredai Megyei S\u00fcrg\u0151ss\u00e9gi K\u00f3rh\u00e1z","og_description":"&nbsp; A poliklinika els\u0151 emelet\u00e9re k\u00f6lt\u00f6zik 2021. november 1-t\u0151l a Cs\u00edkszeredai Megyei S\u00fcrg\u0151ss\u00e9gi K\u00f3rh\u00e1z sz\u00fcl\u00e9szeti-n\u0151gy\u00f3gy\u00e1szati j\u00e1r\u00f3betegrendel\u0151je. A p\u00e1cienseket el\u0151jegyz\u00e9s alapj\u00e1n \u00e9s beutal\u00f3val fogadj\u00e1k itt a k\u00f3rh\u00e1z orvosai, h\u00e9tf\u0151t\u0151l p\u00e9ntekig 8 \u00e9s 14 \u00f3ra k\u00f6z\u00f6tt. El\u0151jegyz\u00e9st ig\u00e9nyelni online lehet a k\u00f3rh\u00e1z honlapj\u00e1n vagy telefonon, a 0372661291-es telefonsz\u00e1mon. Tov\u00e1bbi inform\u00e1ci\u00f3k\u00e9rt a rendel\u0151 telefonsz\u00e1ma is h\u00edvhat\u00f3, a rendel\u00e9si&hellip;","og_url":"https:\/\/spitalmciuc.ro\/a-poliklinikara-koeltoezik-a-szueleszeti-nogyogyaszati-jarobetegrendelo\/","og_site_name":"Cs\u00edkszeredai Megyei S\u00fcrg\u0151ss\u00e9gi K\u00f3rh\u00e1z","article_published_time":"2021-10-27T11:34:10+00:00","article_modified_time":"2022-03-01T13:56:33+00:00","twitter_card":"summary_large_image","twitter_misc":{"Szerz\u0151:":"Milik Szil\u00e1rd","Becs\u00fclt olvas\u00e1si id\u0151":"1 perc"},"schema":{"@context":"https:\/\/schema.org","@graph":[{"@type":"Organization","@id":"https:\/\/spitalmciuc.ro\/#organization","name":"Spitalul Jude\u0163ean de Urgen\u0163\u0103 Miercurea Ciuc","url":"https:\/\/spitalmciuc.ro\/","sameAs":[],"logo":{"@type":"ImageObject","@id":"https:\/\/spitalmciuc.ro\/#logo","inLanguage":"hu","url":"https:\/\/spitalmciuc.ro\/wp-content\/uploads\/2022\/02\/logo-spital-ro-60.jpg","contentUrl":"https:\/\/spitalmciuc.ro\/wp-content\/uploads\/2022\/02\/logo-spital-ro-60.jpg","width":198,"height":60,"caption":"Spitalul Jude\u0163ean de Urgen\u0163\u0103 Miercurea Ciuc"},"image":{"@id":"https:\/\/spitalmciuc.ro\/#logo"}},{"@type":"WebSite","@id":"https:\/\/spitalmciuc.ro\/#website","url":"https:\/\/spitalmciuc.ro\/","name":"Cs\u00edkszeredai Megyei S\u00fcrg\u0151ss\u00e9gi K\u00f3rh\u00e1z","description":"","publisher":{"@id":"https:\/\/spitalmciuc.ro\/#organization"},"potentialAction":[{"@type":"SearchAction","target":{"@type":"EntryPoint","urlTemplate":"https:\/\/spitalmciuc.ro\/?s={search_term_string}"},"query-input":"required name=search_term_string"}],"inLanguage":"hu"},{"@type":"WebPage","@id":"https:\/\/spitalmciuc.ro\/a-poliklinikara-koeltoezik-a-szueleszeti-nogyogyaszati-jarobetegrendelo\/#webpage","url":"https:\/\/spitalmciuc.ro\/a-poliklinikara-koeltoezik-a-szueleszeti-nogyogyaszati-jarobetegrendelo\/","name":"A poliklinik\u00e1ra k\u00f6lt\u00f6zik a sz\u00fcl\u00e9szeti-n\u0151gy\u00f3gy\u00e1szati j\u00e1r\u00f3betegrendel\u0151 - Cs\u00edkszeredai Megyei S\u00fcrg\u0151ss\u00e9gi K\u00f3rh\u00e1z","isPartOf":{"@id":"https:\/\/spitalmciuc.ro\/#website"},"datePublished":"2021-10-27T11:34:10+00:00","dateModified":"2022-03-01T13:56:33+00:00","breadcrumb":{"@id":"https:\/\/spitalmciuc.ro\/a-poliklinikara-koeltoezik-a-szueleszeti-nogyogyaszati-jarobetegrendelo\/#breadcrumb"},"inLanguage":"hu","potentialAction":[{"@type":"ReadAction","target":["https:\/\/spitalmciuc.ro\/a-poliklinikara-koeltoezik-a-szueleszeti-nogyogyaszati-jarobetegrendelo\/"]}]},{"@type":"BreadcrumbList","@id":"https:\/\/spitalmciuc.ro\/a-poliklinikara-koeltoezik-a-szueleszeti-nogyogyaszati-jarobetegrendelo\/#breadcrumb","itemListElement":[{"@type":"ListItem","position":1,"name":"Kezd\u0151lap","item":"https:\/\/spitalmciuc.ro\/hu\/"},{"@type":"ListItem","position":2,"name":"A poliklinik\u00e1ra k\u00f6lt\u00f6zik a sz\u00fcl\u00e9szeti-n\u0151gy\u00f3gy\u00e1szati j\u00e1r\u00f3betegrendel\u0151"}]},{"@type":"Article","@id":"https:\/\/spitalmciuc.ro\/a-poliklinikara-koeltoezik-a-szueleszeti-nogyogyaszati-jarobetegrendelo\/#article","isPartOf":{"@id":"https:\/\/spitalmciuc.ro\/a-poliklinikara-koeltoezik-a-szueleszeti-nogyogyaszati-jarobetegrendelo\/#webpage"},"author":{"@id":"https:\/\/spitalmciuc.ro\/#\/schema\/person\/20ea297ab07e8f4d1689dfe252e34174"},"headline":"A poliklinik\u00e1ra k\u00f6lt\u00f6zik a sz\u00fcl\u00e9szeti-n\u0151gy\u00f3gy\u00e1szati j\u00e1r\u00f3betegrendel\u0151","datePublished":"2021-10-27T11:34:10+00:00","dateModified":"2022-03-01T13:56:33+00:00","mainEntityOfPage":{"@id":"https:\/\/spitalmciuc.ro\/a-poliklinikara-koeltoezik-a-szueleszeti-nogyogyaszati-jarobetegrendelo\/#webpage"},"wordCount":124,"publisher":{"@id":"https:\/\/spitalmciuc.ro\/#organization"},"inLanguage":"hu"},{"@type":"Person","@id":"https:\/\/spitalmciuc.ro\/#\/schema\/person\/20ea297ab07e8f4d1689dfe252e34174","name":"Milik Szil\u00e1rd","url":"https:\/\/spitalmciuc.ro\/hu\/author\/szilard\/"}]}},"_links":{"self":[{"href":"https:\/\/spitalmciuc.ro\/hu\/wp-json\/wp\/v2\/posts\/6071"}],"collection":[{"href":"https:\/\/spitalmciuc.ro\/hu\/wp-json\/wp\/v2\/posts"}],"about":[{"href":"https:\/\/spitalmciuc.ro\/hu\/wp-json\/wp\/v2\/types\/post"}],"author":[{"embeddable":true,"href":"https:\/\/spitalmciuc.ro\/hu\/wp-json\/wp\/v2\/users\/11"}],"replies":[{"embeddable":true,"href":"https:\/\/spitalmciuc.ro\/hu\/wp-json\/wp\/v2\/comments?post=6071"}],"version-history":[{"count":1,"href":"https:\/\/spitalmciuc.ro\/hu\/wp-json\/wp\/v2\/posts\/6071\/revisions"}],"predecessor-version":[{"id":6292,"href":"https:\/\/spitalmciuc.ro\/hu\/wp-json\/wp\/v2\/posts\/6071\/revisions\/6292"}],"wp:attachment":[{"href":"https:\/\/spitalmciuc.ro\/hu\/wp-json\/wp\/v2\/media?parent=6071"}],"wp:term":[{"taxonomy":"category","embeddable":true,"href":"https:\/\/spitalmciuc.ro\/hu\/wp-json\/wp\/v2\/categories?post=6071"},{"taxonomy":"post_tag","embeddable":true,"href":"https:\/\/spitalmciuc.ro\/hu\/wp-json\/wp\/v2\/tags?post=6071"}],"curies":[{"name":"wp","href":"https:\/\/api.w.org\/{rel}","templated":true}]}}