{"id":6048,"date":"2021-09-30T10:22:12","date_gmt":"2021-09-30T10:22:12","guid":{"rendered":"https:\/\/spital.creative-solutions.ro\/index.php\/atszervezesek-a-betegek-megfelelo-ellatasa-erdekeben\/"},"modified":"2022-03-02T07:26:02","modified_gmt":"2022-03-02T07:26:02","slug":"atszervezesek-a-betegek-megfelelo-ellatasa-erdekeben","status":"publish","type":"post","link":"https:\/\/spitalmciuc.ro\/hu\/atszervezesek-a-betegek-megfelelo-ellatasa-erdekeben\/","title":{"rendered":"\u00c1tszervez\u00e9sek a betegek megfelel\u0151 ell\u00e1t\u00e1sa \u00e9rdek\u00e9ben"},"content":{"rendered":"<p style=\"text-align: justify;\">&nbsp;<\/p>\n<p style=\"text-align: justify;\">P\u00f3t\u00e1gyakat is be\u00e1ll\u00edtottak a cs\u00edksomly\u00f3i k\u00f3rh\u00e1z\u00e9p\u00fcletbe a koronav\u00edrusos betegek ell\u00e1t\u00e1sa \u00e9rdek\u00e9ben, de v\u00e1rhat\u00f3an m\u00e9g t\u00f6bb helyre lesz sz\u00fcks\u00e9g. A Cs\u00edkszeredai Megyei S\u00fcrg\u0151ss\u00e9gi K\u00f3rh\u00e1zban ez\u00e9rt sz\u00e1mos \u00e1tszervez\u00e9si int\u00e9zked\u00e9s l\u00e9p \u00e9letbe. Ezek egyike, hogy holnapt\u00f3l t\u00edz\u00e1gyasra b\u0151v\u00fcl a Covid-betegek sz\u00e1m\u00e1ra fenntartott intenz\u00edv ter\u00e1pi\u00e1s r\u00e9szleg.<\/p>\n<p style=\"text-align: justify;\">A Cs\u00edkszeredai Megyei S\u00fcrg\u0151ss\u00e9gi K\u00f3rh\u00e1zban ma 83 koronav\u00edrusos beteget \u00e1polunk. A sz\u00e1mukra fenntartott intenz\u00edv ter\u00e1pi\u00e1s r\u00e9szleg tele van, hat p\u00e1cienst \u00e1polnak ott, k\u00e9t szem\u00e9ly intub\u00e1lva van. A cs\u00edksomly\u00f3i k\u00f3rh\u00e1z\u00e9p\u00fcletben \u00f6sszesen 74 Covid-beteg van ma, ez m\u00e1r t\u00f6bb mint az ottani hivatalos \u00e1gysz\u00e1m, egyes k\u00f3rtermekbe p\u00f3t\u00e1gyakat is be\u00e1ll\u00edtottak m\u00e1r. Mivel a cs\u00edksomly\u00f3i k\u00f3rh\u00e1z\u00e9p\u00fcletben v\u00e1rhat\u00f3an m\u00e9g a nap folyam\u00e1n betelnek a helyek, a k\u00f3rh\u00e1z t\u00f6bb \u00e1tszervez\u00e9st l\u00e9ptetett \u00e9letbe: <br \/>\u2022 a nem Covid fert\u0151z\u0151 betegs\u00e9geket a k\u00f3rh\u00e1z b\u0151rgy\u00f3gy\u00e1szati oszt\u00e1ly\u00e1n l\u00e1tj\u00e1k el, a b\u0151rgy\u00f3gy\u00e1szati oszt\u00e1ly tev\u00e9kenys\u00e9ge lecs\u00f6kkent <br \/>\u2022 a k\u00f3rh\u00e1z f\u0151\u00e9p\u00fclet\u00e9ben l\u00e9v\u0151 belgy\u00f3gy\u00e1szati oszt\u00e1ly Covid-oszt\u00e1lly\u00e1 alakul \u00e1t, itt 7 k\u00f3rterem (45 \u00e1gy) lesz az igazoltan koronav\u00edrusos \u00e9s 5 k\u00f3rterem a koronav\u00edrus-fert\u0151z\u00e9s gyan\u00faj\u00e1val k\u00f3rh\u00e1zba ker\u00fcl\u0151 betegek sz\u00e1m\u00e1ra <br \/>\u2022 a nem Covidos belgy\u00f3gy\u00e1szati eseteket a kardiol\u00f3giai oszt\u00e1lyon oldj\u00e1k meg, amely oszt\u00e1ly cs\u00f6kkenti az el\u0151re tervezett beutal\u00e1sokat<br \/>\u2022 a f\u0151\u00e9p\u00fclet udvar\u00e1n l\u00e9v\u0151 modul\u00e1ris k\u00f3rh\u00e1z egyik fel\u00e9t fenntartj\u00e1k a Covidos seb\u00e9szeti esetek elk\u00fcl\u00f6n\u00edt\u00e9s\u00e9re, m\u00e1sik fel\u00e9ben pedig a napos bennfekv\u00e9sben kezelt betegek ell\u00e1t\u00e1s\u00e1t v\u00e9gzik<br \/>\u2022 okt\u00f3ber elsej\u00e9t\u0151l 10 \u00e1gyasra b\u0151v\u00fcl a Covidos betegeknek fenntartott intenz\u00edv ter\u00e1pi\u00e1s r\u00e9szleg. Ennek k\u00f6vetkez\u00e9ben 20 sz\u00e1zal\u00e9kkal cs\u00f6kkentik az el\u0151jegyzett m\u0171t\u00e9ti tev\u00e9kenys\u00e9get, az intenz\u00edv ter\u00e1pi\u00e1s \u00e9s aneszteziol\u00f3gus szakemberek munk\u00e1j\u00e1ra ugyanis a Covid-betegek ell\u00e1t\u00e1s\u00e1ban is sz\u00fcks\u00e9g van<br \/>Azon koronv\u00edrusos p\u00e1ciensek sz\u00e1m\u00e1ra, akiknek a t\u00fcneteik nem s\u00falyosak, napos bennfekv\u00e9ses rendszerben van szakorvosi vizsg\u00e1lati lehet\u0151s\u00e9g a cs\u00edksomly\u00f3i k\u00f3rh\u00e1z\u00e9p\u00fcletn\u00e9l. 8-10 \u00f3ra k\u00f6z\u00f6tt a somly\u00f3i k\u00f3rh\u00e1z\u00e9p\u00fcletn\u00e9l, a kapu melletti rendel\u0151ben vizsg\u00e1lati lehet\u0151s\u00e9g m\u0171k\u00f6dik azok sz\u00e1m\u00e1ra, akik pozit\u00edv teszttel rendelkeznek \u00e9s enyh\u00e9bb t\u00fcneteik vannak. Az orvosok k\u00e9r\u00e9se, hogy a betegek vigy\u00e9k magukkal a pozit\u00edv tesztet \u00e9s k\u00e9sz\u00fcljenek fel arra, hogy az eredm\u00e9nyeket meg kell v\u00e1rni. Aki l\u00e1zas, k\u00f6h\u00f6g, gyenges\u00e9g\u00e9rzete van vagy neh\u00e9zl\u00e9gz\u00e9st tapasztal, az keresse fel itt a szakembereket, az orvosi vizsg\u00e1lat mellett v\u00e9rvizsg\u00e1lat, r\u00f6ntgenvizsg\u00e1lat is k\u00e9sz\u00fcl sz\u00e1mukra. El\u0151jegyz\u00e9s sz\u00fcks\u00e9ges, ezt a 0758117669-es telefonsz\u00e1mon lehet k\u00e9rni. <br \/>A k\u00f3rh\u00e1zban kezelt koronav\u00edrusos betegek t\u00falnyom\u00f3 t\u00f6bbs\u00e9ge s\u00falyos \u00e1llapotban van, a Cs\u00edksomly\u00f3n kezelt p\u00e1ciensek k\u00f6z\u00fcl 48 szem\u00e9lynek van sz\u00fcks\u00e9ge oxig\u00e9nes l\u00e9gz\u00e9st\u00e1mogat\u00e1sra. A s\u00falyos \u00e1llapotban l\u00e9v\u0151 betegek k\u00f6z\u00fcl senki sincs beoltva. Azok, akik olt\u00e1s ut\u00e1n kapt\u00e1k el a fert\u0151z\u00e9st \u00e9s k\u00f3rh\u00e1zba ker\u00fcltek, id\u0151sek, t\u00e1rsbetegs\u00e9geik vannak, de a Covid-enyhe t\u00fcnetei jelentkeztek n\u00e1luk. A koronav\u00edrus-fert\u0151z\u00e9s miatt ma k\u00f3rh\u00e1zban kezelt betegeknek \u00f6sszesen 94 sz\u00e1zal\u00e9ka nincs beoltva.<\/p>\n<p style=\"text-align: justify;\">Cs\u00edkszereda, 2021.09.30<\/p>\n","protected":false},"excerpt":{"rendered":"<p>&nbsp; P\u00f3t\u00e1gyakat is be\u00e1ll\u00edtottak a cs\u00edksomly\u00f3i k\u00f3rh\u00e1z\u00e9p\u00fcletbe a koronav\u00edrusos betegek ell\u00e1t\u00e1sa \u00e9rdek\u00e9ben, de v\u00e1rhat\u00f3an m\u00e9g t\u00f6bb helyre lesz sz\u00fcks\u00e9g. A Cs\u00edkszeredai Megyei S\u00fcrg\u0151ss\u00e9gi K\u00f3rh\u00e1zban ez\u00e9rt sz\u00e1mos \u00e1tszervez\u00e9si int\u00e9zked\u00e9s l\u00e9p \u00e9letbe. Ezek egyike, hogy holnapt\u00f3l t\u00edz\u00e1gyasra b\u0151v\u00fcl a Covid-betegek sz\u00e1m\u00e1ra fenntartott intenz\u00edv ter\u00e1pi\u00e1s r\u00e9szleg. A Cs\u00edkszeredai Megyei S\u00fcrg\u0151ss\u00e9gi K\u00f3rh\u00e1zban ma 83 koronav\u00edrusos beteget \u00e1polunk. A sz\u00e1mukra&hellip;<\/p>\n","protected":false},"author":11,"featured_media":0,"comment_status":"closed","ping_status":"closed","sticky":false,"template":"","format":"standard","meta":[],"categories":[],"tags":[],"yoast_head":"<!-- This site is optimized with the Yoast SEO plugin v18.3 - https:\/\/yoast.com\/wordpress\/plugins\/seo\/ -->\n<title>\u00c1tszervez\u00e9sek a betegek megfelel\u0151 ell\u00e1t\u00e1sa \u00e9rdek\u00e9ben - Cs\u00edkszeredai Megyei S\u00fcrg\u0151ss\u00e9gi K\u00f3rh\u00e1z<\/title>\n<meta name=\"robots\" content=\"index, follow, max-snippet:-1, max-image-preview:large, max-video-preview:-1\" \/>\n<link rel=\"canonical\" href=\"https:\/\/spitalmciuc.ro\/atszervezesek-a-betegek-megfelelo-ellatasa-erdekeben\/\" \/>\n<meta property=\"og:locale\" content=\"hu_HU\" \/>\n<meta property=\"og:type\" content=\"article\" \/>\n<meta property=\"og:title\" content=\"\u00c1tszervez\u00e9sek a betegek megfelel\u0151 ell\u00e1t\u00e1sa \u00e9rdek\u00e9ben - Cs\u00edkszeredai Megyei S\u00fcrg\u0151ss\u00e9gi K\u00f3rh\u00e1z\" \/>\n<meta property=\"og:description\" content=\"&nbsp; P\u00f3t\u00e1gyakat is be\u00e1ll\u00edtottak a cs\u00edksomly\u00f3i k\u00f3rh\u00e1z\u00e9p\u00fcletbe a koronav\u00edrusos betegek ell\u00e1t\u00e1sa \u00e9rdek\u00e9ben, de v\u00e1rhat\u00f3an m\u00e9g t\u00f6bb helyre lesz sz\u00fcks\u00e9g. A Cs\u00edkszeredai Megyei S\u00fcrg\u0151ss\u00e9gi K\u00f3rh\u00e1zban ez\u00e9rt sz\u00e1mos \u00e1tszervez\u00e9si int\u00e9zked\u00e9s l\u00e9p \u00e9letbe. Ezek egyike, hogy holnapt\u00f3l t\u00edz\u00e1gyasra b\u0151v\u00fcl a Covid-betegek sz\u00e1m\u00e1ra fenntartott intenz\u00edv ter\u00e1pi\u00e1s r\u00e9szleg. A Cs\u00edkszeredai Megyei S\u00fcrg\u0151ss\u00e9gi K\u00f3rh\u00e1zban ma 83 koronav\u00edrusos beteget \u00e1polunk. A sz\u00e1mukra&hellip;\" \/>\n<meta property=\"og:url\" content=\"https:\/\/spitalmciuc.ro\/atszervezesek-a-betegek-megfelelo-ellatasa-erdekeben\/\" \/>\n<meta property=\"og:site_name\" content=\"Cs\u00edkszeredai Megyei S\u00fcrg\u0151ss\u00e9gi K\u00f3rh\u00e1z\" \/>\n<meta property=\"article:published_time\" content=\"2021-09-30T10:22:12+00:00\" \/>\n<meta property=\"article:modified_time\" content=\"2022-03-02T07:26:02+00:00\" \/>\n<meta name=\"twitter:card\" content=\"summary_large_image\" \/>\n<meta name=\"twitter:label1\" content=\"Szerz\u0151:\" \/>\n\t<meta name=\"twitter:data1\" content=\"Milik Szil\u00e1rd\" \/>\n\t<meta name=\"twitter:label2\" content=\"Becs\u00fclt olvas\u00e1si id\u0151\" \/>\n\t<meta name=\"twitter:data2\" content=\"3 perc\" \/>\n<script type=\"application\/ld+json\" class=\"yoast-schema-graph\">{\"@context\":\"https:\/\/schema.org\",\"@graph\":[{\"@type\":\"Organization\",\"@id\":\"https:\/\/spitalmciuc.ro\/#organization\",\"name\":\"Spitalul Jude\u0163ean de Urgen\u0163\u0103 Miercurea Ciuc\",\"url\":\"https:\/\/spitalmciuc.ro\/\",\"sameAs\":[],\"logo\":{\"@type\":\"ImageObject\",\"@id\":\"https:\/\/spitalmciuc.ro\/#logo\",\"inLanguage\":\"hu\",\"url\":\"https:\/\/spitalmciuc.ro\/wp-content\/uploads\/2022\/02\/logo-spital-ro-60.jpg\",\"contentUrl\":\"https:\/\/spitalmciuc.ro\/wp-content\/uploads\/2022\/02\/logo-spital-ro-60.jpg\",\"width\":198,\"height\":60,\"caption\":\"Spitalul Jude\u0163ean de Urgen\u0163\u0103 Miercurea Ciuc\"},\"image\":{\"@id\":\"https:\/\/spitalmciuc.ro\/#logo\"}},{\"@type\":\"WebSite\",\"@id\":\"https:\/\/spitalmciuc.ro\/#website\",\"url\":\"https:\/\/spitalmciuc.ro\/\",\"name\":\"Cs\u00edkszeredai Megyei S\u00fcrg\u0151ss\u00e9gi K\u00f3rh\u00e1z\",\"description\":\"\",\"publisher\":{\"@id\":\"https:\/\/spitalmciuc.ro\/#organization\"},\"potentialAction\":[{\"@type\":\"SearchAction\",\"target\":{\"@type\":\"EntryPoint\",\"urlTemplate\":\"https:\/\/spitalmciuc.ro\/?s={search_term_string}\"},\"query-input\":\"required name=search_term_string\"}],\"inLanguage\":\"hu\"},{\"@type\":\"WebPage\",\"@id\":\"https:\/\/spitalmciuc.ro\/atszervezesek-a-betegek-megfelelo-ellatasa-erdekeben\/#webpage\",\"url\":\"https:\/\/spitalmciuc.ro\/atszervezesek-a-betegek-megfelelo-ellatasa-erdekeben\/\",\"name\":\"\u00c1tszervez\u00e9sek a betegek megfelel\u0151 ell\u00e1t\u00e1sa \u00e9rdek\u00e9ben - Cs\u00edkszeredai Megyei S\u00fcrg\u0151ss\u00e9gi K\u00f3rh\u00e1z\",\"isPartOf\":{\"@id\":\"https:\/\/spitalmciuc.ro\/#website\"},\"datePublished\":\"2021-09-30T10:22:12+00:00\",\"dateModified\":\"2022-03-02T07:26:02+00:00\",\"breadcrumb\":{\"@id\":\"https:\/\/spitalmciuc.ro\/atszervezesek-a-betegek-megfelelo-ellatasa-erdekeben\/#breadcrumb\"},\"inLanguage\":\"hu\",\"potentialAction\":[{\"@type\":\"ReadAction\",\"target\":[\"https:\/\/spitalmciuc.ro\/atszervezesek-a-betegek-megfelelo-ellatasa-erdekeben\/\"]}]},{\"@type\":\"BreadcrumbList\",\"@id\":\"https:\/\/spitalmciuc.ro\/atszervezesek-a-betegek-megfelelo-ellatasa-erdekeben\/#breadcrumb\",\"itemListElement\":[{\"@type\":\"ListItem\",\"position\":1,\"name\":\"Kezd\u0151lap\",\"item\":\"https:\/\/spitalmciuc.ro\/hu\/\"},{\"@type\":\"ListItem\",\"position\":2,\"name\":\"\u00c1tszervez\u00e9sek a betegek megfelel\u0151 ell\u00e1t\u00e1sa \u00e9rdek\u00e9ben\"}]},{\"@type\":\"Article\",\"@id\":\"https:\/\/spitalmciuc.ro\/atszervezesek-a-betegek-megfelelo-ellatasa-erdekeben\/#article\",\"isPartOf\":{\"@id\":\"https:\/\/spitalmciuc.ro\/atszervezesek-a-betegek-megfelelo-ellatasa-erdekeben\/#webpage\"},\"author\":{\"@id\":\"https:\/\/spitalmciuc.ro\/#\/schema\/person\/20ea297ab07e8f4d1689dfe252e34174\"},\"headline\":\"\u00c1tszervez\u00e9sek a betegek megfelel\u0151 ell\u00e1t\u00e1sa \u00e9rdek\u00e9ben\",\"datePublished\":\"2021-09-30T10:22:12+00:00\",\"dateModified\":\"2022-03-02T07:26:02+00:00\",\"mainEntityOfPage\":{\"@id\":\"https:\/\/spitalmciuc.ro\/atszervezesek-a-betegek-megfelelo-ellatasa-erdekeben\/#webpage\"},\"wordCount\":688,\"publisher\":{\"@id\":\"https:\/\/spitalmciuc.ro\/#organization\"},\"inLanguage\":\"hu\"},{\"@type\":\"Person\",\"@id\":\"https:\/\/spitalmciuc.ro\/#\/schema\/person\/20ea297ab07e8f4d1689dfe252e34174\",\"name\":\"Milik Szil\u00e1rd\",\"url\":\"https:\/\/spitalmciuc.ro\/hu\/author\/szilard\/\"}]}<\/script>\n<!-- \/ Yoast SEO plugin. -->","yoast_head_json":{"title":"\u00c1tszervez\u00e9sek a betegek megfelel\u0151 ell\u00e1t\u00e1sa \u00e9rdek\u00e9ben - Cs\u00edkszeredai Megyei S\u00fcrg\u0151ss\u00e9gi K\u00f3rh\u00e1z","robots":{"index":"index","follow":"follow","max-snippet":"max-snippet:-1","max-image-preview":"max-image-preview:large","max-video-preview":"max-video-preview:-1"},"canonical":"https:\/\/spitalmciuc.ro\/atszervezesek-a-betegek-megfelelo-ellatasa-erdekeben\/","og_locale":"hu_HU","og_type":"article","og_title":"\u00c1tszervez\u00e9sek a betegek megfelel\u0151 ell\u00e1t\u00e1sa \u00e9rdek\u00e9ben - Cs\u00edkszeredai Megyei S\u00fcrg\u0151ss\u00e9gi K\u00f3rh\u00e1z","og_description":"&nbsp; P\u00f3t\u00e1gyakat is be\u00e1ll\u00edtottak a cs\u00edksomly\u00f3i k\u00f3rh\u00e1z\u00e9p\u00fcletbe a koronav\u00edrusos betegek ell\u00e1t\u00e1sa \u00e9rdek\u00e9ben, de v\u00e1rhat\u00f3an m\u00e9g t\u00f6bb helyre lesz sz\u00fcks\u00e9g. A Cs\u00edkszeredai Megyei S\u00fcrg\u0151ss\u00e9gi K\u00f3rh\u00e1zban ez\u00e9rt sz\u00e1mos \u00e1tszervez\u00e9si int\u00e9zked\u00e9s l\u00e9p \u00e9letbe. Ezek egyike, hogy holnapt\u00f3l t\u00edz\u00e1gyasra b\u0151v\u00fcl a Covid-betegek sz\u00e1m\u00e1ra fenntartott intenz\u00edv ter\u00e1pi\u00e1s r\u00e9szleg. A Cs\u00edkszeredai Megyei S\u00fcrg\u0151ss\u00e9gi K\u00f3rh\u00e1zban ma 83 koronav\u00edrusos beteget \u00e1polunk. A sz\u00e1mukra&hellip;","og_url":"https:\/\/spitalmciuc.ro\/atszervezesek-a-betegek-megfelelo-ellatasa-erdekeben\/","og_site_name":"Cs\u00edkszeredai Megyei S\u00fcrg\u0151ss\u00e9gi K\u00f3rh\u00e1z","article_published_time":"2021-09-30T10:22:12+00:00","article_modified_time":"2022-03-02T07:26:02+00:00","twitter_card":"summary_large_image","twitter_misc":{"Szerz\u0151:":"Milik Szil\u00e1rd","Becs\u00fclt olvas\u00e1si id\u0151":"3 perc"},"schema":{"@context":"https:\/\/schema.org","@graph":[{"@type":"Organization","@id":"https:\/\/spitalmciuc.ro\/#organization","name":"Spitalul Jude\u0163ean de Urgen\u0163\u0103 Miercurea Ciuc","url":"https:\/\/spitalmciuc.ro\/","sameAs":[],"logo":{"@type":"ImageObject","@id":"https:\/\/spitalmciuc.ro\/#logo","inLanguage":"hu","url":"https:\/\/spitalmciuc.ro\/wp-content\/uploads\/2022\/02\/logo-spital-ro-60.jpg","contentUrl":"https:\/\/spitalmciuc.ro\/wp-content\/uploads\/2022\/02\/logo-spital-ro-60.jpg","width":198,"height":60,"caption":"Spitalul Jude\u0163ean de Urgen\u0163\u0103 Miercurea Ciuc"},"image":{"@id":"https:\/\/spitalmciuc.ro\/#logo"}},{"@type":"WebSite","@id":"https:\/\/spitalmciuc.ro\/#website","url":"https:\/\/spitalmciuc.ro\/","name":"Cs\u00edkszeredai Megyei S\u00fcrg\u0151ss\u00e9gi K\u00f3rh\u00e1z","description":"","publisher":{"@id":"https:\/\/spitalmciuc.ro\/#organization"},"potentialAction":[{"@type":"SearchAction","target":{"@type":"EntryPoint","urlTemplate":"https:\/\/spitalmciuc.ro\/?s={search_term_string}"},"query-input":"required name=search_term_string"}],"inLanguage":"hu"},{"@type":"WebPage","@id":"https:\/\/spitalmciuc.ro\/atszervezesek-a-betegek-megfelelo-ellatasa-erdekeben\/#webpage","url":"https:\/\/spitalmciuc.ro\/atszervezesek-a-betegek-megfelelo-ellatasa-erdekeben\/","name":"\u00c1tszervez\u00e9sek a betegek megfelel\u0151 ell\u00e1t\u00e1sa \u00e9rdek\u00e9ben - Cs\u00edkszeredai Megyei S\u00fcrg\u0151ss\u00e9gi K\u00f3rh\u00e1z","isPartOf":{"@id":"https:\/\/spitalmciuc.ro\/#website"},"datePublished":"2021-09-30T10:22:12+00:00","dateModified":"2022-03-02T07:26:02+00:00","breadcrumb":{"@id":"https:\/\/spitalmciuc.ro\/atszervezesek-a-betegek-megfelelo-ellatasa-erdekeben\/#breadcrumb"},"inLanguage":"hu","potentialAction":[{"@type":"ReadAction","target":["https:\/\/spitalmciuc.ro\/atszervezesek-a-betegek-megfelelo-ellatasa-erdekeben\/"]}]},{"@type":"BreadcrumbList","@id":"https:\/\/spitalmciuc.ro\/atszervezesek-a-betegek-megfelelo-ellatasa-erdekeben\/#breadcrumb","itemListElement":[{"@type":"ListItem","position":1,"name":"Kezd\u0151lap","item":"https:\/\/spitalmciuc.ro\/hu\/"},{"@type":"ListItem","position":2,"name":"\u00c1tszervez\u00e9sek a betegek megfelel\u0151 ell\u00e1t\u00e1sa \u00e9rdek\u00e9ben"}]},{"@type":"Article","@id":"https:\/\/spitalmciuc.ro\/atszervezesek-a-betegek-megfelelo-ellatasa-erdekeben\/#article","isPartOf":{"@id":"https:\/\/spitalmciuc.ro\/atszervezesek-a-betegek-megfelelo-ellatasa-erdekeben\/#webpage"},"author":{"@id":"https:\/\/spitalmciuc.ro\/#\/schema\/person\/20ea297ab07e8f4d1689dfe252e34174"},"headline":"\u00c1tszervez\u00e9sek a betegek megfelel\u0151 ell\u00e1t\u00e1sa \u00e9rdek\u00e9ben","datePublished":"2021-09-30T10:22:12+00:00","dateModified":"2022-03-02T07:26:02+00:00","mainEntityOfPage":{"@id":"https:\/\/spitalmciuc.ro\/atszervezesek-a-betegek-megfelelo-ellatasa-erdekeben\/#webpage"},"wordCount":688,"publisher":{"@id":"https:\/\/spitalmciuc.ro\/#organization"},"inLanguage":"hu"},{"@type":"Person","@id":"https:\/\/spitalmciuc.ro\/#\/schema\/person\/20ea297ab07e8f4d1689dfe252e34174","name":"Milik Szil\u00e1rd","url":"https:\/\/spitalmciuc.ro\/hu\/author\/szilard\/"}]}},"_links":{"self":[{"href":"https:\/\/spitalmciuc.ro\/hu\/wp-json\/wp\/v2\/posts\/6048"}],"collection":[{"href":"https:\/\/spitalmciuc.ro\/hu\/wp-json\/wp\/v2\/posts"}],"about":[{"href":"https:\/\/spitalmciuc.ro\/hu\/wp-json\/wp\/v2\/types\/post"}],"author":[{"embeddable":true,"href":"https:\/\/spitalmciuc.ro\/hu\/wp-json\/wp\/v2\/users\/11"}],"replies":[{"embeddable":true,"href":"https:\/\/spitalmciuc.ro\/hu\/wp-json\/wp\/v2\/comments?post=6048"}],"version-history":[{"count":1,"href":"https:\/\/spitalmciuc.ro\/hu\/wp-json\/wp\/v2\/posts\/6048\/revisions"}],"predecessor-version":[{"id":6318,"href":"https:\/\/spitalmciuc.ro\/hu\/wp-json\/wp\/v2\/posts\/6048\/revisions\/6318"}],"wp:attachment":[{"href":"https:\/\/spitalmciuc.ro\/hu\/wp-json\/wp\/v2\/media?parent=6048"}],"wp:term":[{"taxonomy":"category","embeddable":true,"href":"https:\/\/spitalmciuc.ro\/hu\/wp-json\/wp\/v2\/categories?post=6048"},{"taxonomy":"post_tag","embeddable":true,"href":"https:\/\/spitalmciuc.ro\/hu\/wp-json\/wp\/v2\/tags?post=6048"}],"curies":[{"name":"wp","href":"https:\/\/api.w.org\/{rel}","templated":true}]}}