{"id":6044,"date":"2021-09-22T12:11:33","date_gmt":"2021-09-22T12:11:33","guid":{"rendered":"https:\/\/spital.creative-solutions.ro\/index.php\/megnyilt-a-szenologiai-koezpont-minden-nonek-reszt-kell-vennie-mellrakszuresen\/"},"modified":"2022-03-02T07:26:02","modified_gmt":"2022-03-02T07:26:02","slug":"megnyilt-a-szenologiai-koezpont-minden-nonek-reszt-kell-vennie-mellrakszuresen","status":"publish","type":"post","link":"https:\/\/spitalmciuc.ro\/hu\/megnyilt-a-szenologiai-koezpont-minden-nonek-reszt-kell-vennie-mellrakszuresen\/","title":{"rendered":"Megny\u00edlt a szenol\u00f3giai k\u00f6zpont: minden n\u0151nek r\u00e9szt kell vennie mellr\u00e1ksz\u0171r\u00e9sen"},"content":{"rendered":"<p>&nbsp;<\/p>\n<p style=\"text-align: justify;\"><strong>Megny\u00edlt a Cs\u00edkszeredai Megyei S\u00fcrg\u0151ss\u00e9gi K\u00f3rh\u00e1zban l\u00e9trehozott szenol\u00f3giai k\u00f6zpont. Ez a poliklinika els\u0151 emelet\u00e9n m\u0171k\u00f6dik \u00e9s a mell elv\u00e1ltoz\u00e1sainak teljesk\u00f6r\u0171 vizsg\u00e1lat\u00e1ra szolg\u00e1l. <\/strong><\/p>\n<p style=\"text-align: justify;\">\u201eAz a c\u00e9lunk, hogy min\u00e9l sz\u00e9lesebb k\u00f6r\u0171 \u00e9s min\u00e9l magasabb min\u0151s\u00e9g\u0171 szolg\u00e1ltat\u00e1sokat biztos\u00edtsunk a t\u00e9rs\u00e9g lakoss\u00e1ga sz\u00e1m\u00e1ra. A szenol\u00f3giai k\u00f6zpont egy ilyen \u00fajabb lehet\u0151s\u00e9g erre: hi\u00e1nyp\u00f3tl\u00f3, magas szint\u0171 \u00e9s a k\u00f6z\u00f6ss\u00e9g\u00fcnket szolg\u00e1l\u00f3\u201d- mondta dr. Konr\u00e1d Judit, a k\u00f3rh\u00e1z menedzsere.<\/p>\n<p><img decoding=\"async\" loading=\"lazy\" class=\" size-full wp-image-3210\" src=\"https:\/\/spitalmciuc.ro\/wp-content\/uploads\/2021\/09\/szeno1.jpeg\" alt=\"szeno1\" width=\"800\" height=\"600\" srcset=\"https:\/\/spitalmciuc.ro\/wp-content\/uploads\/2021\/09\/szeno1.jpeg 1600w, https:\/\/spitalmciuc.ro\/wp-content\/uploads\/2021\/09\/szeno1-300x225.jpeg 300w, https:\/\/spitalmciuc.ro\/wp-content\/uploads\/2021\/09\/szeno1-1024x768.jpeg 1024w, https:\/\/spitalmciuc.ro\/wp-content\/uploads\/2021\/09\/szeno1-768x576.jpeg 768w, https:\/\/spitalmciuc.ro\/wp-content\/uploads\/2021\/09\/szeno1-1536x1152.jpeg 1536w\" sizes=\"(max-width: 800px) 100vw, 800px\" \/><\/p>\n<p style=\"text-align: justify;\">\u201eA napos beutal\u00e1si rendszerben v\u00e9gzett mammogr\u00e1fiai vizsg\u00e1latok ki\u00e9rt\u00e9kel\u00e9s\u00e9t k\u00e9t elismert marosv\u00e1s\u00e1rhelyi szakember, dr. Bar\u00f3ti Be\u00e1ta \u00e9s dr. Pap Zsuzsanna fogja v\u00e9gezni. A k\u00e9t radiol\u00f3gus f\u0151orvos, egyetemi tan\u00e1r munk\u00e1ja garancia arra, hogy itt min\u0151s\u00e9gi munka fog zajlani. A szenol\u00f3giai k\u00f6zpont egyed\u00fcl\u00e1ll\u00f3 a t\u00e9rs\u00e9gben, de Sz\u00e9kelyf\u00f6ld\u00f6n is: siker\u00fclt a legmodernebb felszerel\u00e9st, helyi \u00e9s marosv\u00e1s\u00e1rhelyi szakembereket \u00e1ll\u00edtani a n\u0151k eg\u00e9szs\u00e9g\u00e9nek \u00e9s gy\u00f3gyul\u00e1s\u00e1nak szolg\u00e1lat\u00e1ba\u201d \u2013 \u00f6sszegezte a menedzser.<\/p>\n<p style=\"text-align: justify;\">Borboly Csaba, Hargita Megye Tan\u00e1cs\u00e1nak eln\u00f6ke r\u00e1mutatott, minden csal\u00e1dban, kis k\u00f6z\u00f6ss\u00e9gben az egyik legnagyobb f\u00e9lelem, ha egy csal\u00e1dtagnak, ismer\u0151snek daganatos betegs\u00e9ge lesz. \u201eNagyon fontosak a sz\u0171r\u0151vizsg\u00e1latok \u00e9s, hogy a kezel\u00e9s is rendelkez\u00e9sre \u00e1lljon. Fiatal szakemberek \u00e1llnak ma itt, akikre r\u00e1b\u00edzhatjuk magunkat\u201d \u2013 mondta Borboly Csaba, aki m\u00e9ltatta a k\u00f3rh\u00e1z \u00e9s vezet\u0151s\u00e9g\u00e9nek munk\u00e1j\u00e1t azon c\u00e9l megval\u00f3sul\u00e1sa \u00e9rdek\u00e9ben, hogy a megy\u00e9b\u0151l ne kelljen eg\u00e9szs\u00e9g\u00fcgyi szolg\u00e1ltat\u00e1s\u00e9rt m\u00e1shov\u00e1 menni.<\/p>\n<p style=\"text-align: justify;\">Hajdu G\u00e1bor k\u00e9pvisel\u0151 \u00fagy \u00e9rt\u00e9kelte, nagyon komoly megval\u00f3s\u00edt\u00e1sr\u00f3l van sz\u00f3 \u00e9s ahhoz, hogy ez l\u00e9trej\u00f6hessen, j\u00f3l kellett egy\u00fctt dolgoznia a k\u00f3rh\u00e1znak, a megyei tan\u00e1csnak \u00e9s RMDSZ parlamenti k\u00e9pviselet\u00e9nek. \u201eJ\u00f3 ir\u00e1nyba halad a k\u00f3rh\u00e1z\u201d \u2013 jelentette ki a k\u00e9pvisel\u0151, aki felid\u00e9zte, volt id\u0151szak, amikor a betegek m\u00e1s v\u00e1rosokba v\u00e1ndoroltak egyes szolg\u00e1ltat\u00e1sok\u00e9rt.<\/p>\n<p style=\"text-align: justify;\">Dr. Bursz\u00e1n-Barab\u00e1s Andrei, a radiol\u00f3giai oszt\u00e1ly f\u0151orvosa ismertette a sajt\u00f3 sz\u00e1m\u00e1ra a perform\u00e1ns mammogr\u00e1fi\u00e1s k\u00e9sz\u00fcl\u00e9ket. Kifejtette, a mell r\u00f6ntgenfelv\u00e9tel\u00e9nek elk\u00e9sz\u00edt\u00e9se mellett ez a k\u00e9sz\u00fcl\u00e9k tomoszint\u00e9zist is k\u00e9sz\u00edt, a mell l\u00e9zi\u00f3j\u00e1nak h\u00e1romdimenzi\u00f3s megjelen\u00edt\u00e9s\u00e9re is k\u00e9pes. Elmondta, a k\u00e9sz\u00fcl\u00e9k seg\u00edts\u00e9g\u00e9vel k\u00f6vetkez\u0151 l\u00e9p\u00e9sk\u00e9nt a t\u0171biopszi\u00e1s elj\u00e1r\u00e1sok bevezet\u00e9se is lehet\u0151v\u00e9 v\u00e1lik, ezen minim\u00e1lisan invaz\u00edv beavatkoz\u00e1s nagyon nagy el\u0151rel\u00e9p\u00e9s lesz a mell elv\u00e1ltoz\u00e1sainak kezel\u00e9s\u00e9ben. Hogy mennyire nagy l\u00e9p\u00e9s, azt j\u00f3l jelzi, hogy az orsz\u00e1gban jelenleg csak k\u00e9t helyen v\u00e9gzik ezeket a beavatkoz\u00e1sokat.&nbsp;&nbsp;&nbsp;<\/p>\n<p><img decoding=\"async\" loading=\"lazy\" class=\" size-full wp-image-3213\" src=\"https:\/\/spitalmciuc.ro\/wp-content\/uploads\/2021\/09\/szeno2.jpeg\" alt=\"szeno2\" width=\"800\" height=\"589\" srcset=\"https:\/\/spitalmciuc.ro\/wp-content\/uploads\/2021\/09\/szeno2.jpeg 1442w, https:\/\/spitalmciuc.ro\/wp-content\/uploads\/2021\/09\/szeno2-300x221.jpeg 300w, https:\/\/spitalmciuc.ro\/wp-content\/uploads\/2021\/09\/szeno2-1024x754.jpeg 1024w, https:\/\/spitalmciuc.ro\/wp-content\/uploads\/2021\/09\/szeno2-768x566.jpeg 768w\" sizes=\"(max-width: 800px) 100vw, 800px\" \/><\/p>\n<p style=\"text-align: justify;\">Dr. Hompoth Gy\u00f6rgy, a sz\u00fcl\u00e9szeti-n\u0151gy\u00f3gy\u00e1szati oszt\u00e1ly vezet\u0151je r\u00e1mutatott, Rom\u00e1ni\u00e1ban \u00e9vente mintegy kilencezer n\u0151 szembes\u00fcl a mellr\u00e1k diagn\u00f3zis\u00e1val \u00e9s nem cs\u00f6kken a betegs\u00e9g el\u0151fordul\u00e1sa. \u201eNem mindegy, hogy mikor vessz\u00fck \u00e9szre a daganatot, nagyobb az es\u00e9ly a t\u00fal\u00e9l\u00e9sre akkor, ha kor\u00e1n kider\u00fcl az elv\u00e1ltoz\u00e1s. \u00d6tven \u00e9ves kor felett hetven\u00f6t \u00e9ves korig k\u00e9t\u00e9vente minden n\u0151nek r\u00e9szt kell vennie sz\u0171r\u0151vizsg\u00e1laton. Azok, akik csal\u00e1dj\u00e1ban m\u00e1r el\u0151fordult a mellr\u00e1k, kor\u00e1bban, negyven \u00e9v felett el kell kezdj\u00e9k a vizsg\u00e1latokat\u201d \u2013 sz\u00f6gezte le a f\u0151orvos.<\/p>\n<p style=\"text-align: justify;\">Dr. Csat\u00f3 Szil\u00e1rd onkol\u00f3gus szakorvos kiemelte, a n\u0151kn\u00e9l el\u0151fordul\u00e1suk \u00e9s az elhal\u00e1loz\u00e1s szempontj\u00e1b\u00f3l is els\u0151 helyen \u00e1llnak a melldaganatok. Az elhal\u00e1loz\u00e1si ar\u00e1ny pedig az\u00e9rt ennyire magas, mert k\u00e9s\u0151re der\u00fcl f\u00e9ny az eml\u0151daganatok t\u00f6bbs\u00e9g\u00e9re. \u201eRohamosan n\u0151 a melldaganatok el\u0151fordul\u00e1sa, Cs\u00edkszered\u00e1ban is kezel\u00fcnk m\u00e1r huszon\u00e9ves betegeket is. \u00c9vente 100-150 \u00faj mellr\u00e1kos eset\u00fcnk van a megy\u00e9b\u0151l. Nagyon fontos elj\u00f6nni \u00e9s id\u0151ben r\u00e9szt venni vizsg\u00e1laton \u201d \u2013 emelte ki az onkol\u00f3gus.&nbsp;<\/p>\n<p style=\"text-align: justify;\">A diagn\u00f3zis fel\u00e1ll\u00edt\u00e1sa ut\u00e1n a Cs\u00edkszeredai Megyei S\u00fcrg\u0151ss\u00e9gi K\u00f3rh\u00e1zban nemcsak az onkol\u00f3giai kezel\u00e9s, hanem a mellr\u00e1kos esetek seb\u00e9szeti kezel\u00e9s\u00e9nek lehet\u0151s\u00e9ge is adott. A seb\u00e9szeti oszt\u00e1lyon hetente v\u00e9geznek ilyen m\u0171t\u00e9teket. A k\u00f3rh\u00e1zban ugyanakkor plasztikai seb\u00e9sz is tev\u00e9kenykedik, aki erre a szakter\u00fcletre vonatkoz\u00f3 tov\u00e1bbk\u00e9pz\u00e9s is folytat.<\/p>\n<p><img decoding=\"async\" loading=\"lazy\" class=\" size-full wp-image-3216\" src=\"https:\/\/spitalmciuc.ro\/wp-content\/uploads\/2021\/09\/szeno3.jpeg\" alt=\"szeno3\" width=\"800\" height=\"600\" srcset=\"https:\/\/spitalmciuc.ro\/wp-content\/uploads\/2021\/09\/szeno3.jpeg 1600w, https:\/\/spitalmciuc.ro\/wp-content\/uploads\/2021\/09\/szeno3-300x225.jpeg 300w, https:\/\/spitalmciuc.ro\/wp-content\/uploads\/2021\/09\/szeno3-1024x768.jpeg 1024w, https:\/\/spitalmciuc.ro\/wp-content\/uploads\/2021\/09\/szeno3-768x576.jpeg 768w, https:\/\/spitalmciuc.ro\/wp-content\/uploads\/2021\/09\/szeno3-1536x1152.jpeg 1536w\" sizes=\"(max-width: 800px) 100vw, 800px\" \/><\/p>\n<p style=\"text-align: justify;\">A mellvizsg\u00e1latokat eg\u00e9szs\u00e9gbiztos\u00edt\u00e1ssal rendelkez\u0151k sz\u00e1m\u00e1ra j\u00e1r\u00f3betegrendel\u00e9sben \u00e9s napi bennfekv\u00e9ses rendszerben beutal\u00f3 alapj\u00e1n ingyenesen v\u00e9gzik a k\u00f3rh\u00e1zban, ugyanakkor lehet\u0151s\u00e9g van t\u00e9r\u00edt\u00e9ses rendszerben is a sz\u0171r\u00e9sre. A mammogr\u00e1fiai vizsg\u00e1latok csal\u00e1dorvosi vagy szakorvosi (n\u0151gy\u00f3gy\u00e1sz vagy seb\u00e9sz \u00e1ltal ki\u00e1ll\u00edtott) beutal\u00f3val vehet\u0151k ig\u00e9nybe. Aki a t\u00e9r\u00edt\u00e9ses rendszerben szeretne sz\u0171r\u00e9sen r\u00e9szt venni, az csal\u00e1dorvosi vagy szakorvosi orvosi lev\u00e9l alapj\u00e1n teheti meg ezt. A mammogr\u00e1fia \u00e1ra 60-120 lej, a tomoszint\u00e9zis 70 \u2013 280 lej k\u00f6z\u00f6tti \u00f6sszegbe ker\u00fcl, a mell ultrahangvizsg\u00e1lat \u00e1ra pedig 200 lej.<\/p>\n<p style=\"text-align: justify;\">A szenol\u00f3giai k\u00f6zpont a poliklinika els\u0151 emelet\u00e9n m\u0171k\u00f6dik, naponta 8 \u00e9s 14 \u00f3ra k\u00f6z\u00f6tt. El\u0151jegyz\u00e9st ig\u00e9nyelni naponta 8-14 \u00f3ra k\u00f6z\u00f6tt lehet a 0732 500772-es telefonsz\u00e1mon.<\/p>\n<p style=\"text-align: justify;\">Videoanyag a k\u00f6vetkez\u0151 linken:<\/p>\n<p style=\"text-align: justify;\"><a href=\"https:\/\/www.facebook.com\/100406921750686\/posts\/375195154271860\/\"><\/a><a href=\"https:\/\/www.facebook.com\/100406921750686\/posts\/375195154271860\/\">https:\/\/www.facebook.com\/100406921750686\/posts\/375195154271860\/<\/a><\/p>\n<p style=\"text-align: justify;\">Cs\u00edkszereda, 2021.09.22<\/p>\n","protected":false},"excerpt":{"rendered":"<p>&nbsp; Megny\u00edlt a Cs\u00edkszeredai Megyei S\u00fcrg\u0151ss\u00e9gi K\u00f3rh\u00e1zban l\u00e9trehozott szenol\u00f3giai k\u00f6zpont. Ez a poliklinika els\u0151 emelet\u00e9n m\u0171k\u00f6dik \u00e9s a mell elv\u00e1ltoz\u00e1sainak teljesk\u00f6r\u0171 vizsg\u00e1lat\u00e1ra szolg\u00e1l. \u201eAz a c\u00e9lunk, hogy min\u00e9l sz\u00e9lesebb k\u00f6r\u0171 \u00e9s min\u00e9l magasabb min\u0151s\u00e9g\u0171 szolg\u00e1ltat\u00e1sokat biztos\u00edtsunk a t\u00e9rs\u00e9g lakoss\u00e1ga sz\u00e1m\u00e1ra. A szenol\u00f3giai k\u00f6zpont egy ilyen \u00fajabb lehet\u0151s\u00e9g erre: hi\u00e1nyp\u00f3tl\u00f3, magas szint\u0171 \u00e9s a k\u00f6z\u00f6ss\u00e9g\u00fcnket szolg\u00e1l\u00f3\u201d-&hellip;<\/p>\n","protected":false},"author":11,"featured_media":3210,"comment_status":"closed","ping_status":"closed","sticky":false,"template":"","format":"standard","meta":[],"categories":[],"tags":[],"yoast_head":"<!-- This site is optimized with the Yoast SEO plugin v18.3 - https:\/\/yoast.com\/wordpress\/plugins\/seo\/ -->\n<title>Megny\u00edlt a szenol\u00f3giai k\u00f6zpont: minden n\u0151nek r\u00e9szt kell vennie mellr\u00e1ksz\u0171r\u00e9sen - Cs\u00edkszeredai Megyei S\u00fcrg\u0151ss\u00e9gi K\u00f3rh\u00e1z<\/title>\n<meta name=\"robots\" content=\"index, follow, max-snippet:-1, max-image-preview:large, max-video-preview:-1\" \/>\n<link rel=\"canonical\" href=\"https:\/\/spitalmciuc.ro\/megnyilt-a-szenologiai-koezpont-minden-nonek-reszt-kell-vennie-mellrakszuresen\/\" \/>\n<meta property=\"og:locale\" content=\"hu_HU\" \/>\n<meta property=\"og:type\" content=\"article\" \/>\n<meta property=\"og:title\" content=\"Megny\u00edlt a szenol\u00f3giai k\u00f6zpont: minden n\u0151nek r\u00e9szt kell vennie mellr\u00e1ksz\u0171r\u00e9sen - Cs\u00edkszeredai Megyei S\u00fcrg\u0151ss\u00e9gi K\u00f3rh\u00e1z\" \/>\n<meta property=\"og:description\" content=\"&nbsp; Megny\u00edlt a Cs\u00edkszeredai Megyei S\u00fcrg\u0151ss\u00e9gi K\u00f3rh\u00e1zban l\u00e9trehozott szenol\u00f3giai k\u00f6zpont. Ez a poliklinika els\u0151 emelet\u00e9n m\u0171k\u00f6dik \u00e9s a mell elv\u00e1ltoz\u00e1sainak teljesk\u00f6r\u0171 vizsg\u00e1lat\u00e1ra szolg\u00e1l. \u201eAz a c\u00e9lunk, hogy min\u00e9l sz\u00e9lesebb k\u00f6r\u0171 \u00e9s min\u00e9l magasabb min\u0151s\u00e9g\u0171 szolg\u00e1ltat\u00e1sokat biztos\u00edtsunk a t\u00e9rs\u00e9g lakoss\u00e1ga sz\u00e1m\u00e1ra. A szenol\u00f3giai k\u00f6zpont egy ilyen \u00fajabb lehet\u0151s\u00e9g erre: hi\u00e1nyp\u00f3tl\u00f3, magas szint\u0171 \u00e9s a k\u00f6z\u00f6ss\u00e9g\u00fcnket szolg\u00e1l\u00f3\u201d-&hellip;\" \/>\n<meta property=\"og:url\" content=\"https:\/\/spitalmciuc.ro\/megnyilt-a-szenologiai-koezpont-minden-nonek-reszt-kell-vennie-mellrakszuresen\/\" \/>\n<meta property=\"og:site_name\" content=\"Cs\u00edkszeredai Megyei S\u00fcrg\u0151ss\u00e9gi K\u00f3rh\u00e1z\" \/>\n<meta property=\"article:published_time\" content=\"2021-09-22T12:11:33+00:00\" \/>\n<meta property=\"article:modified_time\" content=\"2022-03-02T07:26:02+00:00\" \/>\n<meta property=\"og:image\" content=\"https:\/\/spitalmciuc.ro\/wp-content\/uploads\/2021\/09\/szeno1.jpeg\" \/>\n\t<meta property=\"og:image:width\" content=\"1600\" \/>\n\t<meta property=\"og:image:height\" content=\"1200\" \/>\n\t<meta property=\"og:image:type\" content=\"image\/jpeg\" \/>\n<meta name=\"twitter:card\" content=\"summary_large_image\" \/>\n<meta name=\"twitter:label1\" content=\"Szerz\u0151:\" \/>\n\t<meta name=\"twitter:data1\" content=\"Milik Szil\u00e1rd\" \/>\n\t<meta name=\"twitter:label2\" content=\"Becs\u00fclt olvas\u00e1si id\u0151\" \/>\n\t<meta name=\"twitter:data2\" content=\"5 perc\" \/>\n<script type=\"application\/ld+json\" class=\"yoast-schema-graph\">{\"@context\":\"https:\/\/schema.org\",\"@graph\":[{\"@type\":\"Organization\",\"@id\":\"https:\/\/spitalmciuc.ro\/#organization\",\"name\":\"Spitalul Jude\u0163ean de Urgen\u0163\u0103 Miercurea Ciuc\",\"url\":\"https:\/\/spitalmciuc.ro\/\",\"sameAs\":[],\"logo\":{\"@type\":\"ImageObject\",\"@id\":\"https:\/\/spitalmciuc.ro\/#logo\",\"inLanguage\":\"hu\",\"url\":\"https:\/\/spitalmciuc.ro\/wp-content\/uploads\/2022\/02\/logo-spital-ro-60.jpg\",\"contentUrl\":\"https:\/\/spitalmciuc.ro\/wp-content\/uploads\/2022\/02\/logo-spital-ro-60.jpg\",\"width\":198,\"height\":60,\"caption\":\"Spitalul Jude\u0163ean de Urgen\u0163\u0103 Miercurea Ciuc\"},\"image\":{\"@id\":\"https:\/\/spitalmciuc.ro\/#logo\"}},{\"@type\":\"WebSite\",\"@id\":\"https:\/\/spitalmciuc.ro\/#website\",\"url\":\"https:\/\/spitalmciuc.ro\/\",\"name\":\"Cs\u00edkszeredai Megyei S\u00fcrg\u0151ss\u00e9gi K\u00f3rh\u00e1z\",\"description\":\"\",\"publisher\":{\"@id\":\"https:\/\/spitalmciuc.ro\/#organization\"},\"potentialAction\":[{\"@type\":\"SearchAction\",\"target\":{\"@type\":\"EntryPoint\",\"urlTemplate\":\"https:\/\/spitalmciuc.ro\/?s={search_term_string}\"},\"query-input\":\"required name=search_term_string\"}],\"inLanguage\":\"hu\"},{\"@type\":\"ImageObject\",\"@id\":\"https:\/\/spitalmciuc.ro\/megnyilt-a-szenologiai-koezpont-minden-nonek-reszt-kell-vennie-mellrakszuresen\/#primaryimage\",\"inLanguage\":\"hu\",\"url\":\"https:\/\/spitalmciuc.ro\/wp-content\/uploads\/2021\/09\/szeno1.jpeg\",\"contentUrl\":\"https:\/\/spitalmciuc.ro\/wp-content\/uploads\/2021\/09\/szeno1.jpeg\",\"width\":1600,\"height\":1200},{\"@type\":\"WebPage\",\"@id\":\"https:\/\/spitalmciuc.ro\/megnyilt-a-szenologiai-koezpont-minden-nonek-reszt-kell-vennie-mellrakszuresen\/#webpage\",\"url\":\"https:\/\/spitalmciuc.ro\/megnyilt-a-szenologiai-koezpont-minden-nonek-reszt-kell-vennie-mellrakszuresen\/\",\"name\":\"Megny\u00edlt a szenol\u00f3giai k\u00f6zpont: minden n\u0151nek r\u00e9szt kell vennie mellr\u00e1ksz\u0171r\u00e9sen - Cs\u00edkszeredai Megyei S\u00fcrg\u0151ss\u00e9gi K\u00f3rh\u00e1z\",\"isPartOf\":{\"@id\":\"https:\/\/spitalmciuc.ro\/#website\"},\"primaryImageOfPage\":{\"@id\":\"https:\/\/spitalmciuc.ro\/megnyilt-a-szenologiai-koezpont-minden-nonek-reszt-kell-vennie-mellrakszuresen\/#primaryimage\"},\"datePublished\":\"2021-09-22T12:11:33+00:00\",\"dateModified\":\"2022-03-02T07:26:02+00:00\",\"breadcrumb\":{\"@id\":\"https:\/\/spitalmciuc.ro\/megnyilt-a-szenologiai-koezpont-minden-nonek-reszt-kell-vennie-mellrakszuresen\/#breadcrumb\"},\"inLanguage\":\"hu\",\"potentialAction\":[{\"@type\":\"ReadAction\",\"target\":[\"https:\/\/spitalmciuc.ro\/megnyilt-a-szenologiai-koezpont-minden-nonek-reszt-kell-vennie-mellrakszuresen\/\"]}]},{\"@type\":\"BreadcrumbList\",\"@id\":\"https:\/\/spitalmciuc.ro\/megnyilt-a-szenologiai-koezpont-minden-nonek-reszt-kell-vennie-mellrakszuresen\/#breadcrumb\",\"itemListElement\":[{\"@type\":\"ListItem\",\"position\":1,\"name\":\"Kezd\u0151lap\",\"item\":\"https:\/\/spitalmciuc.ro\/hu\/\"},{\"@type\":\"ListItem\",\"position\":2,\"name\":\"Megny\u00edlt a szenol\u00f3giai k\u00f6zpont: minden n\u0151nek r\u00e9szt kell vennie mellr\u00e1ksz\u0171r\u00e9sen\"}]},{\"@type\":\"Article\",\"@id\":\"https:\/\/spitalmciuc.ro\/megnyilt-a-szenologiai-koezpont-minden-nonek-reszt-kell-vennie-mellrakszuresen\/#article\",\"isPartOf\":{\"@id\":\"https:\/\/spitalmciuc.ro\/megnyilt-a-szenologiai-koezpont-minden-nonek-reszt-kell-vennie-mellrakszuresen\/#webpage\"},\"author\":{\"@id\":\"https:\/\/spitalmciuc.ro\/#\/schema\/person\/20ea297ab07e8f4d1689dfe252e34174\"},\"headline\":\"Megny\u00edlt a szenol\u00f3giai k\u00f6zpont: minden n\u0151nek r\u00e9szt kell vennie mellr\u00e1ksz\u0171r\u00e9sen\",\"datePublished\":\"2021-09-22T12:11:33+00:00\",\"dateModified\":\"2022-03-02T07:26:02+00:00\",\"mainEntityOfPage\":{\"@id\":\"https:\/\/spitalmciuc.ro\/megnyilt-a-szenologiai-koezpont-minden-nonek-reszt-kell-vennie-mellrakszuresen\/#webpage\"},\"wordCount\":1037,\"publisher\":{\"@id\":\"https:\/\/spitalmciuc.ro\/#organization\"},\"image\":{\"@id\":\"https:\/\/spitalmciuc.ro\/megnyilt-a-szenologiai-koezpont-minden-nonek-reszt-kell-vennie-mellrakszuresen\/#primaryimage\"},\"thumbnailUrl\":\"https:\/\/spitalmciuc.ro\/wp-content\/uploads\/2021\/09\/szeno1.jpeg\",\"inLanguage\":\"hu\"},{\"@type\":\"Person\",\"@id\":\"https:\/\/spitalmciuc.ro\/#\/schema\/person\/20ea297ab07e8f4d1689dfe252e34174\",\"name\":\"Milik Szil\u00e1rd\",\"url\":\"https:\/\/spitalmciuc.ro\/hu\/author\/szilard\/\"}]}<\/script>\n<!-- \/ Yoast SEO plugin. -->","yoast_head_json":{"title":"Megny\u00edlt a szenol\u00f3giai k\u00f6zpont: minden n\u0151nek r\u00e9szt kell vennie mellr\u00e1ksz\u0171r\u00e9sen - Cs\u00edkszeredai Megyei S\u00fcrg\u0151ss\u00e9gi K\u00f3rh\u00e1z","robots":{"index":"index","follow":"follow","max-snippet":"max-snippet:-1","max-image-preview":"max-image-preview:large","max-video-preview":"max-video-preview:-1"},"canonical":"https:\/\/spitalmciuc.ro\/megnyilt-a-szenologiai-koezpont-minden-nonek-reszt-kell-vennie-mellrakszuresen\/","og_locale":"hu_HU","og_type":"article","og_title":"Megny\u00edlt a szenol\u00f3giai k\u00f6zpont: minden n\u0151nek r\u00e9szt kell vennie mellr\u00e1ksz\u0171r\u00e9sen - Cs\u00edkszeredai Megyei S\u00fcrg\u0151ss\u00e9gi K\u00f3rh\u00e1z","og_description":"&nbsp; Megny\u00edlt a Cs\u00edkszeredai Megyei S\u00fcrg\u0151ss\u00e9gi K\u00f3rh\u00e1zban l\u00e9trehozott szenol\u00f3giai k\u00f6zpont. Ez a poliklinika els\u0151 emelet\u00e9n m\u0171k\u00f6dik \u00e9s a mell elv\u00e1ltoz\u00e1sainak teljesk\u00f6r\u0171 vizsg\u00e1lat\u00e1ra szolg\u00e1l. \u201eAz a c\u00e9lunk, hogy min\u00e9l sz\u00e9lesebb k\u00f6r\u0171 \u00e9s min\u00e9l magasabb min\u0151s\u00e9g\u0171 szolg\u00e1ltat\u00e1sokat biztos\u00edtsunk a t\u00e9rs\u00e9g lakoss\u00e1ga sz\u00e1m\u00e1ra. A szenol\u00f3giai k\u00f6zpont egy ilyen \u00fajabb lehet\u0151s\u00e9g erre: hi\u00e1nyp\u00f3tl\u00f3, magas szint\u0171 \u00e9s a k\u00f6z\u00f6ss\u00e9g\u00fcnket szolg\u00e1l\u00f3\u201d-&hellip;","og_url":"https:\/\/spitalmciuc.ro\/megnyilt-a-szenologiai-koezpont-minden-nonek-reszt-kell-vennie-mellrakszuresen\/","og_site_name":"Cs\u00edkszeredai Megyei S\u00fcrg\u0151ss\u00e9gi K\u00f3rh\u00e1z","article_published_time":"2021-09-22T12:11:33+00:00","article_modified_time":"2022-03-02T07:26:02+00:00","og_image":[{"width":1600,"height":1200,"url":"https:\/\/spitalmciuc.ro\/wp-content\/uploads\/2021\/09\/szeno1.jpeg","type":"image\/jpeg"}],"twitter_card":"summary_large_image","twitter_misc":{"Szerz\u0151:":"Milik Szil\u00e1rd","Becs\u00fclt olvas\u00e1si id\u0151":"5 perc"},"schema":{"@context":"https:\/\/schema.org","@graph":[{"@type":"Organization","@id":"https:\/\/spitalmciuc.ro\/#organization","name":"Spitalul Jude\u0163ean de Urgen\u0163\u0103 Miercurea Ciuc","url":"https:\/\/spitalmciuc.ro\/","sameAs":[],"logo":{"@type":"ImageObject","@id":"https:\/\/spitalmciuc.ro\/#logo","inLanguage":"hu","url":"https:\/\/spitalmciuc.ro\/wp-content\/uploads\/2022\/02\/logo-spital-ro-60.jpg","contentUrl":"https:\/\/spitalmciuc.ro\/wp-content\/uploads\/2022\/02\/logo-spital-ro-60.jpg","width":198,"height":60,"caption":"Spitalul Jude\u0163ean de Urgen\u0163\u0103 Miercurea Ciuc"},"image":{"@id":"https:\/\/spitalmciuc.ro\/#logo"}},{"@type":"WebSite","@id":"https:\/\/spitalmciuc.ro\/#website","url":"https:\/\/spitalmciuc.ro\/","name":"Cs\u00edkszeredai Megyei S\u00fcrg\u0151ss\u00e9gi K\u00f3rh\u00e1z","description":"","publisher":{"@id":"https:\/\/spitalmciuc.ro\/#organization"},"potentialAction":[{"@type":"SearchAction","target":{"@type":"EntryPoint","urlTemplate":"https:\/\/spitalmciuc.ro\/?s={search_term_string}"},"query-input":"required name=search_term_string"}],"inLanguage":"hu"},{"@type":"ImageObject","@id":"https:\/\/spitalmciuc.ro\/megnyilt-a-szenologiai-koezpont-minden-nonek-reszt-kell-vennie-mellrakszuresen\/#primaryimage","inLanguage":"hu","url":"https:\/\/spitalmciuc.ro\/wp-content\/uploads\/2021\/09\/szeno1.jpeg","contentUrl":"https:\/\/spitalmciuc.ro\/wp-content\/uploads\/2021\/09\/szeno1.jpeg","width":1600,"height":1200},{"@type":"WebPage","@id":"https:\/\/spitalmciuc.ro\/megnyilt-a-szenologiai-koezpont-minden-nonek-reszt-kell-vennie-mellrakszuresen\/#webpage","url":"https:\/\/spitalmciuc.ro\/megnyilt-a-szenologiai-koezpont-minden-nonek-reszt-kell-vennie-mellrakszuresen\/","name":"Megny\u00edlt a szenol\u00f3giai k\u00f6zpont: minden n\u0151nek r\u00e9szt kell vennie mellr\u00e1ksz\u0171r\u00e9sen - Cs\u00edkszeredai Megyei S\u00fcrg\u0151ss\u00e9gi K\u00f3rh\u00e1z","isPartOf":{"@id":"https:\/\/spitalmciuc.ro\/#website"},"primaryImageOfPage":{"@id":"https:\/\/spitalmciuc.ro\/megnyilt-a-szenologiai-koezpont-minden-nonek-reszt-kell-vennie-mellrakszuresen\/#primaryimage"},"datePublished":"2021-09-22T12:11:33+00:00","dateModified":"2022-03-02T07:26:02+00:00","breadcrumb":{"@id":"https:\/\/spitalmciuc.ro\/megnyilt-a-szenologiai-koezpont-minden-nonek-reszt-kell-vennie-mellrakszuresen\/#breadcrumb"},"inLanguage":"hu","potentialAction":[{"@type":"ReadAction","target":["https:\/\/spitalmciuc.ro\/megnyilt-a-szenologiai-koezpont-minden-nonek-reszt-kell-vennie-mellrakszuresen\/"]}]},{"@type":"BreadcrumbList","@id":"https:\/\/spitalmciuc.ro\/megnyilt-a-szenologiai-koezpont-minden-nonek-reszt-kell-vennie-mellrakszuresen\/#breadcrumb","itemListElement":[{"@type":"ListItem","position":1,"name":"Kezd\u0151lap","item":"https:\/\/spitalmciuc.ro\/hu\/"},{"@type":"ListItem","position":2,"name":"Megny\u00edlt a szenol\u00f3giai k\u00f6zpont: minden n\u0151nek r\u00e9szt kell vennie mellr\u00e1ksz\u0171r\u00e9sen"}]},{"@type":"Article","@id":"https:\/\/spitalmciuc.ro\/megnyilt-a-szenologiai-koezpont-minden-nonek-reszt-kell-vennie-mellrakszuresen\/#article","isPartOf":{"@id":"https:\/\/spitalmciuc.ro\/megnyilt-a-szenologiai-koezpont-minden-nonek-reszt-kell-vennie-mellrakszuresen\/#webpage"},"author":{"@id":"https:\/\/spitalmciuc.ro\/#\/schema\/person\/20ea297ab07e8f4d1689dfe252e34174"},"headline":"Megny\u00edlt a szenol\u00f3giai k\u00f6zpont: minden n\u0151nek r\u00e9szt kell vennie mellr\u00e1ksz\u0171r\u00e9sen","datePublished":"2021-09-22T12:11:33+00:00","dateModified":"2022-03-02T07:26:02+00:00","mainEntityOfPage":{"@id":"https:\/\/spitalmciuc.ro\/megnyilt-a-szenologiai-koezpont-minden-nonek-reszt-kell-vennie-mellrakszuresen\/#webpage"},"wordCount":1037,"publisher":{"@id":"https:\/\/spitalmciuc.ro\/#organization"},"image":{"@id":"https:\/\/spitalmciuc.ro\/megnyilt-a-szenologiai-koezpont-minden-nonek-reszt-kell-vennie-mellrakszuresen\/#primaryimage"},"thumbnailUrl":"https:\/\/spitalmciuc.ro\/wp-content\/uploads\/2021\/09\/szeno1.jpeg","inLanguage":"hu"},{"@type":"Person","@id":"https:\/\/spitalmciuc.ro\/#\/schema\/person\/20ea297ab07e8f4d1689dfe252e34174","name":"Milik Szil\u00e1rd","url":"https:\/\/spitalmciuc.ro\/hu\/author\/szilard\/"}]}},"_links":{"self":[{"href":"https:\/\/spitalmciuc.ro\/hu\/wp-json\/wp\/v2\/posts\/6044"}],"collection":[{"href":"https:\/\/spitalmciuc.ro\/hu\/wp-json\/wp\/v2\/posts"}],"about":[{"href":"https:\/\/spitalmciuc.ro\/hu\/wp-json\/wp\/v2\/types\/post"}],"author":[{"embeddable":true,"href":"https:\/\/spitalmciuc.ro\/hu\/wp-json\/wp\/v2\/users\/11"}],"replies":[{"embeddable":true,"href":"https:\/\/spitalmciuc.ro\/hu\/wp-json\/wp\/v2\/comments?post=6044"}],"version-history":[{"count":1,"href":"https:\/\/spitalmciuc.ro\/hu\/wp-json\/wp\/v2\/posts\/6044\/revisions"}],"predecessor-version":[{"id":6330,"href":"https:\/\/spitalmciuc.ro\/hu\/wp-json\/wp\/v2\/posts\/6044\/revisions\/6330"}],"wp:featuredmedia":[{"embeddable":true,"href":"https:\/\/spitalmciuc.ro\/hu\/wp-json\/wp\/v2\/media\/3210"}],"wp:attachment":[{"href":"https:\/\/spitalmciuc.ro\/hu\/wp-json\/wp\/v2\/media?parent=6044"}],"wp:term":[{"taxonomy":"category","embeddable":true,"href":"https:\/\/spitalmciuc.ro\/hu\/wp-json\/wp\/v2\/categories?post=6044"},{"taxonomy":"post_tag","embeddable":true,"href":"https:\/\/spitalmciuc.ro\/hu\/wp-json\/wp\/v2\/tags?post=6044"}],"curies":[{"name":"wp","href":"https:\/\/api.w.org\/{rel}","templated":true}]}}