{"id":6027,"date":"2021-08-20T06:51:20","date_gmt":"2021-08-20T06:51:20","guid":{"rendered":"https:\/\/spital.creative-solutions.ro\/index.php\/post-vacant-medic-specialist-confirmat-in-specialitatea-medicina-de-laborator\/"},"modified":"2022-03-02T07:26:01","modified_gmt":"2022-03-02T07:26:01","slug":"post-vacant-medic-specialist-confirmat-in-specialitatea-medicina-de-laborator","status":"publish","type":"post","link":"https:\/\/spitalmciuc.ro\/hu\/post-vacant-medic-specialist-confirmat-in-specialitatea-medicina-de-laborator\/","title":{"rendered":"\u00c1ll\u00e1sh\u00edrdet\u00e9s labororvos"},"content":{"rendered":"<p style=\"text-align: justify;\">Av\u00e2nd \u00een vedere prevederile din H.G. nr. 826 din 5 august 2021 privind prelungirea st\u0103rii de alert\u0103 pe teritoriul Rom\u00e2niei \u00eencep\u00e2nd cu data de 11 august 2021, precum \u015fi stabilirea m\u0103surilor care se aplic\u0103 pe durata acesteia pentru prevenirea \u015fi combaterea efectelor pandemiei de COVID-19 \u00cen conformitate cu prevederile art.21 din Legea 136\/2020 coroborat cu art.27 alin.(1) din Legea 55\/2020 cu modific\u0103rile \u0219i complet\u0103rile ulterioare, art. unic din Ordonanta de urgenta 179\/2020 privind instituirea unor m\u0103suri pentru asigurarea resurselor umane necesare institu\u0163iilor din cadrul sistemului na\u0163ional de ap\u0103rare, ordine public\u0103 \u015fi securitate na\u0163ional\u0103, Ministerului S\u0103n\u0103t\u0103\u0163ii \u015fi unit\u0103\u0163ilor subordonate, unit\u0103\u0163ilor sanitare \u015fi serviciilor de asisten\u0163\u0103 social\u0103 \u00een contextul situa\u0163iei epidemiologice determinate de r\u0103sp\u00e2ndirea coronavirusului SARS-CoV-2, cu modific\u0103rile \u015fi complet\u0103rile ulterioare, precum \u0219i Metodologiei privind ocuparea, f\u0103r\u0103 concurs, a posturilor vacante sau temporar vacante,Spitalul Jude\u0163ean de Urgen\u0163\u0103 Miercurea Ciuc cu sediul din municipiul Miercurea Ciuc, str. Dr.D\u00e9nes L\u00e1szl\u00f3 nr.2, jude\u0163ul Harghita, anun\u021b\u0103 angajarea f\u0103r\u0103 concurs pe durat\u0103 determinat\u0103 pe perioada st\u0103rii de alert\u0103,&nbsp; p\u00e2n\u0103 la maxim 30 de zile de la \u00eencetarea st\u0103rii de alert\u0103, a urm\u0103torului post vacant:<\/p>\n<p style=\"text-align: justify;\">-Un post de medic specialist confirmat \u00een specialitatea Medicin\u0103 de laborator la Laboratorul de analize medicale;<\/p>\n<p style=\"text-align: justify;\">Dosarul de angajare va cuprinde urm\u0103toarele acte:&nbsp; &nbsp; &nbsp;<\/p>\n<p style=\"text-align: justify;\">a) cererea \u00een care se men\u0163ioneaz\u0103 postul pentru care dore\u015fte s\u0103 concureze;&nbsp; &nbsp; &nbsp;<\/p>\n<p style=\"text-align: justify;\">b) copia de pe diploma de licen\u021b\u0103&nbsp; \u0219i certificatul de specialist sau primar pentru medici, respectiv adeverin\u021b\u0103 de confirmare \u00een gradul profesional pentru biologi, chimi\u0219ti;&nbsp; &nbsp; &nbsp;<\/p>\n<p style=\"text-align: justify;\">c)&nbsp; copie a certificatului de membru al organiza\u0163iei profesionale cu viza pe anul \u00een curs;&nbsp; &nbsp; &nbsp;<\/p>\n<p style=\"text-align: justify;\">d) dovada\/\u00eenscrisul din care s\u0103 rezulte c\u0103 nu i-a fost aplicat\u0103 una din sanc\u021biunile prev\u0103zute la art.455 alin(1) lit.e) sau f) , la art.541 alin.(1)&nbsp; lit.d)&nbsp; sau<\/p>\n<p style=\"text-align: justify;\">e), respectiv la art. 628 alin (1) lit.d) sau e) din Legea nr.95\/2006 privind reforma \u00een domeniul s\u0103n\u0103t\u0103\u021bii, republicat\u0103, cu modific\u0103rile \u0219i complet\u0103rile ulterioare;&nbsp;&nbsp;&nbsp; &nbsp; &nbsp; e)&nbsp; acte doveditoare pentru calcularea punctajului prev\u0103zut \u00een Anexa nr. 3 la O.M.S. 869\/2015;&nbsp; &nbsp; &nbsp;<\/p>\n<p style=\"text-align: justify;\">f)&nbsp; cazierul judiciar;&nbsp; &nbsp; &nbsp;<\/p>\n<p style=\"text-align: justify;\">g) certificat medical din care s\u0103 rezulte c\u0103 este apt din punct de vedere fizic \u015fi neuropsihic pentru exercitarea activit\u0103\u0163ii pentru postul pentru care candideaz\u0103;&nbsp; &nbsp; &nbsp;<\/p>\n<p style=\"text-align: justify;\">h) copia actului de identitate \u00een termen de valabilitate;&nbsp; &nbsp; &nbsp;<\/p>\n<p style=\"text-align: justify;\">i) certificat de na\u0219tere\/c\u0103s\u0103torie;&nbsp; &nbsp; &nbsp;<\/p>\n<p style=\"text-align: justify;\">j) carte de munc\u0103 \u015fi\/sau adeverin\u0163\u0103, extras REVISAL, care atest\u0103 vechimea \u00een munc\u0103, dup\u0103 caz;<br \/>Copiile documentelor vor fi \u00eenso\u021bite de original. Documentele prev\u0103zute la lit. d), f) \u015fi g) sunt valabile trei luni \u015fi se depun la dosar \u00een termen de valabilitate.<br \/>Documentele din dosarul de angajare se transmit \u00een format electronic, pe adresa <a href=\"mailto:runos@spitalmciuc.ro\">runos@spitalmciuc.ro<\/a> sau se depun la registratura Spitalului Jude\u0163ean de Urgen\u0163\u0103 Spitalului Jude\u0163ean de Urgen\u0163\u0103 Miercurea Ciuc, Str. Dr. D\u00e9nes L\u00e1szl\u00f3 nr. 2, jude\u0163ul Harghita, urm\u00e2nd ca cei selec\u0163iona\u0163i s\u0103 prezinte documentele \u00een original pentru conformitate la angajare.<\/p>\n<p>Depunerea dosarelor de angajare se va face p\u00e2n\u0103 la data de 30.08.2021, ora 16:00.<br \/>Rezultatul selec\u021biei dosarelor se va afi\u0219a la sediul spitalului, pe pagina de internet al spitalului \u0219i pe pagina de internet al Consiliului Jude\u0163ean Harghita.<br \/>Pentru detalii suplimentare v\u0103 pute\u0163i adresa la telefonul nr. 0266-324193,&nbsp; interior 109,&nbsp;<br \/>Manager,<\/p>\n<p style=\"text-align: justify;\">Dr.Konr\u00e1d Judith<\/p>\n<p>&nbsp;<\/p>\n<p><a href=\"https:\/\/spitalmciuc.ro\/doc\/allashirdetesek\/20210805\/\">Documentatie<\/a><\/p>\n","protected":false},"excerpt":{"rendered":"<p>Av\u00e2nd \u00een vedere prevederile din H.G. nr. 826 din 5 august 2021 privind prelungirea st\u0103rii de alert\u0103 pe teritoriul Rom\u00e2niei \u00eencep\u00e2nd cu data de 11 august 2021, precum \u015fi stabilirea m\u0103surilor care se aplic\u0103 pe durata acesteia pentru prevenirea \u015fi combaterea efectelor pandemiei de COVID-19 \u00cen conformitate cu prevederile art.21 din Legea 136\/2020 coroborat cu&hellip;<\/p>\n","protected":false},"author":11,"featured_media":0,"comment_status":"closed","ping_status":"closed","sticky":false,"template":"","format":"standard","meta":[],"categories":[30],"tags":[],"yoast_head":"<!-- This site is optimized with the Yoast SEO plugin v18.3 - https:\/\/yoast.com\/wordpress\/plugins\/seo\/ -->\n<title>\u00c1ll\u00e1sh\u00edrdet\u00e9s labororvos - Cs\u00edkszeredai Megyei S\u00fcrg\u0151ss\u00e9gi K\u00f3rh\u00e1z<\/title>\n<meta name=\"robots\" content=\"index, follow, max-snippet:-1, max-image-preview:large, max-video-preview:-1\" \/>\n<link rel=\"canonical\" href=\"https:\/\/spitalmciuc.ro\/post-vacant-medic-specialist-confirmat-in-specialitatea-medicina-de-laborator\/\" \/>\n<meta property=\"og:locale\" content=\"hu_HU\" \/>\n<meta property=\"og:type\" content=\"article\" \/>\n<meta property=\"og:title\" content=\"\u00c1ll\u00e1sh\u00edrdet\u00e9s labororvos - Cs\u00edkszeredai Megyei S\u00fcrg\u0151ss\u00e9gi K\u00f3rh\u00e1z\" \/>\n<meta property=\"og:description\" content=\"Av\u00e2nd \u00een vedere prevederile din H.G. nr. 826 din 5 august 2021 privind prelungirea st\u0103rii de alert\u0103 pe teritoriul Rom\u00e2niei \u00eencep\u00e2nd cu data de 11 august 2021, precum \u015fi stabilirea m\u0103surilor care se aplic\u0103 pe durata acesteia pentru prevenirea \u015fi combaterea efectelor pandemiei de COVID-19 \u00cen conformitate cu prevederile art.21 din Legea 136\/2020 coroborat cu&hellip;\" \/>\n<meta property=\"og:url\" content=\"https:\/\/spitalmciuc.ro\/post-vacant-medic-specialist-confirmat-in-specialitatea-medicina-de-laborator\/\" \/>\n<meta property=\"og:site_name\" content=\"Cs\u00edkszeredai Megyei S\u00fcrg\u0151ss\u00e9gi K\u00f3rh\u00e1z\" \/>\n<meta property=\"article:published_time\" content=\"2021-08-20T06:51:20+00:00\" \/>\n<meta property=\"article:modified_time\" content=\"2022-03-02T07:26:01+00:00\" \/>\n<meta name=\"twitter:card\" content=\"summary_large_image\" \/>\n<meta name=\"twitter:label1\" content=\"Szerz\u0151:\" \/>\n\t<meta name=\"twitter:data1\" content=\"Milik Szil\u00e1rd\" \/>\n\t<meta name=\"twitter:label2\" content=\"Becs\u00fclt olvas\u00e1si id\u0151\" \/>\n\t<meta name=\"twitter:data2\" content=\"3 perc\" \/>\n<script type=\"application\/ld+json\" class=\"yoast-schema-graph\">{\"@context\":\"https:\/\/schema.org\",\"@graph\":[{\"@type\":\"Organization\",\"@id\":\"https:\/\/spitalmciuc.ro\/#organization\",\"name\":\"Spitalul Jude\u0163ean de Urgen\u0163\u0103 Miercurea Ciuc\",\"url\":\"https:\/\/spitalmciuc.ro\/\",\"sameAs\":[],\"logo\":{\"@type\":\"ImageObject\",\"@id\":\"https:\/\/spitalmciuc.ro\/#logo\",\"inLanguage\":\"hu\",\"url\":\"https:\/\/spitalmciuc.ro\/wp-content\/uploads\/2022\/02\/logo-spital-ro-60.jpg\",\"contentUrl\":\"https:\/\/spitalmciuc.ro\/wp-content\/uploads\/2022\/02\/logo-spital-ro-60.jpg\",\"width\":198,\"height\":60,\"caption\":\"Spitalul Jude\u0163ean de Urgen\u0163\u0103 Miercurea Ciuc\"},\"image\":{\"@id\":\"https:\/\/spitalmciuc.ro\/#logo\"}},{\"@type\":\"WebSite\",\"@id\":\"https:\/\/spitalmciuc.ro\/#website\",\"url\":\"https:\/\/spitalmciuc.ro\/\",\"name\":\"Cs\u00edkszeredai Megyei S\u00fcrg\u0151ss\u00e9gi K\u00f3rh\u00e1z\",\"description\":\"\",\"publisher\":{\"@id\":\"https:\/\/spitalmciuc.ro\/#organization\"},\"potentialAction\":[{\"@type\":\"SearchAction\",\"target\":{\"@type\":\"EntryPoint\",\"urlTemplate\":\"https:\/\/spitalmciuc.ro\/?s={search_term_string}\"},\"query-input\":\"required name=search_term_string\"}],\"inLanguage\":\"hu\"},{\"@type\":\"WebPage\",\"@id\":\"https:\/\/spitalmciuc.ro\/post-vacant-medic-specialist-confirmat-in-specialitatea-medicina-de-laborator\/#webpage\",\"url\":\"https:\/\/spitalmciuc.ro\/post-vacant-medic-specialist-confirmat-in-specialitatea-medicina-de-laborator\/\",\"name\":\"\u00c1ll\u00e1sh\u00edrdet\u00e9s labororvos - Cs\u00edkszeredai Megyei S\u00fcrg\u0151ss\u00e9gi K\u00f3rh\u00e1z\",\"isPartOf\":{\"@id\":\"https:\/\/spitalmciuc.ro\/#website\"},\"datePublished\":\"2021-08-20T06:51:20+00:00\",\"dateModified\":\"2022-03-02T07:26:01+00:00\",\"breadcrumb\":{\"@id\":\"https:\/\/spitalmciuc.ro\/post-vacant-medic-specialist-confirmat-in-specialitatea-medicina-de-laborator\/#breadcrumb\"},\"inLanguage\":\"hu\",\"potentialAction\":[{\"@type\":\"ReadAction\",\"target\":[\"https:\/\/spitalmciuc.ro\/post-vacant-medic-specialist-confirmat-in-specialitatea-medicina-de-laborator\/\"]}]},{\"@type\":\"BreadcrumbList\",\"@id\":\"https:\/\/spitalmciuc.ro\/post-vacant-medic-specialist-confirmat-in-specialitatea-medicina-de-laborator\/#breadcrumb\",\"itemListElement\":[{\"@type\":\"ListItem\",\"position\":1,\"name\":\"Kezd\u0151lap\",\"item\":\"https:\/\/spitalmciuc.ro\/hu\/\"},{\"@type\":\"ListItem\",\"position\":2,\"name\":\"\u00c1ll\u00e1sh\u00edrdet\u00e9s labororvos\"}]},{\"@type\":\"Article\",\"@id\":\"https:\/\/spitalmciuc.ro\/post-vacant-medic-specialist-confirmat-in-specialitatea-medicina-de-laborator\/#article\",\"isPartOf\":{\"@id\":\"https:\/\/spitalmciuc.ro\/post-vacant-medic-specialist-confirmat-in-specialitatea-medicina-de-laborator\/#webpage\"},\"author\":{\"@id\":\"https:\/\/spitalmciuc.ro\/#\/schema\/person\/20ea297ab07e8f4d1689dfe252e34174\"},\"headline\":\"\u00c1ll\u00e1sh\u00edrdet\u00e9s labororvos\",\"datePublished\":\"2021-08-20T06:51:20+00:00\",\"dateModified\":\"2022-03-02T07:26:01+00:00\",\"mainEntityOfPage\":{\"@id\":\"https:\/\/spitalmciuc.ro\/post-vacant-medic-specialist-confirmat-in-specialitatea-medicina-de-laborator\/#webpage\"},\"wordCount\":612,\"publisher\":{\"@id\":\"https:\/\/spitalmciuc.ro\/#organization\"},\"articleSection\":[\"\u00c1ll\u00e1sh\u00edrdet\u00e9sek\"],\"inLanguage\":\"hu\"},{\"@type\":\"Person\",\"@id\":\"https:\/\/spitalmciuc.ro\/#\/schema\/person\/20ea297ab07e8f4d1689dfe252e34174\",\"name\":\"Milik Szil\u00e1rd\",\"url\":\"https:\/\/spitalmciuc.ro\/hu\/author\/szilard\/\"}]}<\/script>\n<!-- \/ Yoast SEO plugin. -->","yoast_head_json":{"title":"\u00c1ll\u00e1sh\u00edrdet\u00e9s labororvos - Cs\u00edkszeredai Megyei S\u00fcrg\u0151ss\u00e9gi K\u00f3rh\u00e1z","robots":{"index":"index","follow":"follow","max-snippet":"max-snippet:-1","max-image-preview":"max-image-preview:large","max-video-preview":"max-video-preview:-1"},"canonical":"https:\/\/spitalmciuc.ro\/post-vacant-medic-specialist-confirmat-in-specialitatea-medicina-de-laborator\/","og_locale":"hu_HU","og_type":"article","og_title":"\u00c1ll\u00e1sh\u00edrdet\u00e9s labororvos - Cs\u00edkszeredai Megyei S\u00fcrg\u0151ss\u00e9gi K\u00f3rh\u00e1z","og_description":"Av\u00e2nd \u00een vedere prevederile din H.G. nr. 826 din 5 august 2021 privind prelungirea st\u0103rii de alert\u0103 pe teritoriul Rom\u00e2niei \u00eencep\u00e2nd cu data de 11 august 2021, precum \u015fi stabilirea m\u0103surilor care se aplic\u0103 pe durata acesteia pentru prevenirea \u015fi combaterea efectelor pandemiei de COVID-19 \u00cen conformitate cu prevederile art.21 din Legea 136\/2020 coroborat cu&hellip;","og_url":"https:\/\/spitalmciuc.ro\/post-vacant-medic-specialist-confirmat-in-specialitatea-medicina-de-laborator\/","og_site_name":"Cs\u00edkszeredai Megyei S\u00fcrg\u0151ss\u00e9gi K\u00f3rh\u00e1z","article_published_time":"2021-08-20T06:51:20+00:00","article_modified_time":"2022-03-02T07:26:01+00:00","twitter_card":"summary_large_image","twitter_misc":{"Szerz\u0151:":"Milik Szil\u00e1rd","Becs\u00fclt olvas\u00e1si id\u0151":"3 perc"},"schema":{"@context":"https:\/\/schema.org","@graph":[{"@type":"Organization","@id":"https:\/\/spitalmciuc.ro\/#organization","name":"Spitalul Jude\u0163ean de Urgen\u0163\u0103 Miercurea Ciuc","url":"https:\/\/spitalmciuc.ro\/","sameAs":[],"logo":{"@type":"ImageObject","@id":"https:\/\/spitalmciuc.ro\/#logo","inLanguage":"hu","url":"https:\/\/spitalmciuc.ro\/wp-content\/uploads\/2022\/02\/logo-spital-ro-60.jpg","contentUrl":"https:\/\/spitalmciuc.ro\/wp-content\/uploads\/2022\/02\/logo-spital-ro-60.jpg","width":198,"height":60,"caption":"Spitalul Jude\u0163ean de Urgen\u0163\u0103 Miercurea Ciuc"},"image":{"@id":"https:\/\/spitalmciuc.ro\/#logo"}},{"@type":"WebSite","@id":"https:\/\/spitalmciuc.ro\/#website","url":"https:\/\/spitalmciuc.ro\/","name":"Cs\u00edkszeredai Megyei S\u00fcrg\u0151ss\u00e9gi K\u00f3rh\u00e1z","description":"","publisher":{"@id":"https:\/\/spitalmciuc.ro\/#organization"},"potentialAction":[{"@type":"SearchAction","target":{"@type":"EntryPoint","urlTemplate":"https:\/\/spitalmciuc.ro\/?s={search_term_string}"},"query-input":"required name=search_term_string"}],"inLanguage":"hu"},{"@type":"WebPage","@id":"https:\/\/spitalmciuc.ro\/post-vacant-medic-specialist-confirmat-in-specialitatea-medicina-de-laborator\/#webpage","url":"https:\/\/spitalmciuc.ro\/post-vacant-medic-specialist-confirmat-in-specialitatea-medicina-de-laborator\/","name":"\u00c1ll\u00e1sh\u00edrdet\u00e9s labororvos - Cs\u00edkszeredai Megyei S\u00fcrg\u0151ss\u00e9gi K\u00f3rh\u00e1z","isPartOf":{"@id":"https:\/\/spitalmciuc.ro\/#website"},"datePublished":"2021-08-20T06:51:20+00:00","dateModified":"2022-03-02T07:26:01+00:00","breadcrumb":{"@id":"https:\/\/spitalmciuc.ro\/post-vacant-medic-specialist-confirmat-in-specialitatea-medicina-de-laborator\/#breadcrumb"},"inLanguage":"hu","potentialAction":[{"@type":"ReadAction","target":["https:\/\/spitalmciuc.ro\/post-vacant-medic-specialist-confirmat-in-specialitatea-medicina-de-laborator\/"]}]},{"@type":"BreadcrumbList","@id":"https:\/\/spitalmciuc.ro\/post-vacant-medic-specialist-confirmat-in-specialitatea-medicina-de-laborator\/#breadcrumb","itemListElement":[{"@type":"ListItem","position":1,"name":"Kezd\u0151lap","item":"https:\/\/spitalmciuc.ro\/hu\/"},{"@type":"ListItem","position":2,"name":"\u00c1ll\u00e1sh\u00edrdet\u00e9s labororvos"}]},{"@type":"Article","@id":"https:\/\/spitalmciuc.ro\/post-vacant-medic-specialist-confirmat-in-specialitatea-medicina-de-laborator\/#article","isPartOf":{"@id":"https:\/\/spitalmciuc.ro\/post-vacant-medic-specialist-confirmat-in-specialitatea-medicina-de-laborator\/#webpage"},"author":{"@id":"https:\/\/spitalmciuc.ro\/#\/schema\/person\/20ea297ab07e8f4d1689dfe252e34174"},"headline":"\u00c1ll\u00e1sh\u00edrdet\u00e9s labororvos","datePublished":"2021-08-20T06:51:20+00:00","dateModified":"2022-03-02T07:26:01+00:00","mainEntityOfPage":{"@id":"https:\/\/spitalmciuc.ro\/post-vacant-medic-specialist-confirmat-in-specialitatea-medicina-de-laborator\/#webpage"},"wordCount":612,"publisher":{"@id":"https:\/\/spitalmciuc.ro\/#organization"},"articleSection":["\u00c1ll\u00e1sh\u00edrdet\u00e9sek"],"inLanguage":"hu"},{"@type":"Person","@id":"https:\/\/spitalmciuc.ro\/#\/schema\/person\/20ea297ab07e8f4d1689dfe252e34174","name":"Milik Szil\u00e1rd","url":"https:\/\/spitalmciuc.ro\/hu\/author\/szilard\/"}]}},"_links":{"self":[{"href":"https:\/\/spitalmciuc.ro\/hu\/wp-json\/wp\/v2\/posts\/6027"}],"collection":[{"href":"https:\/\/spitalmciuc.ro\/hu\/wp-json\/wp\/v2\/posts"}],"about":[{"href":"https:\/\/spitalmciuc.ro\/hu\/wp-json\/wp\/v2\/types\/post"}],"author":[{"embeddable":true,"href":"https:\/\/spitalmciuc.ro\/hu\/wp-json\/wp\/v2\/users\/11"}],"replies":[{"embeddable":true,"href":"https:\/\/spitalmciuc.ro\/hu\/wp-json\/wp\/v2\/comments?post=6027"}],"version-history":[{"count":1,"href":"https:\/\/spitalmciuc.ro\/hu\/wp-json\/wp\/v2\/posts\/6027\/revisions"}],"predecessor-version":[{"id":6317,"href":"https:\/\/spitalmciuc.ro\/hu\/wp-json\/wp\/v2\/posts\/6027\/revisions\/6317"}],"wp:attachment":[{"href":"https:\/\/spitalmciuc.ro\/hu\/wp-json\/wp\/v2\/media?parent=6027"}],"wp:term":[{"taxonomy":"category","embeddable":true,"href":"https:\/\/spitalmciuc.ro\/hu\/wp-json\/wp\/v2\/categories?post=6027"},{"taxonomy":"post_tag","embeddable":true,"href":"https:\/\/spitalmciuc.ro\/hu\/wp-json\/wp\/v2\/tags?post=6027"}],"curies":[{"name":"wp","href":"https:\/\/api.w.org\/{rel}","templated":true}]}}