{"id":5904,"date":"2021-03-31T12:56:44","date_gmt":"2021-03-31T12:56:44","guid":{"rendered":"https:\/\/spital.creative-solutions.ro\/index.php\/adomany-a-koronavirusos-betegeket-apolo-osztalynak\/"},"modified":"2022-03-02T07:31:23","modified_gmt":"2022-03-02T07:31:23","slug":"adomany-a-koronavirusos-betegeket-apolo-osztalynak","status":"publish","type":"post","link":"https:\/\/spitalmciuc.ro\/hu\/adomany-a-koronavirusos-betegeket-apolo-osztalynak\/","title":{"rendered":"Adom\u00e1ny a koronav\u00edrusos betegeket \u00e1pol\u00f3 oszt\u00e1lynak"},"content":{"rendered":"<p style=\"text-align: justify;\"><strong>Sz\u00e1razg\u0151z\u0151s tiszt\u00edt\u00f3 \u00e9s fert\u0151tlen\u00edt\u0151 g\u00e9pet adom\u00e1nyozott a cs\u00edkszeredai Megyei S\u00fcrg\u0151ss\u00e9gi K\u00f3rh\u00e1z t\u00fcd\u0151gy\u00f3gy\u00e1szati, most koronav\u00edrusos betegeket ell\u00e1t\u00f3 oszt\u00e1lya sz\u00e1m\u00e1ra a HD Cleaners &#8211; Meridian Invest c\u00e9g.<\/strong><\/p>\n<p style=\"text-align: justify;\">A 18 000 lej \u00e9rt\u00e9k\u0171, sz\u00e1razg\u0151zzel m\u0171k\u00f6d\u0151 k\u00e9sz\u00fcl\u00e9k tiszt\u00edt\u00e1sra \u00e9s fert\u0151tlen\u00edt\u00e9sre is alkalmas, elpuszt\u00edtja a v\u00edrusokat \u00e9s bakt\u00e9riumokat, igazoltan alkalmas a koronav\u00edrus elt\u00fcntet\u00e9s\u00e9re is \u2013 sorolta fel az adom\u00e1nyoz\u00f3, P\u00f3ra R\u00f3bert, aki szerda reggel adta \u00e1t az oszt\u00e1ly k\u00e9pvisel\u0151inek a tiszt\u00edt\u00f3 \u00e9s fert\u0151tlen\u00edt\u0151 k\u00e9sz\u00fcl\u00e9ket. Mint elmondta, az oszt\u00e1lyon \u00e1polt\u00e1k nemr\u00e9g \u00e9s szeretn\u00e9 megk\u00f6sz\u00f6nni ily m\u00f3don az orvosok \u00e9s \u00e1pol\u00f3k p\u00e9ld\u00e1s gondoskod\u00e1s\u00e1t. \u201eAzzal a szeretettel adom ezt, amit itt kaptam\u201d \u2013 mondta a v\u00e1llalkoz\u00f3.<\/p>\n<p style=\"text-align: justify;\"><img decoding=\"async\" loading=\"lazy\" class=\" size-full wp-image-2590\" src=\"https:\/\/spitalmciuc.ro\/wp-content\/uploads\/2021\/03\/3103.jpg\" alt=\"3103\" width=\"800\" height=\"600\" srcset=\"https:\/\/spitalmciuc.ro\/wp-content\/uploads\/2021\/03\/3103.jpg 1600w, https:\/\/spitalmciuc.ro\/wp-content\/uploads\/2021\/03\/3103-300x225.jpg 300w, https:\/\/spitalmciuc.ro\/wp-content\/uploads\/2021\/03\/3103-1024x768.jpg 1024w, https:\/\/spitalmciuc.ro\/wp-content\/uploads\/2021\/03\/3103-768x576.jpg 768w, https:\/\/spitalmciuc.ro\/wp-content\/uploads\/2021\/03\/3103-1536x1152.jpg 1536w\" sizes=\"(max-width: 800px) 100vw, 800px\" \/><\/p>\n<p style=\"text-align: justify;\">Az adom\u00e1nyt megk\u00f6sz\u00f6n\u0151 dr. Konr\u00e1d Judit menedzser kiemelte, egy \u00e9ve m\u00e1r, hogy megfesz\u00edtett munka folyik a koronav\u00edrusos betegeket ell\u00e1t\u00f3 oszt\u00e1lyokon \u00e9s fontos minden visszajelz\u00e9s, amit az itt dolgoz\u00f3k kapnak, a pozit\u00edv visszajelz\u00e9sek pedig er\u0151t adnak a tov\u00e1bbiakra.<\/p>\n<p style=\"text-align: justify;\">A k\u00f3rh\u00e1zat m\u0171k\u00f6dtet\u0151 Hargita Megye Tan\u00e1cs\u00e1nak eln\u00f6ke, Borboly Csaba is megk\u00f6sz\u00f6nte az adom\u00e1nyt \u00e9s arra biztatott mindenkit, \u00f6szt\u00f6n\u00f6zz\u00e9k j\u00f3 sz\u00f3val, pozit\u00edv \u00fczenetekkel az ezeken az oszt\u00e1lyokon dolgoz\u00f3 szem\u00e9lyzetet.<\/p>\n<p style=\"text-align: justify;\">A t\u00fcd\u0151gy\u00f3gy\u00e1szati oszt\u00e1lyon dolgoz\u00f3k k\u00f6sz\u00f6n\u0151 szavait Dr. Dombi Istv\u00e1n t\u00fcd\u0151gy\u00f3gy\u00e1sz szakorvos, oszt\u00e1lyvezet\u0151 f\u0151orvos tolm\u00e1csolta. Mint mondta, egy \u00e9ve tart a pand\u00e9mi\u00e1s id\u0151szak \u00e9s most m\u00e1r \u00e9rzik mindannyian ennek a s\u00faly\u00e1t, f\u00e1radts\u00e1g\u00e1t. Ezzel egy\u00fctt tov\u00e1bbra is megtesznek mindent az\u00e9rt, hogy a betegeket ell\u00e1ss\u00e1k, gy\u00f3gy\u00edts\u00e1k.<\/p>\n<p style=\"text-align: justify;\">Az adom\u00e1ny \u00e1tad\u00e1s\u00e1r\u00f3l vide\u00f3 is k\u00e9sz\u00fclt:<\/p>\n<p style=\"text-align: justify;\"><a href=\"https:\/\/fb.watch\/4zXWUi6hk0\/\"><\/a><a href=\"https:\/\/fb.watch\/4zXWUi6hk0\/\">https:\/\/fb.watch\/4zXWUi6hk0\/<\/a><\/p>\n<p style=\"text-align: justify;\"><strong>S\u00falyos az esetek t\u00f6bbs\u00e9ge<\/strong><\/p>\n<p style=\"text-align: justify;\">A Cs\u00edkszeredai Megyei S\u00fcrg\u0151ss\u00e9gi K\u00f3rh\u00e1zban szerda reggel 57 koronav\u00edrusos beteget \u00e1poltak, k\u00f6z\u00fcl\u00fck hat szem\u00e9ly szorult intenz\u00edv ter\u00e1pi\u00e1s ell\u00e1t\u00e1sra.<\/p>\n<p style=\"text-align: justify;\">Amint dr. Dombi Istv\u00e1n elmondta, a k\u00f3rh\u00e1zban kezelt esetek t\u00f6bbs\u00e9ge s\u00falyos, n\u00e9h\u00e1ny k\u00f6zepes lefoly\u00e1s\u00fa. Sok beteget megvizsg\u00e1lnak ugyanakkor napi bennfekv\u00e9ses rendszerben is. Az orvos azt tan\u00e1csolja, hogy akik a koronav\u00edrus-fert\u0151z\u00e9s t\u00fcneteit \u00e9szlelik, \u00e9rtes\u00edts\u00e9k csal\u00e1dorvosukat \u00e9s j\u00f6jjenek el egy ilyen vizsg\u00e1latra, ahol t\u00fcd\u0151r\u00f6ntgen \u00e9s v\u00e9rvizsg\u00e1lat is k\u00e9sz\u00fcl. Amennyiben nem s\u00falyos a beteg \u00e1llapota, otthon gy\u00f3gyulhat, de ha k\u00f3rh\u00e1zi kezel\u00e9sre van sz\u00fcks\u00e9ge, akkor fontos, hogy azt id\u0151ben megkapja.<\/p>\n<p style=\"text-align: justify;\">A koronav\u00edrusos betegek pozit\u00edv teszt eset\u00e9n beutal\u00f3 n\u00e9lk\u00fcl, teszteredm\u00e9ny hi\u00e1ny\u00e1ban beutal\u00f3val jelentkezhetnek a vizsg\u00e1latra, el\u0151jegyz\u00e9s szerint, minden nap reggel\u00e9n. El\u0151jegyz\u00e9st ig\u00e9nyelni a 0758 117669-es telefonsz\u00e1mon lehet. &nbsp;&nbsp;<\/p>\n<p style=\"text-align: justify;\">Cs\u00edkszereda, 2021.03.31<\/p>\n","protected":false},"excerpt":{"rendered":"<p>Sz\u00e1razg\u0151z\u0151s tiszt\u00edt\u00f3 \u00e9s fert\u0151tlen\u00edt\u0151 g\u00e9pet adom\u00e1nyozott a cs\u00edkszeredai Megyei S\u00fcrg\u0151ss\u00e9gi K\u00f3rh\u00e1z t\u00fcd\u0151gy\u00f3gy\u00e1szati, most koronav\u00edrusos betegeket ell\u00e1t\u00f3 oszt\u00e1lya sz\u00e1m\u00e1ra a HD Cleaners &#8211; Meridian Invest c\u00e9g. A 18 000 lej \u00e9rt\u00e9k\u0171, sz\u00e1razg\u0151zzel m\u0171k\u00f6d\u0151 k\u00e9sz\u00fcl\u00e9k tiszt\u00edt\u00e1sra \u00e9s fert\u0151tlen\u00edt\u00e9sre is alkalmas, elpuszt\u00edtja a v\u00edrusokat \u00e9s bakt\u00e9riumokat, igazoltan alkalmas a koronav\u00edrus elt\u00fcntet\u00e9s\u00e9re is \u2013 sorolta fel az adom\u00e1nyoz\u00f3, P\u00f3ra&hellip;<\/p>\n","protected":false},"author":11,"featured_media":2590,"comment_status":"closed","ping_status":"closed","sticky":false,"template":"","format":"standard","meta":[],"categories":[],"tags":[],"yoast_head":"<!-- This site is optimized with the Yoast SEO plugin v18.3 - https:\/\/yoast.com\/wordpress\/plugins\/seo\/ -->\n<title>Adom\u00e1ny a koronav\u00edrusos betegeket \u00e1pol\u00f3 oszt\u00e1lynak - Cs\u00edkszeredai Megyei S\u00fcrg\u0151ss\u00e9gi K\u00f3rh\u00e1z<\/title>\n<meta name=\"robots\" content=\"index, follow, max-snippet:-1, max-image-preview:large, max-video-preview:-1\" \/>\n<link rel=\"canonical\" href=\"https:\/\/spitalmciuc.ro\/adomany-a-koronavirusos-betegeket-apolo-osztalynak\/\" \/>\n<meta property=\"og:locale\" content=\"hu_HU\" \/>\n<meta property=\"og:type\" content=\"article\" \/>\n<meta property=\"og:title\" content=\"Adom\u00e1ny a koronav\u00edrusos betegeket \u00e1pol\u00f3 oszt\u00e1lynak - Cs\u00edkszeredai Megyei S\u00fcrg\u0151ss\u00e9gi K\u00f3rh\u00e1z\" \/>\n<meta property=\"og:description\" content=\"Sz\u00e1razg\u0151z\u0151s tiszt\u00edt\u00f3 \u00e9s fert\u0151tlen\u00edt\u0151 g\u00e9pet adom\u00e1nyozott a cs\u00edkszeredai Megyei S\u00fcrg\u0151ss\u00e9gi K\u00f3rh\u00e1z t\u00fcd\u0151gy\u00f3gy\u00e1szati, most koronav\u00edrusos betegeket ell\u00e1t\u00f3 oszt\u00e1lya sz\u00e1m\u00e1ra a HD Cleaners &#8211; Meridian Invest c\u00e9g. A 18 000 lej \u00e9rt\u00e9k\u0171, sz\u00e1razg\u0151zzel m\u0171k\u00f6d\u0151 k\u00e9sz\u00fcl\u00e9k tiszt\u00edt\u00e1sra \u00e9s fert\u0151tlen\u00edt\u00e9sre is alkalmas, elpuszt\u00edtja a v\u00edrusokat \u00e9s bakt\u00e9riumokat, igazoltan alkalmas a koronav\u00edrus elt\u00fcntet\u00e9s\u00e9re is \u2013 sorolta fel az adom\u00e1nyoz\u00f3, P\u00f3ra&hellip;\" \/>\n<meta property=\"og:url\" content=\"https:\/\/spitalmciuc.ro\/adomany-a-koronavirusos-betegeket-apolo-osztalynak\/\" \/>\n<meta property=\"og:site_name\" content=\"Cs\u00edkszeredai Megyei S\u00fcrg\u0151ss\u00e9gi K\u00f3rh\u00e1z\" \/>\n<meta property=\"article:published_time\" content=\"2021-03-31T12:56:44+00:00\" \/>\n<meta property=\"article:modified_time\" content=\"2022-03-02T07:31:23+00:00\" \/>\n<meta property=\"og:image\" content=\"https:\/\/spitalmciuc.ro\/wp-content\/uploads\/2021\/03\/3103.jpg\" \/>\n\t<meta property=\"og:image:width\" content=\"1600\" \/>\n\t<meta property=\"og:image:height\" content=\"1200\" \/>\n\t<meta property=\"og:image:type\" content=\"image\/jpeg\" \/>\n<meta name=\"twitter:card\" content=\"summary_large_image\" \/>\n<meta name=\"twitter:label1\" content=\"Szerz\u0151:\" \/>\n\t<meta name=\"twitter:data1\" content=\"Milik Szil\u00e1rd\" \/>\n\t<meta name=\"twitter:label2\" content=\"Becs\u00fclt olvas\u00e1si id\u0151\" \/>\n\t<meta name=\"twitter:data2\" content=\"3 perc\" \/>\n<script type=\"application\/ld+json\" class=\"yoast-schema-graph\">{\"@context\":\"https:\/\/schema.org\",\"@graph\":[{\"@type\":\"Organization\",\"@id\":\"https:\/\/spitalmciuc.ro\/#organization\",\"name\":\"Spitalul Jude\u0163ean de Urgen\u0163\u0103 Miercurea Ciuc\",\"url\":\"https:\/\/spitalmciuc.ro\/\",\"sameAs\":[],\"logo\":{\"@type\":\"ImageObject\",\"@id\":\"https:\/\/spitalmciuc.ro\/#logo\",\"inLanguage\":\"hu\",\"url\":\"https:\/\/spitalmciuc.ro\/wp-content\/uploads\/2022\/02\/logo-spital-ro-60.jpg\",\"contentUrl\":\"https:\/\/spitalmciuc.ro\/wp-content\/uploads\/2022\/02\/logo-spital-ro-60.jpg\",\"width\":198,\"height\":60,\"caption\":\"Spitalul Jude\u0163ean de Urgen\u0163\u0103 Miercurea Ciuc\"},\"image\":{\"@id\":\"https:\/\/spitalmciuc.ro\/#logo\"}},{\"@type\":\"WebSite\",\"@id\":\"https:\/\/spitalmciuc.ro\/#website\",\"url\":\"https:\/\/spitalmciuc.ro\/\",\"name\":\"Cs\u00edkszeredai Megyei S\u00fcrg\u0151ss\u00e9gi K\u00f3rh\u00e1z\",\"description\":\"\",\"publisher\":{\"@id\":\"https:\/\/spitalmciuc.ro\/#organization\"},\"potentialAction\":[{\"@type\":\"SearchAction\",\"target\":{\"@type\":\"EntryPoint\",\"urlTemplate\":\"https:\/\/spitalmciuc.ro\/?s={search_term_string}\"},\"query-input\":\"required name=search_term_string\"}],\"inLanguage\":\"hu\"},{\"@type\":\"ImageObject\",\"@id\":\"https:\/\/spitalmciuc.ro\/adomany-a-koronavirusos-betegeket-apolo-osztalynak\/#primaryimage\",\"inLanguage\":\"hu\",\"url\":\"https:\/\/spitalmciuc.ro\/wp-content\/uploads\/2021\/03\/3103.jpg\",\"contentUrl\":\"https:\/\/spitalmciuc.ro\/wp-content\/uploads\/2021\/03\/3103.jpg\",\"width\":1600,\"height\":1200},{\"@type\":\"WebPage\",\"@id\":\"https:\/\/spitalmciuc.ro\/adomany-a-koronavirusos-betegeket-apolo-osztalynak\/#webpage\",\"url\":\"https:\/\/spitalmciuc.ro\/adomany-a-koronavirusos-betegeket-apolo-osztalynak\/\",\"name\":\"Adom\u00e1ny a koronav\u00edrusos betegeket \u00e1pol\u00f3 oszt\u00e1lynak - Cs\u00edkszeredai Megyei S\u00fcrg\u0151ss\u00e9gi K\u00f3rh\u00e1z\",\"isPartOf\":{\"@id\":\"https:\/\/spitalmciuc.ro\/#website\"},\"primaryImageOfPage\":{\"@id\":\"https:\/\/spitalmciuc.ro\/adomany-a-koronavirusos-betegeket-apolo-osztalynak\/#primaryimage\"},\"datePublished\":\"2021-03-31T12:56:44+00:00\",\"dateModified\":\"2022-03-02T07:31:23+00:00\",\"breadcrumb\":{\"@id\":\"https:\/\/spitalmciuc.ro\/adomany-a-koronavirusos-betegeket-apolo-osztalynak\/#breadcrumb\"},\"inLanguage\":\"hu\",\"potentialAction\":[{\"@type\":\"ReadAction\",\"target\":[\"https:\/\/spitalmciuc.ro\/adomany-a-koronavirusos-betegeket-apolo-osztalynak\/\"]}]},{\"@type\":\"BreadcrumbList\",\"@id\":\"https:\/\/spitalmciuc.ro\/adomany-a-koronavirusos-betegeket-apolo-osztalynak\/#breadcrumb\",\"itemListElement\":[{\"@type\":\"ListItem\",\"position\":1,\"name\":\"Kezd\u0151lap\",\"item\":\"https:\/\/spitalmciuc.ro\/hu\/\"},{\"@type\":\"ListItem\",\"position\":2,\"name\":\"Adom\u00e1ny a koronav\u00edrusos betegeket \u00e1pol\u00f3 oszt\u00e1lynak\"}]},{\"@type\":\"Article\",\"@id\":\"https:\/\/spitalmciuc.ro\/adomany-a-koronavirusos-betegeket-apolo-osztalynak\/#article\",\"isPartOf\":{\"@id\":\"https:\/\/spitalmciuc.ro\/adomany-a-koronavirusos-betegeket-apolo-osztalynak\/#webpage\"},\"author\":{\"@id\":\"https:\/\/spitalmciuc.ro\/#\/schema\/person\/20ea297ab07e8f4d1689dfe252e34174\"},\"headline\":\"Adom\u00e1ny a koronav\u00edrusos betegeket \u00e1pol\u00f3 oszt\u00e1lynak\",\"datePublished\":\"2021-03-31T12:56:44+00:00\",\"dateModified\":\"2022-03-02T07:31:23+00:00\",\"mainEntityOfPage\":{\"@id\":\"https:\/\/spitalmciuc.ro\/adomany-a-koronavirusos-betegeket-apolo-osztalynak\/#webpage\"},\"wordCount\":550,\"publisher\":{\"@id\":\"https:\/\/spitalmciuc.ro\/#organization\"},\"image\":{\"@id\":\"https:\/\/spitalmciuc.ro\/adomany-a-koronavirusos-betegeket-apolo-osztalynak\/#primaryimage\"},\"thumbnailUrl\":\"https:\/\/spitalmciuc.ro\/wp-content\/uploads\/2021\/03\/3103.jpg\",\"inLanguage\":\"hu\"},{\"@type\":\"Person\",\"@id\":\"https:\/\/spitalmciuc.ro\/#\/schema\/person\/20ea297ab07e8f4d1689dfe252e34174\",\"name\":\"Milik Szil\u00e1rd\",\"url\":\"https:\/\/spitalmciuc.ro\/hu\/author\/szilard\/\"}]}<\/script>\n<!-- \/ Yoast SEO plugin. -->","yoast_head_json":{"title":"Adom\u00e1ny a koronav\u00edrusos betegeket \u00e1pol\u00f3 oszt\u00e1lynak - Cs\u00edkszeredai Megyei S\u00fcrg\u0151ss\u00e9gi K\u00f3rh\u00e1z","robots":{"index":"index","follow":"follow","max-snippet":"max-snippet:-1","max-image-preview":"max-image-preview:large","max-video-preview":"max-video-preview:-1"},"canonical":"https:\/\/spitalmciuc.ro\/adomany-a-koronavirusos-betegeket-apolo-osztalynak\/","og_locale":"hu_HU","og_type":"article","og_title":"Adom\u00e1ny a koronav\u00edrusos betegeket \u00e1pol\u00f3 oszt\u00e1lynak - Cs\u00edkszeredai Megyei S\u00fcrg\u0151ss\u00e9gi K\u00f3rh\u00e1z","og_description":"Sz\u00e1razg\u0151z\u0151s tiszt\u00edt\u00f3 \u00e9s fert\u0151tlen\u00edt\u0151 g\u00e9pet adom\u00e1nyozott a cs\u00edkszeredai Megyei S\u00fcrg\u0151ss\u00e9gi K\u00f3rh\u00e1z t\u00fcd\u0151gy\u00f3gy\u00e1szati, most koronav\u00edrusos betegeket ell\u00e1t\u00f3 oszt\u00e1lya sz\u00e1m\u00e1ra a HD Cleaners &#8211; Meridian Invest c\u00e9g. A 18 000 lej \u00e9rt\u00e9k\u0171, sz\u00e1razg\u0151zzel m\u0171k\u00f6d\u0151 k\u00e9sz\u00fcl\u00e9k tiszt\u00edt\u00e1sra \u00e9s fert\u0151tlen\u00edt\u00e9sre is alkalmas, elpuszt\u00edtja a v\u00edrusokat \u00e9s bakt\u00e9riumokat, igazoltan alkalmas a koronav\u00edrus elt\u00fcntet\u00e9s\u00e9re is \u2013 sorolta fel az adom\u00e1nyoz\u00f3, P\u00f3ra&hellip;","og_url":"https:\/\/spitalmciuc.ro\/adomany-a-koronavirusos-betegeket-apolo-osztalynak\/","og_site_name":"Cs\u00edkszeredai Megyei S\u00fcrg\u0151ss\u00e9gi K\u00f3rh\u00e1z","article_published_time":"2021-03-31T12:56:44+00:00","article_modified_time":"2022-03-02T07:31:23+00:00","og_image":[{"width":1600,"height":1200,"url":"https:\/\/spitalmciuc.ro\/wp-content\/uploads\/2021\/03\/3103.jpg","type":"image\/jpeg"}],"twitter_card":"summary_large_image","twitter_misc":{"Szerz\u0151:":"Milik Szil\u00e1rd","Becs\u00fclt olvas\u00e1si id\u0151":"3 perc"},"schema":{"@context":"https:\/\/schema.org","@graph":[{"@type":"Organization","@id":"https:\/\/spitalmciuc.ro\/#organization","name":"Spitalul Jude\u0163ean de Urgen\u0163\u0103 Miercurea Ciuc","url":"https:\/\/spitalmciuc.ro\/","sameAs":[],"logo":{"@type":"ImageObject","@id":"https:\/\/spitalmciuc.ro\/#logo","inLanguage":"hu","url":"https:\/\/spitalmciuc.ro\/wp-content\/uploads\/2022\/02\/logo-spital-ro-60.jpg","contentUrl":"https:\/\/spitalmciuc.ro\/wp-content\/uploads\/2022\/02\/logo-spital-ro-60.jpg","width":198,"height":60,"caption":"Spitalul Jude\u0163ean de Urgen\u0163\u0103 Miercurea Ciuc"},"image":{"@id":"https:\/\/spitalmciuc.ro\/#logo"}},{"@type":"WebSite","@id":"https:\/\/spitalmciuc.ro\/#website","url":"https:\/\/spitalmciuc.ro\/","name":"Cs\u00edkszeredai Megyei S\u00fcrg\u0151ss\u00e9gi K\u00f3rh\u00e1z","description":"","publisher":{"@id":"https:\/\/spitalmciuc.ro\/#organization"},"potentialAction":[{"@type":"SearchAction","target":{"@type":"EntryPoint","urlTemplate":"https:\/\/spitalmciuc.ro\/?s={search_term_string}"},"query-input":"required name=search_term_string"}],"inLanguage":"hu"},{"@type":"ImageObject","@id":"https:\/\/spitalmciuc.ro\/adomany-a-koronavirusos-betegeket-apolo-osztalynak\/#primaryimage","inLanguage":"hu","url":"https:\/\/spitalmciuc.ro\/wp-content\/uploads\/2021\/03\/3103.jpg","contentUrl":"https:\/\/spitalmciuc.ro\/wp-content\/uploads\/2021\/03\/3103.jpg","width":1600,"height":1200},{"@type":"WebPage","@id":"https:\/\/spitalmciuc.ro\/adomany-a-koronavirusos-betegeket-apolo-osztalynak\/#webpage","url":"https:\/\/spitalmciuc.ro\/adomany-a-koronavirusos-betegeket-apolo-osztalynak\/","name":"Adom\u00e1ny a koronav\u00edrusos betegeket \u00e1pol\u00f3 oszt\u00e1lynak - Cs\u00edkszeredai Megyei S\u00fcrg\u0151ss\u00e9gi K\u00f3rh\u00e1z","isPartOf":{"@id":"https:\/\/spitalmciuc.ro\/#website"},"primaryImageOfPage":{"@id":"https:\/\/spitalmciuc.ro\/adomany-a-koronavirusos-betegeket-apolo-osztalynak\/#primaryimage"},"datePublished":"2021-03-31T12:56:44+00:00","dateModified":"2022-03-02T07:31:23+00:00","breadcrumb":{"@id":"https:\/\/spitalmciuc.ro\/adomany-a-koronavirusos-betegeket-apolo-osztalynak\/#breadcrumb"},"inLanguage":"hu","potentialAction":[{"@type":"ReadAction","target":["https:\/\/spitalmciuc.ro\/adomany-a-koronavirusos-betegeket-apolo-osztalynak\/"]}]},{"@type":"BreadcrumbList","@id":"https:\/\/spitalmciuc.ro\/adomany-a-koronavirusos-betegeket-apolo-osztalynak\/#breadcrumb","itemListElement":[{"@type":"ListItem","position":1,"name":"Kezd\u0151lap","item":"https:\/\/spitalmciuc.ro\/hu\/"},{"@type":"ListItem","position":2,"name":"Adom\u00e1ny a koronav\u00edrusos betegeket \u00e1pol\u00f3 oszt\u00e1lynak"}]},{"@type":"Article","@id":"https:\/\/spitalmciuc.ro\/adomany-a-koronavirusos-betegeket-apolo-osztalynak\/#article","isPartOf":{"@id":"https:\/\/spitalmciuc.ro\/adomany-a-koronavirusos-betegeket-apolo-osztalynak\/#webpage"},"author":{"@id":"https:\/\/spitalmciuc.ro\/#\/schema\/person\/20ea297ab07e8f4d1689dfe252e34174"},"headline":"Adom\u00e1ny a koronav\u00edrusos betegeket \u00e1pol\u00f3 oszt\u00e1lynak","datePublished":"2021-03-31T12:56:44+00:00","dateModified":"2022-03-02T07:31:23+00:00","mainEntityOfPage":{"@id":"https:\/\/spitalmciuc.ro\/adomany-a-koronavirusos-betegeket-apolo-osztalynak\/#webpage"},"wordCount":550,"publisher":{"@id":"https:\/\/spitalmciuc.ro\/#organization"},"image":{"@id":"https:\/\/spitalmciuc.ro\/adomany-a-koronavirusos-betegeket-apolo-osztalynak\/#primaryimage"},"thumbnailUrl":"https:\/\/spitalmciuc.ro\/wp-content\/uploads\/2021\/03\/3103.jpg","inLanguage":"hu"},{"@type":"Person","@id":"https:\/\/spitalmciuc.ro\/#\/schema\/person\/20ea297ab07e8f4d1689dfe252e34174","name":"Milik Szil\u00e1rd","url":"https:\/\/spitalmciuc.ro\/hu\/author\/szilard\/"}]}},"_links":{"self":[{"href":"https:\/\/spitalmciuc.ro\/hu\/wp-json\/wp\/v2\/posts\/5904"}],"collection":[{"href":"https:\/\/spitalmciuc.ro\/hu\/wp-json\/wp\/v2\/posts"}],"about":[{"href":"https:\/\/spitalmciuc.ro\/hu\/wp-json\/wp\/v2\/types\/post"}],"author":[{"embeddable":true,"href":"https:\/\/spitalmciuc.ro\/hu\/wp-json\/wp\/v2\/users\/11"}],"replies":[{"embeddable":true,"href":"https:\/\/spitalmciuc.ro\/hu\/wp-json\/wp\/v2\/comments?post=5904"}],"version-history":[{"count":1,"href":"https:\/\/spitalmciuc.ro\/hu\/wp-json\/wp\/v2\/posts\/5904\/revisions"}],"predecessor-version":[{"id":6412,"href":"https:\/\/spitalmciuc.ro\/hu\/wp-json\/wp\/v2\/posts\/5904\/revisions\/6412"}],"wp:featuredmedia":[{"embeddable":true,"href":"https:\/\/spitalmciuc.ro\/hu\/wp-json\/wp\/v2\/media\/2590"}],"wp:attachment":[{"href":"https:\/\/spitalmciuc.ro\/hu\/wp-json\/wp\/v2\/media?parent=5904"}],"wp:term":[{"taxonomy":"category","embeddable":true,"href":"https:\/\/spitalmciuc.ro\/hu\/wp-json\/wp\/v2\/categories?post=5904"},{"taxonomy":"post_tag","embeddable":true,"href":"https:\/\/spitalmciuc.ro\/hu\/wp-json\/wp\/v2\/tags?post=5904"}],"curies":[{"name":"wp","href":"https:\/\/api.w.org\/{rel}","templated":true}]}}