{"id":5902,"date":"2021-03-24T21:05:03","date_gmt":"2021-03-24T21:05:03","guid":{"rendered":"https:\/\/spital.creative-solutions.ro\/index.php\/aprilis-1-ig-mukoedik-a-korhazi-oltokoezpont\/"},"modified":"2022-03-02T07:31:23","modified_gmt":"2022-03-02T07:31:23","slug":"aprilis-1-ig-mukoedik-a-korhazi-oltokoezpont","status":"publish","type":"post","link":"https:\/\/spitalmciuc.ro\/hu\/aprilis-1-ig-mukoedik-a-korhazi-oltokoezpont\/","title":{"rendered":"\u00c1prilis 1-ig m\u0171k\u00f6dik a k\u00f3rh\u00e1zi olt\u00f3k\u00f6zpont"},"content":{"rendered":"<p style=\"text-align: justify;\">A Cs\u00edkszeredai Megyei S\u00fcrg\u0151ss\u00e9gi K\u00f3rh\u00e1zban m\u0171k\u00f6d\u0151 olt\u00f3k\u00f6zpont \u00e1prilis 1-\u00e9n befejezi a tev\u00e9kenys\u00e9g\u00e9t, a helyis\u00e9gek, amelyekben a k\u00f6zpont m\u0171k\u00f6dik, m\u00e1s rendeltet\u00e9st kapnak. <br \/>A Cs\u00edkszeredai Megyei S\u00fcrg\u0151ss\u00e9gi K\u00f3rh\u00e1zban m\u0171k\u00f6d\u0151 olt\u00e1si k\u00f6zpont 2021. janu\u00e1r 4-\u00e9n kezdte el a tev\u00e9kenys\u00e9g\u00e9t. Az\u00f3ta m\u00e1rcius 22-ig \u00f6sszesen 10 505 koronav\u00edrus elleni v\u00e9d\u0151olt\u00e1st adminisztr\u00e1ltak itt az ig\u00e9nyl\u0151knek. Ez 6 922 beoltott szem\u00e9lyt jelent. <br \/>A k\u00f3rh\u00e1z alkalmazottait is ebben a k\u00f6zpontban oltott\u00e1k be, \u00f6sszesen 741 szem\u00e9lyt, ami az int\u00e9zm\u00e9ny alkalmazottainak 52 sz\u00e1zal\u00e9k\u00e1t jelenti. <br \/>Azon szem\u00e9lyek el\u0151jegyz\u00e9s\u00e9t, akik \u00e1prilis 1-e ut\u00e1n a k\u00f3rh\u00e1zi olt\u00f3k\u00f6zpontban kellene megkapj\u00e1k a v\u00e9d\u0151olt\u00e1sukat, az el\u0151jegyz\u00e9si platform \u00e1thelyezi a Kossuth utcai, a ment\u0151\u00e1llom\u00e1s r\u00e9gi sz\u00e9khely\u00e9n m\u0171k\u00f6d\u0151 olt\u00e1si k\u00f6zpontba. Szint\u00e9n oda kell menni\u00fck az eml\u00e9keztet\u0151 olt\u00e1s\u00e9rt azoknak, akik az els\u0151 olt\u00e1st a k\u00f3rh\u00e1zi k\u00f6zpontban kapt\u00e1k. <br \/>A k\u00f3rh\u00e1zi olt\u00f3k\u00f6zpontban 48 szem\u00e9ly dolgozott, illetve dolgozik m\u00e9g \u00e1prilis 1-ig. 7 orvos, 9 orvos\u00edrnok, 32 asszisztens \u00e9s egy pszichol\u00f3gus v\u00e9gezte az olt\u00e1sra jelentkez\u0151k adatainak ellen\u0151rz\u00e9s\u00e9t, bevezet\u00e9s\u00e9t, a szem\u00e9lyek el\u0151zetes eg\u00e9szs\u00e9gi felm\u00e9r\u00e9s\u00e9t, beolt\u00e1s\u00e1t, fel\u00fcgyelet\u00e9t. <br \/>\u201cFontosnak tartottuk, hogy l\u00e9trehozzuk ezt a k\u00f6zpontot a szem\u00e9lyzet\u00fcnk beolt\u00e1s\u00e1ra \u00e9s az\u00e9rt, hogy a betegeink is ide j\u00f6hessenek olt\u00e1s\u00e9rt. Az eddig beadott t\u00edzezer v\u00e9d\u0151olt\u00e1s jelzi, hogy mennyire fontos az itt lezajlott munka\u201d \u2013 mondta dr. Konr\u00e1d Judit, a k\u00f3rh\u00e1z menedzsere. <br \/>A k\u00f6zpontnak helyet ad\u00f3 fel\u00fcletekre az\u00e9rt van sz\u00fcks\u00e9g, mert a majdani intervencion\u00e1lis kardiol\u00f3giai k\u00f6zpont elhelyez\u00e9se \u00e1tszervez\u00e9seket felt\u00e9telez.<\/p>\n<p style=\"text-align: justify;\">Cs\u00edkszereda, 2021.03.23<\/p>\n","protected":false},"excerpt":{"rendered":"<p>A Cs\u00edkszeredai Megyei S\u00fcrg\u0151ss\u00e9gi K\u00f3rh\u00e1zban m\u0171k\u00f6d\u0151 olt\u00f3k\u00f6zpont \u00e1prilis 1-\u00e9n befejezi a tev\u00e9kenys\u00e9g\u00e9t, a helyis\u00e9gek, amelyekben a k\u00f6zpont m\u0171k\u00f6dik, m\u00e1s rendeltet\u00e9st kapnak. A Cs\u00edkszeredai Megyei S\u00fcrg\u0151ss\u00e9gi K\u00f3rh\u00e1zban m\u0171k\u00f6d\u0151 olt\u00e1si k\u00f6zpont 2021. janu\u00e1r 4-\u00e9n kezdte el a tev\u00e9kenys\u00e9g\u00e9t. Az\u00f3ta m\u00e1rcius 22-ig \u00f6sszesen 10 505 koronav\u00edrus elleni v\u00e9d\u0151olt\u00e1st adminisztr\u00e1ltak itt az ig\u00e9nyl\u0151knek. Ez 6 922 beoltott szem\u00e9lyt jelent.&hellip;<\/p>\n","protected":false},"author":11,"featured_media":0,"comment_status":"closed","ping_status":"closed","sticky":false,"template":"","format":"standard","meta":[],"categories":[],"tags":[],"yoast_head":"<!-- This site is optimized with the Yoast SEO plugin v18.3 - https:\/\/yoast.com\/wordpress\/plugins\/seo\/ -->\n<title>\u00c1prilis 1-ig m\u0171k\u00f6dik a k\u00f3rh\u00e1zi olt\u00f3k\u00f6zpont - Cs\u00edkszeredai Megyei S\u00fcrg\u0151ss\u00e9gi K\u00f3rh\u00e1z<\/title>\n<meta name=\"robots\" content=\"index, follow, max-snippet:-1, max-image-preview:large, max-video-preview:-1\" \/>\n<link rel=\"canonical\" href=\"https:\/\/spitalmciuc.ro\/aprilis-1-ig-mukoedik-a-korhazi-oltokoezpont\/\" \/>\n<meta property=\"og:locale\" content=\"hu_HU\" \/>\n<meta property=\"og:type\" content=\"article\" \/>\n<meta property=\"og:title\" content=\"\u00c1prilis 1-ig m\u0171k\u00f6dik a k\u00f3rh\u00e1zi olt\u00f3k\u00f6zpont - Cs\u00edkszeredai Megyei S\u00fcrg\u0151ss\u00e9gi K\u00f3rh\u00e1z\" \/>\n<meta property=\"og:description\" content=\"A Cs\u00edkszeredai Megyei S\u00fcrg\u0151ss\u00e9gi K\u00f3rh\u00e1zban m\u0171k\u00f6d\u0151 olt\u00f3k\u00f6zpont \u00e1prilis 1-\u00e9n befejezi a tev\u00e9kenys\u00e9g\u00e9t, a helyis\u00e9gek, amelyekben a k\u00f6zpont m\u0171k\u00f6dik, m\u00e1s rendeltet\u00e9st kapnak. A Cs\u00edkszeredai Megyei S\u00fcrg\u0151ss\u00e9gi K\u00f3rh\u00e1zban m\u0171k\u00f6d\u0151 olt\u00e1si k\u00f6zpont 2021. janu\u00e1r 4-\u00e9n kezdte el a tev\u00e9kenys\u00e9g\u00e9t. Az\u00f3ta m\u00e1rcius 22-ig \u00f6sszesen 10 505 koronav\u00edrus elleni v\u00e9d\u0151olt\u00e1st adminisztr\u00e1ltak itt az ig\u00e9nyl\u0151knek. Ez 6 922 beoltott szem\u00e9lyt jelent.&hellip;\" \/>\n<meta property=\"og:url\" content=\"https:\/\/spitalmciuc.ro\/aprilis-1-ig-mukoedik-a-korhazi-oltokoezpont\/\" \/>\n<meta property=\"og:site_name\" content=\"Cs\u00edkszeredai Megyei S\u00fcrg\u0151ss\u00e9gi K\u00f3rh\u00e1z\" \/>\n<meta property=\"article:published_time\" content=\"2021-03-24T21:05:03+00:00\" \/>\n<meta property=\"article:modified_time\" content=\"2022-03-02T07:31:23+00:00\" \/>\n<meta name=\"twitter:card\" content=\"summary_large_image\" \/>\n<meta name=\"twitter:label1\" content=\"Szerz\u0151:\" \/>\n\t<meta name=\"twitter:data1\" content=\"Milik Szil\u00e1rd\" \/>\n\t<meta name=\"twitter:label2\" content=\"Becs\u00fclt olvas\u00e1si id\u0151\" \/>\n\t<meta name=\"twitter:data2\" content=\"2 perc\" \/>\n<script type=\"application\/ld+json\" class=\"yoast-schema-graph\">{\"@context\":\"https:\/\/schema.org\",\"@graph\":[{\"@type\":\"Organization\",\"@id\":\"https:\/\/spitalmciuc.ro\/#organization\",\"name\":\"Spitalul Jude\u0163ean de Urgen\u0163\u0103 Miercurea Ciuc\",\"url\":\"https:\/\/spitalmciuc.ro\/\",\"sameAs\":[],\"logo\":{\"@type\":\"ImageObject\",\"@id\":\"https:\/\/spitalmciuc.ro\/#logo\",\"inLanguage\":\"hu\",\"url\":\"https:\/\/spitalmciuc.ro\/wp-content\/uploads\/2022\/02\/logo-spital-ro-60.jpg\",\"contentUrl\":\"https:\/\/spitalmciuc.ro\/wp-content\/uploads\/2022\/02\/logo-spital-ro-60.jpg\",\"width\":198,\"height\":60,\"caption\":\"Spitalul Jude\u0163ean de Urgen\u0163\u0103 Miercurea Ciuc\"},\"image\":{\"@id\":\"https:\/\/spitalmciuc.ro\/#logo\"}},{\"@type\":\"WebSite\",\"@id\":\"https:\/\/spitalmciuc.ro\/#website\",\"url\":\"https:\/\/spitalmciuc.ro\/\",\"name\":\"Cs\u00edkszeredai Megyei S\u00fcrg\u0151ss\u00e9gi K\u00f3rh\u00e1z\",\"description\":\"\",\"publisher\":{\"@id\":\"https:\/\/spitalmciuc.ro\/#organization\"},\"potentialAction\":[{\"@type\":\"SearchAction\",\"target\":{\"@type\":\"EntryPoint\",\"urlTemplate\":\"https:\/\/spitalmciuc.ro\/?s={search_term_string}\"},\"query-input\":\"required name=search_term_string\"}],\"inLanguage\":\"hu\"},{\"@type\":\"WebPage\",\"@id\":\"https:\/\/spitalmciuc.ro\/aprilis-1-ig-mukoedik-a-korhazi-oltokoezpont\/#webpage\",\"url\":\"https:\/\/spitalmciuc.ro\/aprilis-1-ig-mukoedik-a-korhazi-oltokoezpont\/\",\"name\":\"\u00c1prilis 1-ig m\u0171k\u00f6dik a k\u00f3rh\u00e1zi olt\u00f3k\u00f6zpont - Cs\u00edkszeredai Megyei S\u00fcrg\u0151ss\u00e9gi K\u00f3rh\u00e1z\",\"isPartOf\":{\"@id\":\"https:\/\/spitalmciuc.ro\/#website\"},\"datePublished\":\"2021-03-24T21:05:03+00:00\",\"dateModified\":\"2022-03-02T07:31:23+00:00\",\"breadcrumb\":{\"@id\":\"https:\/\/spitalmciuc.ro\/aprilis-1-ig-mukoedik-a-korhazi-oltokoezpont\/#breadcrumb\"},\"inLanguage\":\"hu\",\"potentialAction\":[{\"@type\":\"ReadAction\",\"target\":[\"https:\/\/spitalmciuc.ro\/aprilis-1-ig-mukoedik-a-korhazi-oltokoezpont\/\"]}]},{\"@type\":\"BreadcrumbList\",\"@id\":\"https:\/\/spitalmciuc.ro\/aprilis-1-ig-mukoedik-a-korhazi-oltokoezpont\/#breadcrumb\",\"itemListElement\":[{\"@type\":\"ListItem\",\"position\":1,\"name\":\"Kezd\u0151lap\",\"item\":\"https:\/\/spitalmciuc.ro\/hu\/\"},{\"@type\":\"ListItem\",\"position\":2,\"name\":\"\u00c1prilis 1-ig m\u0171k\u00f6dik a k\u00f3rh\u00e1zi olt\u00f3k\u00f6zpont\"}]},{\"@type\":\"Article\",\"@id\":\"https:\/\/spitalmciuc.ro\/aprilis-1-ig-mukoedik-a-korhazi-oltokoezpont\/#article\",\"isPartOf\":{\"@id\":\"https:\/\/spitalmciuc.ro\/aprilis-1-ig-mukoedik-a-korhazi-oltokoezpont\/#webpage\"},\"author\":{\"@id\":\"https:\/\/spitalmciuc.ro\/#\/schema\/person\/20ea297ab07e8f4d1689dfe252e34174\"},\"headline\":\"\u00c1prilis 1-ig m\u0171k\u00f6dik a k\u00f3rh\u00e1zi olt\u00f3k\u00f6zpont\",\"datePublished\":\"2021-03-24T21:05:03+00:00\",\"dateModified\":\"2022-03-02T07:31:23+00:00\",\"mainEntityOfPage\":{\"@id\":\"https:\/\/spitalmciuc.ro\/aprilis-1-ig-mukoedik-a-korhazi-oltokoezpont\/#webpage\"},\"wordCount\":355,\"publisher\":{\"@id\":\"https:\/\/spitalmciuc.ro\/#organization\"},\"inLanguage\":\"hu\"},{\"@type\":\"Person\",\"@id\":\"https:\/\/spitalmciuc.ro\/#\/schema\/person\/20ea297ab07e8f4d1689dfe252e34174\",\"name\":\"Milik Szil\u00e1rd\",\"url\":\"https:\/\/spitalmciuc.ro\/hu\/author\/szilard\/\"}]}<\/script>\n<!-- \/ Yoast SEO plugin. -->","yoast_head_json":{"title":"\u00c1prilis 1-ig m\u0171k\u00f6dik a k\u00f3rh\u00e1zi olt\u00f3k\u00f6zpont - Cs\u00edkszeredai Megyei S\u00fcrg\u0151ss\u00e9gi K\u00f3rh\u00e1z","robots":{"index":"index","follow":"follow","max-snippet":"max-snippet:-1","max-image-preview":"max-image-preview:large","max-video-preview":"max-video-preview:-1"},"canonical":"https:\/\/spitalmciuc.ro\/aprilis-1-ig-mukoedik-a-korhazi-oltokoezpont\/","og_locale":"hu_HU","og_type":"article","og_title":"\u00c1prilis 1-ig m\u0171k\u00f6dik a k\u00f3rh\u00e1zi olt\u00f3k\u00f6zpont - Cs\u00edkszeredai Megyei S\u00fcrg\u0151ss\u00e9gi K\u00f3rh\u00e1z","og_description":"A Cs\u00edkszeredai Megyei S\u00fcrg\u0151ss\u00e9gi K\u00f3rh\u00e1zban m\u0171k\u00f6d\u0151 olt\u00f3k\u00f6zpont \u00e1prilis 1-\u00e9n befejezi a tev\u00e9kenys\u00e9g\u00e9t, a helyis\u00e9gek, amelyekben a k\u00f6zpont m\u0171k\u00f6dik, m\u00e1s rendeltet\u00e9st kapnak. A Cs\u00edkszeredai Megyei S\u00fcrg\u0151ss\u00e9gi K\u00f3rh\u00e1zban m\u0171k\u00f6d\u0151 olt\u00e1si k\u00f6zpont 2021. janu\u00e1r 4-\u00e9n kezdte el a tev\u00e9kenys\u00e9g\u00e9t. Az\u00f3ta m\u00e1rcius 22-ig \u00f6sszesen 10 505 koronav\u00edrus elleni v\u00e9d\u0151olt\u00e1st adminisztr\u00e1ltak itt az ig\u00e9nyl\u0151knek. Ez 6 922 beoltott szem\u00e9lyt jelent.&hellip;","og_url":"https:\/\/spitalmciuc.ro\/aprilis-1-ig-mukoedik-a-korhazi-oltokoezpont\/","og_site_name":"Cs\u00edkszeredai Megyei S\u00fcrg\u0151ss\u00e9gi K\u00f3rh\u00e1z","article_published_time":"2021-03-24T21:05:03+00:00","article_modified_time":"2022-03-02T07:31:23+00:00","twitter_card":"summary_large_image","twitter_misc":{"Szerz\u0151:":"Milik Szil\u00e1rd","Becs\u00fclt olvas\u00e1si id\u0151":"2 perc"},"schema":{"@context":"https:\/\/schema.org","@graph":[{"@type":"Organization","@id":"https:\/\/spitalmciuc.ro\/#organization","name":"Spitalul Jude\u0163ean de Urgen\u0163\u0103 Miercurea Ciuc","url":"https:\/\/spitalmciuc.ro\/","sameAs":[],"logo":{"@type":"ImageObject","@id":"https:\/\/spitalmciuc.ro\/#logo","inLanguage":"hu","url":"https:\/\/spitalmciuc.ro\/wp-content\/uploads\/2022\/02\/logo-spital-ro-60.jpg","contentUrl":"https:\/\/spitalmciuc.ro\/wp-content\/uploads\/2022\/02\/logo-spital-ro-60.jpg","width":198,"height":60,"caption":"Spitalul Jude\u0163ean de Urgen\u0163\u0103 Miercurea Ciuc"},"image":{"@id":"https:\/\/spitalmciuc.ro\/#logo"}},{"@type":"WebSite","@id":"https:\/\/spitalmciuc.ro\/#website","url":"https:\/\/spitalmciuc.ro\/","name":"Cs\u00edkszeredai Megyei S\u00fcrg\u0151ss\u00e9gi K\u00f3rh\u00e1z","description":"","publisher":{"@id":"https:\/\/spitalmciuc.ro\/#organization"},"potentialAction":[{"@type":"SearchAction","target":{"@type":"EntryPoint","urlTemplate":"https:\/\/spitalmciuc.ro\/?s={search_term_string}"},"query-input":"required name=search_term_string"}],"inLanguage":"hu"},{"@type":"WebPage","@id":"https:\/\/spitalmciuc.ro\/aprilis-1-ig-mukoedik-a-korhazi-oltokoezpont\/#webpage","url":"https:\/\/spitalmciuc.ro\/aprilis-1-ig-mukoedik-a-korhazi-oltokoezpont\/","name":"\u00c1prilis 1-ig m\u0171k\u00f6dik a k\u00f3rh\u00e1zi olt\u00f3k\u00f6zpont - Cs\u00edkszeredai Megyei S\u00fcrg\u0151ss\u00e9gi K\u00f3rh\u00e1z","isPartOf":{"@id":"https:\/\/spitalmciuc.ro\/#website"},"datePublished":"2021-03-24T21:05:03+00:00","dateModified":"2022-03-02T07:31:23+00:00","breadcrumb":{"@id":"https:\/\/spitalmciuc.ro\/aprilis-1-ig-mukoedik-a-korhazi-oltokoezpont\/#breadcrumb"},"inLanguage":"hu","potentialAction":[{"@type":"ReadAction","target":["https:\/\/spitalmciuc.ro\/aprilis-1-ig-mukoedik-a-korhazi-oltokoezpont\/"]}]},{"@type":"BreadcrumbList","@id":"https:\/\/spitalmciuc.ro\/aprilis-1-ig-mukoedik-a-korhazi-oltokoezpont\/#breadcrumb","itemListElement":[{"@type":"ListItem","position":1,"name":"Kezd\u0151lap","item":"https:\/\/spitalmciuc.ro\/hu\/"},{"@type":"ListItem","position":2,"name":"\u00c1prilis 1-ig m\u0171k\u00f6dik a k\u00f3rh\u00e1zi olt\u00f3k\u00f6zpont"}]},{"@type":"Article","@id":"https:\/\/spitalmciuc.ro\/aprilis-1-ig-mukoedik-a-korhazi-oltokoezpont\/#article","isPartOf":{"@id":"https:\/\/spitalmciuc.ro\/aprilis-1-ig-mukoedik-a-korhazi-oltokoezpont\/#webpage"},"author":{"@id":"https:\/\/spitalmciuc.ro\/#\/schema\/person\/20ea297ab07e8f4d1689dfe252e34174"},"headline":"\u00c1prilis 1-ig m\u0171k\u00f6dik a k\u00f3rh\u00e1zi olt\u00f3k\u00f6zpont","datePublished":"2021-03-24T21:05:03+00:00","dateModified":"2022-03-02T07:31:23+00:00","mainEntityOfPage":{"@id":"https:\/\/spitalmciuc.ro\/aprilis-1-ig-mukoedik-a-korhazi-oltokoezpont\/#webpage"},"wordCount":355,"publisher":{"@id":"https:\/\/spitalmciuc.ro\/#organization"},"inLanguage":"hu"},{"@type":"Person","@id":"https:\/\/spitalmciuc.ro\/#\/schema\/person\/20ea297ab07e8f4d1689dfe252e34174","name":"Milik Szil\u00e1rd","url":"https:\/\/spitalmciuc.ro\/hu\/author\/szilard\/"}]}},"_links":{"self":[{"href":"https:\/\/spitalmciuc.ro\/hu\/wp-json\/wp\/v2\/posts\/5902"}],"collection":[{"href":"https:\/\/spitalmciuc.ro\/hu\/wp-json\/wp\/v2\/posts"}],"about":[{"href":"https:\/\/spitalmciuc.ro\/hu\/wp-json\/wp\/v2\/types\/post"}],"author":[{"embeddable":true,"href":"https:\/\/spitalmciuc.ro\/hu\/wp-json\/wp\/v2\/users\/11"}],"replies":[{"embeddable":true,"href":"https:\/\/spitalmciuc.ro\/hu\/wp-json\/wp\/v2\/comments?post=5902"}],"version-history":[{"count":1,"href":"https:\/\/spitalmciuc.ro\/hu\/wp-json\/wp\/v2\/posts\/5902\/revisions"}],"predecessor-version":[{"id":6417,"href":"https:\/\/spitalmciuc.ro\/hu\/wp-json\/wp\/v2\/posts\/5902\/revisions\/6417"}],"wp:attachment":[{"href":"https:\/\/spitalmciuc.ro\/hu\/wp-json\/wp\/v2\/media?parent=5902"}],"wp:term":[{"taxonomy":"category","embeddable":true,"href":"https:\/\/spitalmciuc.ro\/hu\/wp-json\/wp\/v2\/categories?post=5902"},{"taxonomy":"post_tag","embeddable":true,"href":"https:\/\/spitalmciuc.ro\/hu\/wp-json\/wp\/v2\/tags?post=5902"}],"curies":[{"name":"wp","href":"https:\/\/api.w.org\/{rel}","templated":true}]}}