{"id":5896,"date":"2021-03-16T13:04:33","date_gmt":"2021-03-16T13:04:33","guid":{"rendered":"https:\/\/spital.creative-solutions.ro\/index.php\/szuelesfelkeszito-zoom-beszelgetes\/"},"modified":"2022-03-02T07:31:23","modified_gmt":"2022-03-02T07:31:23","slug":"szuelesfelkeszito-zoom-beszelgetes","status":"publish","type":"post","link":"https:\/\/spitalmciuc.ro\/hu\/szuelesfelkeszito-zoom-beszelgetes\/","title":{"rendered":"Sz\u00fcl\u00e9sfelk\u00e9sz\u00edt\u0151 Zoom-besz\u00e9lget\u00e9s"},"content":{"rendered":"<p>&nbsp;<\/p>\n<p><strong>Sz\u00fcl\u00e9sfelk\u00e9sz\u00edt\u0151 Zoom-besz\u00e9lget\u00e9st szervez kismam\u00e1k sz\u00e1m\u00e1ra a Hargita Megye Tan\u00e1csa \u00e1ltal m\u0171k\u00f6dtetett Cs\u00edkszeredai Megyei S\u00fcrg\u0151ss\u00e9gi K\u00f3rh\u00e1z, a Cs\u00edki Any\u00e1k Egyes\u00fclet\u00e9vel partners\u00e9gben. <\/strong><\/p>\n<p><strong>&nbsp;<\/strong><\/p>\n<p>A 2021. m\u00e1rcius 18-\u00e1n zajl\u00f3, magyar nyelven 15 \u00f3rakor kezd\u0151d\u0151 besz\u00e9lget\u00e9s keret\u00e9ben a k\u00f3rh\u00e1z sz\u00fcl\u00e9szeti \u00e9s n\u0151gy\u00f3gy\u00e1szati, illetve \u00fajsz\u00fcl\u00f6ttgy\u00f3gy\u00e1szati oszt\u00e1ly\u00e1nak munkat\u00e1rsai ismertetik a kismam\u00e1k sz\u00e1m\u00e1ra a k\u00f3rh\u00e1zi sz\u00fcl\u00e9ssel kapcsolatos tudnival\u00f3kat. Dr. Portik Botond sz\u00fcl\u00e9sz-n\u0151gy\u00f3gy\u00e1sz szakorvos \u00e9s Jakab Mihaela f\u0151asszisztens, tov\u00e1bb\u00e1 dr. F\u00fcst\u00f6s Annam\u00e1ria \u00fajsz\u00fcl\u00f6ttgy\u00f3gy\u00e1sz szakorvos, oszt\u00e1lyvezet\u0151 f\u0151orvos \u00e9s M\u00e1rk Katalin f\u0151asszisztens v\u00e1laszolnak is a kismam\u00e1k k\u00e9rd\u00e9seire.<\/p>\n<p><img decoding=\"async\" loading=\"lazy\" class=\" size-full wp-image-2546\" src=\"https:\/\/spitalmciuc.ro\/wp-content\/uploads\/2021\/03\/Szulesfelkeszito_Facebookcover_2021.03.18.jpg\" alt=\"Szulesfelkeszito Facebookcover 2021.03.18\" width=\"801\" height=\"450\" srcset=\"https:\/\/spitalmciuc.ro\/wp-content\/uploads\/2021\/03\/Szulesfelkeszito_Facebookcover_2021.03.18.jpg 801w, https:\/\/spitalmciuc.ro\/wp-content\/uploads\/2021\/03\/Szulesfelkeszito_Facebookcover_2021.03.18-300x169.jpg 300w, https:\/\/spitalmciuc.ro\/wp-content\/uploads\/2021\/03\/Szulesfelkeszito_Facebookcover_2021.03.18-768x431.jpg 768w\" sizes=\"(max-width: 801px) 100vw, 801px\" \/><\/p>\n<p>\u201eA pand\u00e9mi\u00e1s id\u0151szakban nem tudtuk megszervezni a sz\u00fcl\u00e9szetl\u00e1togat\u00e1st, amelyre tov\u00e1bbra is ig\u00e9ny van a kismam\u00e1k r\u00e9sz\u00e9r\u0151l. Ezt az ig\u00e9nyt k\u00f6zvet\u00edtette fel\u00e9nk a Cs\u00edki Any\u00e1k Egyes\u00fclete \u00e9s int\u00e9zm\u00e9ny\u00fcnk r\u00e9sz\u00e9r\u0151l is hi\u00e1nyoltuk a v\u00e1rand\u00f3s kismam\u00e1kkal val\u00f3 \u00e9l\u0151 kapcsolatot, ez\u00e9rt kerest\u00fck meg a Zoomos tal\u00e1lkoz\u00e1s lehet\u0151s\u00e9g\u00e9t. V\u00e1rjuk szeretettel az \u00e9rdekl\u0151d\u0151ket a besz\u00e9lget\u00e9sre\u201d \u2013 fogalmazta meg dr. Konr\u00e1d Judit, a k\u00f3rh\u00e1z menedzsere.<\/p>\n<p>A Sz\u00fclni n\u00e1lunk c\u00edmet visel\u0151 sz\u00fcl\u00e9sfelk\u00e9sz\u00edt\u0151 besz\u00e9lget\u00e9s csatlakoz\u00e1si adatai a Cs\u00edkszeredai Megyei S\u00fcrg\u0151ss\u00e9gi K\u00f3rh\u00e1z\/Spitalul Jude\u021bean de Urgen\u021b\u0103 M-Ciuc Facebook-oldalon tal\u00e1lhat\u00f3k meg. Bel\u00e9pni a tal\u00e1lkoz\u00f3 el\u0151tt negyed\u00f3r\u00e1val lehet.<\/p>\n<p>Annak \u00e9rdek\u00e9ben, hogy a k\u00e9rd\u00e9seket csoportos\u00edtani tudjuk, \u00e9s \u00edgy min\u00e9l t\u00f6bb inform\u00e1ci\u00f3t ny\u00fajthassunk, k\u00e9rj\u00fck a kismam\u00e1kat, hogy k\u00fcldjenek el\u0151re k\u00e9rd\u00e9seket a k\u00f3rh\u00e1z Facebook-oldal\u00e1n kereszt\u00fcl vagy pedig a <a href=\"mailto:kiss.edit@spitalmciuc.ro\"><\/a><a href=\"mailto:kiss.edit@spitalmciuc.ro\">kiss.edit@spitalmciuc.ro<\/a> c\u00edmre. &nbsp;&nbsp;&nbsp;<\/p>\n<p>Cs\u00edkszereda, 2021.03.15<\/p>\n","protected":false},"excerpt":{"rendered":"<p>&nbsp; Sz\u00fcl\u00e9sfelk\u00e9sz\u00edt\u0151 Zoom-besz\u00e9lget\u00e9st szervez kismam\u00e1k sz\u00e1m\u00e1ra a Hargita Megye Tan\u00e1csa \u00e1ltal m\u0171k\u00f6dtetett Cs\u00edkszeredai Megyei S\u00fcrg\u0151ss\u00e9gi K\u00f3rh\u00e1z, a Cs\u00edki Any\u00e1k Egyes\u00fclet\u00e9vel partners\u00e9gben. &nbsp; A 2021. m\u00e1rcius 18-\u00e1n zajl\u00f3, magyar nyelven 15 \u00f3rakor kezd\u0151d\u0151 besz\u00e9lget\u00e9s keret\u00e9ben a k\u00f3rh\u00e1z sz\u00fcl\u00e9szeti \u00e9s n\u0151gy\u00f3gy\u00e1szati, illetve \u00fajsz\u00fcl\u00f6ttgy\u00f3gy\u00e1szati oszt\u00e1ly\u00e1nak munkat\u00e1rsai ismertetik a kismam\u00e1k sz\u00e1m\u00e1ra a k\u00f3rh\u00e1zi sz\u00fcl\u00e9ssel kapcsolatos tudnival\u00f3kat. Dr. Portik Botond&hellip;<\/p>\n","protected":false},"author":11,"featured_media":2546,"comment_status":"closed","ping_status":"closed","sticky":false,"template":"","format":"standard","meta":[],"categories":[],"tags":[],"yoast_head":"<!-- This site is optimized with the Yoast SEO plugin v18.3 - https:\/\/yoast.com\/wordpress\/plugins\/seo\/ -->\n<title>Sz\u00fcl\u00e9sfelk\u00e9sz\u00edt\u0151 Zoom-besz\u00e9lget\u00e9s - Cs\u00edkszeredai Megyei S\u00fcrg\u0151ss\u00e9gi K\u00f3rh\u00e1z<\/title>\n<meta name=\"robots\" content=\"index, follow, max-snippet:-1, max-image-preview:large, max-video-preview:-1\" \/>\n<link rel=\"canonical\" href=\"https:\/\/spitalmciuc.ro\/szuelesfelkeszito-zoom-beszelgetes\/\" \/>\n<meta property=\"og:locale\" content=\"hu_HU\" \/>\n<meta property=\"og:type\" content=\"article\" \/>\n<meta property=\"og:title\" content=\"Sz\u00fcl\u00e9sfelk\u00e9sz\u00edt\u0151 Zoom-besz\u00e9lget\u00e9s - Cs\u00edkszeredai Megyei S\u00fcrg\u0151ss\u00e9gi K\u00f3rh\u00e1z\" \/>\n<meta property=\"og:description\" content=\"&nbsp; Sz\u00fcl\u00e9sfelk\u00e9sz\u00edt\u0151 Zoom-besz\u00e9lget\u00e9st szervez kismam\u00e1k sz\u00e1m\u00e1ra a Hargita Megye Tan\u00e1csa \u00e1ltal m\u0171k\u00f6dtetett Cs\u00edkszeredai Megyei S\u00fcrg\u0151ss\u00e9gi K\u00f3rh\u00e1z, a Cs\u00edki Any\u00e1k Egyes\u00fclet\u00e9vel partners\u00e9gben. &nbsp; A 2021. m\u00e1rcius 18-\u00e1n zajl\u00f3, magyar nyelven 15 \u00f3rakor kezd\u0151d\u0151 besz\u00e9lget\u00e9s keret\u00e9ben a k\u00f3rh\u00e1z sz\u00fcl\u00e9szeti \u00e9s n\u0151gy\u00f3gy\u00e1szati, illetve \u00fajsz\u00fcl\u00f6ttgy\u00f3gy\u00e1szati oszt\u00e1ly\u00e1nak munkat\u00e1rsai ismertetik a kismam\u00e1k sz\u00e1m\u00e1ra a k\u00f3rh\u00e1zi sz\u00fcl\u00e9ssel kapcsolatos tudnival\u00f3kat. Dr. Portik Botond&hellip;\" \/>\n<meta property=\"og:url\" content=\"https:\/\/spitalmciuc.ro\/szuelesfelkeszito-zoom-beszelgetes\/\" \/>\n<meta property=\"og:site_name\" content=\"Cs\u00edkszeredai Megyei S\u00fcrg\u0151ss\u00e9gi K\u00f3rh\u00e1z\" \/>\n<meta property=\"article:published_time\" content=\"2021-03-16T13:04:33+00:00\" \/>\n<meta property=\"article:modified_time\" content=\"2022-03-02T07:31:23+00:00\" \/>\n<meta property=\"og:image\" content=\"https:\/\/spitalmciuc.ro\/wp-content\/uploads\/2021\/03\/Szulesfelkeszito_Facebookcover_2021.03.18.jpg\" \/>\n\t<meta property=\"og:image:width\" content=\"801\" \/>\n\t<meta property=\"og:image:height\" content=\"450\" \/>\n\t<meta property=\"og:image:type\" content=\"image\/jpeg\" \/>\n<meta name=\"twitter:card\" content=\"summary_large_image\" \/>\n<meta name=\"twitter:label1\" content=\"Szerz\u0151:\" \/>\n\t<meta name=\"twitter:data1\" content=\"Milik Szil\u00e1rd\" \/>\n\t<meta name=\"twitter:label2\" content=\"Becs\u00fclt olvas\u00e1si id\u0151\" \/>\n\t<meta name=\"twitter:data2\" content=\"2 perc\" \/>\n<script type=\"application\/ld+json\" class=\"yoast-schema-graph\">{\"@context\":\"https:\/\/schema.org\",\"@graph\":[{\"@type\":\"Organization\",\"@id\":\"https:\/\/spitalmciuc.ro\/#organization\",\"name\":\"Spitalul Jude\u0163ean de Urgen\u0163\u0103 Miercurea Ciuc\",\"url\":\"https:\/\/spitalmciuc.ro\/\",\"sameAs\":[],\"logo\":{\"@type\":\"ImageObject\",\"@id\":\"https:\/\/spitalmciuc.ro\/#logo\",\"inLanguage\":\"hu\",\"url\":\"https:\/\/spitalmciuc.ro\/wp-content\/uploads\/2022\/02\/logo-spital-ro-60.jpg\",\"contentUrl\":\"https:\/\/spitalmciuc.ro\/wp-content\/uploads\/2022\/02\/logo-spital-ro-60.jpg\",\"width\":198,\"height\":60,\"caption\":\"Spitalul Jude\u0163ean de Urgen\u0163\u0103 Miercurea Ciuc\"},\"image\":{\"@id\":\"https:\/\/spitalmciuc.ro\/#logo\"}},{\"@type\":\"WebSite\",\"@id\":\"https:\/\/spitalmciuc.ro\/#website\",\"url\":\"https:\/\/spitalmciuc.ro\/\",\"name\":\"Cs\u00edkszeredai Megyei S\u00fcrg\u0151ss\u00e9gi K\u00f3rh\u00e1z\",\"description\":\"\",\"publisher\":{\"@id\":\"https:\/\/spitalmciuc.ro\/#organization\"},\"potentialAction\":[{\"@type\":\"SearchAction\",\"target\":{\"@type\":\"EntryPoint\",\"urlTemplate\":\"https:\/\/spitalmciuc.ro\/?s={search_term_string}\"},\"query-input\":\"required name=search_term_string\"}],\"inLanguage\":\"hu\"},{\"@type\":\"ImageObject\",\"@id\":\"https:\/\/spitalmciuc.ro\/szuelesfelkeszito-zoom-beszelgetes\/#primaryimage\",\"inLanguage\":\"hu\",\"url\":\"https:\/\/spitalmciuc.ro\/wp-content\/uploads\/2021\/03\/Szulesfelkeszito_Facebookcover_2021.03.18.jpg\",\"contentUrl\":\"https:\/\/spitalmciuc.ro\/wp-content\/uploads\/2021\/03\/Szulesfelkeszito_Facebookcover_2021.03.18.jpg\",\"width\":801,\"height\":450},{\"@type\":\"WebPage\",\"@id\":\"https:\/\/spitalmciuc.ro\/szuelesfelkeszito-zoom-beszelgetes\/#webpage\",\"url\":\"https:\/\/spitalmciuc.ro\/szuelesfelkeszito-zoom-beszelgetes\/\",\"name\":\"Sz\u00fcl\u00e9sfelk\u00e9sz\u00edt\u0151 Zoom-besz\u00e9lget\u00e9s - Cs\u00edkszeredai Megyei S\u00fcrg\u0151ss\u00e9gi K\u00f3rh\u00e1z\",\"isPartOf\":{\"@id\":\"https:\/\/spitalmciuc.ro\/#website\"},\"primaryImageOfPage\":{\"@id\":\"https:\/\/spitalmciuc.ro\/szuelesfelkeszito-zoom-beszelgetes\/#primaryimage\"},\"datePublished\":\"2021-03-16T13:04:33+00:00\",\"dateModified\":\"2022-03-02T07:31:23+00:00\",\"breadcrumb\":{\"@id\":\"https:\/\/spitalmciuc.ro\/szuelesfelkeszito-zoom-beszelgetes\/#breadcrumb\"},\"inLanguage\":\"hu\",\"potentialAction\":[{\"@type\":\"ReadAction\",\"target\":[\"https:\/\/spitalmciuc.ro\/szuelesfelkeszito-zoom-beszelgetes\/\"]}]},{\"@type\":\"BreadcrumbList\",\"@id\":\"https:\/\/spitalmciuc.ro\/szuelesfelkeszito-zoom-beszelgetes\/#breadcrumb\",\"itemListElement\":[{\"@type\":\"ListItem\",\"position\":1,\"name\":\"Kezd\u0151lap\",\"item\":\"https:\/\/spitalmciuc.ro\/hu\/\"},{\"@type\":\"ListItem\",\"position\":2,\"name\":\"Sz\u00fcl\u00e9sfelk\u00e9sz\u00edt\u0151 Zoom-besz\u00e9lget\u00e9s\"}]},{\"@type\":\"Article\",\"@id\":\"https:\/\/spitalmciuc.ro\/szuelesfelkeszito-zoom-beszelgetes\/#article\",\"isPartOf\":{\"@id\":\"https:\/\/spitalmciuc.ro\/szuelesfelkeszito-zoom-beszelgetes\/#webpage\"},\"author\":{\"@id\":\"https:\/\/spitalmciuc.ro\/#\/schema\/person\/20ea297ab07e8f4d1689dfe252e34174\"},\"headline\":\"Sz\u00fcl\u00e9sfelk\u00e9sz\u00edt\u0151 Zoom-besz\u00e9lget\u00e9s\",\"datePublished\":\"2021-03-16T13:04:33+00:00\",\"dateModified\":\"2022-03-02T07:31:23+00:00\",\"mainEntityOfPage\":{\"@id\":\"https:\/\/spitalmciuc.ro\/szuelesfelkeszito-zoom-beszelgetes\/#webpage\"},\"wordCount\":369,\"publisher\":{\"@id\":\"https:\/\/spitalmciuc.ro\/#organization\"},\"image\":{\"@id\":\"https:\/\/spitalmciuc.ro\/szuelesfelkeszito-zoom-beszelgetes\/#primaryimage\"},\"thumbnailUrl\":\"https:\/\/spitalmciuc.ro\/wp-content\/uploads\/2021\/03\/Szulesfelkeszito_Facebookcover_2021.03.18.jpg\",\"inLanguage\":\"hu\"},{\"@type\":\"Person\",\"@id\":\"https:\/\/spitalmciuc.ro\/#\/schema\/person\/20ea297ab07e8f4d1689dfe252e34174\",\"name\":\"Milik Szil\u00e1rd\",\"url\":\"https:\/\/spitalmciuc.ro\/hu\/author\/szilard\/\"}]}<\/script>\n<!-- \/ Yoast SEO plugin. -->","yoast_head_json":{"title":"Sz\u00fcl\u00e9sfelk\u00e9sz\u00edt\u0151 Zoom-besz\u00e9lget\u00e9s - Cs\u00edkszeredai Megyei S\u00fcrg\u0151ss\u00e9gi K\u00f3rh\u00e1z","robots":{"index":"index","follow":"follow","max-snippet":"max-snippet:-1","max-image-preview":"max-image-preview:large","max-video-preview":"max-video-preview:-1"},"canonical":"https:\/\/spitalmciuc.ro\/szuelesfelkeszito-zoom-beszelgetes\/","og_locale":"hu_HU","og_type":"article","og_title":"Sz\u00fcl\u00e9sfelk\u00e9sz\u00edt\u0151 Zoom-besz\u00e9lget\u00e9s - Cs\u00edkszeredai Megyei S\u00fcrg\u0151ss\u00e9gi K\u00f3rh\u00e1z","og_description":"&nbsp; Sz\u00fcl\u00e9sfelk\u00e9sz\u00edt\u0151 Zoom-besz\u00e9lget\u00e9st szervez kismam\u00e1k sz\u00e1m\u00e1ra a Hargita Megye Tan\u00e1csa \u00e1ltal m\u0171k\u00f6dtetett Cs\u00edkszeredai Megyei S\u00fcrg\u0151ss\u00e9gi K\u00f3rh\u00e1z, a Cs\u00edki Any\u00e1k Egyes\u00fclet\u00e9vel partners\u00e9gben. &nbsp; A 2021. m\u00e1rcius 18-\u00e1n zajl\u00f3, magyar nyelven 15 \u00f3rakor kezd\u0151d\u0151 besz\u00e9lget\u00e9s keret\u00e9ben a k\u00f3rh\u00e1z sz\u00fcl\u00e9szeti \u00e9s n\u0151gy\u00f3gy\u00e1szati, illetve \u00fajsz\u00fcl\u00f6ttgy\u00f3gy\u00e1szati oszt\u00e1ly\u00e1nak munkat\u00e1rsai ismertetik a kismam\u00e1k sz\u00e1m\u00e1ra a k\u00f3rh\u00e1zi sz\u00fcl\u00e9ssel kapcsolatos tudnival\u00f3kat. Dr. Portik Botond&hellip;","og_url":"https:\/\/spitalmciuc.ro\/szuelesfelkeszito-zoom-beszelgetes\/","og_site_name":"Cs\u00edkszeredai Megyei S\u00fcrg\u0151ss\u00e9gi K\u00f3rh\u00e1z","article_published_time":"2021-03-16T13:04:33+00:00","article_modified_time":"2022-03-02T07:31:23+00:00","og_image":[{"width":801,"height":450,"url":"https:\/\/spitalmciuc.ro\/wp-content\/uploads\/2021\/03\/Szulesfelkeszito_Facebookcover_2021.03.18.jpg","type":"image\/jpeg"}],"twitter_card":"summary_large_image","twitter_misc":{"Szerz\u0151:":"Milik Szil\u00e1rd","Becs\u00fclt olvas\u00e1si id\u0151":"2 perc"},"schema":{"@context":"https:\/\/schema.org","@graph":[{"@type":"Organization","@id":"https:\/\/spitalmciuc.ro\/#organization","name":"Spitalul Jude\u0163ean de Urgen\u0163\u0103 Miercurea Ciuc","url":"https:\/\/spitalmciuc.ro\/","sameAs":[],"logo":{"@type":"ImageObject","@id":"https:\/\/spitalmciuc.ro\/#logo","inLanguage":"hu","url":"https:\/\/spitalmciuc.ro\/wp-content\/uploads\/2022\/02\/logo-spital-ro-60.jpg","contentUrl":"https:\/\/spitalmciuc.ro\/wp-content\/uploads\/2022\/02\/logo-spital-ro-60.jpg","width":198,"height":60,"caption":"Spitalul Jude\u0163ean de Urgen\u0163\u0103 Miercurea Ciuc"},"image":{"@id":"https:\/\/spitalmciuc.ro\/#logo"}},{"@type":"WebSite","@id":"https:\/\/spitalmciuc.ro\/#website","url":"https:\/\/spitalmciuc.ro\/","name":"Cs\u00edkszeredai Megyei S\u00fcrg\u0151ss\u00e9gi K\u00f3rh\u00e1z","description":"","publisher":{"@id":"https:\/\/spitalmciuc.ro\/#organization"},"potentialAction":[{"@type":"SearchAction","target":{"@type":"EntryPoint","urlTemplate":"https:\/\/spitalmciuc.ro\/?s={search_term_string}"},"query-input":"required name=search_term_string"}],"inLanguage":"hu"},{"@type":"ImageObject","@id":"https:\/\/spitalmciuc.ro\/szuelesfelkeszito-zoom-beszelgetes\/#primaryimage","inLanguage":"hu","url":"https:\/\/spitalmciuc.ro\/wp-content\/uploads\/2021\/03\/Szulesfelkeszito_Facebookcover_2021.03.18.jpg","contentUrl":"https:\/\/spitalmciuc.ro\/wp-content\/uploads\/2021\/03\/Szulesfelkeszito_Facebookcover_2021.03.18.jpg","width":801,"height":450},{"@type":"WebPage","@id":"https:\/\/spitalmciuc.ro\/szuelesfelkeszito-zoom-beszelgetes\/#webpage","url":"https:\/\/spitalmciuc.ro\/szuelesfelkeszito-zoom-beszelgetes\/","name":"Sz\u00fcl\u00e9sfelk\u00e9sz\u00edt\u0151 Zoom-besz\u00e9lget\u00e9s - Cs\u00edkszeredai Megyei S\u00fcrg\u0151ss\u00e9gi K\u00f3rh\u00e1z","isPartOf":{"@id":"https:\/\/spitalmciuc.ro\/#website"},"primaryImageOfPage":{"@id":"https:\/\/spitalmciuc.ro\/szuelesfelkeszito-zoom-beszelgetes\/#primaryimage"},"datePublished":"2021-03-16T13:04:33+00:00","dateModified":"2022-03-02T07:31:23+00:00","breadcrumb":{"@id":"https:\/\/spitalmciuc.ro\/szuelesfelkeszito-zoom-beszelgetes\/#breadcrumb"},"inLanguage":"hu","potentialAction":[{"@type":"ReadAction","target":["https:\/\/spitalmciuc.ro\/szuelesfelkeszito-zoom-beszelgetes\/"]}]},{"@type":"BreadcrumbList","@id":"https:\/\/spitalmciuc.ro\/szuelesfelkeszito-zoom-beszelgetes\/#breadcrumb","itemListElement":[{"@type":"ListItem","position":1,"name":"Kezd\u0151lap","item":"https:\/\/spitalmciuc.ro\/hu\/"},{"@type":"ListItem","position":2,"name":"Sz\u00fcl\u00e9sfelk\u00e9sz\u00edt\u0151 Zoom-besz\u00e9lget\u00e9s"}]},{"@type":"Article","@id":"https:\/\/spitalmciuc.ro\/szuelesfelkeszito-zoom-beszelgetes\/#article","isPartOf":{"@id":"https:\/\/spitalmciuc.ro\/szuelesfelkeszito-zoom-beszelgetes\/#webpage"},"author":{"@id":"https:\/\/spitalmciuc.ro\/#\/schema\/person\/20ea297ab07e8f4d1689dfe252e34174"},"headline":"Sz\u00fcl\u00e9sfelk\u00e9sz\u00edt\u0151 Zoom-besz\u00e9lget\u00e9s","datePublished":"2021-03-16T13:04:33+00:00","dateModified":"2022-03-02T07:31:23+00:00","mainEntityOfPage":{"@id":"https:\/\/spitalmciuc.ro\/szuelesfelkeszito-zoom-beszelgetes\/#webpage"},"wordCount":369,"publisher":{"@id":"https:\/\/spitalmciuc.ro\/#organization"},"image":{"@id":"https:\/\/spitalmciuc.ro\/szuelesfelkeszito-zoom-beszelgetes\/#primaryimage"},"thumbnailUrl":"https:\/\/spitalmciuc.ro\/wp-content\/uploads\/2021\/03\/Szulesfelkeszito_Facebookcover_2021.03.18.jpg","inLanguage":"hu"},{"@type":"Person","@id":"https:\/\/spitalmciuc.ro\/#\/schema\/person\/20ea297ab07e8f4d1689dfe252e34174","name":"Milik Szil\u00e1rd","url":"https:\/\/spitalmciuc.ro\/hu\/author\/szilard\/"}]}},"_links":{"self":[{"href":"https:\/\/spitalmciuc.ro\/hu\/wp-json\/wp\/v2\/posts\/5896"}],"collection":[{"href":"https:\/\/spitalmciuc.ro\/hu\/wp-json\/wp\/v2\/posts"}],"about":[{"href":"https:\/\/spitalmciuc.ro\/hu\/wp-json\/wp\/v2\/types\/post"}],"author":[{"embeddable":true,"href":"https:\/\/spitalmciuc.ro\/hu\/wp-json\/wp\/v2\/users\/11"}],"replies":[{"embeddable":true,"href":"https:\/\/spitalmciuc.ro\/hu\/wp-json\/wp\/v2\/comments?post=5896"}],"version-history":[{"count":1,"href":"https:\/\/spitalmciuc.ro\/hu\/wp-json\/wp\/v2\/posts\/5896\/revisions"}],"predecessor-version":[{"id":6427,"href":"https:\/\/spitalmciuc.ro\/hu\/wp-json\/wp\/v2\/posts\/5896\/revisions\/6427"}],"wp:featuredmedia":[{"embeddable":true,"href":"https:\/\/spitalmciuc.ro\/hu\/wp-json\/wp\/v2\/media\/2546"}],"wp:attachment":[{"href":"https:\/\/spitalmciuc.ro\/hu\/wp-json\/wp\/v2\/media?parent=5896"}],"wp:term":[{"taxonomy":"category","embeddable":true,"href":"https:\/\/spitalmciuc.ro\/hu\/wp-json\/wp\/v2\/categories?post=5896"},{"taxonomy":"post_tag","embeddable":true,"href":"https:\/\/spitalmciuc.ro\/hu\/wp-json\/wp\/v2\/tags?post=5896"}],"curies":[{"name":"wp","href":"https:\/\/api.w.org\/{rel}","templated":true}]}}