{"id":5894,"date":"2021-03-11T11:40:25","date_gmt":"2021-03-11T11:40:25","guid":{"rendered":"https:\/\/spital.creative-solutions.ro\/index.php\/valtozik-a-paciensek-beutalas-elotti-tesztelese\/"},"modified":"2022-03-02T07:26:00","modified_gmt":"2022-03-02T07:26:00","slug":"valtozik-a-paciensek-beutalas-elotti-tesztelese","status":"publish","type":"post","link":"https:\/\/spitalmciuc.ro\/hu\/valtozik-a-paciensek-beutalas-elotti-tesztelese\/","title":{"rendered":"V\u00e1ltozik a p\u00e1ciensek beutal\u00e1s el\u0151tti tesztel\u00e9se"},"content":{"rendered":"<p style=\"text-align: justify;\">&nbsp;<\/p>\n<p style=\"text-align: justify;\"><strong>\u00daj szab\u00e1lyok l\u00e9pnek \u00e9letbe a beutal\u00e1sra v\u00e1r\u00f3 p\u00e1ciensek tesztel\u00e9s\u00e9t illet\u0151en a Cs\u00edkszeredai Megyei S\u00fcrg\u0151ss\u00e9gi K\u00f3rh\u00e1zban m\u00e1rcius 15-t\u0151l. A betegek \u00e9s a szem\u00e9lyzet v\u00e9delm\u00e9ben tov\u00e1bbra is tesztet v\u00e9gz\u00fcnk beutal\u00e1s el\u0151tt a p\u00e1ciensek sz\u00e1m\u00e1ra, az eddig PCR-teszt helyett viszont az antig\u00e9n alap\u00fa gyorstesztet. &nbsp;&nbsp;&nbsp;&nbsp;&nbsp;&nbsp;<\/strong><\/p>\n<p style=\"text-align: justify;\">Az elm\u00falt h\u00f3napokban saj\u00e1t k\u00f6lts\u00e9g\u00e9n minden beutalt beteg sz\u00e1m\u00e1ra elv\u00e9gezte a k\u00f3rh\u00e1z a PCR koronav\u00edrus-tesztet, annak \u00e9rdek\u00e9ben, hogy megel\u0151zz\u00fck a koronav\u00edrus-fert\u0151z\u00e9s behurcol\u00e1s\u00e1t a k\u00f3rh\u00e1zi oszt\u00e1lyokra. A tesztel\u00e9s c\u00e9lja az is, hogy a k\u00f3rh\u00e1z bet\u00f6lthesse megyei s\u00fcrg\u0151ss\u00e9gi k\u00f3rh\u00e1zi szerep\u00e9t, fogadhassa folyamatosan, a j\u00e1rv\u00e1ny alatt is a betegeket.<\/p>\n<p style=\"text-align: justify;\"><img decoding=\"async\" loading=\"lazy\" class=\" size-full wp-image-2541\" src=\"https:\/\/spitalmciuc.ro\/wp-content\/uploads\/2021\/03\/mintavetelirendelo.jpg\" alt=\"mintavetelirendelo\" width=\"800\" height=\"600\" srcset=\"https:\/\/spitalmciuc.ro\/wp-content\/uploads\/2021\/03\/mintavetelirendelo.jpg 1600w, https:\/\/spitalmciuc.ro\/wp-content\/uploads\/2021\/03\/mintavetelirendelo-300x225.jpg 300w, https:\/\/spitalmciuc.ro\/wp-content\/uploads\/2021\/03\/mintavetelirendelo-1024x768.jpg 1024w, https:\/\/spitalmciuc.ro\/wp-content\/uploads\/2021\/03\/mintavetelirendelo-768x576.jpg 768w, https:\/\/spitalmciuc.ro\/wp-content\/uploads\/2021\/03\/mintavetelirendelo-1536x1152.jpg 1536w\" sizes=\"(max-width: 800px) 100vw, 800px\" \/><\/p>\n<p style=\"text-align: justify;\">A helyi j\u00e1rv\u00e1ny\u00fcgyi helyzet alakul\u00e1sa \u00e9s az \u00faj koronav\u00edrusos megbeteged\u00e9sek megel\u0151z\u00e9s\u00e9re vonatkoz\u00f3 metodol\u00f3gi\u00e1ra alapozva a k\u00f3rh\u00e1z most \u00faj szab\u00e1lyokat vezet be a tesztel\u00e9sre vonatkoz\u00f3an. B\u00e1r a metodol\u00f3gia nem teszi k\u00f6telez\u0151v\u00e9, a betegek \u00e9s a szem\u00e9lyzet biztons\u00e1ga \u00e9rdek\u00e9ben tov\u00e1bbra is tesztelj\u00fck a beutal\u00e1sra ker\u00fcl\u0151 betegeket, az eddigi PCR-tesztek helyett azonban az antig\u00e9n alap\u00fa gyorstesztekre t\u00e9r\u00fcnk \u00e1t.<\/p>\n<p style=\"text-align: justify;\">A k\u00f3rh\u00e1z f\u0151\u00e9p\u00fclet\u00e9be beutal\u00e1sra program\u00e1lt, kr\u00f3nikus betegek sz\u00e1m\u00e1ra a f\u00f6ldszinten l\u00e9v\u0151 mintav\u00e9teli rendel\u0151ben naponta 7,30 \u00e9s 9 \u00f3ra k\u00f6z\u00f6tt v\u00e9gezz\u00fck a teszteket. Ezekre lehet jelentkezni egy nappal a beutal\u00e1s el\u0151tt is, 17 \u00e9s 18 \u00f3ra k\u00f6z\u00f6tt. A k\u00f3rh\u00e1z k\u00fcls\u0151 \u00e9p\u00fcleteiben m\u0171k\u00f6d\u0151 oszt\u00e1lyokon a j\u00e1r\u00f3betegrendel\u0151kben v\u00e9gzik el a tesztel\u00e9st. A teszteredm\u00e9nyt a betegek negyed\u00f3ra elm\u00falt\u00e1val k\u00e9zbe kapj\u00e1k.<\/p>\n<p style=\"text-align: justify;\">Nem kell r\u00e9szt vegyenek a teszten azok, akik t\u00fcnetmentesek \u00e9s be vannak oltva koronav\u00edrus ellen, a m\u00e1sodik, eml\u00e9keztet\u0151 olt\u00e1s megkap\u00e1sa \u00f3ta pedig legal\u00e1bb t\u00edz nap eltelt.<\/p>\n<p style=\"text-align: justify;\">Tov\u00e1bbra is PCR-tesztet v\u00e9gz\u00fcnk az onkol\u00f3giai p\u00e1cienseknek, tov\u00e1bb\u00e1 a dializ\u00e1lt \u00e9s immunszuprim\u00e1lt betegeknek. Haszn\u00e1lja ugyanakkor a k\u00f3rh\u00e1z a PCR-teszteket tov\u00e1bbra is azokban az esetekben, amikor a gyorsteszt eredm\u00e9nye \u00e9s a t\u00fcnetek ezt indokoltt\u00e1 teszik. &nbsp;&nbsp;&nbsp;&nbsp;<\/p>\n<p style=\"text-align: justify;\">Fizet\u00e9s ellen\u00e9ben, k\u00e9r\u00e9sre tov\u00e1bbra is zajlik a PCR-tesztek elv\u00e9gz\u00e9se a k\u00f3rh\u00e1zban, naponta 9,30 \u00e9s 10,30 \u00f3r\u00e1k k\u00f6z\u00f6tt, az el\u0151zetes program\u00e1l\u00e1s szerint. K\u00e9rj\u00fck a tesztre \u00e9rkez\u0151ket, hogy csak a megadott id\u0151ben j\u00f6jjenek a k\u00f3rh\u00e1zba. Bejelentkezni h\u00e9tk\u00f6znap, 8-15 \u00f3ra k\u00f6z\u00f6tt lehets\u00e9ges a 0372 661 291-es \u00e9s a 0742 214951-es telefonsz\u00e1mokon. &nbsp;&nbsp;<\/p>\n<p style=\"text-align: justify;\">A szem\u00e9lyzet sz\u00e1m\u00e1ra munk\u00e1ba \u00e1ll\u00e1skor tov\u00e1bbra is tri\u00e1zs zajlik. A k\u00f3rh\u00e1z ter\u00fclet\u00e9n tov\u00e1bbra is k\u00f6telez\u0151 a v\u00e9d\u0151maszk viselete a szem\u00e9lyzet \u00e9s a p\u00e1ciensek sz\u00e1m\u00e1ra egyar\u00e1nt. A betegl\u00e1togat\u00e1s tov\u00e1bbra is fel van f\u00fcggesztve.<\/p>\n<p style=\"text-align: justify;\">Cs\u00edkszereda, 2021.03.11<\/p>\n","protected":false},"excerpt":{"rendered":"<p>&nbsp; \u00daj szab\u00e1lyok l\u00e9pnek \u00e9letbe a beutal\u00e1sra v\u00e1r\u00f3 p\u00e1ciensek tesztel\u00e9s\u00e9t illet\u0151en a Cs\u00edkszeredai Megyei S\u00fcrg\u0151ss\u00e9gi K\u00f3rh\u00e1zban m\u00e1rcius 15-t\u0151l. A betegek \u00e9s a szem\u00e9lyzet v\u00e9delm\u00e9ben tov\u00e1bbra is tesztet v\u00e9gz\u00fcnk beutal\u00e1s el\u0151tt a p\u00e1ciensek sz\u00e1m\u00e1ra, az eddig PCR-teszt helyett viszont az antig\u00e9n alap\u00fa gyorstesztet. &nbsp;&nbsp;&nbsp;&nbsp;&nbsp;&nbsp; Az elm\u00falt h\u00f3napokban saj\u00e1t k\u00f6lts\u00e9g\u00e9n minden beutalt beteg sz\u00e1m\u00e1ra elv\u00e9gezte a k\u00f3rh\u00e1z&hellip;<\/p>\n","protected":false},"author":11,"featured_media":2541,"comment_status":"closed","ping_status":"closed","sticky":false,"template":"","format":"standard","meta":[],"categories":[],"tags":[],"yoast_head":"<!-- This site is optimized with the Yoast SEO plugin v18.3 - https:\/\/yoast.com\/wordpress\/plugins\/seo\/ -->\n<title>V\u00e1ltozik a p\u00e1ciensek beutal\u00e1s el\u0151tti tesztel\u00e9se - Cs\u00edkszeredai Megyei S\u00fcrg\u0151ss\u00e9gi K\u00f3rh\u00e1z<\/title>\n<meta name=\"robots\" content=\"index, follow, max-snippet:-1, max-image-preview:large, max-video-preview:-1\" \/>\n<link rel=\"canonical\" href=\"https:\/\/spitalmciuc.ro\/valtozik-a-paciensek-beutalas-elotti-tesztelese\/\" \/>\n<meta property=\"og:locale\" content=\"hu_HU\" \/>\n<meta property=\"og:type\" content=\"article\" \/>\n<meta property=\"og:title\" content=\"V\u00e1ltozik a p\u00e1ciensek beutal\u00e1s el\u0151tti tesztel\u00e9se - Cs\u00edkszeredai Megyei S\u00fcrg\u0151ss\u00e9gi K\u00f3rh\u00e1z\" \/>\n<meta property=\"og:description\" content=\"&nbsp; \u00daj szab\u00e1lyok l\u00e9pnek \u00e9letbe a beutal\u00e1sra v\u00e1r\u00f3 p\u00e1ciensek tesztel\u00e9s\u00e9t illet\u0151en a Cs\u00edkszeredai Megyei S\u00fcrg\u0151ss\u00e9gi K\u00f3rh\u00e1zban m\u00e1rcius 15-t\u0151l. A betegek \u00e9s a szem\u00e9lyzet v\u00e9delm\u00e9ben tov\u00e1bbra is tesztet v\u00e9gz\u00fcnk beutal\u00e1s el\u0151tt a p\u00e1ciensek sz\u00e1m\u00e1ra, az eddig PCR-teszt helyett viszont az antig\u00e9n alap\u00fa gyorstesztet. &nbsp;&nbsp;&nbsp;&nbsp;&nbsp;&nbsp; Az elm\u00falt h\u00f3napokban saj\u00e1t k\u00f6lts\u00e9g\u00e9n minden beutalt beteg sz\u00e1m\u00e1ra elv\u00e9gezte a k\u00f3rh\u00e1z&hellip;\" \/>\n<meta property=\"og:url\" content=\"https:\/\/spitalmciuc.ro\/valtozik-a-paciensek-beutalas-elotti-tesztelese\/\" \/>\n<meta property=\"og:site_name\" content=\"Cs\u00edkszeredai Megyei S\u00fcrg\u0151ss\u00e9gi K\u00f3rh\u00e1z\" \/>\n<meta property=\"article:published_time\" content=\"2021-03-11T11:40:25+00:00\" \/>\n<meta property=\"article:modified_time\" content=\"2022-03-02T07:26:00+00:00\" \/>\n<meta property=\"og:image\" content=\"https:\/\/spitalmciuc.ro\/wp-content\/uploads\/2021\/03\/mintavetelirendelo.jpg\" \/>\n\t<meta property=\"og:image:width\" content=\"1600\" \/>\n\t<meta property=\"og:image:height\" content=\"1200\" \/>\n\t<meta property=\"og:image:type\" content=\"image\/jpeg\" \/>\n<meta name=\"twitter:card\" content=\"summary_large_image\" \/>\n<meta name=\"twitter:label1\" content=\"Szerz\u0151:\" \/>\n\t<meta name=\"twitter:data1\" content=\"Milik Szil\u00e1rd\" \/>\n\t<meta name=\"twitter:label2\" content=\"Becs\u00fclt olvas\u00e1si id\u0151\" \/>\n\t<meta name=\"twitter:data2\" content=\"3 perc\" \/>\n<script type=\"application\/ld+json\" class=\"yoast-schema-graph\">{\"@context\":\"https:\/\/schema.org\",\"@graph\":[{\"@type\":\"Organization\",\"@id\":\"https:\/\/spitalmciuc.ro\/#organization\",\"name\":\"Spitalul Jude\u0163ean de Urgen\u0163\u0103 Miercurea Ciuc\",\"url\":\"https:\/\/spitalmciuc.ro\/\",\"sameAs\":[],\"logo\":{\"@type\":\"ImageObject\",\"@id\":\"https:\/\/spitalmciuc.ro\/#logo\",\"inLanguage\":\"hu\",\"url\":\"https:\/\/spitalmciuc.ro\/wp-content\/uploads\/2022\/02\/logo-spital-ro-60.jpg\",\"contentUrl\":\"https:\/\/spitalmciuc.ro\/wp-content\/uploads\/2022\/02\/logo-spital-ro-60.jpg\",\"width\":198,\"height\":60,\"caption\":\"Spitalul Jude\u0163ean de Urgen\u0163\u0103 Miercurea Ciuc\"},\"image\":{\"@id\":\"https:\/\/spitalmciuc.ro\/#logo\"}},{\"@type\":\"WebSite\",\"@id\":\"https:\/\/spitalmciuc.ro\/#website\",\"url\":\"https:\/\/spitalmciuc.ro\/\",\"name\":\"Cs\u00edkszeredai Megyei S\u00fcrg\u0151ss\u00e9gi K\u00f3rh\u00e1z\",\"description\":\"\",\"publisher\":{\"@id\":\"https:\/\/spitalmciuc.ro\/#organization\"},\"potentialAction\":[{\"@type\":\"SearchAction\",\"target\":{\"@type\":\"EntryPoint\",\"urlTemplate\":\"https:\/\/spitalmciuc.ro\/?s={search_term_string}\"},\"query-input\":\"required name=search_term_string\"}],\"inLanguage\":\"hu\"},{\"@type\":\"ImageObject\",\"@id\":\"https:\/\/spitalmciuc.ro\/valtozik-a-paciensek-beutalas-elotti-tesztelese\/#primaryimage\",\"inLanguage\":\"hu\",\"url\":\"https:\/\/spitalmciuc.ro\/wp-content\/uploads\/2021\/03\/mintavetelirendelo.jpg\",\"contentUrl\":\"https:\/\/spitalmciuc.ro\/wp-content\/uploads\/2021\/03\/mintavetelirendelo.jpg\",\"width\":1600,\"height\":1200},{\"@type\":\"WebPage\",\"@id\":\"https:\/\/spitalmciuc.ro\/valtozik-a-paciensek-beutalas-elotti-tesztelese\/#webpage\",\"url\":\"https:\/\/spitalmciuc.ro\/valtozik-a-paciensek-beutalas-elotti-tesztelese\/\",\"name\":\"V\u00e1ltozik a p\u00e1ciensek beutal\u00e1s el\u0151tti tesztel\u00e9se - Cs\u00edkszeredai Megyei S\u00fcrg\u0151ss\u00e9gi K\u00f3rh\u00e1z\",\"isPartOf\":{\"@id\":\"https:\/\/spitalmciuc.ro\/#website\"},\"primaryImageOfPage\":{\"@id\":\"https:\/\/spitalmciuc.ro\/valtozik-a-paciensek-beutalas-elotti-tesztelese\/#primaryimage\"},\"datePublished\":\"2021-03-11T11:40:25+00:00\",\"dateModified\":\"2022-03-02T07:26:00+00:00\",\"breadcrumb\":{\"@id\":\"https:\/\/spitalmciuc.ro\/valtozik-a-paciensek-beutalas-elotti-tesztelese\/#breadcrumb\"},\"inLanguage\":\"hu\",\"potentialAction\":[{\"@type\":\"ReadAction\",\"target\":[\"https:\/\/spitalmciuc.ro\/valtozik-a-paciensek-beutalas-elotti-tesztelese\/\"]}]},{\"@type\":\"BreadcrumbList\",\"@id\":\"https:\/\/spitalmciuc.ro\/valtozik-a-paciensek-beutalas-elotti-tesztelese\/#breadcrumb\",\"itemListElement\":[{\"@type\":\"ListItem\",\"position\":1,\"name\":\"Kezd\u0151lap\",\"item\":\"https:\/\/spitalmciuc.ro\/hu\/\"},{\"@type\":\"ListItem\",\"position\":2,\"name\":\"V\u00e1ltozik a p\u00e1ciensek beutal\u00e1s el\u0151tti tesztel\u00e9se\"}]},{\"@type\":\"Article\",\"@id\":\"https:\/\/spitalmciuc.ro\/valtozik-a-paciensek-beutalas-elotti-tesztelese\/#article\",\"isPartOf\":{\"@id\":\"https:\/\/spitalmciuc.ro\/valtozik-a-paciensek-beutalas-elotti-tesztelese\/#webpage\"},\"author\":{\"@id\":\"https:\/\/spitalmciuc.ro\/#\/schema\/person\/20ea297ab07e8f4d1689dfe252e34174\"},\"headline\":\"V\u00e1ltozik a p\u00e1ciensek beutal\u00e1s el\u0151tti tesztel\u00e9se\",\"datePublished\":\"2021-03-11T11:40:25+00:00\",\"dateModified\":\"2022-03-02T07:26:00+00:00\",\"mainEntityOfPage\":{\"@id\":\"https:\/\/spitalmciuc.ro\/valtozik-a-paciensek-beutalas-elotti-tesztelese\/#webpage\"},\"wordCount\":564,\"publisher\":{\"@id\":\"https:\/\/spitalmciuc.ro\/#organization\"},\"image\":{\"@id\":\"https:\/\/spitalmciuc.ro\/valtozik-a-paciensek-beutalas-elotti-tesztelese\/#primaryimage\"},\"thumbnailUrl\":\"https:\/\/spitalmciuc.ro\/wp-content\/uploads\/2021\/03\/mintavetelirendelo.jpg\",\"inLanguage\":\"hu\"},{\"@type\":\"Person\",\"@id\":\"https:\/\/spitalmciuc.ro\/#\/schema\/person\/20ea297ab07e8f4d1689dfe252e34174\",\"name\":\"Milik Szil\u00e1rd\",\"url\":\"https:\/\/spitalmciuc.ro\/hu\/author\/szilard\/\"}]}<\/script>\n<!-- \/ Yoast SEO plugin. -->","yoast_head_json":{"title":"V\u00e1ltozik a p\u00e1ciensek beutal\u00e1s el\u0151tti tesztel\u00e9se - Cs\u00edkszeredai Megyei S\u00fcrg\u0151ss\u00e9gi K\u00f3rh\u00e1z","robots":{"index":"index","follow":"follow","max-snippet":"max-snippet:-1","max-image-preview":"max-image-preview:large","max-video-preview":"max-video-preview:-1"},"canonical":"https:\/\/spitalmciuc.ro\/valtozik-a-paciensek-beutalas-elotti-tesztelese\/","og_locale":"hu_HU","og_type":"article","og_title":"V\u00e1ltozik a p\u00e1ciensek beutal\u00e1s el\u0151tti tesztel\u00e9se - Cs\u00edkszeredai Megyei S\u00fcrg\u0151ss\u00e9gi K\u00f3rh\u00e1z","og_description":"&nbsp; \u00daj szab\u00e1lyok l\u00e9pnek \u00e9letbe a beutal\u00e1sra v\u00e1r\u00f3 p\u00e1ciensek tesztel\u00e9s\u00e9t illet\u0151en a Cs\u00edkszeredai Megyei S\u00fcrg\u0151ss\u00e9gi K\u00f3rh\u00e1zban m\u00e1rcius 15-t\u0151l. A betegek \u00e9s a szem\u00e9lyzet v\u00e9delm\u00e9ben tov\u00e1bbra is tesztet v\u00e9gz\u00fcnk beutal\u00e1s el\u0151tt a p\u00e1ciensek sz\u00e1m\u00e1ra, az eddig PCR-teszt helyett viszont az antig\u00e9n alap\u00fa gyorstesztet. &nbsp;&nbsp;&nbsp;&nbsp;&nbsp;&nbsp; Az elm\u00falt h\u00f3napokban saj\u00e1t k\u00f6lts\u00e9g\u00e9n minden beutalt beteg sz\u00e1m\u00e1ra elv\u00e9gezte a k\u00f3rh\u00e1z&hellip;","og_url":"https:\/\/spitalmciuc.ro\/valtozik-a-paciensek-beutalas-elotti-tesztelese\/","og_site_name":"Cs\u00edkszeredai Megyei S\u00fcrg\u0151ss\u00e9gi K\u00f3rh\u00e1z","article_published_time":"2021-03-11T11:40:25+00:00","article_modified_time":"2022-03-02T07:26:00+00:00","og_image":[{"width":1600,"height":1200,"url":"https:\/\/spitalmciuc.ro\/wp-content\/uploads\/2021\/03\/mintavetelirendelo.jpg","type":"image\/jpeg"}],"twitter_card":"summary_large_image","twitter_misc":{"Szerz\u0151:":"Milik Szil\u00e1rd","Becs\u00fclt olvas\u00e1si id\u0151":"3 perc"},"schema":{"@context":"https:\/\/schema.org","@graph":[{"@type":"Organization","@id":"https:\/\/spitalmciuc.ro\/#organization","name":"Spitalul Jude\u0163ean de Urgen\u0163\u0103 Miercurea Ciuc","url":"https:\/\/spitalmciuc.ro\/","sameAs":[],"logo":{"@type":"ImageObject","@id":"https:\/\/spitalmciuc.ro\/#logo","inLanguage":"hu","url":"https:\/\/spitalmciuc.ro\/wp-content\/uploads\/2022\/02\/logo-spital-ro-60.jpg","contentUrl":"https:\/\/spitalmciuc.ro\/wp-content\/uploads\/2022\/02\/logo-spital-ro-60.jpg","width":198,"height":60,"caption":"Spitalul Jude\u0163ean de Urgen\u0163\u0103 Miercurea Ciuc"},"image":{"@id":"https:\/\/spitalmciuc.ro\/#logo"}},{"@type":"WebSite","@id":"https:\/\/spitalmciuc.ro\/#website","url":"https:\/\/spitalmciuc.ro\/","name":"Cs\u00edkszeredai Megyei S\u00fcrg\u0151ss\u00e9gi K\u00f3rh\u00e1z","description":"","publisher":{"@id":"https:\/\/spitalmciuc.ro\/#organization"},"potentialAction":[{"@type":"SearchAction","target":{"@type":"EntryPoint","urlTemplate":"https:\/\/spitalmciuc.ro\/?s={search_term_string}"},"query-input":"required name=search_term_string"}],"inLanguage":"hu"},{"@type":"ImageObject","@id":"https:\/\/spitalmciuc.ro\/valtozik-a-paciensek-beutalas-elotti-tesztelese\/#primaryimage","inLanguage":"hu","url":"https:\/\/spitalmciuc.ro\/wp-content\/uploads\/2021\/03\/mintavetelirendelo.jpg","contentUrl":"https:\/\/spitalmciuc.ro\/wp-content\/uploads\/2021\/03\/mintavetelirendelo.jpg","width":1600,"height":1200},{"@type":"WebPage","@id":"https:\/\/spitalmciuc.ro\/valtozik-a-paciensek-beutalas-elotti-tesztelese\/#webpage","url":"https:\/\/spitalmciuc.ro\/valtozik-a-paciensek-beutalas-elotti-tesztelese\/","name":"V\u00e1ltozik a p\u00e1ciensek beutal\u00e1s el\u0151tti tesztel\u00e9se - Cs\u00edkszeredai Megyei S\u00fcrg\u0151ss\u00e9gi K\u00f3rh\u00e1z","isPartOf":{"@id":"https:\/\/spitalmciuc.ro\/#website"},"primaryImageOfPage":{"@id":"https:\/\/spitalmciuc.ro\/valtozik-a-paciensek-beutalas-elotti-tesztelese\/#primaryimage"},"datePublished":"2021-03-11T11:40:25+00:00","dateModified":"2022-03-02T07:26:00+00:00","breadcrumb":{"@id":"https:\/\/spitalmciuc.ro\/valtozik-a-paciensek-beutalas-elotti-tesztelese\/#breadcrumb"},"inLanguage":"hu","potentialAction":[{"@type":"ReadAction","target":["https:\/\/spitalmciuc.ro\/valtozik-a-paciensek-beutalas-elotti-tesztelese\/"]}]},{"@type":"BreadcrumbList","@id":"https:\/\/spitalmciuc.ro\/valtozik-a-paciensek-beutalas-elotti-tesztelese\/#breadcrumb","itemListElement":[{"@type":"ListItem","position":1,"name":"Kezd\u0151lap","item":"https:\/\/spitalmciuc.ro\/hu\/"},{"@type":"ListItem","position":2,"name":"V\u00e1ltozik a p\u00e1ciensek beutal\u00e1s el\u0151tti tesztel\u00e9se"}]},{"@type":"Article","@id":"https:\/\/spitalmciuc.ro\/valtozik-a-paciensek-beutalas-elotti-tesztelese\/#article","isPartOf":{"@id":"https:\/\/spitalmciuc.ro\/valtozik-a-paciensek-beutalas-elotti-tesztelese\/#webpage"},"author":{"@id":"https:\/\/spitalmciuc.ro\/#\/schema\/person\/20ea297ab07e8f4d1689dfe252e34174"},"headline":"V\u00e1ltozik a p\u00e1ciensek beutal\u00e1s el\u0151tti tesztel\u00e9se","datePublished":"2021-03-11T11:40:25+00:00","dateModified":"2022-03-02T07:26:00+00:00","mainEntityOfPage":{"@id":"https:\/\/spitalmciuc.ro\/valtozik-a-paciensek-beutalas-elotti-tesztelese\/#webpage"},"wordCount":564,"publisher":{"@id":"https:\/\/spitalmciuc.ro\/#organization"},"image":{"@id":"https:\/\/spitalmciuc.ro\/valtozik-a-paciensek-beutalas-elotti-tesztelese\/#primaryimage"},"thumbnailUrl":"https:\/\/spitalmciuc.ro\/wp-content\/uploads\/2021\/03\/mintavetelirendelo.jpg","inLanguage":"hu"},{"@type":"Person","@id":"https:\/\/spitalmciuc.ro\/#\/schema\/person\/20ea297ab07e8f4d1689dfe252e34174","name":"Milik Szil\u00e1rd","url":"https:\/\/spitalmciuc.ro\/hu\/author\/szilard\/"}]}},"_links":{"self":[{"href":"https:\/\/spitalmciuc.ro\/hu\/wp-json\/wp\/v2\/posts\/5894"}],"collection":[{"href":"https:\/\/spitalmciuc.ro\/hu\/wp-json\/wp\/v2\/posts"}],"about":[{"href":"https:\/\/spitalmciuc.ro\/hu\/wp-json\/wp\/v2\/types\/post"}],"author":[{"embeddable":true,"href":"https:\/\/spitalmciuc.ro\/hu\/wp-json\/wp\/v2\/users\/11"}],"replies":[{"embeddable":true,"href":"https:\/\/spitalmciuc.ro\/hu\/wp-json\/wp\/v2\/comments?post=5894"}],"version-history":[{"count":1,"href":"https:\/\/spitalmciuc.ro\/hu\/wp-json\/wp\/v2\/posts\/5894\/revisions"}],"predecessor-version":[{"id":6291,"href":"https:\/\/spitalmciuc.ro\/hu\/wp-json\/wp\/v2\/posts\/5894\/revisions\/6291"}],"wp:featuredmedia":[{"embeddable":true,"href":"https:\/\/spitalmciuc.ro\/hu\/wp-json\/wp\/v2\/media\/2541"}],"wp:attachment":[{"href":"https:\/\/spitalmciuc.ro\/hu\/wp-json\/wp\/v2\/media?parent=5894"}],"wp:term":[{"taxonomy":"category","embeddable":true,"href":"https:\/\/spitalmciuc.ro\/hu\/wp-json\/wp\/v2\/categories?post=5894"},{"taxonomy":"post_tag","embeddable":true,"href":"https:\/\/spitalmciuc.ro\/hu\/wp-json\/wp\/v2\/tags?post=5894"}],"curies":[{"name":"wp","href":"https:\/\/api.w.org\/{rel}","templated":true}]}}