{"id":5853,"date":"2021-02-22T12:48:26","date_gmt":"2021-02-22T12:48:26","guid":{"rendered":"https:\/\/spital.creative-solutions.ro\/index.php\/versenyvizsga-apolasi-igazgatoi-allas-betoeltesere\/"},"modified":"2022-03-02T07:26:04","modified_gmt":"2022-03-02T07:26:04","slug":"versenyvizsga-apolasi-igazgatoi-allas-betoeltesere","status":"publish","type":"post","link":"https:\/\/spitalmciuc.ro\/hu\/versenyvizsga-apolasi-igazgatoi-allas-betoeltesere\/","title":{"rendered":"Versenyvizsga \u00e1pol\u00e1si igazgat\u00f3i \u00e1ll\u00e1s bet\u00f6lt\u00e9s\u00e9re"},"content":{"rendered":"<p style=\"text-align: justify;\">&nbsp;<\/p>\n<p style=\"text-align: justify;\">A 2006\/95 sz\u00e1m\u00fa, m\u00f3dos\u00edtott \u00e9s kieg\u00e9sz\u00edtett t\u00f6rv\u00e9ny alapj\u00e1n \u00e9s az Eg\u00e9szs\u00e9g\u00fcgyi Miniszt\u00e9rium 2007\/284 sz\u00e1m\u00fa, a 954\/2017-es sz\u00e1m\u00fa rendelettel m\u00f3dos\u00edtott rendelete szerint a Cs\u00edkszeredai Megyei S\u00fcrg\u0151ss\u00e9gi K\u00f3rh\u00e1z versenyvizsg\u00e1t szervez egy \u00e1pol\u00e1si igazgat\u00f3i \u00e1ll\u00e1s bet\u00f6lt\u00e9s\u00e9re.<\/p>\n<p style=\"text-align: justify;\">A versenyvizsg\u00e1n azok a szem\u00e9lyek vehetnek r\u00e9szt, akik egyidej\u0171leg teljes\u00edtik az al\u00e1bbi felt\u00e9teleket:<\/p>\n<p style=\"text-align: justify;\"><strong>\u00c1ltal\u00e1nos felt\u00e9telek:<\/strong><\/p>\n<ul style=\"text-align: justify;\">\n<li>rom\u00e1niai \u00e1lland\u00f3 lakhely;<\/li>\n<li>a p\u00e1ly\u00e1z\u00f3 nem volt v\u00e9glegesen el\u00edt\u00e9lve az emberis\u00e9g ellen elk\u00f6vetett, az \u00e1llam vagy hivatalos szervek elleni, szolg\u00e1lati vagy szolg\u00e1lattal kapcsolatos, az igazs\u00e1g\u00fcgyi elj\u00e1r\u00e1sok megakad\u00e1lyoz\u00e1sa, csal\u00e1s, korrupci\u00f3s b\u0171ncselekedetek sz\u00e1nd\u00e9kos elk\u00f6vet\u00e9se miatt, ami \u00f6sszef\u00e9rhetetlen lenne az \u00e1ll\u00e1sa gyakorl\u00e1s\u00e1val, kiv\u00e9ve azt az esetet, ha rehabilit\u00e1ci\u00f3ban r\u00e9szes\u00fclt;<\/li>\n<li>a p\u00e1ly\u00e1z\u00f3 eg\u00e9szs\u00e9gi \u00e1llapota megfelel\u0151 a megp\u00e1ly\u00e1zott \u00e1ll\u00e1s bet\u00f6lt\u00e9s\u00e9re, amit a csal\u00e1dorvos vagy egy illet\u00e9kes munkaorvos \u00e1ltal ki\u00e1ll\u00edtott orvosi bizony\u00edtv\u00e1nnyal tud igazolni;<\/li>\n<li>nem \u00e9rte el a t\u00f6rv\u00e9ny \u00e1ltal meghat\u00e1rozott nyugd\u00edjkorhat\u00e1rt;<\/li>\n<\/ul>\n<p style=\"text-align: justify;\"><strong>Saj\u00e1tos felt\u00e9telek:<\/strong><\/p>\n<ul style=\"text-align: justify;\">\n<li>\u00e1ltal\u00e1nos orvosi f\u0151asszisztens;<\/li>\n<li>legkevesebb k\u00e9t \u00e9v szakmai r\u00e9gis\u00e9g, mint \u00e1ltal\u00e1nos orvosi f\u0151asszisztens;<\/li>\n<li>hossz\u00fat\u00e1v\u00fa vagy r\u00f6vidt\u00e1v\u00fa fels\u0151fok\u00fa v\u00e9gzetts\u00e9g z\u00e1r\u00f3vizsg\u00e1val;<\/li>\n<\/ul>\n<p style=\"text-align: justify;\">&nbsp;<\/p>\n<p style=\"text-align: justify;\"><strong>A jelentkez\u00e9si iratcsom\u00f3 a k\u00f6vetez\u0151 dokumentumokat kell tartalmazza:<\/strong><\/p>\n<ul style=\"text-align: justify;\">\n<li>beiratkoz\u00e1si k\u00e9r\u00e9st;<\/li>\n<li>szem\u00e9lyi igazolv\u00e1ny m\u00e1solat\u00e1t, sz\u00fclet\u00e9si igazolv\u00e1ny m\u00e1solat\u00e1t, esetenk\u00e9nt h\u00e1zass\u00e1gi bizony\u00edtv\u00e1ny m\u00e1solat\u00e1t;<\/li>\n<li>tanulm\u00e1nyi v\u00e9gzetts\u00e9g szintj\u00e9t igazol\u00f3 bizonylatokat \u00e9s szakk\u00e9pes\u00edt\u00e9st igazol\u00f3 iratokat;<\/li>\n<li>f\u0151asszisztensi vizsg\u00e1t igazol\u00f3 bizonylat;<\/li>\n<li>\u00f6n\u00e9letrajz;<\/li>\n<li>igazol\u00e1sokat, amelyek bizony\u00edtj\u00e1k a munkahelyi r\u00e9gis\u00e9get, szakmai r\u00e9gis\u00e9get;<\/li>\n<li>b\u00fcntetlen el\u0151\u00e9letet bizony\u00edt\u00f3 okiratot &#8211; eredetiben;<\/li>\n<li>nyilatkozat saj\u00e1t felel\u0151s\u00e9gre, hogy a t\u00f6rv\u00e9nyben meghat\u00e1rozott politikai rend\u0151ri tev\u00e9kenys\u00e9get nem folytatott;<\/li>\n<li>megfelel\u0151 eg\u00e9szs\u00e9gi \u00e1llapotot igazol\u00f3 igazol\u00e1s, amelyet a verseny el\u0151tt 6 h\u00f3nappal a p\u00e1ly\u00e1z\u00f3 h\u00e1ziorvosa vagy az arra felhatalmazott eg\u00e9szs\u00e9g\u00fcgyi egys\u00e9gek \u00e1ll\u00edtottak ki;<\/li>\n<li>szakmai projekt;<\/li>\n<li>nyugt\u00e1t a vizsgad\u00edj befizet\u00e9s\u00e9r\u0151l, amit a k\u00f3rh\u00e1z p\u00e9nzt\u00e1r\u00e1ban kell befizetni;<\/li>\n<\/ul>\n<p style=\"text-align: justify;\">Az iratok eredeti p\u00e9ld\u00e1nyait is be kell mutatni a m\u00e1solatok hiteless\u00e9g\u00e9nek bizony\u00edt\u00e1sa v\u00e9gett.<\/p>\n<p style=\"text-align: justify;\">Az \u00e1pol\u00e1si igazgat\u00f3i versenyvizsga&nbsp;2021. m\u00e1rcius 16-\u00e1n, 10 \u00f3r\u00e1t\u00f3l&nbsp;kezd\u0151dik az \u00edr\u00e1sbeli pr\u00f3b\u00e1val. 2021. m\u00e1rcius 19-\u00e9n 10 \u00f3r\u00e1t\u00f3l zajlik a szakmai projekt megv\u00e9d\u00e9se \u00e9s a sz\u00f3beli pr\u00f3ba. A versenyvizsga helysz\u00edne a Cs\u00edkszeredai Megyei S\u00fcrg\u0151ss\u00e9gi K\u00f3rh\u00e1z ,Dr. D\u00e9nes L\u00e1szl\u00f3 utca 2. sz\u00e1m, k\u00f6nyvt\u00e1rterme.<\/p>\n<p style=\"text-align: justify;\">A beiratkoz\u00e1si iratcsom\u00f3t a hirdet\u00e9s megjelen\u00e9se ut\u00e1n, 2021. m\u00e1rcius 8-ig ny\u00fajthatj\u00e1k be, 8:00 \u00e9s 14:00 \u00f3ra k\u00f6z\u00f6tt, a vizsgabizotts\u00e1g titk\u00e1r\u00e1n\u00e1l Cs\u00edkszeredai Megyei S\u00fcrg\u0151ss\u00e9gi K\u00f3rh\u00e1z, Hum\u00e1n Er\u0151forr\u00e1s Iroda, Mik\u00f3 utca 1. sz\u00e1m.<\/p>\n<p style=\"text-align: justify;\">A jelentkez\u00e9si dosszi\u00e9k iktat\u00f3sz\u00e1m alapj\u00e1n azonos\u00edthat\u00f3k az \u00e9rintett szem\u00e9lyek szem\u00e9lyazonoss\u00e1ga v\u00e9delm\u00e9nek \u00e9rdek\u00e9ben.<\/p>\n<p style=\"text-align: justify;\">A beiratkoz\u00e1si iratcsom\u00f3k v\u00e1logat\u00e1s\u00e1nak eredm\u00e9nyei a k\u00f3rh\u00e1z honlapj\u00e1n <strong><a href=\"http:\/\/www.spitalmciuc.ro\">www.spitalmciuc.ro<\/a><\/strong>, a megyei tan\u00e1cs <strong><a href=\"http:\/\/www.hargitamegye.ro\">www.hargitamegye.ro<\/a><\/strong> honlapj\u00e1n, valamint a k\u00f3rh\u00e1z hirdet\u0151t\u00e1bl\u00e1j\u00e1n tekinthet\u0151k meg. &nbsp;<\/p>\n<p style=\"text-align: justify;\">A dosszi\u00e9k elutas\u00edt\u00e1sa elleni \u00f3v\u00e1sokat a k\u00f3rh\u00e1z iktat\u00f3j\u00e1ba kell beny\u00fajtani, az eredm\u00e9nyek kif\u00fcggeszt\u00e9se ut\u00e1n 24 \u00f3r\u00e1n bel\u00fcl.<\/p>\n<p style=\"text-align: justify;\">A v\u00e1laszt az \u00f3v\u00e1s let\u00e9tele ut\u00e1n 24 \u00f3r\u00e1val k\u00f6z\u00f6lj\u00fck.<\/p>\n<p style=\"text-align: justify;\">A k\u00f6nyv\u00e9szet, a szakmai projekt t\u00e9m\u00e1ja \u00e9s a versenyvizsga szab\u00e1lyzata az int\u00e9zm\u00e9nyfenntart\u00f3 Hargita Megye Tan\u00e1csa honlapj\u00e1r\u00f3l <a href=\"http:\/\/www.hargitamegye.ro\">www.hargitamegye.ro<\/a> \u00e9s a k\u00f3rh\u00e1z honlapj\u00e1r\u00f3l <a href=\"http:\/\/www.spitalmciuc.ro\">www.spitalmciuc.ro<\/a>, t\u00f6lthet\u0151 le, valamint olvashat\u00f3 a k\u00f3rh\u00e1z hirdet\u0151t\u00e1bl\u00e1j\u00e1n. Tov\u00e1bbi inform\u00e1ci\u00f3 tal\u00e1lhat\u00f3 a k\u00e9t eml\u00edtett honlapon, illetve sz\u00f3ban k\u00e9rhet\u0151 a 0266-324193-os telefonsz\u00e1mon, a 109-es bels\u0151 sz\u00e1mon.<\/p>\n<p style=\"text-align: justify;\">&nbsp;<\/p>\n<p style=\"text-align: justify;\">Dr. Konr\u00e1d Judith<\/p>\n<p style=\"text-align: justify;\">menedzser<\/p>\n<p style=\"text-align: justify;\">&nbsp;<\/p>\n<p style=\"text-align: justify;\">Megjegyz\u00e9s: a szem\u00e9lyes adatok feldolgoz\u00e1s\u00e1n\u00e1l tiszteletben tartjuk az Eur\u00f3pai Uni\u00f3 679\/2016-os rendelet\u00e9t, amely meghat\u00e1rozza a szem\u00e9lyes adatok feldolgoz\u00e1s\u00e1nak \u00e9s haszn\u00e1lat\u00e1nak m\u00f3dj\u00e1t.<\/p>\n<p>&nbsp;<\/p>\n<p><a href=\"https:\/\/spitalmciuc.ro\/wp-content\/uploads\/2021\/02\/Beiratkozasi-keres.doc\">Beiratkoz\u00e1si k\u00e9r\u00e9s<\/a><\/p>\n<p><a href=\"https:\/\/spitalmciuc.ro\/wp-content\/uploads\/2021\/02\/Konyveszet-apolasi-igazgato.doc\">K\u00f6nyv\u00e9szet<\/a><\/p>\n<p><a href=\"https:\/\/spitalmciuc.ro\/wp-content\/uploads\/2021\/02\/Szakmai-projekt-temaja.doc\">Szakmai projekt t\u00e9m\u00e1ja<\/a><\/p>\n<p><a href=\"https:\/\/spitalmciuc.ro\/wp-content\/uploads\/2021\/02\/Vizsga-kalendarium.doc\">Vizsgakalend\u00e1rium<\/a><\/p>\n<p><a href=\"https:\/\/spitalmciuc.ro\/wp-content\/uploads\/2021\/02\/Vizsga-metodologia.doc\">Vizsgametodol\u00f3gia<\/a><\/p>\n<p>&nbsp;<\/p>\n<p><a href=\"https:\/\/spitalmciuc.ro\/wp-content\/uploads\/2021\/02\/Selectare-dosar-director-de-ingrijiri.doc\">A dosszi\u00e9v\u00e1logat\u00e1s eredm\u00e9nye<\/a><\/p>\n<p><a href=\"https:\/\/spitalmciuc.ro\/wp-content\/uploads\/2021\/02\/irasbeli-eredmeny.docx\">\u00cdr\u00e1sbeli vizsga eredm\u00e9nye<\/a><\/p>\n<p><a href=\"https:\/\/spitalmciuc.ro\/wp-content\/uploads\/2021\/02\/szobeli.docx\">Sz\u00f3beli vizsga eredm\u00e9nye<\/a><\/p>\n<p><a href=\"https:\/\/spitalmciuc.ro\/wp-content\/uploads\/2021\/02\/vegleges.docx\">V\u00e9gleges eredm\u00e9ny<\/a><\/p>\n<p>&nbsp;<\/p>\n<p>&nbsp;<\/p>\n","protected":false},"excerpt":{"rendered":"<p>&nbsp; A 2006\/95 sz\u00e1m\u00fa, m\u00f3dos\u00edtott \u00e9s kieg\u00e9sz\u00edtett t\u00f6rv\u00e9ny alapj\u00e1n \u00e9s az Eg\u00e9szs\u00e9g\u00fcgyi Miniszt\u00e9rium 2007\/284 sz\u00e1m\u00fa, a 954\/2017-es sz\u00e1m\u00fa rendelettel m\u00f3dos\u00edtott rendelete szerint a Cs\u00edkszeredai Megyei S\u00fcrg\u0151ss\u00e9gi K\u00f3rh\u00e1z versenyvizsg\u00e1t szervez egy \u00e1pol\u00e1si igazgat\u00f3i \u00e1ll\u00e1s bet\u00f6lt\u00e9s\u00e9re. A versenyvizsg\u00e1n azok a szem\u00e9lyek vehetnek r\u00e9szt, akik egyidej\u0171leg teljes\u00edtik az al\u00e1bbi felt\u00e9teleket: \u00c1ltal\u00e1nos felt\u00e9telek: rom\u00e1niai \u00e1lland\u00f3 lakhely; a p\u00e1ly\u00e1z\u00f3 nem&hellip;<\/p>\n","protected":false},"author":11,"featured_media":0,"comment_status":"closed","ping_status":"closed","sticky":false,"template":"","format":"standard","meta":[],"categories":[],"tags":[],"yoast_head":"<!-- This site is optimized with the Yoast SEO plugin v18.3 - https:\/\/yoast.com\/wordpress\/plugins\/seo\/ -->\n<title>Versenyvizsga \u00e1pol\u00e1si igazgat\u00f3i \u00e1ll\u00e1s bet\u00f6lt\u00e9s\u00e9re - Cs\u00edkszeredai Megyei S\u00fcrg\u0151ss\u00e9gi K\u00f3rh\u00e1z<\/title>\n<meta name=\"robots\" content=\"index, follow, max-snippet:-1, max-image-preview:large, max-video-preview:-1\" \/>\n<link rel=\"canonical\" href=\"https:\/\/spitalmciuc.ro\/versenyvizsga-apolasi-igazgatoi-allas-betoeltesere\/\" \/>\n<meta property=\"og:locale\" content=\"hu_HU\" \/>\n<meta property=\"og:type\" content=\"article\" \/>\n<meta property=\"og:title\" content=\"Versenyvizsga \u00e1pol\u00e1si igazgat\u00f3i \u00e1ll\u00e1s bet\u00f6lt\u00e9s\u00e9re - Cs\u00edkszeredai Megyei S\u00fcrg\u0151ss\u00e9gi K\u00f3rh\u00e1z\" \/>\n<meta property=\"og:description\" content=\"&nbsp; A 2006\/95 sz\u00e1m\u00fa, m\u00f3dos\u00edtott \u00e9s kieg\u00e9sz\u00edtett t\u00f6rv\u00e9ny alapj\u00e1n \u00e9s az Eg\u00e9szs\u00e9g\u00fcgyi Miniszt\u00e9rium 2007\/284 sz\u00e1m\u00fa, a 954\/2017-es sz\u00e1m\u00fa rendelettel m\u00f3dos\u00edtott rendelete szerint a Cs\u00edkszeredai Megyei S\u00fcrg\u0151ss\u00e9gi K\u00f3rh\u00e1z versenyvizsg\u00e1t szervez egy \u00e1pol\u00e1si igazgat\u00f3i \u00e1ll\u00e1s bet\u00f6lt\u00e9s\u00e9re. A versenyvizsg\u00e1n azok a szem\u00e9lyek vehetnek r\u00e9szt, akik egyidej\u0171leg teljes\u00edtik az al\u00e1bbi felt\u00e9teleket: \u00c1ltal\u00e1nos felt\u00e9telek: rom\u00e1niai \u00e1lland\u00f3 lakhely; a p\u00e1ly\u00e1z\u00f3 nem&hellip;\" \/>\n<meta property=\"og:url\" content=\"https:\/\/spitalmciuc.ro\/versenyvizsga-apolasi-igazgatoi-allas-betoeltesere\/\" \/>\n<meta property=\"og:site_name\" content=\"Cs\u00edkszeredai Megyei S\u00fcrg\u0151ss\u00e9gi K\u00f3rh\u00e1z\" \/>\n<meta property=\"article:published_time\" content=\"2021-02-22T12:48:26+00:00\" \/>\n<meta property=\"article:modified_time\" content=\"2022-03-02T07:26:04+00:00\" \/>\n<meta name=\"twitter:card\" content=\"summary_large_image\" \/>\n<meta name=\"twitter:label1\" content=\"Szerz\u0151:\" \/>\n\t<meta name=\"twitter:data1\" content=\"Milik Szil\u00e1rd\" \/>\n\t<meta name=\"twitter:label2\" content=\"Becs\u00fclt olvas\u00e1si id\u0151\" \/>\n\t<meta name=\"twitter:data2\" content=\"4 perc\" \/>\n<script type=\"application\/ld+json\" class=\"yoast-schema-graph\">{\"@context\":\"https:\/\/schema.org\",\"@graph\":[{\"@type\":\"Organization\",\"@id\":\"https:\/\/spitalmciuc.ro\/#organization\",\"name\":\"Spitalul Jude\u0163ean de Urgen\u0163\u0103 Miercurea Ciuc\",\"url\":\"https:\/\/spitalmciuc.ro\/\",\"sameAs\":[],\"logo\":{\"@type\":\"ImageObject\",\"@id\":\"https:\/\/spitalmciuc.ro\/#logo\",\"inLanguage\":\"hu\",\"url\":\"https:\/\/spitalmciuc.ro\/wp-content\/uploads\/2022\/02\/logo-spital-ro-60.jpg\",\"contentUrl\":\"https:\/\/spitalmciuc.ro\/wp-content\/uploads\/2022\/02\/logo-spital-ro-60.jpg\",\"width\":198,\"height\":60,\"caption\":\"Spitalul Jude\u0163ean de Urgen\u0163\u0103 Miercurea Ciuc\"},\"image\":{\"@id\":\"https:\/\/spitalmciuc.ro\/#logo\"}},{\"@type\":\"WebSite\",\"@id\":\"https:\/\/spitalmciuc.ro\/#website\",\"url\":\"https:\/\/spitalmciuc.ro\/\",\"name\":\"Cs\u00edkszeredai Megyei S\u00fcrg\u0151ss\u00e9gi K\u00f3rh\u00e1z\",\"description\":\"\",\"publisher\":{\"@id\":\"https:\/\/spitalmciuc.ro\/#organization\"},\"potentialAction\":[{\"@type\":\"SearchAction\",\"target\":{\"@type\":\"EntryPoint\",\"urlTemplate\":\"https:\/\/spitalmciuc.ro\/?s={search_term_string}\"},\"query-input\":\"required name=search_term_string\"}],\"inLanguage\":\"hu\"},{\"@type\":\"WebPage\",\"@id\":\"https:\/\/spitalmciuc.ro\/versenyvizsga-apolasi-igazgatoi-allas-betoeltesere\/#webpage\",\"url\":\"https:\/\/spitalmciuc.ro\/versenyvizsga-apolasi-igazgatoi-allas-betoeltesere\/\",\"name\":\"Versenyvizsga \u00e1pol\u00e1si igazgat\u00f3i \u00e1ll\u00e1s bet\u00f6lt\u00e9s\u00e9re - Cs\u00edkszeredai Megyei S\u00fcrg\u0151ss\u00e9gi K\u00f3rh\u00e1z\",\"isPartOf\":{\"@id\":\"https:\/\/spitalmciuc.ro\/#website\"},\"datePublished\":\"2021-02-22T12:48:26+00:00\",\"dateModified\":\"2022-03-02T07:26:04+00:00\",\"breadcrumb\":{\"@id\":\"https:\/\/spitalmciuc.ro\/versenyvizsga-apolasi-igazgatoi-allas-betoeltesere\/#breadcrumb\"},\"inLanguage\":\"hu\",\"potentialAction\":[{\"@type\":\"ReadAction\",\"target\":[\"https:\/\/spitalmciuc.ro\/versenyvizsga-apolasi-igazgatoi-allas-betoeltesere\/\"]}]},{\"@type\":\"BreadcrumbList\",\"@id\":\"https:\/\/spitalmciuc.ro\/versenyvizsga-apolasi-igazgatoi-allas-betoeltesere\/#breadcrumb\",\"itemListElement\":[{\"@type\":\"ListItem\",\"position\":1,\"name\":\"Kezd\u0151lap\",\"item\":\"https:\/\/spitalmciuc.ro\/hu\/\"},{\"@type\":\"ListItem\",\"position\":2,\"name\":\"Versenyvizsga \u00e1pol\u00e1si igazgat\u00f3i \u00e1ll\u00e1s bet\u00f6lt\u00e9s\u00e9re\"}]},{\"@type\":\"Article\",\"@id\":\"https:\/\/spitalmciuc.ro\/versenyvizsga-apolasi-igazgatoi-allas-betoeltesere\/#article\",\"isPartOf\":{\"@id\":\"https:\/\/spitalmciuc.ro\/versenyvizsga-apolasi-igazgatoi-allas-betoeltesere\/#webpage\"},\"author\":{\"@id\":\"https:\/\/spitalmciuc.ro\/#\/schema\/person\/20ea297ab07e8f4d1689dfe252e34174\"},\"headline\":\"Versenyvizsga \u00e1pol\u00e1si igazgat\u00f3i \u00e1ll\u00e1s bet\u00f6lt\u00e9s\u00e9re\",\"datePublished\":\"2021-02-22T12:48:26+00:00\",\"dateModified\":\"2022-03-02T07:26:04+00:00\",\"mainEntityOfPage\":{\"@id\":\"https:\/\/spitalmciuc.ro\/versenyvizsga-apolasi-igazgatoi-allas-betoeltesere\/#webpage\"},\"wordCount\":853,\"publisher\":{\"@id\":\"https:\/\/spitalmciuc.ro\/#organization\"},\"inLanguage\":\"hu\"},{\"@type\":\"Person\",\"@id\":\"https:\/\/spitalmciuc.ro\/#\/schema\/person\/20ea297ab07e8f4d1689dfe252e34174\",\"name\":\"Milik Szil\u00e1rd\",\"url\":\"https:\/\/spitalmciuc.ro\/hu\/author\/szilard\/\"}]}<\/script>\n<!-- \/ Yoast SEO plugin. -->","yoast_head_json":{"title":"Versenyvizsga \u00e1pol\u00e1si igazgat\u00f3i \u00e1ll\u00e1s bet\u00f6lt\u00e9s\u00e9re - Cs\u00edkszeredai Megyei S\u00fcrg\u0151ss\u00e9gi K\u00f3rh\u00e1z","robots":{"index":"index","follow":"follow","max-snippet":"max-snippet:-1","max-image-preview":"max-image-preview:large","max-video-preview":"max-video-preview:-1"},"canonical":"https:\/\/spitalmciuc.ro\/versenyvizsga-apolasi-igazgatoi-allas-betoeltesere\/","og_locale":"hu_HU","og_type":"article","og_title":"Versenyvizsga \u00e1pol\u00e1si igazgat\u00f3i \u00e1ll\u00e1s bet\u00f6lt\u00e9s\u00e9re - Cs\u00edkszeredai Megyei S\u00fcrg\u0151ss\u00e9gi K\u00f3rh\u00e1z","og_description":"&nbsp; A 2006\/95 sz\u00e1m\u00fa, m\u00f3dos\u00edtott \u00e9s kieg\u00e9sz\u00edtett t\u00f6rv\u00e9ny alapj\u00e1n \u00e9s az Eg\u00e9szs\u00e9g\u00fcgyi Miniszt\u00e9rium 2007\/284 sz\u00e1m\u00fa, a 954\/2017-es sz\u00e1m\u00fa rendelettel m\u00f3dos\u00edtott rendelete szerint a Cs\u00edkszeredai Megyei S\u00fcrg\u0151ss\u00e9gi K\u00f3rh\u00e1z versenyvizsg\u00e1t szervez egy \u00e1pol\u00e1si igazgat\u00f3i \u00e1ll\u00e1s bet\u00f6lt\u00e9s\u00e9re. A versenyvizsg\u00e1n azok a szem\u00e9lyek vehetnek r\u00e9szt, akik egyidej\u0171leg teljes\u00edtik az al\u00e1bbi felt\u00e9teleket: \u00c1ltal\u00e1nos felt\u00e9telek: rom\u00e1niai \u00e1lland\u00f3 lakhely; a p\u00e1ly\u00e1z\u00f3 nem&hellip;","og_url":"https:\/\/spitalmciuc.ro\/versenyvizsga-apolasi-igazgatoi-allas-betoeltesere\/","og_site_name":"Cs\u00edkszeredai Megyei S\u00fcrg\u0151ss\u00e9gi K\u00f3rh\u00e1z","article_published_time":"2021-02-22T12:48:26+00:00","article_modified_time":"2022-03-02T07:26:04+00:00","twitter_card":"summary_large_image","twitter_misc":{"Szerz\u0151:":"Milik Szil\u00e1rd","Becs\u00fclt olvas\u00e1si id\u0151":"4 perc"},"schema":{"@context":"https:\/\/schema.org","@graph":[{"@type":"Organization","@id":"https:\/\/spitalmciuc.ro\/#organization","name":"Spitalul Jude\u0163ean de Urgen\u0163\u0103 Miercurea Ciuc","url":"https:\/\/spitalmciuc.ro\/","sameAs":[],"logo":{"@type":"ImageObject","@id":"https:\/\/spitalmciuc.ro\/#logo","inLanguage":"hu","url":"https:\/\/spitalmciuc.ro\/wp-content\/uploads\/2022\/02\/logo-spital-ro-60.jpg","contentUrl":"https:\/\/spitalmciuc.ro\/wp-content\/uploads\/2022\/02\/logo-spital-ro-60.jpg","width":198,"height":60,"caption":"Spitalul Jude\u0163ean de Urgen\u0163\u0103 Miercurea Ciuc"},"image":{"@id":"https:\/\/spitalmciuc.ro\/#logo"}},{"@type":"WebSite","@id":"https:\/\/spitalmciuc.ro\/#website","url":"https:\/\/spitalmciuc.ro\/","name":"Cs\u00edkszeredai Megyei S\u00fcrg\u0151ss\u00e9gi K\u00f3rh\u00e1z","description":"","publisher":{"@id":"https:\/\/spitalmciuc.ro\/#organization"},"potentialAction":[{"@type":"SearchAction","target":{"@type":"EntryPoint","urlTemplate":"https:\/\/spitalmciuc.ro\/?s={search_term_string}"},"query-input":"required name=search_term_string"}],"inLanguage":"hu"},{"@type":"WebPage","@id":"https:\/\/spitalmciuc.ro\/versenyvizsga-apolasi-igazgatoi-allas-betoeltesere\/#webpage","url":"https:\/\/spitalmciuc.ro\/versenyvizsga-apolasi-igazgatoi-allas-betoeltesere\/","name":"Versenyvizsga \u00e1pol\u00e1si igazgat\u00f3i \u00e1ll\u00e1s bet\u00f6lt\u00e9s\u00e9re - Cs\u00edkszeredai Megyei S\u00fcrg\u0151ss\u00e9gi K\u00f3rh\u00e1z","isPartOf":{"@id":"https:\/\/spitalmciuc.ro\/#website"},"datePublished":"2021-02-22T12:48:26+00:00","dateModified":"2022-03-02T07:26:04+00:00","breadcrumb":{"@id":"https:\/\/spitalmciuc.ro\/versenyvizsga-apolasi-igazgatoi-allas-betoeltesere\/#breadcrumb"},"inLanguage":"hu","potentialAction":[{"@type":"ReadAction","target":["https:\/\/spitalmciuc.ro\/versenyvizsga-apolasi-igazgatoi-allas-betoeltesere\/"]}]},{"@type":"BreadcrumbList","@id":"https:\/\/spitalmciuc.ro\/versenyvizsga-apolasi-igazgatoi-allas-betoeltesere\/#breadcrumb","itemListElement":[{"@type":"ListItem","position":1,"name":"Kezd\u0151lap","item":"https:\/\/spitalmciuc.ro\/hu\/"},{"@type":"ListItem","position":2,"name":"Versenyvizsga \u00e1pol\u00e1si igazgat\u00f3i \u00e1ll\u00e1s bet\u00f6lt\u00e9s\u00e9re"}]},{"@type":"Article","@id":"https:\/\/spitalmciuc.ro\/versenyvizsga-apolasi-igazgatoi-allas-betoeltesere\/#article","isPartOf":{"@id":"https:\/\/spitalmciuc.ro\/versenyvizsga-apolasi-igazgatoi-allas-betoeltesere\/#webpage"},"author":{"@id":"https:\/\/spitalmciuc.ro\/#\/schema\/person\/20ea297ab07e8f4d1689dfe252e34174"},"headline":"Versenyvizsga \u00e1pol\u00e1si igazgat\u00f3i \u00e1ll\u00e1s bet\u00f6lt\u00e9s\u00e9re","datePublished":"2021-02-22T12:48:26+00:00","dateModified":"2022-03-02T07:26:04+00:00","mainEntityOfPage":{"@id":"https:\/\/spitalmciuc.ro\/versenyvizsga-apolasi-igazgatoi-allas-betoeltesere\/#webpage"},"wordCount":853,"publisher":{"@id":"https:\/\/spitalmciuc.ro\/#organization"},"inLanguage":"hu"},{"@type":"Person","@id":"https:\/\/spitalmciuc.ro\/#\/schema\/person\/20ea297ab07e8f4d1689dfe252e34174","name":"Milik Szil\u00e1rd","url":"https:\/\/spitalmciuc.ro\/hu\/author\/szilard\/"}]}},"_links":{"self":[{"href":"https:\/\/spitalmciuc.ro\/hu\/wp-json\/wp\/v2\/posts\/5853"}],"collection":[{"href":"https:\/\/spitalmciuc.ro\/hu\/wp-json\/wp\/v2\/posts"}],"about":[{"href":"https:\/\/spitalmciuc.ro\/hu\/wp-json\/wp\/v2\/types\/post"}],"author":[{"embeddable":true,"href":"https:\/\/spitalmciuc.ro\/hu\/wp-json\/wp\/v2\/users\/11"}],"replies":[{"embeddable":true,"href":"https:\/\/spitalmciuc.ro\/hu\/wp-json\/wp\/v2\/comments?post=5853"}],"version-history":[{"count":1,"href":"https:\/\/spitalmciuc.ro\/hu\/wp-json\/wp\/v2\/posts\/5853\/revisions"}],"predecessor-version":[{"id":6363,"href":"https:\/\/spitalmciuc.ro\/hu\/wp-json\/wp\/v2\/posts\/5853\/revisions\/6363"}],"wp:attachment":[{"href":"https:\/\/spitalmciuc.ro\/hu\/wp-json\/wp\/v2\/media?parent=5853"}],"wp:term":[{"taxonomy":"category","embeddable":true,"href":"https:\/\/spitalmciuc.ro\/hu\/wp-json\/wp\/v2\/categories?post=5853"},{"taxonomy":"post_tag","embeddable":true,"href":"https:\/\/spitalmciuc.ro\/hu\/wp-json\/wp\/v2\/tags?post=5853"}],"curies":[{"name":"wp","href":"https:\/\/api.w.org\/{rel}","templated":true}]}}