{"id":5827,"date":"2021-02-11T14:18:31","date_gmt":"2021-02-11T14:18:31","guid":{"rendered":"https:\/\/spital.creative-solutions.ro\/index.php\/februar-11-a-betegek-vilagnapja\/"},"modified":"2022-03-02T07:31:23","modified_gmt":"2022-03-02T07:31:23","slug":"februar-11-a-betegek-vilagnapja","status":"publish","type":"post","link":"https:\/\/spitalmciuc.ro\/hu\/februar-11-a-betegek-vilagnapja\/","title":{"rendered":"Febru\u00e1r 11., a betegek vil\u00e1gnapja"},"content":{"rendered":"<p style=\"text-align: justify;\"><img decoding=\"async\" loading=\"lazy\" class=\" size-full wp-image-2155\" src=\"https:\/\/spitalmciuc.ro\/wp-content\/uploads\/2021\/02\/bvhu.jpeg\" alt=\"bvhu\" width=\"800\" height=\"489\" srcset=\"https:\/\/spitalmciuc.ro\/wp-content\/uploads\/2021\/02\/bvhu.jpeg 1600w, https:\/\/spitalmciuc.ro\/wp-content\/uploads\/2021\/02\/bvhu-300x183.jpeg 300w, https:\/\/spitalmciuc.ro\/wp-content\/uploads\/2021\/02\/bvhu-1024x626.jpeg 1024w, https:\/\/spitalmciuc.ro\/wp-content\/uploads\/2021\/02\/bvhu-768x469.jpeg 768w\" sizes=\"(max-width: 800px) 100vw, 800px\" \/><\/p>\n<p style=\"text-align: justify;\"><strong>Febru\u00e1r 11-e a betegek vil\u00e1gnapja, ezen a napon vil\u00e1gszerte im\u00e1dkoznak a betegek gy\u00f3gyul\u00e1s\u00e1\u00e9rt \u00e9s azok\u00e9rt, akik seg\u00edtik \u0151ket a gy\u00f3gyul\u00e1s fel\u00e9 vezet\u0151 \u00faton. A Cs\u00edkszeredai Megyei S\u00fcrg\u0151ss\u00e9gi K\u00f3rh\u00e1zban 2020-ban a j\u00e1rv\u00e1ny\u00fcgyi korl\u00e1toz\u00e1sokkal egy\u00fctt is \u00f6sszesen t\u00f6bb mint sz\u00e1zezer beteget vizsg\u00e1ltunk, kezelt\u00fcnk, l\u00e1ttunk el. <\/strong><\/p>\n<p style=\"text-align: justify;\">A Cs\u00edkszeredai Megyei S\u00fcrg\u0151ss\u00e9gi K\u00f3rh\u00e1zban 2020-ban 19 378 beteget kezelt\u00fcnk folyamatos bennfekv\u00e9si rendszerben. Tov\u00e1bbi 11 120 p\u00e1cienst egynapos bennfekv\u00e9s keret\u00e9ben l\u00e1ttunk el, a k\u00f3rh\u00e1zi j\u00e1r\u00f3betegrendel\u0151kben pedig 71 765 p\u00e1ciens r\u00e9szes\u00fclt kivizsg\u00e1l\u00e1sban. A csal\u00e1dtervez\u0151i rendel\u0151ben \u00f6sszesen 2013 szem\u00e9ly vett r\u00e9szt n\u0151gy\u00f3gy\u00e1szati sz\u0171r\u00e9sen, illetve csal\u00e1dtervez\u0151i tan\u00e1csad\u00e1son.<\/p>\n<p style=\"text-align: justify;\">A sz\u00e1mok \u00f6sszess\u00e9g\u00e9ben mintegy 25 sz\u00e1zal\u00e9kos cs\u00f6kken\u00e9st mutatnak 2019-hez viszony\u00edtva. A vil\u00e1gj\u00e1rv\u00e1ny miatt m\u00e1s k\u00f3rh\u00e1zaknak ak\u00e1r \u00f6tven sz\u00e1zal\u00e9kos cs\u00f6kken\u00e9ssel is szembe kellett n\u00e9zni\u00fck.&nbsp;<\/p>\n<p style=\"text-align: justify;\">\u201eMunk\u00e1nk c\u00e9lja a betegek megfelel\u0151 ell\u00e1t\u00e1sa, ez\u00e9rt dolgozunk, erre ir\u00e1nyulnak er\u0151fesz\u00edt\u00e9seink. A betegek vil\u00e1gnapja alkalm\u00e1b\u00f3l is fontosnak tartjuk elmondani, hogy a gy\u00f3gy\u00edt\u00f3 munka k\u00f6z\u00e9ppontj\u00e1ban a betegnek kell \u00e1llnia, az \u0151 probl\u00e9m\u00e1j\u00e1nak megold\u00e1sa, az \u0151 seg\u00edt\u00e9se a legfontosabb. Ugyanakkor ennek a munk\u00e1nak a sor\u00e1n tiszteletben kell tartanunk a beteg m\u00e9lt\u00f3s\u00e1g\u00e1t is. Ezt az \u00fczenetet juttattuk el id\u00e9n a vil\u00e1gnap alkalm\u00e1b\u00f3l a k\u00f3rh\u00e1z minden alkalmazottj\u00e1hoz\u201d \u2013 hangs\u00falyozta ki dr. Konr\u00e1d Judit. &nbsp;<\/p>\n<p style=\"text-align: justify;\">\u201eA betegek gy\u00f3gyul\u00e1s\u00e1t, min\u00e9l jobb ell\u00e1t\u00e1s\u00e1t szolg\u00e1lj\u00e1k fejleszt\u00e9seink, nagy volumen\u0171 beruh\u00e1z\u00e1saink. \u00c9vr\u0151l-\u00e9vre egyre t\u00f6bb esetet tudunk ell\u00e1tni \u00e9s nagym\u00e9rt\u00e9kben b\u0151v\u00fcltek az eg\u00e9szs\u00e9g\u00fcgyi szolg\u00e1ltat\u00e1sok is. Hargita Megye Tan\u00e1csa r\u00e9sz\u00e9r\u0151l a koronav\u00edrus j\u00e1rv\u00e1ny ideje \u00f3ta t\u00e1mogatjuk a megyei k\u00f3rh\u00e1z kiseg\u00edt\u0151 szem\u00e9lyzet\u00e9t is. Az \u0151 munk\u00e1juk is elengedhetetlen, hogy ezekben a neh\u00e9z id\u0151kben a j\u00e1rv\u00e1ny hat\u00e1sait a minim\u00e1lisra cs\u00f6kkents\u00fck\u201d \u2013 tette hozz\u00e1 az int\u00e9zm\u00e9nyfenntart\u00f3 Hargita Megye Tan\u00e1cs\u00e1nak eln\u00f6ke, Borboly Csaba.<\/p>\n<p style=\"text-align: justify;\">A k\u00f3rh\u00e1zi gy\u00f3gy\u00edt\u00f3 munk\u00e1nak a gondoskod\u00e1s is r\u00e9sze: az int\u00e9zm\u00e9nyben betegeink testi \u00e9s lelki sz\u00fcks\u00e9gleteinek ell\u00e1t\u00e1s\u00e1r\u00f3l is gondoskodunk, ez kieg\u00e9sz\u00edti a gy\u00f3gy\u00edt\u00f3 munk\u00e1t. A betegeket ell\u00e1t\u00f3, \u00e1pol\u00f3 szem\u00e9lyzet munk\u00e1ja mellett fontos a gondoskod\u00e1sban r\u00e9szt vev\u0151k tev\u00e9kenys\u00e9ge is, b\u00e1r r\u00f3luk kevesebb sz\u00f3 esik. Ez\u00e9rt az idei vil\u00e1gnapon felv\u00e1zoljuk ezen alkalmazottak tev\u00e9kenys\u00e9g\u00e9t.<\/p>\n<p style=\"text-align: justify;\">\u201eEzen szolg\u00e1ltat\u00e1sok bemutat\u00e1s\u00e1val er\u0151s\u00edteni szeretn\u00e9nk betegeink bizalm\u00e1t int\u00e9zm\u00e9ny\u00fcnk ir\u00e1ny\u00e1ba. Ha jobban megismerik a k\u00f3rh\u00e1z m\u0171k\u00f6d\u00e9s\u00e9t, bizony\u00e1ra nyugodtabban t\u00f6ltik a k\u00f3rh\u00e1zi id\u0151szakot\u201d \u2013 mutatott r\u00e1 dr. Konr\u00e1d Judit.<\/p>\n<p style=\"text-align: justify;\">Szoci\u00e1lis munk\u00e1s akci\u00f3ban<\/p>\n<p style=\"text-align: justify;\">A k\u00f3rh\u00e1zban 8 szoci\u00e1lis asszisztens dolgozik. Munk\u00e1juk nagyon \u00e9rt\u00e9kes mind a betegek, mind pedig a hozz\u00e1tartoz\u00f3k sz\u00e1m\u00e1ra, hisz egyebek mellett az \u0151 feladatuk a k\u00f6zvet\u00edt\u00e9s az \u00e1pol\u00f3 szem\u00e9lyzet \u00e9s a hozz\u00e1tartoz\u00f3k k\u00f6z\u00f6tt. \u0150k azok, akik felh\u00edvj\u00e1k a hozz\u00e1tartoz\u00f3kat, amennyiben a beteg ezt nem tudja megtenni \u00e9s \u0151k azok, akik a hozz\u00e1tartoz\u00f3k h\u00edv\u00e1saira is v\u00e1laszolnak, amikor beteg csal\u00e1dtagjukr\u00f3l \u00e9rdekl\u0151dnek.<\/p>\n<p style=\"text-align: justify;\">Lelki t\u00e1masz<\/p>\n<p style=\"text-align: justify;\">A betegek lelki meg\u00fajul\u00e1s\u00e1t int\u00e9zm\u00e9ny\u00fcnkben nyolc pszichol\u00f3gus seg\u00edti. Vannak, akik \u00e1lland\u00f3 jelleggel egy-egy oszt\u00e1lyon dolgoznak \u00e9s vannak, akik ig\u00e9ny szerint t\u00f6bb oszt\u00e1lyra bej\u00e1rnak. B\u00e1tor\u00edt\u00e1st keres\u0151 p\u00e1cienseink az \u00e1pol\u00f3 szem\u00e9lyzett\u0151l \u00e9rdekl\u0151dve juthatnak el hozz\u00e1juk.<\/p>\n<p style=\"text-align: justify;\">Int\u00e9zm\u00e9ny\u00fcnkben k\u00f3rh\u00e1zi lelk\u00e9sz is szolg\u00e1latot teljes\u00edt. Emellett lelki t\u00e1mogat\u00f3 tev\u00e9kenys\u00e9get v\u00e9geznek int\u00e9zm\u00e9ny\u00fcnkben a Szoci\u00e1lis Testv\u00e9rek T\u00e1rsas\u00e1g\u00e1nak tagjai is, az \u0151 seg\u00edts\u00e9g\u00fcket is lehet k\u00e9rni az \u00e1pol\u00f3kon kereszt\u00fcl.<\/p>\n<p style=\"text-align: justify;\">A tisztas\u00e1g f\u00e9l eg\u00e9szs\u00e9g<\/p>\n<p style=\"text-align: justify;\">Ez a k\u00f3rh\u00e1zban mindenk\u00e9ppen igaz. A k\u00f3rh\u00e1zi steriliz\u00e1l\u00f3ban 14 szem\u00e9ly dolgozik. \u0150k p\u00e9ld\u00e1ul 121 vagy \u00e9ppen 134 Celsius-fokon, g\u0151zben, magas nyom\u00e1s alatt steriliz\u00e1lj\u00e1k a m\u0171szereket, k\u00f6tszereket, mindent, aminek nemcsak tiszt\u00e1nak, hanem teljesen sterilnek is kell lennie. A steriliz\u00e1l\u00f3 r\u00e9szleg fel\u00faj\u00edt\u00e1s alatt \u00e1ll, modern g\u00e9pek ker\u00fcltek ide 2020-ban.<\/p>\n<p style=\"text-align: justify;\">A mosod\u00e1ban 12 szem\u00e9ly dolgozik, hatalmas, egyszerre 35 kilogramm ruh\u00e1t befogad\u00f3 mos\u00f3g\u00e9pekben forog a harminc k\u00f3rh\u00e1zi oszt\u00e1ly szennyese. K\u00fcl\u00f6n \u00faton kapj\u00e1k a szennyest \u00e9s viszik ki a tiszta ruh\u00e1t \u00e9s k\u00fcl\u00f6n moss\u00e1k a fert\u0151z\u0151 betegeket \u00e1pol\u00f3 oszt\u00e1lyok \u00e1gynem\u0171it, ruhanem\u0171it. K\u00f6zponti adagol\u00e1ssal ker\u00fcl be a mos\u00f3szer a mos\u00f3g\u00e9pekbe.<\/p>\n<p style=\"text-align: justify;\">A k\u00f3rtermek, foly\u00f3sok tisztas\u00e1g\u00e1nak fenntart\u00e1sa a takar\u00edt\u00f3szem\u00e9lyzet f\u0151 tev\u00e9kenys\u00e9ge, takar\u00edt\u00f3 \u00e9s beteghord\u00f3 \u00f6sszesen 141 dolgozik a k\u00f3rh\u00e1zban.<\/p>\n<p style=\"text-align: justify;\">Sz\u00e1ll\u00edt\u00e1s, kapuszolg\u00e1lat, karbantart\u00e1s<\/p>\n<p style=\"text-align: justify;\">P\u00e1cienseink sz\u00e1ll\u00edt\u00e1s\u00e1t az interklinikai vizsg\u00e1latokra az egyes k\u00f3rh\u00e1zi \u00e9p\u00fcletek k\u00f6z\u00f6tt t\u00f6bb saj\u00e1t ment\u0151aut\u00f3val v\u00e9gezz\u00fck, a k\u00f3rh\u00e1z sz\u00e1ll\u00edt\u00e1si oszt\u00e1ly\u00e1n 12-en dolgoznak. 66 f\u0151s munkaer\u0151 \u00e1ll rendelkez\u00e9sre a kisebb munk\u00e1latok \u00e9s a mindig ad\u00f3d\u00f3 jav\u00edt\u00e1sok elv\u00e9gz\u00e9s\u00e9re. A kapuban \u00e9s az ajt\u00f3kn\u00e1l 19-en dolgoznak, a k\u00f6zhiedelemmel ellent\u00e9tben nem az\u00e9rt, hogy a betegeket meg\u00e1ll\u00edts\u00e1k, hanem, hogy eligaz\u00edts\u00e1k.<\/p>\n<p style=\"text-align: justify;\">Az \u00e9tel is a gy\u00f3gyul\u00e1st szolg\u00e1lja<\/p>\n<p style=\"text-align: justify;\">A k\u00f3rh\u00e1z \u00e9lelmiszerr\u00e9szleg\u00e9n 19-en tev\u00e9kenykednek \u00e9s a tavaly \u00e9v elej\u00e9n befejez\u0151d\u00f6tt fel\u00faj\u00edt\u00e1s, a felszerel\u00e9s korszer\u0171s\u00edt\u00e9se mellett az\u00f3ta sz\u00e1mos m\u00e1s \u00fajdons\u00e1g is van. A k\u00f3rh\u00e1z dietetikus szakemberei kib\u0151v\u00edtett\u00e9k \u00e9s \u00e1talak\u00edtott\u00e1k az alapanyagok sk\u00e1l\u00e1j\u00e1t, amelyekb\u0151l f\u0151znek \u00e9s jelent\u0151sen megreform\u00e1lt\u00e1k a k\u00fcl\u00f6nb\u00f6z\u0151 men\u00fcket is. T\u00f6bbf\u00e9le gy\u00fcm\u00f6lcs, z\u00f6lds\u00e9g, \u00e9dess\u00e9g \u00e1ll rendelkez\u00e9sre, rendszeres\u00edtett\u00e9k az alapanyagok k\u00f6z\u00f6tt a halat, \u00e9s siker\u00fclt el\u00e9rni, hogy az egyes besz\u00e1ll\u00edt\u00f3k a min\u0151s\u00e9gen is emeljenek. Az \u00faj konyhai g\u00e9pekkel az eg\u00e9szs\u00e9ges \u00e9tkez\u00e9s fel\u00e9 is nagy l\u00e9p\u00e9st lehetett tenni, a nagy kapacit\u00e1s\u00fa elektromos s\u00fct\u0151ben p\u00e9ld\u00e1ul minim\u00e1lis mennyis\u00e9g\u0171 zsirad\u00e9k felhaszn\u00e1l\u00e1s\u00e1val s\u00fctnek vagy p\u00e1rolnak \u00edzletesre h\u00fast vagy z\u00f6lds\u00e9get.<\/p>\n<p style=\"text-align: justify;\">&nbsp;&nbsp;<\/p>\n<p style=\"text-align: justify;\">Cs\u00edkszereda, 2021.02.11<\/p>\n","protected":false},"excerpt":{"rendered":"<p>Febru\u00e1r 11-e a betegek vil\u00e1gnapja, ezen a napon vil\u00e1gszerte im\u00e1dkoznak a betegek gy\u00f3gyul\u00e1s\u00e1\u00e9rt \u00e9s azok\u00e9rt, akik seg\u00edtik \u0151ket a gy\u00f3gyul\u00e1s fel\u00e9 vezet\u0151 \u00faton. A Cs\u00edkszeredai Megyei S\u00fcrg\u0151ss\u00e9gi K\u00f3rh\u00e1zban 2020-ban a j\u00e1rv\u00e1ny\u00fcgyi korl\u00e1toz\u00e1sokkal egy\u00fctt is \u00f6sszesen t\u00f6bb mint sz\u00e1zezer beteget vizsg\u00e1ltunk, kezelt\u00fcnk, l\u00e1ttunk el. A Cs\u00edkszeredai Megyei S\u00fcrg\u0151ss\u00e9gi K\u00f3rh\u00e1zban 2020-ban 19 378 beteget kezelt\u00fcnk folyamatos bennfekv\u00e9si&hellip;<\/p>\n","protected":false},"author":11,"featured_media":2155,"comment_status":"closed","ping_status":"closed","sticky":false,"template":"","format":"standard","meta":[],"categories":[],"tags":[],"yoast_head":"<!-- This site is optimized with the Yoast SEO plugin v18.3 - https:\/\/yoast.com\/wordpress\/plugins\/seo\/ -->\n<title>Febru\u00e1r 11., a betegek vil\u00e1gnapja - Cs\u00edkszeredai Megyei S\u00fcrg\u0151ss\u00e9gi K\u00f3rh\u00e1z<\/title>\n<meta name=\"robots\" content=\"index, follow, max-snippet:-1, max-image-preview:large, max-video-preview:-1\" \/>\n<link rel=\"canonical\" href=\"https:\/\/spitalmciuc.ro\/februar-11-a-betegek-vilagnapja\/\" \/>\n<meta property=\"og:locale\" content=\"hu_HU\" \/>\n<meta property=\"og:type\" content=\"article\" \/>\n<meta property=\"og:title\" content=\"Febru\u00e1r 11., a betegek vil\u00e1gnapja - Cs\u00edkszeredai Megyei S\u00fcrg\u0151ss\u00e9gi K\u00f3rh\u00e1z\" \/>\n<meta property=\"og:description\" content=\"Febru\u00e1r 11-e a betegek vil\u00e1gnapja, ezen a napon vil\u00e1gszerte im\u00e1dkoznak a betegek gy\u00f3gyul\u00e1s\u00e1\u00e9rt \u00e9s azok\u00e9rt, akik seg\u00edtik \u0151ket a gy\u00f3gyul\u00e1s fel\u00e9 vezet\u0151 \u00faton. A Cs\u00edkszeredai Megyei S\u00fcrg\u0151ss\u00e9gi K\u00f3rh\u00e1zban 2020-ban a j\u00e1rv\u00e1ny\u00fcgyi korl\u00e1toz\u00e1sokkal egy\u00fctt is \u00f6sszesen t\u00f6bb mint sz\u00e1zezer beteget vizsg\u00e1ltunk, kezelt\u00fcnk, l\u00e1ttunk el. A Cs\u00edkszeredai Megyei S\u00fcrg\u0151ss\u00e9gi K\u00f3rh\u00e1zban 2020-ban 19 378 beteget kezelt\u00fcnk folyamatos bennfekv\u00e9si&hellip;\" \/>\n<meta property=\"og:url\" content=\"https:\/\/spitalmciuc.ro\/februar-11-a-betegek-vilagnapja\/\" \/>\n<meta property=\"og:site_name\" content=\"Cs\u00edkszeredai Megyei S\u00fcrg\u0151ss\u00e9gi K\u00f3rh\u00e1z\" \/>\n<meta property=\"article:published_time\" content=\"2021-02-11T14:18:31+00:00\" \/>\n<meta property=\"article:modified_time\" content=\"2022-03-02T07:31:23+00:00\" \/>\n<meta property=\"og:image\" content=\"https:\/\/spitalmciuc.ro\/wp-content\/uploads\/2021\/02\/bvhu.jpeg\" \/>\n\t<meta property=\"og:image:width\" content=\"1600\" \/>\n\t<meta property=\"og:image:height\" content=\"978\" \/>\n\t<meta property=\"og:image:type\" content=\"image\/jpeg\" \/>\n<meta name=\"twitter:card\" content=\"summary_large_image\" \/>\n<meta name=\"twitter:label1\" content=\"Szerz\u0151:\" \/>\n\t<meta name=\"twitter:data1\" content=\"Milik Szil\u00e1rd\" \/>\n\t<meta name=\"twitter:label2\" content=\"Becs\u00fclt olvas\u00e1si id\u0151\" \/>\n\t<meta name=\"twitter:data2\" content=\"6 perc\" \/>\n<script type=\"application\/ld+json\" class=\"yoast-schema-graph\">{\"@context\":\"https:\/\/schema.org\",\"@graph\":[{\"@type\":\"Organization\",\"@id\":\"https:\/\/spitalmciuc.ro\/#organization\",\"name\":\"Spitalul Jude\u0163ean de Urgen\u0163\u0103 Miercurea Ciuc\",\"url\":\"https:\/\/spitalmciuc.ro\/\",\"sameAs\":[],\"logo\":{\"@type\":\"ImageObject\",\"@id\":\"https:\/\/spitalmciuc.ro\/#logo\",\"inLanguage\":\"hu\",\"url\":\"https:\/\/spitalmciuc.ro\/wp-content\/uploads\/2022\/02\/logo-spital-ro-60.jpg\",\"contentUrl\":\"https:\/\/spitalmciuc.ro\/wp-content\/uploads\/2022\/02\/logo-spital-ro-60.jpg\",\"width\":198,\"height\":60,\"caption\":\"Spitalul Jude\u0163ean de Urgen\u0163\u0103 Miercurea Ciuc\"},\"image\":{\"@id\":\"https:\/\/spitalmciuc.ro\/#logo\"}},{\"@type\":\"WebSite\",\"@id\":\"https:\/\/spitalmciuc.ro\/#website\",\"url\":\"https:\/\/spitalmciuc.ro\/\",\"name\":\"Cs\u00edkszeredai Megyei S\u00fcrg\u0151ss\u00e9gi K\u00f3rh\u00e1z\",\"description\":\"\",\"publisher\":{\"@id\":\"https:\/\/spitalmciuc.ro\/#organization\"},\"potentialAction\":[{\"@type\":\"SearchAction\",\"target\":{\"@type\":\"EntryPoint\",\"urlTemplate\":\"https:\/\/spitalmciuc.ro\/?s={search_term_string}\"},\"query-input\":\"required name=search_term_string\"}],\"inLanguage\":\"hu\"},{\"@type\":\"ImageObject\",\"@id\":\"https:\/\/spitalmciuc.ro\/februar-11-a-betegek-vilagnapja\/#primaryimage\",\"inLanguage\":\"hu\",\"url\":\"https:\/\/spitalmciuc.ro\/wp-content\/uploads\/2021\/02\/bvhu.jpeg\",\"contentUrl\":\"https:\/\/spitalmciuc.ro\/wp-content\/uploads\/2021\/02\/bvhu.jpeg\",\"width\":1600,\"height\":978},{\"@type\":\"WebPage\",\"@id\":\"https:\/\/spitalmciuc.ro\/februar-11-a-betegek-vilagnapja\/#webpage\",\"url\":\"https:\/\/spitalmciuc.ro\/februar-11-a-betegek-vilagnapja\/\",\"name\":\"Febru\u00e1r 11., a betegek vil\u00e1gnapja - Cs\u00edkszeredai Megyei S\u00fcrg\u0151ss\u00e9gi K\u00f3rh\u00e1z\",\"isPartOf\":{\"@id\":\"https:\/\/spitalmciuc.ro\/#website\"},\"primaryImageOfPage\":{\"@id\":\"https:\/\/spitalmciuc.ro\/februar-11-a-betegek-vilagnapja\/#primaryimage\"},\"datePublished\":\"2021-02-11T14:18:31+00:00\",\"dateModified\":\"2022-03-02T07:31:23+00:00\",\"breadcrumb\":{\"@id\":\"https:\/\/spitalmciuc.ro\/februar-11-a-betegek-vilagnapja\/#breadcrumb\"},\"inLanguage\":\"hu\",\"potentialAction\":[{\"@type\":\"ReadAction\",\"target\":[\"https:\/\/spitalmciuc.ro\/februar-11-a-betegek-vilagnapja\/\"]}]},{\"@type\":\"BreadcrumbList\",\"@id\":\"https:\/\/spitalmciuc.ro\/februar-11-a-betegek-vilagnapja\/#breadcrumb\",\"itemListElement\":[{\"@type\":\"ListItem\",\"position\":1,\"name\":\"Kezd\u0151lap\",\"item\":\"https:\/\/spitalmciuc.ro\/hu\/\"},{\"@type\":\"ListItem\",\"position\":2,\"name\":\"Febru\u00e1r 11., a betegek vil\u00e1gnapja\"}]},{\"@type\":\"Article\",\"@id\":\"https:\/\/spitalmciuc.ro\/februar-11-a-betegek-vilagnapja\/#article\",\"isPartOf\":{\"@id\":\"https:\/\/spitalmciuc.ro\/februar-11-a-betegek-vilagnapja\/#webpage\"},\"author\":{\"@id\":\"https:\/\/spitalmciuc.ro\/#\/schema\/person\/20ea297ab07e8f4d1689dfe252e34174\"},\"headline\":\"Febru\u00e1r 11., a betegek vil\u00e1gnapja\",\"datePublished\":\"2021-02-11T14:18:31+00:00\",\"dateModified\":\"2022-03-02T07:31:23+00:00\",\"mainEntityOfPage\":{\"@id\":\"https:\/\/spitalmciuc.ro\/februar-11-a-betegek-vilagnapja\/#webpage\"},\"wordCount\":1218,\"publisher\":{\"@id\":\"https:\/\/spitalmciuc.ro\/#organization\"},\"image\":{\"@id\":\"https:\/\/spitalmciuc.ro\/februar-11-a-betegek-vilagnapja\/#primaryimage\"},\"thumbnailUrl\":\"https:\/\/spitalmciuc.ro\/wp-content\/uploads\/2021\/02\/bvhu.jpeg\",\"inLanguage\":\"hu\"},{\"@type\":\"Person\",\"@id\":\"https:\/\/spitalmciuc.ro\/#\/schema\/person\/20ea297ab07e8f4d1689dfe252e34174\",\"name\":\"Milik Szil\u00e1rd\",\"url\":\"https:\/\/spitalmciuc.ro\/hu\/author\/szilard\/\"}]}<\/script>\n<!-- \/ Yoast SEO plugin. -->","yoast_head_json":{"title":"Febru\u00e1r 11., a betegek vil\u00e1gnapja - Cs\u00edkszeredai Megyei S\u00fcrg\u0151ss\u00e9gi K\u00f3rh\u00e1z","robots":{"index":"index","follow":"follow","max-snippet":"max-snippet:-1","max-image-preview":"max-image-preview:large","max-video-preview":"max-video-preview:-1"},"canonical":"https:\/\/spitalmciuc.ro\/februar-11-a-betegek-vilagnapja\/","og_locale":"hu_HU","og_type":"article","og_title":"Febru\u00e1r 11., a betegek vil\u00e1gnapja - Cs\u00edkszeredai Megyei S\u00fcrg\u0151ss\u00e9gi K\u00f3rh\u00e1z","og_description":"Febru\u00e1r 11-e a betegek vil\u00e1gnapja, ezen a napon vil\u00e1gszerte im\u00e1dkoznak a betegek gy\u00f3gyul\u00e1s\u00e1\u00e9rt \u00e9s azok\u00e9rt, akik seg\u00edtik \u0151ket a gy\u00f3gyul\u00e1s fel\u00e9 vezet\u0151 \u00faton. A Cs\u00edkszeredai Megyei S\u00fcrg\u0151ss\u00e9gi K\u00f3rh\u00e1zban 2020-ban a j\u00e1rv\u00e1ny\u00fcgyi korl\u00e1toz\u00e1sokkal egy\u00fctt is \u00f6sszesen t\u00f6bb mint sz\u00e1zezer beteget vizsg\u00e1ltunk, kezelt\u00fcnk, l\u00e1ttunk el. A Cs\u00edkszeredai Megyei S\u00fcrg\u0151ss\u00e9gi K\u00f3rh\u00e1zban 2020-ban 19 378 beteget kezelt\u00fcnk folyamatos bennfekv\u00e9si&hellip;","og_url":"https:\/\/spitalmciuc.ro\/februar-11-a-betegek-vilagnapja\/","og_site_name":"Cs\u00edkszeredai Megyei S\u00fcrg\u0151ss\u00e9gi K\u00f3rh\u00e1z","article_published_time":"2021-02-11T14:18:31+00:00","article_modified_time":"2022-03-02T07:31:23+00:00","og_image":[{"width":1600,"height":978,"url":"https:\/\/spitalmciuc.ro\/wp-content\/uploads\/2021\/02\/bvhu.jpeg","type":"image\/jpeg"}],"twitter_card":"summary_large_image","twitter_misc":{"Szerz\u0151:":"Milik Szil\u00e1rd","Becs\u00fclt olvas\u00e1si id\u0151":"6 perc"},"schema":{"@context":"https:\/\/schema.org","@graph":[{"@type":"Organization","@id":"https:\/\/spitalmciuc.ro\/#organization","name":"Spitalul Jude\u0163ean de Urgen\u0163\u0103 Miercurea Ciuc","url":"https:\/\/spitalmciuc.ro\/","sameAs":[],"logo":{"@type":"ImageObject","@id":"https:\/\/spitalmciuc.ro\/#logo","inLanguage":"hu","url":"https:\/\/spitalmciuc.ro\/wp-content\/uploads\/2022\/02\/logo-spital-ro-60.jpg","contentUrl":"https:\/\/spitalmciuc.ro\/wp-content\/uploads\/2022\/02\/logo-spital-ro-60.jpg","width":198,"height":60,"caption":"Spitalul Jude\u0163ean de Urgen\u0163\u0103 Miercurea Ciuc"},"image":{"@id":"https:\/\/spitalmciuc.ro\/#logo"}},{"@type":"WebSite","@id":"https:\/\/spitalmciuc.ro\/#website","url":"https:\/\/spitalmciuc.ro\/","name":"Cs\u00edkszeredai Megyei S\u00fcrg\u0151ss\u00e9gi K\u00f3rh\u00e1z","description":"","publisher":{"@id":"https:\/\/spitalmciuc.ro\/#organization"},"potentialAction":[{"@type":"SearchAction","target":{"@type":"EntryPoint","urlTemplate":"https:\/\/spitalmciuc.ro\/?s={search_term_string}"},"query-input":"required name=search_term_string"}],"inLanguage":"hu"},{"@type":"ImageObject","@id":"https:\/\/spitalmciuc.ro\/februar-11-a-betegek-vilagnapja\/#primaryimage","inLanguage":"hu","url":"https:\/\/spitalmciuc.ro\/wp-content\/uploads\/2021\/02\/bvhu.jpeg","contentUrl":"https:\/\/spitalmciuc.ro\/wp-content\/uploads\/2021\/02\/bvhu.jpeg","width":1600,"height":978},{"@type":"WebPage","@id":"https:\/\/spitalmciuc.ro\/februar-11-a-betegek-vilagnapja\/#webpage","url":"https:\/\/spitalmciuc.ro\/februar-11-a-betegek-vilagnapja\/","name":"Febru\u00e1r 11., a betegek vil\u00e1gnapja - Cs\u00edkszeredai Megyei S\u00fcrg\u0151ss\u00e9gi K\u00f3rh\u00e1z","isPartOf":{"@id":"https:\/\/spitalmciuc.ro\/#website"},"primaryImageOfPage":{"@id":"https:\/\/spitalmciuc.ro\/februar-11-a-betegek-vilagnapja\/#primaryimage"},"datePublished":"2021-02-11T14:18:31+00:00","dateModified":"2022-03-02T07:31:23+00:00","breadcrumb":{"@id":"https:\/\/spitalmciuc.ro\/februar-11-a-betegek-vilagnapja\/#breadcrumb"},"inLanguage":"hu","potentialAction":[{"@type":"ReadAction","target":["https:\/\/spitalmciuc.ro\/februar-11-a-betegek-vilagnapja\/"]}]},{"@type":"BreadcrumbList","@id":"https:\/\/spitalmciuc.ro\/februar-11-a-betegek-vilagnapja\/#breadcrumb","itemListElement":[{"@type":"ListItem","position":1,"name":"Kezd\u0151lap","item":"https:\/\/spitalmciuc.ro\/hu\/"},{"@type":"ListItem","position":2,"name":"Febru\u00e1r 11., a betegek vil\u00e1gnapja"}]},{"@type":"Article","@id":"https:\/\/spitalmciuc.ro\/februar-11-a-betegek-vilagnapja\/#article","isPartOf":{"@id":"https:\/\/spitalmciuc.ro\/februar-11-a-betegek-vilagnapja\/#webpage"},"author":{"@id":"https:\/\/spitalmciuc.ro\/#\/schema\/person\/20ea297ab07e8f4d1689dfe252e34174"},"headline":"Febru\u00e1r 11., a betegek vil\u00e1gnapja","datePublished":"2021-02-11T14:18:31+00:00","dateModified":"2022-03-02T07:31:23+00:00","mainEntityOfPage":{"@id":"https:\/\/spitalmciuc.ro\/februar-11-a-betegek-vilagnapja\/#webpage"},"wordCount":1218,"publisher":{"@id":"https:\/\/spitalmciuc.ro\/#organization"},"image":{"@id":"https:\/\/spitalmciuc.ro\/februar-11-a-betegek-vilagnapja\/#primaryimage"},"thumbnailUrl":"https:\/\/spitalmciuc.ro\/wp-content\/uploads\/2021\/02\/bvhu.jpeg","inLanguage":"hu"},{"@type":"Person","@id":"https:\/\/spitalmciuc.ro\/#\/schema\/person\/20ea297ab07e8f4d1689dfe252e34174","name":"Milik Szil\u00e1rd","url":"https:\/\/spitalmciuc.ro\/hu\/author\/szilard\/"}]}},"_links":{"self":[{"href":"https:\/\/spitalmciuc.ro\/hu\/wp-json\/wp\/v2\/posts\/5827"}],"collection":[{"href":"https:\/\/spitalmciuc.ro\/hu\/wp-json\/wp\/v2\/posts"}],"about":[{"href":"https:\/\/spitalmciuc.ro\/hu\/wp-json\/wp\/v2\/types\/post"}],"author":[{"embeddable":true,"href":"https:\/\/spitalmciuc.ro\/hu\/wp-json\/wp\/v2\/users\/11"}],"replies":[{"embeddable":true,"href":"https:\/\/spitalmciuc.ro\/hu\/wp-json\/wp\/v2\/comments?post=5827"}],"version-history":[{"count":1,"href":"https:\/\/spitalmciuc.ro\/hu\/wp-json\/wp\/v2\/posts\/5827\/revisions"}],"predecessor-version":[{"id":6433,"href":"https:\/\/spitalmciuc.ro\/hu\/wp-json\/wp\/v2\/posts\/5827\/revisions\/6433"}],"wp:featuredmedia":[{"embeddable":true,"href":"https:\/\/spitalmciuc.ro\/hu\/wp-json\/wp\/v2\/media\/2155"}],"wp:attachment":[{"href":"https:\/\/spitalmciuc.ro\/hu\/wp-json\/wp\/v2\/media?parent=5827"}],"wp:term":[{"taxonomy":"category","embeddable":true,"href":"https:\/\/spitalmciuc.ro\/hu\/wp-json\/wp\/v2\/categories?post=5827"},{"taxonomy":"post_tag","embeddable":true,"href":"https:\/\/spitalmciuc.ro\/hu\/wp-json\/wp\/v2\/tags?post=5827"}],"curies":[{"name":"wp","href":"https:\/\/api.w.org\/{rel}","templated":true}]}}