{"id":5808,"date":"2021-02-02T10:19:39","date_gmt":"2021-02-02T10:19:39","guid":{"rendered":"https:\/\/spital.creative-solutions.ro\/index.php\/rakellenes-vilagnap-beszelgetesek-a-megelozesert-gyogyulasert\/"},"modified":"2022-03-02T07:31:23","modified_gmt":"2022-03-02T07:31:23","slug":"rakellenes-vilagnap-beszelgetesek-a-megelozesert-gyogyulasert","status":"publish","type":"post","link":"https:\/\/spitalmciuc.ro\/hu\/rakellenes-vilagnap-beszelgetesek-a-megelozesert-gyogyulasert\/","title":{"rendered":"R\u00e1kellenes vil\u00e1gnap \u2013 besz\u00e9lget\u00e9sek a megel\u0151z\u00e9s\u00e9rt, gy\u00f3gyul\u00e1s\u00e9rt"},"content":{"rendered":"<p style=\"text-align: justify;\"><strong>Febru\u00e1r 4-e a r\u00e1kellenes vil\u00e1gnap, \u00e9s ahogy az el\u0151z\u0151 \u00e9vekben, \u00fagy a Cs\u00edkszeredai Megyei S\u00fcrg\u0151ss\u00e9gi K\u00f3rh\u00e1z id\u00e9n is rendezv\u00e9nyeket szervez erre az alkalomra.<\/strong><\/p>\n<p style=\"text-align: justify;\">\u201eA megel\u0151z\u00e9s az eg\u00e9szs\u00e9g\u00fcgy \u00e9s eg\u00e9szs\u00e9g\u00fcnk egyik alappill\u00e9re \u00e9s a k\u00f3rh\u00e1zban igyeksz\u00fcnk erre odafigyelni. A k\u00fcl\u00f6nb\u00f6z\u0151 jeles napokon, vil\u00e1gnapokon ez\u00e9rt szervez\u00fcnk el\u0151ad\u00e1sokat, besz\u00e9lget\u00e9seket, figyelemfelkelt\u0151 rendezv\u00e9nyeket. A r\u00e1kellenes megel\u0151z\u00e9s kiemelt figyelmet kap r\u00e9sz\u00fcnkr\u0151l \u00e9s mindig nagy az \u00e9rdekl\u0151d\u00e9s ezen rendezv\u00e9nyeink ir\u00e1nt, tavaly t\u00f6bb sz\u00e1zan vettek r\u00e9szt orvosaink el\u0151ad\u00e1sain. Id\u00e9n az online t\u00e9rbe k\u00f6lt\u00f6znek \u00e1t az el\u0151ad\u00e1sok, biztos vagyok benne, hogy \u00edgy is sokakhoz eljutnak a hasznos inform\u00e1ci\u00f3k\u201d \u2013 fejtette ki dr. Konr\u00e1d Judit, a k\u00f3rh\u00e1z menedzsere.<\/p>\n<p style=\"text-align: justify;\">A Cs\u00edkszeredai Megyei S\u00fcrg\u0151ss\u00e9gi K\u00f3rh\u00e1z F\u00f3kuszban a megel\u0151z\u00e9s c\u00edmmel online el\u0151ad\u00e1st szervez 2021. febru\u00e1r 4., 12 \u00f3r\u00e1t\u00f3l a k\u00f3rh\u00e1z Facebook-oldal\u00e1n (Cs\u00edkszeredai Megyei S\u00fcrg\u0151ss\u00e9gi K\u00f3rh\u00e1z\/Spitalul Jude\u021bean de Urgen\u021b\u0103 Miercurea Ciuc). Az el\u0151ad\u00e1son dr. P\u00e9ter Attila onkol\u00f3gus szakorvos besz\u00e9l a gyakoribb daganatt\u00edpusokr\u00f3l \u00e9s megel\u0151z\u00e9si lehet\u0151s\u00e9geikr\u0151l.<\/p>\n<p style=\"text-align: justify;\">A Facebook-esem\u00e9ny linkje: <a href=\"https:\/\/www.facebook.com\/events\/792551811334190\"><\/a><a href=\"https:\/\/www.facebook.com\/events\/792551811334190\">https:\/\/www.facebook.com\/events\/792551811334190<\/a><\/p>\n<p style=\"text-align: justify;\">Szint\u00e9n febru\u00e1r 4-\u00e9n, 16 \u00f3r\u00e1t\u00f3l L\u00e9p\u00e9sek \u2013 a daganatos betegek \u00fatja a t\u00fcnetekt\u0151l a t\u00fcnetmentess\u00e9gig c\u00edmmel Zoom-besz\u00e9lget\u00e9st szervez a k\u00f3rh\u00e1z D\u00e9gi Csaba onkopszichol\u00f3gussal \u00e9s r\u00e1k-t\u00fal\u00e9l\u0151kkel. A besz\u00e9lget\u00e9sbe val\u00f3 bel\u00e9p\u00e9shez, a csatlakoz\u00e1shoz sz\u00fcks\u00e9ges Zoom-link:<\/p>\n<p style=\"text-align: justify;\"><a href=\"https:\/\/us02web.zoom.us\/j\/9446742456?pwd=TkhxcjhrdFJIT3dvb0E2dGhMcXA5UT09\"><\/a><a href=\"https:\/\/us02web.zoom.us\/j\/9446742456?pwd=TkhxcjhrdFJIT3dvb0E2dGhMcXA5UT09\">https:\/\/us02web.zoom.us\/j\/9446742456?pwd=TkhxcjhrdFJIT3dvb0E2dGhMcXA5UT09<\/a>. Azonos\u00edt\u00f3 sz\u00e1m (Meeting ID): 944 674 2456. Jelsz\u00f3: korhaz2021.<br \/> A besz\u00e9lget\u00e9s Facebook-esem\u00e9ny\u00e9nek linkje: <a href=\"https:\/\/www.facebook.com\/events\/152940886494620\"><\/a><a href=\"https:\/\/www.facebook.com\/events\/152940886494620\">https:\/\/www.facebook.com\/events\/152940886494620<\/a><\/p>\n<p style=\"text-align: justify;\">A Cs\u00edkszeredai Megyei S\u00fcrg\u0151ss\u00e9gi K\u00f3rh\u00e1z \u00e9gisze alatt, a Szoci\u00e1lis Testv\u00e9rek T\u00e1rsas\u00e1g erd\u00e9lyi ker\u00fclet\u00e9nek szervez\u00e9s\u00e9ben j\u00f6tt l\u00e9tre 2020 elej\u00e9n a Cs\u00edki gy\u0151ztesek t\u00e1mogat\u00f3 csoport daganatos betegek sz\u00e1m\u00e1ra. Az idei r\u00e1kellenes vil\u00e1gnap alkalm\u00e1val, febru\u00e1r 4-\u00e9n 18 \u00f3r\u00e1t\u00f3l a csoport keret\u00e9ben el\u0151ad\u00e1sokat, besz\u00e9lget\u00e9seket tartanak Tasn\u00e1di M\u00e1ria \u00e9s Homa Ildik\u00f3 pszichol\u00f3gusok, pszichoterapeut\u00e1k ir\u00e1ny\u00edt\u00e1s\u00e1val. Csatlakozni a k\u00f6vetkez\u0151 linken lehet: <a href=\"https:\/\/msngr.com\/kvkgnsfwliij?fbclid=IwAR1--8sMyveEK86J_f9aH8D23tyHZmIjzVz5Exo7gOtXNOAekvPqtImVUp4\"><\/a><a href=\"https:\/\/msngr.com\/kvkgnsfwliij\">https:\/\/msngr.com\/kvkgnsfwliij<\/a><\/p>\n<p style=\"text-align: justify;\">A Cs\u00edki Gy\u0151ztesek t\u00e1mogat\u00f3 csoport szervez\u00e9s\u00e9ben szentmis\u00e9t is bemutatnak Cs\u00edkszered\u00e1ban a r\u00e1kos betegek\u00e9rt: febru\u00e1r 5-\u00e9n, p\u00e9nteken 18 \u00f3rakor a Milleniumi templomban, febru\u00e1r 6-\u00e1n, szombaton 17 \u00f3r\u00e1t\u00f3l a Szent \u00c1goston templomban. V\u00e1rj\u00e1k az \u00e9rintetteket, csal\u00e1dtagjaikat, orvosokat, \u00e1pol\u00f3kat.<\/p>\n<p>Cs\u00edkszereda, 2021.02.02.<\/p>\n<p>&nbsp;<\/p>\n","protected":false},"excerpt":{"rendered":"<p>Febru\u00e1r 4-e a r\u00e1kellenes vil\u00e1gnap, \u00e9s ahogy az el\u0151z\u0151 \u00e9vekben, \u00fagy a Cs\u00edkszeredai Megyei S\u00fcrg\u0151ss\u00e9gi K\u00f3rh\u00e1z id\u00e9n is rendezv\u00e9nyeket szervez erre az alkalomra. \u201eA megel\u0151z\u00e9s az eg\u00e9szs\u00e9g\u00fcgy \u00e9s eg\u00e9szs\u00e9g\u00fcnk egyik alappill\u00e9re \u00e9s a k\u00f3rh\u00e1zban igyeksz\u00fcnk erre odafigyelni. A k\u00fcl\u00f6nb\u00f6z\u0151 jeles napokon, vil\u00e1gnapokon ez\u00e9rt szervez\u00fcnk el\u0151ad\u00e1sokat, besz\u00e9lget\u00e9seket, figyelemfelkelt\u0151 rendezv\u00e9nyeket. A r\u00e1kellenes megel\u0151z\u00e9s kiemelt figyelmet kap r\u00e9sz\u00fcnkr\u0151l&hellip;<\/p>\n","protected":false},"author":11,"featured_media":0,"comment_status":"closed","ping_status":"closed","sticky":false,"template":"","format":"standard","meta":[],"categories":[],"tags":[],"yoast_head":"<!-- This site is optimized with the Yoast SEO plugin v18.3 - https:\/\/yoast.com\/wordpress\/plugins\/seo\/ -->\n<title>R\u00e1kellenes vil\u00e1gnap \u2013 besz\u00e9lget\u00e9sek a megel\u0151z\u00e9s\u00e9rt, gy\u00f3gyul\u00e1s\u00e9rt - Cs\u00edkszeredai Megyei S\u00fcrg\u0151ss\u00e9gi K\u00f3rh\u00e1z<\/title>\n<meta name=\"robots\" content=\"index, follow, max-snippet:-1, max-image-preview:large, max-video-preview:-1\" \/>\n<link rel=\"canonical\" href=\"https:\/\/spitalmciuc.ro\/rakellenes-vilagnap-beszelgetesek-a-megelozesert-gyogyulasert\/\" \/>\n<meta property=\"og:locale\" content=\"hu_HU\" \/>\n<meta property=\"og:type\" content=\"article\" \/>\n<meta property=\"og:title\" content=\"R\u00e1kellenes vil\u00e1gnap \u2013 besz\u00e9lget\u00e9sek a megel\u0151z\u00e9s\u00e9rt, gy\u00f3gyul\u00e1s\u00e9rt - Cs\u00edkszeredai Megyei S\u00fcrg\u0151ss\u00e9gi K\u00f3rh\u00e1z\" \/>\n<meta property=\"og:description\" content=\"Febru\u00e1r 4-e a r\u00e1kellenes vil\u00e1gnap, \u00e9s ahogy az el\u0151z\u0151 \u00e9vekben, \u00fagy a Cs\u00edkszeredai Megyei S\u00fcrg\u0151ss\u00e9gi K\u00f3rh\u00e1z id\u00e9n is rendezv\u00e9nyeket szervez erre az alkalomra. \u201eA megel\u0151z\u00e9s az eg\u00e9szs\u00e9g\u00fcgy \u00e9s eg\u00e9szs\u00e9g\u00fcnk egyik alappill\u00e9re \u00e9s a k\u00f3rh\u00e1zban igyeksz\u00fcnk erre odafigyelni. A k\u00fcl\u00f6nb\u00f6z\u0151 jeles napokon, vil\u00e1gnapokon ez\u00e9rt szervez\u00fcnk el\u0151ad\u00e1sokat, besz\u00e9lget\u00e9seket, figyelemfelkelt\u0151 rendezv\u00e9nyeket. A r\u00e1kellenes megel\u0151z\u00e9s kiemelt figyelmet kap r\u00e9sz\u00fcnkr\u0151l&hellip;\" \/>\n<meta property=\"og:url\" content=\"https:\/\/spitalmciuc.ro\/rakellenes-vilagnap-beszelgetesek-a-megelozesert-gyogyulasert\/\" \/>\n<meta property=\"og:site_name\" content=\"Cs\u00edkszeredai Megyei S\u00fcrg\u0151ss\u00e9gi K\u00f3rh\u00e1z\" \/>\n<meta property=\"article:published_time\" content=\"2021-02-02T10:19:39+00:00\" \/>\n<meta property=\"article:modified_time\" content=\"2022-03-02T07:31:23+00:00\" \/>\n<meta name=\"twitter:card\" content=\"summary_large_image\" \/>\n<meta name=\"twitter:label1\" content=\"Szerz\u0151:\" \/>\n\t<meta name=\"twitter:data1\" content=\"Milik Szil\u00e1rd\" \/>\n\t<meta name=\"twitter:label2\" content=\"Becs\u00fclt olvas\u00e1si id\u0151\" \/>\n\t<meta name=\"twitter:data2\" content=\"2 perc\" \/>\n<script type=\"application\/ld+json\" class=\"yoast-schema-graph\">{\"@context\":\"https:\/\/schema.org\",\"@graph\":[{\"@type\":\"Organization\",\"@id\":\"https:\/\/spitalmciuc.ro\/#organization\",\"name\":\"Spitalul Jude\u0163ean de Urgen\u0163\u0103 Miercurea Ciuc\",\"url\":\"https:\/\/spitalmciuc.ro\/\",\"sameAs\":[],\"logo\":{\"@type\":\"ImageObject\",\"@id\":\"https:\/\/spitalmciuc.ro\/#logo\",\"inLanguage\":\"hu\",\"url\":\"https:\/\/spitalmciuc.ro\/wp-content\/uploads\/2022\/02\/logo-spital-ro-60.jpg\",\"contentUrl\":\"https:\/\/spitalmciuc.ro\/wp-content\/uploads\/2022\/02\/logo-spital-ro-60.jpg\",\"width\":198,\"height\":60,\"caption\":\"Spitalul Jude\u0163ean de Urgen\u0163\u0103 Miercurea Ciuc\"},\"image\":{\"@id\":\"https:\/\/spitalmciuc.ro\/#logo\"}},{\"@type\":\"WebSite\",\"@id\":\"https:\/\/spitalmciuc.ro\/#website\",\"url\":\"https:\/\/spitalmciuc.ro\/\",\"name\":\"Cs\u00edkszeredai Megyei S\u00fcrg\u0151ss\u00e9gi K\u00f3rh\u00e1z\",\"description\":\"\",\"publisher\":{\"@id\":\"https:\/\/spitalmciuc.ro\/#organization\"},\"potentialAction\":[{\"@type\":\"SearchAction\",\"target\":{\"@type\":\"EntryPoint\",\"urlTemplate\":\"https:\/\/spitalmciuc.ro\/?s={search_term_string}\"},\"query-input\":\"required name=search_term_string\"}],\"inLanguage\":\"hu\"},{\"@type\":\"WebPage\",\"@id\":\"https:\/\/spitalmciuc.ro\/rakellenes-vilagnap-beszelgetesek-a-megelozesert-gyogyulasert\/#webpage\",\"url\":\"https:\/\/spitalmciuc.ro\/rakellenes-vilagnap-beszelgetesek-a-megelozesert-gyogyulasert\/\",\"name\":\"R\u00e1kellenes vil\u00e1gnap \u2013 besz\u00e9lget\u00e9sek a megel\u0151z\u00e9s\u00e9rt, gy\u00f3gyul\u00e1s\u00e9rt - Cs\u00edkszeredai Megyei S\u00fcrg\u0151ss\u00e9gi K\u00f3rh\u00e1z\",\"isPartOf\":{\"@id\":\"https:\/\/spitalmciuc.ro\/#website\"},\"datePublished\":\"2021-02-02T10:19:39+00:00\",\"dateModified\":\"2022-03-02T07:31:23+00:00\",\"breadcrumb\":{\"@id\":\"https:\/\/spitalmciuc.ro\/rakellenes-vilagnap-beszelgetesek-a-megelozesert-gyogyulasert\/#breadcrumb\"},\"inLanguage\":\"hu\",\"potentialAction\":[{\"@type\":\"ReadAction\",\"target\":[\"https:\/\/spitalmciuc.ro\/rakellenes-vilagnap-beszelgetesek-a-megelozesert-gyogyulasert\/\"]}]},{\"@type\":\"BreadcrumbList\",\"@id\":\"https:\/\/spitalmciuc.ro\/rakellenes-vilagnap-beszelgetesek-a-megelozesert-gyogyulasert\/#breadcrumb\",\"itemListElement\":[{\"@type\":\"ListItem\",\"position\":1,\"name\":\"Kezd\u0151lap\",\"item\":\"https:\/\/spitalmciuc.ro\/hu\/\"},{\"@type\":\"ListItem\",\"position\":2,\"name\":\"R\u00e1kellenes vil\u00e1gnap \u2013 besz\u00e9lget\u00e9sek a megel\u0151z\u00e9s\u00e9rt, gy\u00f3gyul\u00e1s\u00e9rt\"}]},{\"@type\":\"Article\",\"@id\":\"https:\/\/spitalmciuc.ro\/rakellenes-vilagnap-beszelgetesek-a-megelozesert-gyogyulasert\/#article\",\"isPartOf\":{\"@id\":\"https:\/\/spitalmciuc.ro\/rakellenes-vilagnap-beszelgetesek-a-megelozesert-gyogyulasert\/#webpage\"},\"author\":{\"@id\":\"https:\/\/spitalmciuc.ro\/#\/schema\/person\/20ea297ab07e8f4d1689dfe252e34174\"},\"headline\":\"R\u00e1kellenes vil\u00e1gnap \u2013 besz\u00e9lget\u00e9sek a megel\u0151z\u00e9s\u00e9rt, gy\u00f3gyul\u00e1s\u00e9rt\",\"datePublished\":\"2021-02-02T10:19:39+00:00\",\"dateModified\":\"2022-03-02T07:31:23+00:00\",\"mainEntityOfPage\":{\"@id\":\"https:\/\/spitalmciuc.ro\/rakellenes-vilagnap-beszelgetesek-a-megelozesert-gyogyulasert\/#webpage\"},\"wordCount\":512,\"publisher\":{\"@id\":\"https:\/\/spitalmciuc.ro\/#organization\"},\"inLanguage\":\"hu\"},{\"@type\":\"Person\",\"@id\":\"https:\/\/spitalmciuc.ro\/#\/schema\/person\/20ea297ab07e8f4d1689dfe252e34174\",\"name\":\"Milik Szil\u00e1rd\",\"url\":\"https:\/\/spitalmciuc.ro\/hu\/author\/szilard\/\"}]}<\/script>\n<!-- \/ Yoast SEO plugin. -->","yoast_head_json":{"title":"R\u00e1kellenes vil\u00e1gnap \u2013 besz\u00e9lget\u00e9sek a megel\u0151z\u00e9s\u00e9rt, gy\u00f3gyul\u00e1s\u00e9rt - Cs\u00edkszeredai Megyei S\u00fcrg\u0151ss\u00e9gi K\u00f3rh\u00e1z","robots":{"index":"index","follow":"follow","max-snippet":"max-snippet:-1","max-image-preview":"max-image-preview:large","max-video-preview":"max-video-preview:-1"},"canonical":"https:\/\/spitalmciuc.ro\/rakellenes-vilagnap-beszelgetesek-a-megelozesert-gyogyulasert\/","og_locale":"hu_HU","og_type":"article","og_title":"R\u00e1kellenes vil\u00e1gnap \u2013 besz\u00e9lget\u00e9sek a megel\u0151z\u00e9s\u00e9rt, gy\u00f3gyul\u00e1s\u00e9rt - Cs\u00edkszeredai Megyei S\u00fcrg\u0151ss\u00e9gi K\u00f3rh\u00e1z","og_description":"Febru\u00e1r 4-e a r\u00e1kellenes vil\u00e1gnap, \u00e9s ahogy az el\u0151z\u0151 \u00e9vekben, \u00fagy a Cs\u00edkszeredai Megyei S\u00fcrg\u0151ss\u00e9gi K\u00f3rh\u00e1z id\u00e9n is rendezv\u00e9nyeket szervez erre az alkalomra. \u201eA megel\u0151z\u00e9s az eg\u00e9szs\u00e9g\u00fcgy \u00e9s eg\u00e9szs\u00e9g\u00fcnk egyik alappill\u00e9re \u00e9s a k\u00f3rh\u00e1zban igyeksz\u00fcnk erre odafigyelni. A k\u00fcl\u00f6nb\u00f6z\u0151 jeles napokon, vil\u00e1gnapokon ez\u00e9rt szervez\u00fcnk el\u0151ad\u00e1sokat, besz\u00e9lget\u00e9seket, figyelemfelkelt\u0151 rendezv\u00e9nyeket. A r\u00e1kellenes megel\u0151z\u00e9s kiemelt figyelmet kap r\u00e9sz\u00fcnkr\u0151l&hellip;","og_url":"https:\/\/spitalmciuc.ro\/rakellenes-vilagnap-beszelgetesek-a-megelozesert-gyogyulasert\/","og_site_name":"Cs\u00edkszeredai Megyei S\u00fcrg\u0151ss\u00e9gi K\u00f3rh\u00e1z","article_published_time":"2021-02-02T10:19:39+00:00","article_modified_time":"2022-03-02T07:31:23+00:00","twitter_card":"summary_large_image","twitter_misc":{"Szerz\u0151:":"Milik Szil\u00e1rd","Becs\u00fclt olvas\u00e1si id\u0151":"2 perc"},"schema":{"@context":"https:\/\/schema.org","@graph":[{"@type":"Organization","@id":"https:\/\/spitalmciuc.ro\/#organization","name":"Spitalul Jude\u0163ean de Urgen\u0163\u0103 Miercurea Ciuc","url":"https:\/\/spitalmciuc.ro\/","sameAs":[],"logo":{"@type":"ImageObject","@id":"https:\/\/spitalmciuc.ro\/#logo","inLanguage":"hu","url":"https:\/\/spitalmciuc.ro\/wp-content\/uploads\/2022\/02\/logo-spital-ro-60.jpg","contentUrl":"https:\/\/spitalmciuc.ro\/wp-content\/uploads\/2022\/02\/logo-spital-ro-60.jpg","width":198,"height":60,"caption":"Spitalul Jude\u0163ean de Urgen\u0163\u0103 Miercurea Ciuc"},"image":{"@id":"https:\/\/spitalmciuc.ro\/#logo"}},{"@type":"WebSite","@id":"https:\/\/spitalmciuc.ro\/#website","url":"https:\/\/spitalmciuc.ro\/","name":"Cs\u00edkszeredai Megyei S\u00fcrg\u0151ss\u00e9gi K\u00f3rh\u00e1z","description":"","publisher":{"@id":"https:\/\/spitalmciuc.ro\/#organization"},"potentialAction":[{"@type":"SearchAction","target":{"@type":"EntryPoint","urlTemplate":"https:\/\/spitalmciuc.ro\/?s={search_term_string}"},"query-input":"required name=search_term_string"}],"inLanguage":"hu"},{"@type":"WebPage","@id":"https:\/\/spitalmciuc.ro\/rakellenes-vilagnap-beszelgetesek-a-megelozesert-gyogyulasert\/#webpage","url":"https:\/\/spitalmciuc.ro\/rakellenes-vilagnap-beszelgetesek-a-megelozesert-gyogyulasert\/","name":"R\u00e1kellenes vil\u00e1gnap \u2013 besz\u00e9lget\u00e9sek a megel\u0151z\u00e9s\u00e9rt, gy\u00f3gyul\u00e1s\u00e9rt - Cs\u00edkszeredai Megyei S\u00fcrg\u0151ss\u00e9gi K\u00f3rh\u00e1z","isPartOf":{"@id":"https:\/\/spitalmciuc.ro\/#website"},"datePublished":"2021-02-02T10:19:39+00:00","dateModified":"2022-03-02T07:31:23+00:00","breadcrumb":{"@id":"https:\/\/spitalmciuc.ro\/rakellenes-vilagnap-beszelgetesek-a-megelozesert-gyogyulasert\/#breadcrumb"},"inLanguage":"hu","potentialAction":[{"@type":"ReadAction","target":["https:\/\/spitalmciuc.ro\/rakellenes-vilagnap-beszelgetesek-a-megelozesert-gyogyulasert\/"]}]},{"@type":"BreadcrumbList","@id":"https:\/\/spitalmciuc.ro\/rakellenes-vilagnap-beszelgetesek-a-megelozesert-gyogyulasert\/#breadcrumb","itemListElement":[{"@type":"ListItem","position":1,"name":"Kezd\u0151lap","item":"https:\/\/spitalmciuc.ro\/hu\/"},{"@type":"ListItem","position":2,"name":"R\u00e1kellenes vil\u00e1gnap \u2013 besz\u00e9lget\u00e9sek a megel\u0151z\u00e9s\u00e9rt, gy\u00f3gyul\u00e1s\u00e9rt"}]},{"@type":"Article","@id":"https:\/\/spitalmciuc.ro\/rakellenes-vilagnap-beszelgetesek-a-megelozesert-gyogyulasert\/#article","isPartOf":{"@id":"https:\/\/spitalmciuc.ro\/rakellenes-vilagnap-beszelgetesek-a-megelozesert-gyogyulasert\/#webpage"},"author":{"@id":"https:\/\/spitalmciuc.ro\/#\/schema\/person\/20ea297ab07e8f4d1689dfe252e34174"},"headline":"R\u00e1kellenes vil\u00e1gnap \u2013 besz\u00e9lget\u00e9sek a megel\u0151z\u00e9s\u00e9rt, gy\u00f3gyul\u00e1s\u00e9rt","datePublished":"2021-02-02T10:19:39+00:00","dateModified":"2022-03-02T07:31:23+00:00","mainEntityOfPage":{"@id":"https:\/\/spitalmciuc.ro\/rakellenes-vilagnap-beszelgetesek-a-megelozesert-gyogyulasert\/#webpage"},"wordCount":512,"publisher":{"@id":"https:\/\/spitalmciuc.ro\/#organization"},"inLanguage":"hu"},{"@type":"Person","@id":"https:\/\/spitalmciuc.ro\/#\/schema\/person\/20ea297ab07e8f4d1689dfe252e34174","name":"Milik Szil\u00e1rd","url":"https:\/\/spitalmciuc.ro\/hu\/author\/szilard\/"}]}},"_links":{"self":[{"href":"https:\/\/spitalmciuc.ro\/hu\/wp-json\/wp\/v2\/posts\/5808"}],"collection":[{"href":"https:\/\/spitalmciuc.ro\/hu\/wp-json\/wp\/v2\/posts"}],"about":[{"href":"https:\/\/spitalmciuc.ro\/hu\/wp-json\/wp\/v2\/types\/post"}],"author":[{"embeddable":true,"href":"https:\/\/spitalmciuc.ro\/hu\/wp-json\/wp\/v2\/users\/11"}],"replies":[{"embeddable":true,"href":"https:\/\/spitalmciuc.ro\/hu\/wp-json\/wp\/v2\/comments?post=5808"}],"version-history":[{"count":1,"href":"https:\/\/spitalmciuc.ro\/hu\/wp-json\/wp\/v2\/posts\/5808\/revisions"}],"predecessor-version":[{"id":6438,"href":"https:\/\/spitalmciuc.ro\/hu\/wp-json\/wp\/v2\/posts\/5808\/revisions\/6438"}],"wp:attachment":[{"href":"https:\/\/spitalmciuc.ro\/hu\/wp-json\/wp\/v2\/media?parent=5808"}],"wp:term":[{"taxonomy":"category","embeddable":true,"href":"https:\/\/spitalmciuc.ro\/hu\/wp-json\/wp\/v2\/categories?post=5808"},{"taxonomy":"post_tag","embeddable":true,"href":"https:\/\/spitalmciuc.ro\/hu\/wp-json\/wp\/v2\/tags?post=5808"}],"curies":[{"name":"wp","href":"https:\/\/api.w.org\/{rel}","templated":true}]}}