{"id":5806,"date":"2021-01-25T15:49:38","date_gmt":"2021-01-25T15:49:38","guid":{"rendered":"https:\/\/spital.creative-solutions.ro\/index.php\/a-masodik-adag-vedooltasokat-adminisztraljak\/"},"modified":"2022-03-02T07:31:23","modified_gmt":"2022-03-02T07:31:23","slug":"a-masodik-adag-vedooltasokat-adminisztraljak","status":"publish","type":"post","link":"https:\/\/spitalmciuc.ro\/hu\/a-masodik-adag-vedooltasokat-adminisztraljak\/","title":{"rendered":"A m\u00e1sodik adag v\u00e9d\u0151olt\u00e1sokat adminisztr\u00e1lj\u00e1k"},"content":{"rendered":"<p style=\"text-align: justify;\"><strong>Elkezd\u0151d\u00f6tt h\u00e9tf\u0151n, 2021. janu\u00e1r 25-\u00e9n a koronav\u00edrus elleni v\u00e9d\u0151olt\u00e1sok m\u00e1sodik adagj\u00e1nak, az eml\u00e9keztet\u0151 olt\u00e1soknak a bead\u00e1sa a Cs\u00edkszeredai Megyei S\u00fcrg\u0151ss\u00e9gi K\u00f3rh\u00e1zban. <\/strong><\/p>\n<p style=\"text-align: justify;\">Azon k\u00f3rh\u00e1zi \u00e9s eg\u00e9szs\u00e9g\u00fcgyi alkalmazottak kapt\u00e1k meg h\u00e9tf\u0151n \u00e9s kapj\u00e1k meg a k\u00f6vetkez\u0151 napokban a vakcina m\u00e1sodik adagj\u00e1t, akik janu\u00e1r elej\u00e9n az els\u0151k k\u00f6z\u00f6tt ig\u00e9nyelt\u00e9k a koronav\u00edrus elleni v\u00e9d\u0151olt\u00e1st.<\/p>\n<p style=\"text-align: justify;\">A Cs\u00edkszeredai Megyei S\u00fcrg\u0151ss\u00e9gi K\u00f3rh\u00e1zban m\u0171k\u00f6d\u0151 olt\u00e1si k\u00f6zpontban janu\u00e1r 25-ig \u00f6sszesen 2110 szem\u00e9ly kapott koronav\u00edrus elleni v\u00e9d\u0151olt\u00e1st. A k\u00f3rh\u00e1z alkalmazottai k\u00f6z\u00fcl 537-en, az alkalmazottak 43 sz\u00e1zal\u00e9ka \u00e9lt eddig ezzel a lehet\u0151s\u00e9ggel.<\/p>\n<p><img decoding=\"async\" loading=\"lazy\" class=\" size-full wp-image-1844\" src=\"https:\/\/spitalmciuc.ro\/wp-content\/uploads\/2021\/01\/vac2.jpeg\" alt=\"vac2\" width=\"700\" height=\"464\" srcset=\"https:\/\/spitalmciuc.ro\/wp-content\/uploads\/2021\/01\/vac2.jpeg 1370w, https:\/\/spitalmciuc.ro\/wp-content\/uploads\/2021\/01\/vac2-300x199.jpeg 300w, https:\/\/spitalmciuc.ro\/wp-content\/uploads\/2021\/01\/vac2-1024x679.jpeg 1024w\" sizes=\"(max-width: 700px) 100vw, 700px\" \/><\/p>\n<p style=\"text-align: justify;\">H\u00e9tf\u0151n a k\u00f3rh\u00e1zi olt\u00e1si k\u00f6zpontban kapta meg a koronav\u00edrus elleni v\u00e9d\u0151olt\u00e1s els\u0151 adagj\u00e1t Ion Proca, Hargita megye prefektusa is. A korm\u00e1ny megyebeli k\u00e9pvisel\u0151j\u00e9nek meggy\u0151z\u0151d\u00e9se, hogy j\u00f3 d\u00f6nt\u00e9st hozott a v\u00e9d\u0151olt\u00e1s ig\u00e9nyl\u00e9s\u00e9vel. \u201eB\u00edzom benne, hogy ebben a j\u00e1rv\u00e1ny\u00fcgyi helyzetben a lehet\u0151 legjobb d\u00f6nt\u00e9st hoztam meg. A kulcssz\u00f3 most a felel\u0151ss\u00e9g. Az\u00e9rt oltattam be magam, mert felel\u0151s vagyok magam\u00e9rt, a hozz\u00e1m k\u00f6zel \u00e1ll\u00f3k\u00e9rt \u00e9s gondolnom kell mindenki m\u00e1sra is. Arra biztatok mindenkit, hogy ig\u00e9nyelje a v\u00e9d\u0151olt\u00e1st \u00e9s oltassa be mag\u00e1t. Sz\u00fcks\u00e9ges l\u00e9p\u00e9s ez a saj\u00e1t eg\u00e9szs\u00e9g\u00fcnk \u00e9rdek\u00e9ben \u00e9s az\u00e9rt is, hogy visszat\u00e9rhess\u00fcnk a megszokott \u00e9let\u00fcnkh\u00f6z\u201d \u2013 nyilatkozta a prefektus.<\/p>\n<p style=\"text-align: justify;\">Szint\u00e9n h\u00e9tf\u0151n a k\u00f3rh\u00e1zban berendezett olt\u00e1si k\u00f6zpontban megkapta a vakcina els\u0151 adagj\u00e1t Borboly Csaba, Hargita Megye Tan\u00e1cs\u00e1nak eln\u00f6ke. \u201eK\u00f6z\u00f6ss\u00e9g\u00fcnk m\u00e1r nagyon sokszor bebizony\u00edtotta, hogy felel\u0151sen tud viselkedni akkor, amikor \u00f6sszefog\u00e1s \u00e9s k\u00f6z\u00f6ss\u00e9gi ki\u00e1ll\u00e1s kell. Volt erre p\u00e9lda a j\u00e1rv\u00e1ny alatt is. Most ism\u00e9t erre van sz\u00fcks\u00e9g, ha elegen beoltatjuk magunkat, re\u00e1lis es\u00e9ly van arra, hogy v\u00e9get vess\u00fcnk a j\u00e1rv\u00e1nynak. Ez\u00e9rt, szeretteim \u00e9s j\u00f3magam eg\u00e9szs\u00e9ge \u00e9rdek\u00e9ben ma \u00e9n is beoltattam magam \u00e9s ezt tan\u00e1csolom a megye lakoss\u00e1g\u00e1nak is\u201d \u2013 nyilatkozta Borboly Csaba ez alkalommal.&nbsp;<\/p>\n<p style=\"text-align: justify;\">Cs\u00edkszereda, 2021.01.25<\/p>\n","protected":false},"excerpt":{"rendered":"<p>Elkezd\u0151d\u00f6tt h\u00e9tf\u0151n, 2021. janu\u00e1r 25-\u00e9n a koronav\u00edrus elleni v\u00e9d\u0151olt\u00e1sok m\u00e1sodik adagj\u00e1nak, az eml\u00e9keztet\u0151 olt\u00e1soknak a bead\u00e1sa a Cs\u00edkszeredai Megyei S\u00fcrg\u0151ss\u00e9gi K\u00f3rh\u00e1zban. Azon k\u00f3rh\u00e1zi \u00e9s eg\u00e9szs\u00e9g\u00fcgyi alkalmazottak kapt\u00e1k meg h\u00e9tf\u0151n \u00e9s kapj\u00e1k meg a k\u00f6vetkez\u0151 napokban a vakcina m\u00e1sodik adagj\u00e1t, akik janu\u00e1r elej\u00e9n az els\u0151k k\u00f6z\u00f6tt ig\u00e9nyelt\u00e9k a koronav\u00edrus elleni v\u00e9d\u0151olt\u00e1st. A Cs\u00edkszeredai Megyei S\u00fcrg\u0151ss\u00e9gi K\u00f3rh\u00e1zban&hellip;<\/p>\n","protected":false},"author":11,"featured_media":1844,"comment_status":"closed","ping_status":"closed","sticky":false,"template":"","format":"standard","meta":[],"categories":[],"tags":[],"yoast_head":"<!-- This site is optimized with the Yoast SEO plugin v18.3 - https:\/\/yoast.com\/wordpress\/plugins\/seo\/ -->\n<title>A m\u00e1sodik adag v\u00e9d\u0151olt\u00e1sokat adminisztr\u00e1lj\u00e1k - Cs\u00edkszeredai Megyei S\u00fcrg\u0151ss\u00e9gi K\u00f3rh\u00e1z<\/title>\n<meta name=\"robots\" content=\"index, follow, max-snippet:-1, max-image-preview:large, max-video-preview:-1\" \/>\n<link rel=\"canonical\" href=\"https:\/\/spitalmciuc.ro\/a-masodik-adag-vedooltasokat-adminisztraljak\/\" \/>\n<meta property=\"og:locale\" content=\"hu_HU\" \/>\n<meta property=\"og:type\" content=\"article\" \/>\n<meta property=\"og:title\" content=\"A m\u00e1sodik adag v\u00e9d\u0151olt\u00e1sokat adminisztr\u00e1lj\u00e1k - Cs\u00edkszeredai Megyei S\u00fcrg\u0151ss\u00e9gi K\u00f3rh\u00e1z\" \/>\n<meta property=\"og:description\" content=\"Elkezd\u0151d\u00f6tt h\u00e9tf\u0151n, 2021. janu\u00e1r 25-\u00e9n a koronav\u00edrus elleni v\u00e9d\u0151olt\u00e1sok m\u00e1sodik adagj\u00e1nak, az eml\u00e9keztet\u0151 olt\u00e1soknak a bead\u00e1sa a Cs\u00edkszeredai Megyei S\u00fcrg\u0151ss\u00e9gi K\u00f3rh\u00e1zban. Azon k\u00f3rh\u00e1zi \u00e9s eg\u00e9szs\u00e9g\u00fcgyi alkalmazottak kapt\u00e1k meg h\u00e9tf\u0151n \u00e9s kapj\u00e1k meg a k\u00f6vetkez\u0151 napokban a vakcina m\u00e1sodik adagj\u00e1t, akik janu\u00e1r elej\u00e9n az els\u0151k k\u00f6z\u00f6tt ig\u00e9nyelt\u00e9k a koronav\u00edrus elleni v\u00e9d\u0151olt\u00e1st. A Cs\u00edkszeredai Megyei S\u00fcrg\u0151ss\u00e9gi K\u00f3rh\u00e1zban&hellip;\" \/>\n<meta property=\"og:url\" content=\"https:\/\/spitalmciuc.ro\/a-masodik-adag-vedooltasokat-adminisztraljak\/\" \/>\n<meta property=\"og:site_name\" content=\"Cs\u00edkszeredai Megyei S\u00fcrg\u0151ss\u00e9gi K\u00f3rh\u00e1z\" \/>\n<meta property=\"article:published_time\" content=\"2021-01-25T15:49:38+00:00\" \/>\n<meta property=\"article:modified_time\" content=\"2022-03-02T07:31:23+00:00\" \/>\n<meta property=\"og:image\" content=\"https:\/\/spitalmciuc.ro\/wp-content\/uploads\/2021\/01\/vac2.jpeg\" \/>\n\t<meta property=\"og:image:width\" content=\"1370\" \/>\n\t<meta property=\"og:image:height\" content=\"908\" \/>\n\t<meta property=\"og:image:type\" content=\"image\/jpeg\" \/>\n<meta name=\"twitter:card\" content=\"summary_large_image\" \/>\n<meta name=\"twitter:label1\" content=\"Szerz\u0151:\" \/>\n\t<meta name=\"twitter:data1\" content=\"Milik Szil\u00e1rd\" \/>\n\t<meta name=\"twitter:label2\" content=\"Becs\u00fclt olvas\u00e1si id\u0151\" \/>\n\t<meta name=\"twitter:data2\" content=\"2 perc\" \/>\n<script type=\"application\/ld+json\" class=\"yoast-schema-graph\">{\"@context\":\"https:\/\/schema.org\",\"@graph\":[{\"@type\":\"Organization\",\"@id\":\"https:\/\/spitalmciuc.ro\/#organization\",\"name\":\"Spitalul Jude\u0163ean de Urgen\u0163\u0103 Miercurea Ciuc\",\"url\":\"https:\/\/spitalmciuc.ro\/\",\"sameAs\":[],\"logo\":{\"@type\":\"ImageObject\",\"@id\":\"https:\/\/spitalmciuc.ro\/#logo\",\"inLanguage\":\"hu\",\"url\":\"https:\/\/spitalmciuc.ro\/wp-content\/uploads\/2022\/02\/logo-spital-ro-60.jpg\",\"contentUrl\":\"https:\/\/spitalmciuc.ro\/wp-content\/uploads\/2022\/02\/logo-spital-ro-60.jpg\",\"width\":198,\"height\":60,\"caption\":\"Spitalul Jude\u0163ean de Urgen\u0163\u0103 Miercurea Ciuc\"},\"image\":{\"@id\":\"https:\/\/spitalmciuc.ro\/#logo\"}},{\"@type\":\"WebSite\",\"@id\":\"https:\/\/spitalmciuc.ro\/#website\",\"url\":\"https:\/\/spitalmciuc.ro\/\",\"name\":\"Cs\u00edkszeredai Megyei S\u00fcrg\u0151ss\u00e9gi K\u00f3rh\u00e1z\",\"description\":\"\",\"publisher\":{\"@id\":\"https:\/\/spitalmciuc.ro\/#organization\"},\"potentialAction\":[{\"@type\":\"SearchAction\",\"target\":{\"@type\":\"EntryPoint\",\"urlTemplate\":\"https:\/\/spitalmciuc.ro\/?s={search_term_string}\"},\"query-input\":\"required name=search_term_string\"}],\"inLanguage\":\"hu\"},{\"@type\":\"ImageObject\",\"@id\":\"https:\/\/spitalmciuc.ro\/a-masodik-adag-vedooltasokat-adminisztraljak\/#primaryimage\",\"inLanguage\":\"hu\",\"url\":\"https:\/\/spitalmciuc.ro\/wp-content\/uploads\/2021\/01\/vac2.jpeg\",\"contentUrl\":\"https:\/\/spitalmciuc.ro\/wp-content\/uploads\/2021\/01\/vac2.jpeg\",\"width\":1370,\"height\":908},{\"@type\":\"WebPage\",\"@id\":\"https:\/\/spitalmciuc.ro\/a-masodik-adag-vedooltasokat-adminisztraljak\/#webpage\",\"url\":\"https:\/\/spitalmciuc.ro\/a-masodik-adag-vedooltasokat-adminisztraljak\/\",\"name\":\"A m\u00e1sodik adag v\u00e9d\u0151olt\u00e1sokat adminisztr\u00e1lj\u00e1k - Cs\u00edkszeredai Megyei S\u00fcrg\u0151ss\u00e9gi K\u00f3rh\u00e1z\",\"isPartOf\":{\"@id\":\"https:\/\/spitalmciuc.ro\/#website\"},\"primaryImageOfPage\":{\"@id\":\"https:\/\/spitalmciuc.ro\/a-masodik-adag-vedooltasokat-adminisztraljak\/#primaryimage\"},\"datePublished\":\"2021-01-25T15:49:38+00:00\",\"dateModified\":\"2022-03-02T07:31:23+00:00\",\"breadcrumb\":{\"@id\":\"https:\/\/spitalmciuc.ro\/a-masodik-adag-vedooltasokat-adminisztraljak\/#breadcrumb\"},\"inLanguage\":\"hu\",\"potentialAction\":[{\"@type\":\"ReadAction\",\"target\":[\"https:\/\/spitalmciuc.ro\/a-masodik-adag-vedooltasokat-adminisztraljak\/\"]}]},{\"@type\":\"BreadcrumbList\",\"@id\":\"https:\/\/spitalmciuc.ro\/a-masodik-adag-vedooltasokat-adminisztraljak\/#breadcrumb\",\"itemListElement\":[{\"@type\":\"ListItem\",\"position\":1,\"name\":\"Kezd\u0151lap\",\"item\":\"https:\/\/spitalmciuc.ro\/hu\/\"},{\"@type\":\"ListItem\",\"position\":2,\"name\":\"A m\u00e1sodik adag v\u00e9d\u0151olt\u00e1sokat adminisztr\u00e1lj\u00e1k\"}]},{\"@type\":\"Article\",\"@id\":\"https:\/\/spitalmciuc.ro\/a-masodik-adag-vedooltasokat-adminisztraljak\/#article\",\"isPartOf\":{\"@id\":\"https:\/\/spitalmciuc.ro\/a-masodik-adag-vedooltasokat-adminisztraljak\/#webpage\"},\"author\":{\"@id\":\"https:\/\/spitalmciuc.ro\/#\/schema\/person\/20ea297ab07e8f4d1689dfe252e34174\"},\"headline\":\"A m\u00e1sodik adag v\u00e9d\u0151olt\u00e1sokat adminisztr\u00e1lj\u00e1k\",\"datePublished\":\"2021-01-25T15:49:38+00:00\",\"dateModified\":\"2022-03-02T07:31:23+00:00\",\"mainEntityOfPage\":{\"@id\":\"https:\/\/spitalmciuc.ro\/a-masodik-adag-vedooltasokat-adminisztraljak\/#webpage\"},\"wordCount\":443,\"publisher\":{\"@id\":\"https:\/\/spitalmciuc.ro\/#organization\"},\"image\":{\"@id\":\"https:\/\/spitalmciuc.ro\/a-masodik-adag-vedooltasokat-adminisztraljak\/#primaryimage\"},\"thumbnailUrl\":\"https:\/\/spitalmciuc.ro\/wp-content\/uploads\/2021\/01\/vac2.jpeg\",\"inLanguage\":\"hu\"},{\"@type\":\"Person\",\"@id\":\"https:\/\/spitalmciuc.ro\/#\/schema\/person\/20ea297ab07e8f4d1689dfe252e34174\",\"name\":\"Milik Szil\u00e1rd\",\"url\":\"https:\/\/spitalmciuc.ro\/hu\/author\/szilard\/\"}]}<\/script>\n<!-- \/ Yoast SEO plugin. -->","yoast_head_json":{"title":"A m\u00e1sodik adag v\u00e9d\u0151olt\u00e1sokat adminisztr\u00e1lj\u00e1k - Cs\u00edkszeredai Megyei S\u00fcrg\u0151ss\u00e9gi K\u00f3rh\u00e1z","robots":{"index":"index","follow":"follow","max-snippet":"max-snippet:-1","max-image-preview":"max-image-preview:large","max-video-preview":"max-video-preview:-1"},"canonical":"https:\/\/spitalmciuc.ro\/a-masodik-adag-vedooltasokat-adminisztraljak\/","og_locale":"hu_HU","og_type":"article","og_title":"A m\u00e1sodik adag v\u00e9d\u0151olt\u00e1sokat adminisztr\u00e1lj\u00e1k - Cs\u00edkszeredai Megyei S\u00fcrg\u0151ss\u00e9gi K\u00f3rh\u00e1z","og_description":"Elkezd\u0151d\u00f6tt h\u00e9tf\u0151n, 2021. janu\u00e1r 25-\u00e9n a koronav\u00edrus elleni v\u00e9d\u0151olt\u00e1sok m\u00e1sodik adagj\u00e1nak, az eml\u00e9keztet\u0151 olt\u00e1soknak a bead\u00e1sa a Cs\u00edkszeredai Megyei S\u00fcrg\u0151ss\u00e9gi K\u00f3rh\u00e1zban. Azon k\u00f3rh\u00e1zi \u00e9s eg\u00e9szs\u00e9g\u00fcgyi alkalmazottak kapt\u00e1k meg h\u00e9tf\u0151n \u00e9s kapj\u00e1k meg a k\u00f6vetkez\u0151 napokban a vakcina m\u00e1sodik adagj\u00e1t, akik janu\u00e1r elej\u00e9n az els\u0151k k\u00f6z\u00f6tt ig\u00e9nyelt\u00e9k a koronav\u00edrus elleni v\u00e9d\u0151olt\u00e1st. A Cs\u00edkszeredai Megyei S\u00fcrg\u0151ss\u00e9gi K\u00f3rh\u00e1zban&hellip;","og_url":"https:\/\/spitalmciuc.ro\/a-masodik-adag-vedooltasokat-adminisztraljak\/","og_site_name":"Cs\u00edkszeredai Megyei S\u00fcrg\u0151ss\u00e9gi K\u00f3rh\u00e1z","article_published_time":"2021-01-25T15:49:38+00:00","article_modified_time":"2022-03-02T07:31:23+00:00","og_image":[{"width":1370,"height":908,"url":"https:\/\/spitalmciuc.ro\/wp-content\/uploads\/2021\/01\/vac2.jpeg","type":"image\/jpeg"}],"twitter_card":"summary_large_image","twitter_misc":{"Szerz\u0151:":"Milik Szil\u00e1rd","Becs\u00fclt olvas\u00e1si id\u0151":"2 perc"},"schema":{"@context":"https:\/\/schema.org","@graph":[{"@type":"Organization","@id":"https:\/\/spitalmciuc.ro\/#organization","name":"Spitalul Jude\u0163ean de Urgen\u0163\u0103 Miercurea Ciuc","url":"https:\/\/spitalmciuc.ro\/","sameAs":[],"logo":{"@type":"ImageObject","@id":"https:\/\/spitalmciuc.ro\/#logo","inLanguage":"hu","url":"https:\/\/spitalmciuc.ro\/wp-content\/uploads\/2022\/02\/logo-spital-ro-60.jpg","contentUrl":"https:\/\/spitalmciuc.ro\/wp-content\/uploads\/2022\/02\/logo-spital-ro-60.jpg","width":198,"height":60,"caption":"Spitalul Jude\u0163ean de Urgen\u0163\u0103 Miercurea Ciuc"},"image":{"@id":"https:\/\/spitalmciuc.ro\/#logo"}},{"@type":"WebSite","@id":"https:\/\/spitalmciuc.ro\/#website","url":"https:\/\/spitalmciuc.ro\/","name":"Cs\u00edkszeredai Megyei S\u00fcrg\u0151ss\u00e9gi K\u00f3rh\u00e1z","description":"","publisher":{"@id":"https:\/\/spitalmciuc.ro\/#organization"},"potentialAction":[{"@type":"SearchAction","target":{"@type":"EntryPoint","urlTemplate":"https:\/\/spitalmciuc.ro\/?s={search_term_string}"},"query-input":"required name=search_term_string"}],"inLanguage":"hu"},{"@type":"ImageObject","@id":"https:\/\/spitalmciuc.ro\/a-masodik-adag-vedooltasokat-adminisztraljak\/#primaryimage","inLanguage":"hu","url":"https:\/\/spitalmciuc.ro\/wp-content\/uploads\/2021\/01\/vac2.jpeg","contentUrl":"https:\/\/spitalmciuc.ro\/wp-content\/uploads\/2021\/01\/vac2.jpeg","width":1370,"height":908},{"@type":"WebPage","@id":"https:\/\/spitalmciuc.ro\/a-masodik-adag-vedooltasokat-adminisztraljak\/#webpage","url":"https:\/\/spitalmciuc.ro\/a-masodik-adag-vedooltasokat-adminisztraljak\/","name":"A m\u00e1sodik adag v\u00e9d\u0151olt\u00e1sokat adminisztr\u00e1lj\u00e1k - Cs\u00edkszeredai Megyei S\u00fcrg\u0151ss\u00e9gi K\u00f3rh\u00e1z","isPartOf":{"@id":"https:\/\/spitalmciuc.ro\/#website"},"primaryImageOfPage":{"@id":"https:\/\/spitalmciuc.ro\/a-masodik-adag-vedooltasokat-adminisztraljak\/#primaryimage"},"datePublished":"2021-01-25T15:49:38+00:00","dateModified":"2022-03-02T07:31:23+00:00","breadcrumb":{"@id":"https:\/\/spitalmciuc.ro\/a-masodik-adag-vedooltasokat-adminisztraljak\/#breadcrumb"},"inLanguage":"hu","potentialAction":[{"@type":"ReadAction","target":["https:\/\/spitalmciuc.ro\/a-masodik-adag-vedooltasokat-adminisztraljak\/"]}]},{"@type":"BreadcrumbList","@id":"https:\/\/spitalmciuc.ro\/a-masodik-adag-vedooltasokat-adminisztraljak\/#breadcrumb","itemListElement":[{"@type":"ListItem","position":1,"name":"Kezd\u0151lap","item":"https:\/\/spitalmciuc.ro\/hu\/"},{"@type":"ListItem","position":2,"name":"A m\u00e1sodik adag v\u00e9d\u0151olt\u00e1sokat adminisztr\u00e1lj\u00e1k"}]},{"@type":"Article","@id":"https:\/\/spitalmciuc.ro\/a-masodik-adag-vedooltasokat-adminisztraljak\/#article","isPartOf":{"@id":"https:\/\/spitalmciuc.ro\/a-masodik-adag-vedooltasokat-adminisztraljak\/#webpage"},"author":{"@id":"https:\/\/spitalmciuc.ro\/#\/schema\/person\/20ea297ab07e8f4d1689dfe252e34174"},"headline":"A m\u00e1sodik adag v\u00e9d\u0151olt\u00e1sokat adminisztr\u00e1lj\u00e1k","datePublished":"2021-01-25T15:49:38+00:00","dateModified":"2022-03-02T07:31:23+00:00","mainEntityOfPage":{"@id":"https:\/\/spitalmciuc.ro\/a-masodik-adag-vedooltasokat-adminisztraljak\/#webpage"},"wordCount":443,"publisher":{"@id":"https:\/\/spitalmciuc.ro\/#organization"},"image":{"@id":"https:\/\/spitalmciuc.ro\/a-masodik-adag-vedooltasokat-adminisztraljak\/#primaryimage"},"thumbnailUrl":"https:\/\/spitalmciuc.ro\/wp-content\/uploads\/2021\/01\/vac2.jpeg","inLanguage":"hu"},{"@type":"Person","@id":"https:\/\/spitalmciuc.ro\/#\/schema\/person\/20ea297ab07e8f4d1689dfe252e34174","name":"Milik Szil\u00e1rd","url":"https:\/\/spitalmciuc.ro\/hu\/author\/szilard\/"}]}},"_links":{"self":[{"href":"https:\/\/spitalmciuc.ro\/hu\/wp-json\/wp\/v2\/posts\/5806"}],"collection":[{"href":"https:\/\/spitalmciuc.ro\/hu\/wp-json\/wp\/v2\/posts"}],"about":[{"href":"https:\/\/spitalmciuc.ro\/hu\/wp-json\/wp\/v2\/types\/post"}],"author":[{"embeddable":true,"href":"https:\/\/spitalmciuc.ro\/hu\/wp-json\/wp\/v2\/users\/11"}],"replies":[{"embeddable":true,"href":"https:\/\/spitalmciuc.ro\/hu\/wp-json\/wp\/v2\/comments?post=5806"}],"version-history":[{"count":1,"href":"https:\/\/spitalmciuc.ro\/hu\/wp-json\/wp\/v2\/posts\/5806\/revisions"}],"predecessor-version":[{"id":6440,"href":"https:\/\/spitalmciuc.ro\/hu\/wp-json\/wp\/v2\/posts\/5806\/revisions\/6440"}],"wp:featuredmedia":[{"embeddable":true,"href":"https:\/\/spitalmciuc.ro\/hu\/wp-json\/wp\/v2\/media\/1844"}],"wp:attachment":[{"href":"https:\/\/spitalmciuc.ro\/hu\/wp-json\/wp\/v2\/media?parent=5806"}],"wp:term":[{"taxonomy":"category","embeddable":true,"href":"https:\/\/spitalmciuc.ro\/hu\/wp-json\/wp\/v2\/categories?post=5806"},{"taxonomy":"post_tag","embeddable":true,"href":"https:\/\/spitalmciuc.ro\/hu\/wp-json\/wp\/v2\/tags?post=5806"}],"curies":[{"name":"wp","href":"https:\/\/api.w.org\/{rel}","templated":true}]}}