{"id":5804,"date":"2021-01-21T13:12:13","date_gmt":"2021-01-21T13:12:13","guid":{"rendered":"https:\/\/spital.creative-solutions.ro\/index.php\/folyamatos-a-vedooltasok-adminisztralasa\/"},"modified":"2022-03-02T07:31:23","modified_gmt":"2022-03-02T07:31:23","slug":"folyamatos-a-vedooltasok-adminisztralasa","status":"publish","type":"post","link":"https:\/\/spitalmciuc.ro\/hu\/folyamatos-a-vedooltasok-adminisztralasa\/","title":{"rendered":"Folyamatos a v\u00e9d\u0151olt\u00e1sok adminisztr\u00e1l\u00e1sa"},"content":{"rendered":"<p>&nbsp;<\/p>\n<p style=\"text-align: justify;\">\u00d6r\u00f6m\u00fcnkre szolg\u00e1l, hogy nagy a forgalom k\u00f3rh\u00e1zunk olt\u00e1si k\u00f6zpontj\u00e1ban: eg\u00e9szs\u00e9g\u00fcgyi alkalmazottak, id\u0151sek, kr\u00f3nikus betegek, k\u00fcl\u00f6nb\u00f6z\u0151 \u00e1llami int\u00e9zm\u00e9nyek munkat\u00e1rsai \u00e9rkeznek folyamatosan a koronav\u00edrus elleni vakcin\u00e1\u00e9rt. <br \/>A k\u00f3rh\u00e1zi olt\u00e1si k\u00f6zpontban m\u00e1ig 1350 v\u00e9d\u0151olt\u00e1st adtak be munkat\u00e1rsaink. A k\u00f3rh\u00e1zi alkalmazottak 42 sz\u00e1zal\u00e9ka ig\u00e9nyelte a v\u00e9d\u0151olt\u00e1st, az 519 beoltott alkalmazott k\u00f6z\u00f6tt 106 orvos, 229 asszisztens, 78 beteg\u00e1pol\u00f3 \u00e9s 41 takar\u00edt\u00f3 van.<\/p>\n<p style=\"text-align: justify;\"><img decoding=\"async\" loading=\"lazy\" class=\" size-full wp-image-1839\" src=\"https:\/\/spitalmciuc.ro\/wp-content\/uploads\/2021\/01\/oltaskozpont.jpeg\" alt=\"oltaskozpont\" width=\"700\" height=\"525\" srcset=\"https:\/\/spitalmciuc.ro\/wp-content\/uploads\/2021\/01\/oltaskozpont.jpeg 1600w, https:\/\/spitalmciuc.ro\/wp-content\/uploads\/2021\/01\/oltaskozpont-300x225.jpeg 300w, https:\/\/spitalmciuc.ro\/wp-content\/uploads\/2021\/01\/oltaskozpont-1024x768.jpeg 1024w, https:\/\/spitalmciuc.ro\/wp-content\/uploads\/2021\/01\/oltaskozpont-768x576.jpeg 768w, https:\/\/spitalmciuc.ro\/wp-content\/uploads\/2021\/01\/oltaskozpont-1536x1152.jpeg 1536w\" sizes=\"(max-width: 700px) 100vw, 700px\" \/><br \/>A k\u00f3rh\u00e1zi olt\u00e1si k\u00f6zpontban kapta meg a vakcin\u00e1t B\u00edr\u00f3 Barna Botond, Hargita Megye Tan\u00e1cs\u00e1nak aleln\u00f6ke is. Ugyanakkor m\u00e1s megy\u00e9kb\u0151l is \u00e9rkeznek hozz\u00e1nk ig\u00e9nyl\u0151k: voltak m\u00e1r Kov\u00e1szna, Kolozs megy\u00e9b\u0151l ide fel\u00edratkozottak, de van, aki Bukarestb\u0151l fog idej\u00f6nni v\u00e9d\u0151olt\u00e1s\u00e9rt, miut\u00e1n helyben egyel\u0151re nem kaptak id\u0151pontot. <br \/>Mivel sokan keresnek meg el\u0151jegyz\u00e9si probl\u00e9m\u00e1kkal, pontos\u00edtunk, hogy a k\u00f3rh\u00e1zi olt\u00e1si k\u00f6zpontban nem \u00e1ll m\u00f3dunkban v\u00e9d\u0151olt\u00e1sra program\u00e1lni a civil lakoss\u00e1got. Erre a vaccinare-covid.gov.ro weboldalon kereszt\u00fcl van lehet\u0151s\u00e9g \u00e9s seg\u00edts\u00e9get lehet ig\u00e9nyelni a csal\u00e1dorvosokn\u00e1l vagy a 021.414.44.66-os telefonsz\u00e1mon. Tov\u00e1bbi inform\u00e1ci\u00f3k tal\u00e1lhat\u00f3k a <a href=\"https:\/\/korona.hargitamegye.ro\/\">https:\/\/korona.hargitamegye.ro\/<\/a> weboldalon \u00e9s a Ro Vaccinare Facebook-oldalon is. <br \/>Az olt\u00e1si tev\u00e9kenys\u00e9g tov\u00e1bb folytat\u00f3dik: az el\u0151zetesen elv\u00e9gzett el\u0151jegyz\u00e9sek szerint naponta 8 \u00e9s 20 \u00f3ra k\u00f6z\u00f6tt v\u00e1rjuk a k\u00f3rh\u00e1z f\u00f6ldszintj\u00e9n l\u00e9v\u0151 olt\u00e1si k\u00f6zpontban azokat, akik jogosultak a v\u00e9d\u0151olt\u00e1sra a II-ik szakaszban \u00e9s \u00e9lni k\u00edv\u00e1nnak ezzel a lehet\u0151s\u00e9ggel.<\/p>\n<p style=\"text-align: justify;\">Cs\u00edkszereda, 2021.01.21<\/p>\n","protected":false},"excerpt":{"rendered":"<p>&nbsp; \u00d6r\u00f6m\u00fcnkre szolg\u00e1l, hogy nagy a forgalom k\u00f3rh\u00e1zunk olt\u00e1si k\u00f6zpontj\u00e1ban: eg\u00e9szs\u00e9g\u00fcgyi alkalmazottak, id\u0151sek, kr\u00f3nikus betegek, k\u00fcl\u00f6nb\u00f6z\u0151 \u00e1llami int\u00e9zm\u00e9nyek munkat\u00e1rsai \u00e9rkeznek folyamatosan a koronav\u00edrus elleni vakcin\u00e1\u00e9rt. A k\u00f3rh\u00e1zi olt\u00e1si k\u00f6zpontban m\u00e1ig 1350 v\u00e9d\u0151olt\u00e1st adtak be munkat\u00e1rsaink. A k\u00f3rh\u00e1zi alkalmazottak 42 sz\u00e1zal\u00e9ka ig\u00e9nyelte a v\u00e9d\u0151olt\u00e1st, az 519 beoltott alkalmazott k\u00f6z\u00f6tt 106 orvos, 229 asszisztens, 78 beteg\u00e1pol\u00f3 \u00e9s&hellip;<\/p>\n","protected":false},"author":11,"featured_media":1839,"comment_status":"closed","ping_status":"closed","sticky":false,"template":"","format":"standard","meta":[],"categories":[],"tags":[],"yoast_head":"<!-- This site is optimized with the Yoast SEO plugin v18.3 - https:\/\/yoast.com\/wordpress\/plugins\/seo\/ -->\n<title>Folyamatos a v\u00e9d\u0151olt\u00e1sok adminisztr\u00e1l\u00e1sa - Cs\u00edkszeredai Megyei S\u00fcrg\u0151ss\u00e9gi K\u00f3rh\u00e1z<\/title>\n<meta name=\"robots\" content=\"index, follow, max-snippet:-1, max-image-preview:large, max-video-preview:-1\" \/>\n<link rel=\"canonical\" href=\"https:\/\/spitalmciuc.ro\/folyamatos-a-vedooltasok-adminisztralasa\/\" \/>\n<meta property=\"og:locale\" content=\"hu_HU\" \/>\n<meta property=\"og:type\" content=\"article\" \/>\n<meta property=\"og:title\" content=\"Folyamatos a v\u00e9d\u0151olt\u00e1sok adminisztr\u00e1l\u00e1sa - Cs\u00edkszeredai Megyei S\u00fcrg\u0151ss\u00e9gi K\u00f3rh\u00e1z\" \/>\n<meta property=\"og:description\" content=\"&nbsp; \u00d6r\u00f6m\u00fcnkre szolg\u00e1l, hogy nagy a forgalom k\u00f3rh\u00e1zunk olt\u00e1si k\u00f6zpontj\u00e1ban: eg\u00e9szs\u00e9g\u00fcgyi alkalmazottak, id\u0151sek, kr\u00f3nikus betegek, k\u00fcl\u00f6nb\u00f6z\u0151 \u00e1llami int\u00e9zm\u00e9nyek munkat\u00e1rsai \u00e9rkeznek folyamatosan a koronav\u00edrus elleni vakcin\u00e1\u00e9rt. A k\u00f3rh\u00e1zi olt\u00e1si k\u00f6zpontban m\u00e1ig 1350 v\u00e9d\u0151olt\u00e1st adtak be munkat\u00e1rsaink. A k\u00f3rh\u00e1zi alkalmazottak 42 sz\u00e1zal\u00e9ka ig\u00e9nyelte a v\u00e9d\u0151olt\u00e1st, az 519 beoltott alkalmazott k\u00f6z\u00f6tt 106 orvos, 229 asszisztens, 78 beteg\u00e1pol\u00f3 \u00e9s&hellip;\" \/>\n<meta property=\"og:url\" content=\"https:\/\/spitalmciuc.ro\/folyamatos-a-vedooltasok-adminisztralasa\/\" \/>\n<meta property=\"og:site_name\" content=\"Cs\u00edkszeredai Megyei S\u00fcrg\u0151ss\u00e9gi K\u00f3rh\u00e1z\" \/>\n<meta property=\"article:published_time\" content=\"2021-01-21T13:12:13+00:00\" \/>\n<meta property=\"article:modified_time\" content=\"2022-03-02T07:31:23+00:00\" \/>\n<meta property=\"og:image\" content=\"https:\/\/spitalmciuc.ro\/wp-content\/uploads\/2021\/01\/oltaskozpont.jpeg\" \/>\n\t<meta property=\"og:image:width\" content=\"1600\" \/>\n\t<meta property=\"og:image:height\" content=\"1200\" \/>\n\t<meta property=\"og:image:type\" content=\"image\/jpeg\" \/>\n<meta name=\"twitter:card\" content=\"summary_large_image\" \/>\n<meta name=\"twitter:label1\" content=\"Szerz\u0151:\" \/>\n\t<meta name=\"twitter:data1\" content=\"Milik Szil\u00e1rd\" \/>\n\t<meta name=\"twitter:label2\" content=\"Becs\u00fclt olvas\u00e1si id\u0151\" \/>\n\t<meta name=\"twitter:data2\" content=\"2 perc\" \/>\n<script type=\"application\/ld+json\" class=\"yoast-schema-graph\">{\"@context\":\"https:\/\/schema.org\",\"@graph\":[{\"@type\":\"Organization\",\"@id\":\"https:\/\/spitalmciuc.ro\/#organization\",\"name\":\"Spitalul Jude\u0163ean de Urgen\u0163\u0103 Miercurea Ciuc\",\"url\":\"https:\/\/spitalmciuc.ro\/\",\"sameAs\":[],\"logo\":{\"@type\":\"ImageObject\",\"@id\":\"https:\/\/spitalmciuc.ro\/#logo\",\"inLanguage\":\"hu\",\"url\":\"https:\/\/spitalmciuc.ro\/wp-content\/uploads\/2022\/02\/logo-spital-ro-60.jpg\",\"contentUrl\":\"https:\/\/spitalmciuc.ro\/wp-content\/uploads\/2022\/02\/logo-spital-ro-60.jpg\",\"width\":198,\"height\":60,\"caption\":\"Spitalul Jude\u0163ean de Urgen\u0163\u0103 Miercurea Ciuc\"},\"image\":{\"@id\":\"https:\/\/spitalmciuc.ro\/#logo\"}},{\"@type\":\"WebSite\",\"@id\":\"https:\/\/spitalmciuc.ro\/#website\",\"url\":\"https:\/\/spitalmciuc.ro\/\",\"name\":\"Cs\u00edkszeredai Megyei S\u00fcrg\u0151ss\u00e9gi K\u00f3rh\u00e1z\",\"description\":\"\",\"publisher\":{\"@id\":\"https:\/\/spitalmciuc.ro\/#organization\"},\"potentialAction\":[{\"@type\":\"SearchAction\",\"target\":{\"@type\":\"EntryPoint\",\"urlTemplate\":\"https:\/\/spitalmciuc.ro\/?s={search_term_string}\"},\"query-input\":\"required name=search_term_string\"}],\"inLanguage\":\"hu\"},{\"@type\":\"ImageObject\",\"@id\":\"https:\/\/spitalmciuc.ro\/folyamatos-a-vedooltasok-adminisztralasa\/#primaryimage\",\"inLanguage\":\"hu\",\"url\":\"https:\/\/spitalmciuc.ro\/wp-content\/uploads\/2021\/01\/oltaskozpont.jpeg\",\"contentUrl\":\"https:\/\/spitalmciuc.ro\/wp-content\/uploads\/2021\/01\/oltaskozpont.jpeg\",\"width\":1600,\"height\":1200},{\"@type\":\"WebPage\",\"@id\":\"https:\/\/spitalmciuc.ro\/folyamatos-a-vedooltasok-adminisztralasa\/#webpage\",\"url\":\"https:\/\/spitalmciuc.ro\/folyamatos-a-vedooltasok-adminisztralasa\/\",\"name\":\"Folyamatos a v\u00e9d\u0151olt\u00e1sok adminisztr\u00e1l\u00e1sa - Cs\u00edkszeredai Megyei S\u00fcrg\u0151ss\u00e9gi K\u00f3rh\u00e1z\",\"isPartOf\":{\"@id\":\"https:\/\/spitalmciuc.ro\/#website\"},\"primaryImageOfPage\":{\"@id\":\"https:\/\/spitalmciuc.ro\/folyamatos-a-vedooltasok-adminisztralasa\/#primaryimage\"},\"datePublished\":\"2021-01-21T13:12:13+00:00\",\"dateModified\":\"2022-03-02T07:31:23+00:00\",\"breadcrumb\":{\"@id\":\"https:\/\/spitalmciuc.ro\/folyamatos-a-vedooltasok-adminisztralasa\/#breadcrumb\"},\"inLanguage\":\"hu\",\"potentialAction\":[{\"@type\":\"ReadAction\",\"target\":[\"https:\/\/spitalmciuc.ro\/folyamatos-a-vedooltasok-adminisztralasa\/\"]}]},{\"@type\":\"BreadcrumbList\",\"@id\":\"https:\/\/spitalmciuc.ro\/folyamatos-a-vedooltasok-adminisztralasa\/#breadcrumb\",\"itemListElement\":[{\"@type\":\"ListItem\",\"position\":1,\"name\":\"Kezd\u0151lap\",\"item\":\"https:\/\/spitalmciuc.ro\/hu\/\"},{\"@type\":\"ListItem\",\"position\":2,\"name\":\"Folyamatos a v\u00e9d\u0151olt\u00e1sok adminisztr\u00e1l\u00e1sa\"}]},{\"@type\":\"Article\",\"@id\":\"https:\/\/spitalmciuc.ro\/folyamatos-a-vedooltasok-adminisztralasa\/#article\",\"isPartOf\":{\"@id\":\"https:\/\/spitalmciuc.ro\/folyamatos-a-vedooltasok-adminisztralasa\/#webpage\"},\"author\":{\"@id\":\"https:\/\/spitalmciuc.ro\/#\/schema\/person\/20ea297ab07e8f4d1689dfe252e34174\"},\"headline\":\"Folyamatos a v\u00e9d\u0151olt\u00e1sok adminisztr\u00e1l\u00e1sa\",\"datePublished\":\"2021-01-21T13:12:13+00:00\",\"dateModified\":\"2022-03-02T07:31:23+00:00\",\"mainEntityOfPage\":{\"@id\":\"https:\/\/spitalmciuc.ro\/folyamatos-a-vedooltasok-adminisztralasa\/#webpage\"},\"wordCount\":320,\"publisher\":{\"@id\":\"https:\/\/spitalmciuc.ro\/#organization\"},\"image\":{\"@id\":\"https:\/\/spitalmciuc.ro\/folyamatos-a-vedooltasok-adminisztralasa\/#primaryimage\"},\"thumbnailUrl\":\"https:\/\/spitalmciuc.ro\/wp-content\/uploads\/2021\/01\/oltaskozpont.jpeg\",\"inLanguage\":\"hu\"},{\"@type\":\"Person\",\"@id\":\"https:\/\/spitalmciuc.ro\/#\/schema\/person\/20ea297ab07e8f4d1689dfe252e34174\",\"name\":\"Milik Szil\u00e1rd\",\"url\":\"https:\/\/spitalmciuc.ro\/hu\/author\/szilard\/\"}]}<\/script>\n<!-- \/ Yoast SEO plugin. -->","yoast_head_json":{"title":"Folyamatos a v\u00e9d\u0151olt\u00e1sok adminisztr\u00e1l\u00e1sa - Cs\u00edkszeredai Megyei S\u00fcrg\u0151ss\u00e9gi K\u00f3rh\u00e1z","robots":{"index":"index","follow":"follow","max-snippet":"max-snippet:-1","max-image-preview":"max-image-preview:large","max-video-preview":"max-video-preview:-1"},"canonical":"https:\/\/spitalmciuc.ro\/folyamatos-a-vedooltasok-adminisztralasa\/","og_locale":"hu_HU","og_type":"article","og_title":"Folyamatos a v\u00e9d\u0151olt\u00e1sok adminisztr\u00e1l\u00e1sa - Cs\u00edkszeredai Megyei S\u00fcrg\u0151ss\u00e9gi K\u00f3rh\u00e1z","og_description":"&nbsp; \u00d6r\u00f6m\u00fcnkre szolg\u00e1l, hogy nagy a forgalom k\u00f3rh\u00e1zunk olt\u00e1si k\u00f6zpontj\u00e1ban: eg\u00e9szs\u00e9g\u00fcgyi alkalmazottak, id\u0151sek, kr\u00f3nikus betegek, k\u00fcl\u00f6nb\u00f6z\u0151 \u00e1llami int\u00e9zm\u00e9nyek munkat\u00e1rsai \u00e9rkeznek folyamatosan a koronav\u00edrus elleni vakcin\u00e1\u00e9rt. A k\u00f3rh\u00e1zi olt\u00e1si k\u00f6zpontban m\u00e1ig 1350 v\u00e9d\u0151olt\u00e1st adtak be munkat\u00e1rsaink. A k\u00f3rh\u00e1zi alkalmazottak 42 sz\u00e1zal\u00e9ka ig\u00e9nyelte a v\u00e9d\u0151olt\u00e1st, az 519 beoltott alkalmazott k\u00f6z\u00f6tt 106 orvos, 229 asszisztens, 78 beteg\u00e1pol\u00f3 \u00e9s&hellip;","og_url":"https:\/\/spitalmciuc.ro\/folyamatos-a-vedooltasok-adminisztralasa\/","og_site_name":"Cs\u00edkszeredai Megyei S\u00fcrg\u0151ss\u00e9gi K\u00f3rh\u00e1z","article_published_time":"2021-01-21T13:12:13+00:00","article_modified_time":"2022-03-02T07:31:23+00:00","og_image":[{"width":1600,"height":1200,"url":"https:\/\/spitalmciuc.ro\/wp-content\/uploads\/2021\/01\/oltaskozpont.jpeg","type":"image\/jpeg"}],"twitter_card":"summary_large_image","twitter_misc":{"Szerz\u0151:":"Milik Szil\u00e1rd","Becs\u00fclt olvas\u00e1si id\u0151":"2 perc"},"schema":{"@context":"https:\/\/schema.org","@graph":[{"@type":"Organization","@id":"https:\/\/spitalmciuc.ro\/#organization","name":"Spitalul Jude\u0163ean de Urgen\u0163\u0103 Miercurea Ciuc","url":"https:\/\/spitalmciuc.ro\/","sameAs":[],"logo":{"@type":"ImageObject","@id":"https:\/\/spitalmciuc.ro\/#logo","inLanguage":"hu","url":"https:\/\/spitalmciuc.ro\/wp-content\/uploads\/2022\/02\/logo-spital-ro-60.jpg","contentUrl":"https:\/\/spitalmciuc.ro\/wp-content\/uploads\/2022\/02\/logo-spital-ro-60.jpg","width":198,"height":60,"caption":"Spitalul Jude\u0163ean de Urgen\u0163\u0103 Miercurea Ciuc"},"image":{"@id":"https:\/\/spitalmciuc.ro\/#logo"}},{"@type":"WebSite","@id":"https:\/\/spitalmciuc.ro\/#website","url":"https:\/\/spitalmciuc.ro\/","name":"Cs\u00edkszeredai Megyei S\u00fcrg\u0151ss\u00e9gi K\u00f3rh\u00e1z","description":"","publisher":{"@id":"https:\/\/spitalmciuc.ro\/#organization"},"potentialAction":[{"@type":"SearchAction","target":{"@type":"EntryPoint","urlTemplate":"https:\/\/spitalmciuc.ro\/?s={search_term_string}"},"query-input":"required name=search_term_string"}],"inLanguage":"hu"},{"@type":"ImageObject","@id":"https:\/\/spitalmciuc.ro\/folyamatos-a-vedooltasok-adminisztralasa\/#primaryimage","inLanguage":"hu","url":"https:\/\/spitalmciuc.ro\/wp-content\/uploads\/2021\/01\/oltaskozpont.jpeg","contentUrl":"https:\/\/spitalmciuc.ro\/wp-content\/uploads\/2021\/01\/oltaskozpont.jpeg","width":1600,"height":1200},{"@type":"WebPage","@id":"https:\/\/spitalmciuc.ro\/folyamatos-a-vedooltasok-adminisztralasa\/#webpage","url":"https:\/\/spitalmciuc.ro\/folyamatos-a-vedooltasok-adminisztralasa\/","name":"Folyamatos a v\u00e9d\u0151olt\u00e1sok adminisztr\u00e1l\u00e1sa - Cs\u00edkszeredai Megyei S\u00fcrg\u0151ss\u00e9gi K\u00f3rh\u00e1z","isPartOf":{"@id":"https:\/\/spitalmciuc.ro\/#website"},"primaryImageOfPage":{"@id":"https:\/\/spitalmciuc.ro\/folyamatos-a-vedooltasok-adminisztralasa\/#primaryimage"},"datePublished":"2021-01-21T13:12:13+00:00","dateModified":"2022-03-02T07:31:23+00:00","breadcrumb":{"@id":"https:\/\/spitalmciuc.ro\/folyamatos-a-vedooltasok-adminisztralasa\/#breadcrumb"},"inLanguage":"hu","potentialAction":[{"@type":"ReadAction","target":["https:\/\/spitalmciuc.ro\/folyamatos-a-vedooltasok-adminisztralasa\/"]}]},{"@type":"BreadcrumbList","@id":"https:\/\/spitalmciuc.ro\/folyamatos-a-vedooltasok-adminisztralasa\/#breadcrumb","itemListElement":[{"@type":"ListItem","position":1,"name":"Kezd\u0151lap","item":"https:\/\/spitalmciuc.ro\/hu\/"},{"@type":"ListItem","position":2,"name":"Folyamatos a v\u00e9d\u0151olt\u00e1sok adminisztr\u00e1l\u00e1sa"}]},{"@type":"Article","@id":"https:\/\/spitalmciuc.ro\/folyamatos-a-vedooltasok-adminisztralasa\/#article","isPartOf":{"@id":"https:\/\/spitalmciuc.ro\/folyamatos-a-vedooltasok-adminisztralasa\/#webpage"},"author":{"@id":"https:\/\/spitalmciuc.ro\/#\/schema\/person\/20ea297ab07e8f4d1689dfe252e34174"},"headline":"Folyamatos a v\u00e9d\u0151olt\u00e1sok adminisztr\u00e1l\u00e1sa","datePublished":"2021-01-21T13:12:13+00:00","dateModified":"2022-03-02T07:31:23+00:00","mainEntityOfPage":{"@id":"https:\/\/spitalmciuc.ro\/folyamatos-a-vedooltasok-adminisztralasa\/#webpage"},"wordCount":320,"publisher":{"@id":"https:\/\/spitalmciuc.ro\/#organization"},"image":{"@id":"https:\/\/spitalmciuc.ro\/folyamatos-a-vedooltasok-adminisztralasa\/#primaryimage"},"thumbnailUrl":"https:\/\/spitalmciuc.ro\/wp-content\/uploads\/2021\/01\/oltaskozpont.jpeg","inLanguage":"hu"},{"@type":"Person","@id":"https:\/\/spitalmciuc.ro\/#\/schema\/person\/20ea297ab07e8f4d1689dfe252e34174","name":"Milik Szil\u00e1rd","url":"https:\/\/spitalmciuc.ro\/hu\/author\/szilard\/"}]}},"_links":{"self":[{"href":"https:\/\/spitalmciuc.ro\/hu\/wp-json\/wp\/v2\/posts\/5804"}],"collection":[{"href":"https:\/\/spitalmciuc.ro\/hu\/wp-json\/wp\/v2\/posts"}],"about":[{"href":"https:\/\/spitalmciuc.ro\/hu\/wp-json\/wp\/v2\/types\/post"}],"author":[{"embeddable":true,"href":"https:\/\/spitalmciuc.ro\/hu\/wp-json\/wp\/v2\/users\/11"}],"replies":[{"embeddable":true,"href":"https:\/\/spitalmciuc.ro\/hu\/wp-json\/wp\/v2\/comments?post=5804"}],"version-history":[{"count":1,"href":"https:\/\/spitalmciuc.ro\/hu\/wp-json\/wp\/v2\/posts\/5804\/revisions"}],"predecessor-version":[{"id":6445,"href":"https:\/\/spitalmciuc.ro\/hu\/wp-json\/wp\/v2\/posts\/5804\/revisions\/6445"}],"wp:featuredmedia":[{"embeddable":true,"href":"https:\/\/spitalmciuc.ro\/hu\/wp-json\/wp\/v2\/media\/1839"}],"wp:attachment":[{"href":"https:\/\/spitalmciuc.ro\/hu\/wp-json\/wp\/v2\/media?parent=5804"}],"wp:term":[{"taxonomy":"category","embeddable":true,"href":"https:\/\/spitalmciuc.ro\/hu\/wp-json\/wp\/v2\/categories?post=5804"},{"taxonomy":"post_tag","embeddable":true,"href":"https:\/\/spitalmciuc.ro\/hu\/wp-json\/wp\/v2\/tags?post=5804"}],"curies":[{"name":"wp","href":"https:\/\/api.w.org\/{rel}","templated":true}]}}