{"id":5797,"date":"2021-01-04T11:19:54","date_gmt":"2021-01-04T11:19:54","guid":{"rendered":"https:\/\/spital.creative-solutions.ro\/index.php\/elkezdodoett-a-koronavirus-elleni-vedooltasok-beadasa\/"},"modified":"2022-03-02T07:31:23","modified_gmt":"2022-03-02T07:31:23","slug":"elkezdodoett-a-koronavirus-elleni-vedooltasok-beadasa","status":"publish","type":"post","link":"https:\/\/spitalmciuc.ro\/hu\/elkezdodoett-a-koronavirus-elleni-vedooltasok-beadasa\/","title":{"rendered":"Elkezd\u0151d\u00f6tt a koronav\u00edrus elleni v\u00e9d\u0151olt\u00e1sok bead\u00e1sa"},"content":{"rendered":"<p>&nbsp;<\/p>\n<p style=\"text-align: justify;\"><strong>A Cs\u00edkszeredai Megyei S\u00fcrg\u0151ss\u00e9gi K\u00f3rh\u00e1zban janu\u00e1r 4-\u00e9n reggel elkezd\u0151d\u00f6tt a szem\u00e9lyzet koronav\u00edrus elleni v\u00e9d\u0151olt\u00e1sa. Els\u0151k\u00e9nt dr. Sergiu S\u00eengeorzan epidemiol\u00f3gus f\u0151orvos \u00e9s dr. Konr\u00e1d Judit, a k\u00f3rh\u00e1z menedzsere kapt\u00e1k meg a vakcin\u00e1t.<\/strong><\/p>\n<p style=\"text-align: justify;\">\u201eB\u00fcszke vagyok, hogy els\u0151k\u00e9nt megkaphattam ezt a v\u00e9d\u0151olt\u00e1st. Ez egy n\u00e9lk\u00fcl\u00f6zhetetlen fegyver a koronav\u00edrus-j\u00e1rv\u00e1ny legy\u0151z\u00e9s\u00e9ben. Az eddigi megel\u0151z\u00e9si int\u00e9zked\u00e9sek, a v\u00e9dekez\u00e9s tov\u00e1bb kell folytat\u00f3djon a k\u00f6vetkez\u0151 h\u00f3napokban is, am\u00edg el\u00e9rj\u00fck a megfelel\u0151 ny\u00e1jimmunit\u00e1st, a k\u00f6z\u00f6ss\u00e9g elegend\u0151 tagja be lesz oltva. Most azonban a cselekv\u00e9si lehet\u0151s\u00e9g m\u00e1r a mi kez\u00fcnkben van\u201d \u2013 mondta dr. Sergiu S\u00eengeorzan epidemiol\u00f3gus f\u0151orvos&nbsp;&nbsp;<\/p>\n<p style=\"text-align: justify;\">Dr. Konr\u00e1d Judit menedzser azt mondta v\u00e9d\u0151olt\u00e1s beadat\u00e1sa ut\u00e1n, az eg\u00e9szs\u00e9g\u00fcgyi szem\u00e9lyzetnek felel\u0151ss\u00e9ge el\u0151l j\u00e1rni a j\u00f3 p\u00e9ld\u00e1val. \u201eAz emberis\u00e9g t\u00f6rt\u00e9net\u00e9ben sok j\u00e1rv\u00e1ny volt m\u00e1r, amely nagyon sok ember\u00e9letet k\u00f6vetelt. A 21-ik sz\u00e1zadban illett is, hogy ilyen hamar megtal\u00e1lj\u00e1k \u00e9s kifejlessz\u00e9k a megfelel\u0151 olt\u00f3anyagot. K\u00f3rh\u00e1zunkban l\u00e9trehoztuk az olt\u00e1si k\u00f6zpontot, itt kapja meg a v\u00e9d\u0151olt\u00e1st az eg\u00e9szs\u00e9g\u00fcgyi szem\u00e9lyzet. Azt, hogy mi els\u0151k\u00e9nt oltatjuk be magunkat, \u00fczenetnek is sz\u00e1njuk a lakoss\u00e1g fele, hogy l\u00e1ss\u00e1k, mi ezt komolyan vessz\u00fck, b\u00edzunk benne, \u00e9s ahogy a j\u00e1rv\u00e1ny sor\u00e1n a gy\u00f3gy\u00edt\u00e1sban, \u00e1pol\u00e1sban a teher nagy r\u00e9sz\u00e9t vitt\u00fck, \u00fagy ebben is el\u0151l j\u00e1runk\u201d \u2013 fejtette ki a menedzser.<\/p>\n<p style=\"text-align: justify;\">Dr. Tar Gy\u00f6ngyi, a Hargita Megyei Eg\u00e9szs\u00e9g\u00fcgyi Igazgat\u00f3s\u00e1g vezet\u0151je \u00f6r\u00f6mteli esem\u00e9nynek nevezte az els\u0151 v\u00e9d\u0151olt\u00e1sok bead\u00e1s\u00e1t. \u201eSiker\u00fclt elhozni \u00e9s id\u0151ben elkezdeni a v\u00e9d\u0151olt\u00e1st. A vakcina adminisztr\u00e1l\u00e1s\u00e1nak elkezd\u00e9s\u00e9vel a pand\u00e9mia sor\u00e1n a v\u00e9dekez\u00e9si f\u00e1zisb\u00f3l \u00e1tt\u00e9r\u00fcnk a megel\u0151z\u00e9si f\u00e1zisba. A megel\u0151z\u00e9s az orvostudom\u00e1ny leg\u00e9rt\u00e9kesebb fegyvere. B\u00edzom benne, hogy a lakoss\u00e1g is bizalommal viszonyul a v\u00e9d\u0151olt\u00e1shoz, l\u00e1tva az orvosok \u00e9s az eg\u00e9szs\u00e9g\u00fcgyi szem\u00e9lyzet p\u00e9ld\u00e1j\u00e1t\u201d \u2013 mondta dr. Tar Gy\u00f6ngyi.&nbsp;<\/p>\n<p style=\"text-align: justify;\">A Cs\u00edkszeredai Megyei S\u00fcrg\u0151ss\u00e9gi K\u00f3rh\u00e1zban m\u0171k\u00f6d\u0151 v\u00e9d\u0151olt\u00e1si k\u00f6zpontba h\u00e9tf\u0151n kora reggel 275 koronav\u00edrus elleni v\u00e9d\u0151olt\u00e1s \u00e9rkezett, ezeket ma \u00e9s a k\u00f6vetkez\u0151 k\u00e9t napban kapja meg az el\u0151zetesen feliratkozott eg\u00e9szs\u00e9g\u00fcgyi szem\u00e9lyzet, a k\u00f3rh\u00e1z alkalmazottai mellett ment\u0151s\u00f6k, az eg\u00e9szs\u00e9g\u00fcgyi igazgat\u00f3s\u00e1g alkalmazottai \u00e9s orvosi rendel\u0151k munkat\u00e1rsai.<\/p>\n<p style=\"text-align: justify;\">Az olt\u00e1si k\u00f6zpontot \u00e9l\u0151 vide\u00f3ban mutatta be Borboly Csaba, az int\u00e9zm\u00e9nyfenntart\u00f3 Hargita Megye Tan\u00e1cs\u00e1nak eln\u00f6ke:&nbsp; <a href=\"https:\/\/www.facebook.com\/borbolycsaba\/videos\/144916887427392\/?notif_id=1609744817270429&amp;notif_t=page_checkin&amp;ref=notif\"><\/a><a href=\"https:\/\/www.facebook.com\/borbolycsaba\/videos\/144916887427392\/?notif_id=1609744817270429&amp;notif_t=page_checkin&amp;ref=notif\">https:\/\/www.facebook.com\/borbolycsaba\/videos\/144916887427392\/?notif_id=1609744817270429&amp;notif_t=page_checkin&amp;ref=notif<\/a>&nbsp;<\/p>\n<p style=\"text-align: justify;\">Cs\u00edkszereda, 2021.01.04<\/p>\n","protected":false},"excerpt":{"rendered":"<p>&nbsp; A Cs\u00edkszeredai Megyei S\u00fcrg\u0151ss\u00e9gi K\u00f3rh\u00e1zban janu\u00e1r 4-\u00e9n reggel elkezd\u0151d\u00f6tt a szem\u00e9lyzet koronav\u00edrus elleni v\u00e9d\u0151olt\u00e1sa. Els\u0151k\u00e9nt dr. Sergiu S\u00eengeorzan epidemiol\u00f3gus f\u0151orvos \u00e9s dr. Konr\u00e1d Judit, a k\u00f3rh\u00e1z menedzsere kapt\u00e1k meg a vakcin\u00e1t. \u201eB\u00fcszke vagyok, hogy els\u0151k\u00e9nt megkaphattam ezt a v\u00e9d\u0151olt\u00e1st. Ez egy n\u00e9lk\u00fcl\u00f6zhetetlen fegyver a koronav\u00edrus-j\u00e1rv\u00e1ny legy\u0151z\u00e9s\u00e9ben. Az eddigi megel\u0151z\u00e9si int\u00e9zked\u00e9sek, a v\u00e9dekez\u00e9s tov\u00e1bb kell&hellip;<\/p>\n","protected":false},"author":11,"featured_media":0,"comment_status":"closed","ping_status":"closed","sticky":false,"template":"","format":"standard","meta":[],"categories":[],"tags":[],"yoast_head":"<!-- This site is optimized with the Yoast SEO plugin v18.3 - https:\/\/yoast.com\/wordpress\/plugins\/seo\/ -->\n<title>Elkezd\u0151d\u00f6tt a koronav\u00edrus elleni v\u00e9d\u0151olt\u00e1sok bead\u00e1sa - Cs\u00edkszeredai Megyei S\u00fcrg\u0151ss\u00e9gi K\u00f3rh\u00e1z<\/title>\n<meta name=\"robots\" content=\"index, follow, max-snippet:-1, max-image-preview:large, max-video-preview:-1\" \/>\n<link rel=\"canonical\" href=\"https:\/\/spitalmciuc.ro\/elkezdodoett-a-koronavirus-elleni-vedooltasok-beadasa\/\" \/>\n<meta property=\"og:locale\" content=\"hu_HU\" \/>\n<meta property=\"og:type\" content=\"article\" \/>\n<meta property=\"og:title\" content=\"Elkezd\u0151d\u00f6tt a koronav\u00edrus elleni v\u00e9d\u0151olt\u00e1sok bead\u00e1sa - Cs\u00edkszeredai Megyei S\u00fcrg\u0151ss\u00e9gi K\u00f3rh\u00e1z\" \/>\n<meta property=\"og:description\" content=\"&nbsp; A Cs\u00edkszeredai Megyei S\u00fcrg\u0151ss\u00e9gi K\u00f3rh\u00e1zban janu\u00e1r 4-\u00e9n reggel elkezd\u0151d\u00f6tt a szem\u00e9lyzet koronav\u00edrus elleni v\u00e9d\u0151olt\u00e1sa. Els\u0151k\u00e9nt dr. Sergiu S\u00eengeorzan epidemiol\u00f3gus f\u0151orvos \u00e9s dr. Konr\u00e1d Judit, a k\u00f3rh\u00e1z menedzsere kapt\u00e1k meg a vakcin\u00e1t. \u201eB\u00fcszke vagyok, hogy els\u0151k\u00e9nt megkaphattam ezt a v\u00e9d\u0151olt\u00e1st. Ez egy n\u00e9lk\u00fcl\u00f6zhetetlen fegyver a koronav\u00edrus-j\u00e1rv\u00e1ny legy\u0151z\u00e9s\u00e9ben. Az eddigi megel\u0151z\u00e9si int\u00e9zked\u00e9sek, a v\u00e9dekez\u00e9s tov\u00e1bb kell&hellip;\" \/>\n<meta property=\"og:url\" content=\"https:\/\/spitalmciuc.ro\/elkezdodoett-a-koronavirus-elleni-vedooltasok-beadasa\/\" \/>\n<meta property=\"og:site_name\" content=\"Cs\u00edkszeredai Megyei S\u00fcrg\u0151ss\u00e9gi K\u00f3rh\u00e1z\" \/>\n<meta property=\"article:published_time\" content=\"2021-01-04T11:19:54+00:00\" \/>\n<meta property=\"article:modified_time\" content=\"2022-03-02T07:31:23+00:00\" \/>\n<meta name=\"twitter:card\" content=\"summary_large_image\" \/>\n<meta name=\"twitter:label1\" content=\"Szerz\u0151:\" \/>\n\t<meta name=\"twitter:data1\" content=\"Milik Szil\u00e1rd\" \/>\n\t<meta name=\"twitter:label2\" content=\"Becs\u00fclt olvas\u00e1si id\u0151\" \/>\n\t<meta name=\"twitter:data2\" content=\"3 perc\" \/>\n<script type=\"application\/ld+json\" class=\"yoast-schema-graph\">{\"@context\":\"https:\/\/schema.org\",\"@graph\":[{\"@type\":\"Organization\",\"@id\":\"https:\/\/spitalmciuc.ro\/#organization\",\"name\":\"Spitalul Jude\u0163ean de Urgen\u0163\u0103 Miercurea Ciuc\",\"url\":\"https:\/\/spitalmciuc.ro\/\",\"sameAs\":[],\"logo\":{\"@type\":\"ImageObject\",\"@id\":\"https:\/\/spitalmciuc.ro\/#logo\",\"inLanguage\":\"hu\",\"url\":\"https:\/\/spitalmciuc.ro\/wp-content\/uploads\/2022\/02\/logo-spital-ro-60.jpg\",\"contentUrl\":\"https:\/\/spitalmciuc.ro\/wp-content\/uploads\/2022\/02\/logo-spital-ro-60.jpg\",\"width\":198,\"height\":60,\"caption\":\"Spitalul Jude\u0163ean de Urgen\u0163\u0103 Miercurea Ciuc\"},\"image\":{\"@id\":\"https:\/\/spitalmciuc.ro\/#logo\"}},{\"@type\":\"WebSite\",\"@id\":\"https:\/\/spitalmciuc.ro\/#website\",\"url\":\"https:\/\/spitalmciuc.ro\/\",\"name\":\"Cs\u00edkszeredai Megyei S\u00fcrg\u0151ss\u00e9gi K\u00f3rh\u00e1z\",\"description\":\"\",\"publisher\":{\"@id\":\"https:\/\/spitalmciuc.ro\/#organization\"},\"potentialAction\":[{\"@type\":\"SearchAction\",\"target\":{\"@type\":\"EntryPoint\",\"urlTemplate\":\"https:\/\/spitalmciuc.ro\/?s={search_term_string}\"},\"query-input\":\"required name=search_term_string\"}],\"inLanguage\":\"hu\"},{\"@type\":\"WebPage\",\"@id\":\"https:\/\/spitalmciuc.ro\/elkezdodoett-a-koronavirus-elleni-vedooltasok-beadasa\/#webpage\",\"url\":\"https:\/\/spitalmciuc.ro\/elkezdodoett-a-koronavirus-elleni-vedooltasok-beadasa\/\",\"name\":\"Elkezd\u0151d\u00f6tt a koronav\u00edrus elleni v\u00e9d\u0151olt\u00e1sok bead\u00e1sa - Cs\u00edkszeredai Megyei S\u00fcrg\u0151ss\u00e9gi K\u00f3rh\u00e1z\",\"isPartOf\":{\"@id\":\"https:\/\/spitalmciuc.ro\/#website\"},\"datePublished\":\"2021-01-04T11:19:54+00:00\",\"dateModified\":\"2022-03-02T07:31:23+00:00\",\"breadcrumb\":{\"@id\":\"https:\/\/spitalmciuc.ro\/elkezdodoett-a-koronavirus-elleni-vedooltasok-beadasa\/#breadcrumb\"},\"inLanguage\":\"hu\",\"potentialAction\":[{\"@type\":\"ReadAction\",\"target\":[\"https:\/\/spitalmciuc.ro\/elkezdodoett-a-koronavirus-elleni-vedooltasok-beadasa\/\"]}]},{\"@type\":\"BreadcrumbList\",\"@id\":\"https:\/\/spitalmciuc.ro\/elkezdodoett-a-koronavirus-elleni-vedooltasok-beadasa\/#breadcrumb\",\"itemListElement\":[{\"@type\":\"ListItem\",\"position\":1,\"name\":\"Kezd\u0151lap\",\"item\":\"https:\/\/spitalmciuc.ro\/hu\/\"},{\"@type\":\"ListItem\",\"position\":2,\"name\":\"Elkezd\u0151d\u00f6tt a koronav\u00edrus elleni v\u00e9d\u0151olt\u00e1sok bead\u00e1sa\"}]},{\"@type\":\"Article\",\"@id\":\"https:\/\/spitalmciuc.ro\/elkezdodoett-a-koronavirus-elleni-vedooltasok-beadasa\/#article\",\"isPartOf\":{\"@id\":\"https:\/\/spitalmciuc.ro\/elkezdodoett-a-koronavirus-elleni-vedooltasok-beadasa\/#webpage\"},\"author\":{\"@id\":\"https:\/\/spitalmciuc.ro\/#\/schema\/person\/20ea297ab07e8f4d1689dfe252e34174\"},\"headline\":\"Elkezd\u0151d\u00f6tt a koronav\u00edrus elleni v\u00e9d\u0151olt\u00e1sok bead\u00e1sa\",\"datePublished\":\"2021-01-04T11:19:54+00:00\",\"dateModified\":\"2022-03-02T07:31:23+00:00\",\"mainEntityOfPage\":{\"@id\":\"https:\/\/spitalmciuc.ro\/elkezdodoett-a-koronavirus-elleni-vedooltasok-beadasa\/#webpage\"},\"wordCount\":572,\"publisher\":{\"@id\":\"https:\/\/spitalmciuc.ro\/#organization\"},\"inLanguage\":\"hu\"},{\"@type\":\"Person\",\"@id\":\"https:\/\/spitalmciuc.ro\/#\/schema\/person\/20ea297ab07e8f4d1689dfe252e34174\",\"name\":\"Milik Szil\u00e1rd\",\"url\":\"https:\/\/spitalmciuc.ro\/hu\/author\/szilard\/\"}]}<\/script>\n<!-- \/ Yoast SEO plugin. -->","yoast_head_json":{"title":"Elkezd\u0151d\u00f6tt a koronav\u00edrus elleni v\u00e9d\u0151olt\u00e1sok bead\u00e1sa - Cs\u00edkszeredai Megyei S\u00fcrg\u0151ss\u00e9gi K\u00f3rh\u00e1z","robots":{"index":"index","follow":"follow","max-snippet":"max-snippet:-1","max-image-preview":"max-image-preview:large","max-video-preview":"max-video-preview:-1"},"canonical":"https:\/\/spitalmciuc.ro\/elkezdodoett-a-koronavirus-elleni-vedooltasok-beadasa\/","og_locale":"hu_HU","og_type":"article","og_title":"Elkezd\u0151d\u00f6tt a koronav\u00edrus elleni v\u00e9d\u0151olt\u00e1sok bead\u00e1sa - Cs\u00edkszeredai Megyei S\u00fcrg\u0151ss\u00e9gi K\u00f3rh\u00e1z","og_description":"&nbsp; A Cs\u00edkszeredai Megyei S\u00fcrg\u0151ss\u00e9gi K\u00f3rh\u00e1zban janu\u00e1r 4-\u00e9n reggel elkezd\u0151d\u00f6tt a szem\u00e9lyzet koronav\u00edrus elleni v\u00e9d\u0151olt\u00e1sa. Els\u0151k\u00e9nt dr. Sergiu S\u00eengeorzan epidemiol\u00f3gus f\u0151orvos \u00e9s dr. Konr\u00e1d Judit, a k\u00f3rh\u00e1z menedzsere kapt\u00e1k meg a vakcin\u00e1t. \u201eB\u00fcszke vagyok, hogy els\u0151k\u00e9nt megkaphattam ezt a v\u00e9d\u0151olt\u00e1st. Ez egy n\u00e9lk\u00fcl\u00f6zhetetlen fegyver a koronav\u00edrus-j\u00e1rv\u00e1ny legy\u0151z\u00e9s\u00e9ben. Az eddigi megel\u0151z\u00e9si int\u00e9zked\u00e9sek, a v\u00e9dekez\u00e9s tov\u00e1bb kell&hellip;","og_url":"https:\/\/spitalmciuc.ro\/elkezdodoett-a-koronavirus-elleni-vedooltasok-beadasa\/","og_site_name":"Cs\u00edkszeredai Megyei S\u00fcrg\u0151ss\u00e9gi K\u00f3rh\u00e1z","article_published_time":"2021-01-04T11:19:54+00:00","article_modified_time":"2022-03-02T07:31:23+00:00","twitter_card":"summary_large_image","twitter_misc":{"Szerz\u0151:":"Milik Szil\u00e1rd","Becs\u00fclt olvas\u00e1si id\u0151":"3 perc"},"schema":{"@context":"https:\/\/schema.org","@graph":[{"@type":"Organization","@id":"https:\/\/spitalmciuc.ro\/#organization","name":"Spitalul Jude\u0163ean de Urgen\u0163\u0103 Miercurea Ciuc","url":"https:\/\/spitalmciuc.ro\/","sameAs":[],"logo":{"@type":"ImageObject","@id":"https:\/\/spitalmciuc.ro\/#logo","inLanguage":"hu","url":"https:\/\/spitalmciuc.ro\/wp-content\/uploads\/2022\/02\/logo-spital-ro-60.jpg","contentUrl":"https:\/\/spitalmciuc.ro\/wp-content\/uploads\/2022\/02\/logo-spital-ro-60.jpg","width":198,"height":60,"caption":"Spitalul Jude\u0163ean de Urgen\u0163\u0103 Miercurea Ciuc"},"image":{"@id":"https:\/\/spitalmciuc.ro\/#logo"}},{"@type":"WebSite","@id":"https:\/\/spitalmciuc.ro\/#website","url":"https:\/\/spitalmciuc.ro\/","name":"Cs\u00edkszeredai Megyei S\u00fcrg\u0151ss\u00e9gi K\u00f3rh\u00e1z","description":"","publisher":{"@id":"https:\/\/spitalmciuc.ro\/#organization"},"potentialAction":[{"@type":"SearchAction","target":{"@type":"EntryPoint","urlTemplate":"https:\/\/spitalmciuc.ro\/?s={search_term_string}"},"query-input":"required name=search_term_string"}],"inLanguage":"hu"},{"@type":"WebPage","@id":"https:\/\/spitalmciuc.ro\/elkezdodoett-a-koronavirus-elleni-vedooltasok-beadasa\/#webpage","url":"https:\/\/spitalmciuc.ro\/elkezdodoett-a-koronavirus-elleni-vedooltasok-beadasa\/","name":"Elkezd\u0151d\u00f6tt a koronav\u00edrus elleni v\u00e9d\u0151olt\u00e1sok bead\u00e1sa - Cs\u00edkszeredai Megyei S\u00fcrg\u0151ss\u00e9gi K\u00f3rh\u00e1z","isPartOf":{"@id":"https:\/\/spitalmciuc.ro\/#website"},"datePublished":"2021-01-04T11:19:54+00:00","dateModified":"2022-03-02T07:31:23+00:00","breadcrumb":{"@id":"https:\/\/spitalmciuc.ro\/elkezdodoett-a-koronavirus-elleni-vedooltasok-beadasa\/#breadcrumb"},"inLanguage":"hu","potentialAction":[{"@type":"ReadAction","target":["https:\/\/spitalmciuc.ro\/elkezdodoett-a-koronavirus-elleni-vedooltasok-beadasa\/"]}]},{"@type":"BreadcrumbList","@id":"https:\/\/spitalmciuc.ro\/elkezdodoett-a-koronavirus-elleni-vedooltasok-beadasa\/#breadcrumb","itemListElement":[{"@type":"ListItem","position":1,"name":"Kezd\u0151lap","item":"https:\/\/spitalmciuc.ro\/hu\/"},{"@type":"ListItem","position":2,"name":"Elkezd\u0151d\u00f6tt a koronav\u00edrus elleni v\u00e9d\u0151olt\u00e1sok bead\u00e1sa"}]},{"@type":"Article","@id":"https:\/\/spitalmciuc.ro\/elkezdodoett-a-koronavirus-elleni-vedooltasok-beadasa\/#article","isPartOf":{"@id":"https:\/\/spitalmciuc.ro\/elkezdodoett-a-koronavirus-elleni-vedooltasok-beadasa\/#webpage"},"author":{"@id":"https:\/\/spitalmciuc.ro\/#\/schema\/person\/20ea297ab07e8f4d1689dfe252e34174"},"headline":"Elkezd\u0151d\u00f6tt a koronav\u00edrus elleni v\u00e9d\u0151olt\u00e1sok bead\u00e1sa","datePublished":"2021-01-04T11:19:54+00:00","dateModified":"2022-03-02T07:31:23+00:00","mainEntityOfPage":{"@id":"https:\/\/spitalmciuc.ro\/elkezdodoett-a-koronavirus-elleni-vedooltasok-beadasa\/#webpage"},"wordCount":572,"publisher":{"@id":"https:\/\/spitalmciuc.ro\/#organization"},"inLanguage":"hu"},{"@type":"Person","@id":"https:\/\/spitalmciuc.ro\/#\/schema\/person\/20ea297ab07e8f4d1689dfe252e34174","name":"Milik Szil\u00e1rd","url":"https:\/\/spitalmciuc.ro\/hu\/author\/szilard\/"}]}},"_links":{"self":[{"href":"https:\/\/spitalmciuc.ro\/hu\/wp-json\/wp\/v2\/posts\/5797"}],"collection":[{"href":"https:\/\/spitalmciuc.ro\/hu\/wp-json\/wp\/v2\/posts"}],"about":[{"href":"https:\/\/spitalmciuc.ro\/hu\/wp-json\/wp\/v2\/types\/post"}],"author":[{"embeddable":true,"href":"https:\/\/spitalmciuc.ro\/hu\/wp-json\/wp\/v2\/users\/11"}],"replies":[{"embeddable":true,"href":"https:\/\/spitalmciuc.ro\/hu\/wp-json\/wp\/v2\/comments?post=5797"}],"version-history":[{"count":1,"href":"https:\/\/spitalmciuc.ro\/hu\/wp-json\/wp\/v2\/posts\/5797\/revisions"}],"predecessor-version":[{"id":6449,"href":"https:\/\/spitalmciuc.ro\/hu\/wp-json\/wp\/v2\/posts\/5797\/revisions\/6449"}],"wp:attachment":[{"href":"https:\/\/spitalmciuc.ro\/hu\/wp-json\/wp\/v2\/media?parent=5797"}],"wp:term":[{"taxonomy":"category","embeddable":true,"href":"https:\/\/spitalmciuc.ro\/hu\/wp-json\/wp\/v2\/categories?post=5797"},{"taxonomy":"post_tag","embeddable":true,"href":"https:\/\/spitalmciuc.ro\/hu\/wp-json\/wp\/v2\/tags?post=5797"}],"curies":[{"name":"wp","href":"https:\/\/api.w.org\/{rel}","templated":true}]}}