{"id":5795,"date":"2020-12-23T10:42:21","date_gmt":"2020-12-23T10:42:21","guid":{"rendered":"https:\/\/spital.creative-solutions.ro\/index.php\/borboly-csaba-celunk-hogy-minel-toebb-szakorvos-joejjoen-hargita-megyebe\/"},"modified":"2022-03-02T07:31:23","modified_gmt":"2022-03-02T07:31:23","slug":"borboly-csaba-celunk-hogy-minel-toebb-szakorvos-joejjoen-hargita-megyebe","status":"publish","type":"post","link":"https:\/\/spitalmciuc.ro\/hu\/borboly-csaba-celunk-hogy-minel-toebb-szakorvos-joejjoen-hargita-megyebe\/","title":{"rendered":"Borboly Csaba: c\u00e9lunk, hogy min\u00e9l t\u00f6bb szakorvos j\u00f6jj\u00f6n Hargita megy\u00e9be"},"content":{"rendered":"<p style=\"text-align: justify;\"><strong><em>\u00dajabb orvoslak\u00e1sok tervez\u00e9s\u00e9re \u00edrtak al\u00e1 szerz\u0151d\u00e9st<\/em><\/strong><\/p>\n<p style=\"text-align: justify;\"><img decoding=\"async\" loading=\"lazy\" class=\" alignleft size-full wp-image-1812\" src=\"https:\/\/spitalmciuc.ro\/wp-content\/uploads\/2020\/12\/orvoslakastervezesiszerzodes.jpeg\" alt=\"orvoslakastervezesiszerzodes\" width=\"400\" height=\"300\" style=\"margin: 10px; float: left;\" srcset=\"https:\/\/spitalmciuc.ro\/wp-content\/uploads\/2020\/12\/orvoslakastervezesiszerzodes.jpeg 1600w, https:\/\/spitalmciuc.ro\/wp-content\/uploads\/2020\/12\/orvoslakastervezesiszerzodes-300x225.jpeg 300w, https:\/\/spitalmciuc.ro\/wp-content\/uploads\/2020\/12\/orvoslakastervezesiszerzodes-1024x768.jpeg 1024w, https:\/\/spitalmciuc.ro\/wp-content\/uploads\/2020\/12\/orvoslakastervezesiszerzodes-768x576.jpeg 768w\" sizes=\"(max-width: 400px) 100vw, 400px\" \/>Al\u00e1\u00edrt\u00e1k a tervez\u00e9si szerz\u0151d\u00e9st Hargita Megye Tan\u00e1csa \u00e9s a k\u00f6zbeszerz\u00e9sen nyertes kolozsv\u00e1ri c\u00e9g k\u00e9pvisel\u0151i december 23-\u00e1n a Cs\u00edkszeredai Megyei S\u00fcrg\u0151ss\u00e9gi K\u00f3rh\u00e1z sz\u00e9khely\u00e9n orvoslak\u00e1sok \u00e9p\u00edt\u00e9s\u00e9re. Borboly Csaba, a megyei tan\u00e1cs eln\u00f6ke a Facebook-oldal\u00e1n is besz\u00e1molt a szerz\u0151d\u00e9s-al\u00e1\u00edr\u00e1sr\u00f3l:<\/p>\n<p style=\"text-align: justify;\"><a href=\"https:\/\/www.facebook.com\/borbolycsaba\/videos\/1023402884832604\"><\/a><a href=\"https:\/\/www.facebook.com\/borbolycsaba\/videos\/1023402884832604\">https:\/\/www.facebook.com\/borbolycsaba\/videos\/1023402884832604<\/a><\/p>\n<p style=\"text-align: justify;\">\u2013 C\u00e9lunk a szakk\u00e9pzett orvosok hazah\u00edv\u00e1sa, \u00e9s ehhez vonz\u00f3v\u00e1 kell tenn\u00fcnk a felt\u00e9teleket. Ez\u00e9rt is kulcsfontoss\u00e1g\u00fa a fejleszt\u00e9s, az \u00fajabb orvoslak\u00e1sok \u00e9p\u00edt\u00e9se. Hargita Megye Tan\u00e1cs\u00e1n\u00e1l ambici\u00f3zus terv\u00fcnk az, hogy sz\u00e1z orvoslak\u00e1st \u00e9p\u00edts\u00fcnk, \u00e9s ebben rem\u00e9lhet\u0151leg nagy szerepe lesz majd az RMDSZ korm\u00e1nyzati tev\u00e9kenys\u00e9g\u00e9nek<strong>&nbsp;<\/strong>\u2013 fejtette ki Borboly Csaba. Hozz\u00e1tette: a hatodik, \u00fajabb orvoslak\u00e1s k\u00f6lts\u00e9gvet\u00e9s\u00e9t sz\u00e1zsz\u00e1zal\u00e9kosan a megyei tan\u00e1cs fogja biztos\u00edtani, \u00e9s b\u00edzik benne, hogy a t\u00e9len elk\u00e9sz\u00fcl\u0151 terv nyom\u00e1n m\u00e1r tavasszal letehetik az alapk\u00f6vet.<\/p>\n<p style=\"text-align: justify;\">Konr\u00e1d Judit k\u00f3rh\u00e1zmenedzser szerint a megy\u00e9be k\u00e9sz\u00fcl\u0151d\u0151 rezidens orvosok sz\u00e1m\u00edtanak a lak\u00e1sokra.<\/p>\n<p style=\"text-align: justify;\">\u2013 Mivel sorozatban \u00e9p\u00fclnek ezek a h\u00e1zak, az \u00e9rkez\u0151 orvosok sz\u00e1montartj\u00e1k ezt. Felbecs\u00fclhetetlen seg\u00edts\u00e9g nek\u00fcnk az orvoslak\u00e1sok \u00e9p\u00edt\u00e9se \u2013 emelte ki a menedzser.<\/p>\n<p style=\"text-align: justify;\">A mostani beruh\u00e1z\u00e1s tervez\u00e9s\u00e9nek \u00e9rt\u00e9ke 39.865 lej. Egy egyemeletes \u00e9p\u00fclet \u00e9p\u00fcl a megyei k\u00f3rh\u00e1z k\u00f6zel\u00e9ben, n\u00e9gy k\u00e9tszob\u00e1s lak\u00e1ssal. A k\u00e9t f\u00f6ldszinti lak\u00e1s fel\u00fclete mintegy 52 n\u00e9gyzetm\u00e9ter, a k\u00e9t emeleti lak\u00e1s\u00e9 k\u00f6r\u00fclbel\u00fcl 50 n\u00e9gyzetm\u00e9ter.<\/p>\n<p style=\"text-align: justify;\">Cs\u00edkszereda, 2020. december 23.<\/p>\n<p>&nbsp;<\/p>\n","protected":false},"excerpt":{"rendered":"<p>\u00dajabb orvoslak\u00e1sok tervez\u00e9s\u00e9re \u00edrtak al\u00e1 szerz\u0151d\u00e9st Al\u00e1\u00edrt\u00e1k a tervez\u00e9si szerz\u0151d\u00e9st Hargita Megye Tan\u00e1csa \u00e9s a k\u00f6zbeszerz\u00e9sen nyertes kolozsv\u00e1ri c\u00e9g k\u00e9pvisel\u0151i december 23-\u00e1n a Cs\u00edkszeredai Megyei S\u00fcrg\u0151ss\u00e9gi K\u00f3rh\u00e1z sz\u00e9khely\u00e9n orvoslak\u00e1sok \u00e9p\u00edt\u00e9s\u00e9re. Borboly Csaba, a megyei tan\u00e1cs eln\u00f6ke a Facebook-oldal\u00e1n is besz\u00e1molt a szerz\u0151d\u00e9s-al\u00e1\u00edr\u00e1sr\u00f3l: https:\/\/www.facebook.com\/borbolycsaba\/videos\/1023402884832604 \u2013 C\u00e9lunk a szakk\u00e9pzett orvosok hazah\u00edv\u00e1sa, \u00e9s ehhez vonz\u00f3v\u00e1 kell tenn\u00fcnk a&hellip;<\/p>\n","protected":false},"author":11,"featured_media":1812,"comment_status":"closed","ping_status":"closed","sticky":false,"template":"","format":"standard","meta":[],"categories":[],"tags":[],"yoast_head":"<!-- This site is optimized with the Yoast SEO plugin v18.3 - https:\/\/yoast.com\/wordpress\/plugins\/seo\/ -->\n<title>Borboly Csaba: c\u00e9lunk, hogy min\u00e9l t\u00f6bb szakorvos j\u00f6jj\u00f6n Hargita megy\u00e9be - Cs\u00edkszeredai Megyei S\u00fcrg\u0151ss\u00e9gi K\u00f3rh\u00e1z<\/title>\n<meta name=\"robots\" content=\"index, follow, max-snippet:-1, max-image-preview:large, max-video-preview:-1\" \/>\n<link rel=\"canonical\" href=\"https:\/\/spitalmciuc.ro\/borboly-csaba-celunk-hogy-minel-toebb-szakorvos-joejjoen-hargita-megyebe\/\" \/>\n<meta property=\"og:locale\" content=\"hu_HU\" \/>\n<meta property=\"og:type\" content=\"article\" \/>\n<meta property=\"og:title\" content=\"Borboly Csaba: c\u00e9lunk, hogy min\u00e9l t\u00f6bb szakorvos j\u00f6jj\u00f6n Hargita megy\u00e9be - Cs\u00edkszeredai Megyei S\u00fcrg\u0151ss\u00e9gi K\u00f3rh\u00e1z\" \/>\n<meta property=\"og:description\" content=\"\u00dajabb orvoslak\u00e1sok tervez\u00e9s\u00e9re \u00edrtak al\u00e1 szerz\u0151d\u00e9st Al\u00e1\u00edrt\u00e1k a tervez\u00e9si szerz\u0151d\u00e9st Hargita Megye Tan\u00e1csa \u00e9s a k\u00f6zbeszerz\u00e9sen nyertes kolozsv\u00e1ri c\u00e9g k\u00e9pvisel\u0151i december 23-\u00e1n a Cs\u00edkszeredai Megyei S\u00fcrg\u0151ss\u00e9gi K\u00f3rh\u00e1z sz\u00e9khely\u00e9n orvoslak\u00e1sok \u00e9p\u00edt\u00e9s\u00e9re. Borboly Csaba, a megyei tan\u00e1cs eln\u00f6ke a Facebook-oldal\u00e1n is besz\u00e1molt a szerz\u0151d\u00e9s-al\u00e1\u00edr\u00e1sr\u00f3l: https:\/\/www.facebook.com\/borbolycsaba\/videos\/1023402884832604 \u2013 C\u00e9lunk a szakk\u00e9pzett orvosok hazah\u00edv\u00e1sa, \u00e9s ehhez vonz\u00f3v\u00e1 kell tenn\u00fcnk a&hellip;\" \/>\n<meta property=\"og:url\" content=\"https:\/\/spitalmciuc.ro\/borboly-csaba-celunk-hogy-minel-toebb-szakorvos-joejjoen-hargita-megyebe\/\" \/>\n<meta property=\"og:site_name\" content=\"Cs\u00edkszeredai Megyei S\u00fcrg\u0151ss\u00e9gi K\u00f3rh\u00e1z\" \/>\n<meta property=\"article:published_time\" content=\"2020-12-23T10:42:21+00:00\" \/>\n<meta property=\"article:modified_time\" content=\"2022-03-02T07:31:23+00:00\" \/>\n<meta property=\"og:image\" content=\"https:\/\/spitalmciuc.ro\/wp-content\/uploads\/2020\/12\/orvoslakastervezesiszerzodes.jpeg\" \/>\n\t<meta property=\"og:image:width\" content=\"1600\" \/>\n\t<meta property=\"og:image:height\" content=\"1200\" \/>\n\t<meta property=\"og:image:type\" content=\"image\/jpeg\" \/>\n<meta name=\"twitter:card\" content=\"summary_large_image\" \/>\n<meta name=\"twitter:label1\" content=\"Szerz\u0151:\" \/>\n\t<meta name=\"twitter:data1\" content=\"Milik Szil\u00e1rd\" \/>\n\t<meta name=\"twitter:label2\" content=\"Becs\u00fclt olvas\u00e1si id\u0151\" \/>\n\t<meta name=\"twitter:data2\" content=\"2 perc\" \/>\n<script type=\"application\/ld+json\" class=\"yoast-schema-graph\">{\"@context\":\"https:\/\/schema.org\",\"@graph\":[{\"@type\":\"Organization\",\"@id\":\"https:\/\/spitalmciuc.ro\/#organization\",\"name\":\"Spitalul Jude\u0163ean de Urgen\u0163\u0103 Miercurea Ciuc\",\"url\":\"https:\/\/spitalmciuc.ro\/\",\"sameAs\":[],\"logo\":{\"@type\":\"ImageObject\",\"@id\":\"https:\/\/spitalmciuc.ro\/#logo\",\"inLanguage\":\"hu\",\"url\":\"https:\/\/spitalmciuc.ro\/wp-content\/uploads\/2022\/02\/logo-spital-ro-60.jpg\",\"contentUrl\":\"https:\/\/spitalmciuc.ro\/wp-content\/uploads\/2022\/02\/logo-spital-ro-60.jpg\",\"width\":198,\"height\":60,\"caption\":\"Spitalul Jude\u0163ean de Urgen\u0163\u0103 Miercurea Ciuc\"},\"image\":{\"@id\":\"https:\/\/spitalmciuc.ro\/#logo\"}},{\"@type\":\"WebSite\",\"@id\":\"https:\/\/spitalmciuc.ro\/#website\",\"url\":\"https:\/\/spitalmciuc.ro\/\",\"name\":\"Cs\u00edkszeredai Megyei S\u00fcrg\u0151ss\u00e9gi K\u00f3rh\u00e1z\",\"description\":\"\",\"publisher\":{\"@id\":\"https:\/\/spitalmciuc.ro\/#organization\"},\"potentialAction\":[{\"@type\":\"SearchAction\",\"target\":{\"@type\":\"EntryPoint\",\"urlTemplate\":\"https:\/\/spitalmciuc.ro\/?s={search_term_string}\"},\"query-input\":\"required name=search_term_string\"}],\"inLanguage\":\"hu\"},{\"@type\":\"ImageObject\",\"@id\":\"https:\/\/spitalmciuc.ro\/borboly-csaba-celunk-hogy-minel-toebb-szakorvos-joejjoen-hargita-megyebe\/#primaryimage\",\"inLanguage\":\"hu\",\"url\":\"https:\/\/spitalmciuc.ro\/wp-content\/uploads\/2020\/12\/orvoslakastervezesiszerzodes.jpeg\",\"contentUrl\":\"https:\/\/spitalmciuc.ro\/wp-content\/uploads\/2020\/12\/orvoslakastervezesiszerzodes.jpeg\",\"width\":1600,\"height\":1200},{\"@type\":\"WebPage\",\"@id\":\"https:\/\/spitalmciuc.ro\/borboly-csaba-celunk-hogy-minel-toebb-szakorvos-joejjoen-hargita-megyebe\/#webpage\",\"url\":\"https:\/\/spitalmciuc.ro\/borboly-csaba-celunk-hogy-minel-toebb-szakorvos-joejjoen-hargita-megyebe\/\",\"name\":\"Borboly Csaba: c\u00e9lunk, hogy min\u00e9l t\u00f6bb szakorvos j\u00f6jj\u00f6n Hargita megy\u00e9be - Cs\u00edkszeredai Megyei S\u00fcrg\u0151ss\u00e9gi K\u00f3rh\u00e1z\",\"isPartOf\":{\"@id\":\"https:\/\/spitalmciuc.ro\/#website\"},\"primaryImageOfPage\":{\"@id\":\"https:\/\/spitalmciuc.ro\/borboly-csaba-celunk-hogy-minel-toebb-szakorvos-joejjoen-hargita-megyebe\/#primaryimage\"},\"datePublished\":\"2020-12-23T10:42:21+00:00\",\"dateModified\":\"2022-03-02T07:31:23+00:00\",\"breadcrumb\":{\"@id\":\"https:\/\/spitalmciuc.ro\/borboly-csaba-celunk-hogy-minel-toebb-szakorvos-joejjoen-hargita-megyebe\/#breadcrumb\"},\"inLanguage\":\"hu\",\"potentialAction\":[{\"@type\":\"ReadAction\",\"target\":[\"https:\/\/spitalmciuc.ro\/borboly-csaba-celunk-hogy-minel-toebb-szakorvos-joejjoen-hargita-megyebe\/\"]}]},{\"@type\":\"BreadcrumbList\",\"@id\":\"https:\/\/spitalmciuc.ro\/borboly-csaba-celunk-hogy-minel-toebb-szakorvos-joejjoen-hargita-megyebe\/#breadcrumb\",\"itemListElement\":[{\"@type\":\"ListItem\",\"position\":1,\"name\":\"Kezd\u0151lap\",\"item\":\"https:\/\/spitalmciuc.ro\/hu\/\"},{\"@type\":\"ListItem\",\"position\":2,\"name\":\"Borboly Csaba: c\u00e9lunk, hogy min\u00e9l t\u00f6bb szakorvos j\u00f6jj\u00f6n Hargita megy\u00e9be\"}]},{\"@type\":\"Article\",\"@id\":\"https:\/\/spitalmciuc.ro\/borboly-csaba-celunk-hogy-minel-toebb-szakorvos-joejjoen-hargita-megyebe\/#article\",\"isPartOf\":{\"@id\":\"https:\/\/spitalmciuc.ro\/borboly-csaba-celunk-hogy-minel-toebb-szakorvos-joejjoen-hargita-megyebe\/#webpage\"},\"author\":{\"@id\":\"https:\/\/spitalmciuc.ro\/#\/schema\/person\/20ea297ab07e8f4d1689dfe252e34174\"},\"headline\":\"Borboly Csaba: c\u00e9lunk, hogy min\u00e9l t\u00f6bb szakorvos j\u00f6jj\u00f6n Hargita megy\u00e9be\",\"datePublished\":\"2020-12-23T10:42:21+00:00\",\"dateModified\":\"2022-03-02T07:31:23+00:00\",\"mainEntityOfPage\":{\"@id\":\"https:\/\/spitalmciuc.ro\/borboly-csaba-celunk-hogy-minel-toebb-szakorvos-joejjoen-hargita-megyebe\/#webpage\"},\"wordCount\":338,\"publisher\":{\"@id\":\"https:\/\/spitalmciuc.ro\/#organization\"},\"image\":{\"@id\":\"https:\/\/spitalmciuc.ro\/borboly-csaba-celunk-hogy-minel-toebb-szakorvos-joejjoen-hargita-megyebe\/#primaryimage\"},\"thumbnailUrl\":\"https:\/\/spitalmciuc.ro\/wp-content\/uploads\/2020\/12\/orvoslakastervezesiszerzodes.jpeg\",\"inLanguage\":\"hu\"},{\"@type\":\"Person\",\"@id\":\"https:\/\/spitalmciuc.ro\/#\/schema\/person\/20ea297ab07e8f4d1689dfe252e34174\",\"name\":\"Milik Szil\u00e1rd\",\"url\":\"https:\/\/spitalmciuc.ro\/hu\/author\/szilard\/\"}]}<\/script>\n<!-- \/ Yoast SEO plugin. -->","yoast_head_json":{"title":"Borboly Csaba: c\u00e9lunk, hogy min\u00e9l t\u00f6bb szakorvos j\u00f6jj\u00f6n Hargita megy\u00e9be - Cs\u00edkszeredai Megyei S\u00fcrg\u0151ss\u00e9gi K\u00f3rh\u00e1z","robots":{"index":"index","follow":"follow","max-snippet":"max-snippet:-1","max-image-preview":"max-image-preview:large","max-video-preview":"max-video-preview:-1"},"canonical":"https:\/\/spitalmciuc.ro\/borboly-csaba-celunk-hogy-minel-toebb-szakorvos-joejjoen-hargita-megyebe\/","og_locale":"hu_HU","og_type":"article","og_title":"Borboly Csaba: c\u00e9lunk, hogy min\u00e9l t\u00f6bb szakorvos j\u00f6jj\u00f6n Hargita megy\u00e9be - Cs\u00edkszeredai Megyei S\u00fcrg\u0151ss\u00e9gi K\u00f3rh\u00e1z","og_description":"\u00dajabb orvoslak\u00e1sok tervez\u00e9s\u00e9re \u00edrtak al\u00e1 szerz\u0151d\u00e9st Al\u00e1\u00edrt\u00e1k a tervez\u00e9si szerz\u0151d\u00e9st Hargita Megye Tan\u00e1csa \u00e9s a k\u00f6zbeszerz\u00e9sen nyertes kolozsv\u00e1ri c\u00e9g k\u00e9pvisel\u0151i december 23-\u00e1n a Cs\u00edkszeredai Megyei S\u00fcrg\u0151ss\u00e9gi K\u00f3rh\u00e1z sz\u00e9khely\u00e9n orvoslak\u00e1sok \u00e9p\u00edt\u00e9s\u00e9re. Borboly Csaba, a megyei tan\u00e1cs eln\u00f6ke a Facebook-oldal\u00e1n is besz\u00e1molt a szerz\u0151d\u00e9s-al\u00e1\u00edr\u00e1sr\u00f3l: https:\/\/www.facebook.com\/borbolycsaba\/videos\/1023402884832604 \u2013 C\u00e9lunk a szakk\u00e9pzett orvosok hazah\u00edv\u00e1sa, \u00e9s ehhez vonz\u00f3v\u00e1 kell tenn\u00fcnk a&hellip;","og_url":"https:\/\/spitalmciuc.ro\/borboly-csaba-celunk-hogy-minel-toebb-szakorvos-joejjoen-hargita-megyebe\/","og_site_name":"Cs\u00edkszeredai Megyei S\u00fcrg\u0151ss\u00e9gi K\u00f3rh\u00e1z","article_published_time":"2020-12-23T10:42:21+00:00","article_modified_time":"2022-03-02T07:31:23+00:00","og_image":[{"width":1600,"height":1200,"url":"https:\/\/spitalmciuc.ro\/wp-content\/uploads\/2020\/12\/orvoslakastervezesiszerzodes.jpeg","type":"image\/jpeg"}],"twitter_card":"summary_large_image","twitter_misc":{"Szerz\u0151:":"Milik Szil\u00e1rd","Becs\u00fclt olvas\u00e1si id\u0151":"2 perc"},"schema":{"@context":"https:\/\/schema.org","@graph":[{"@type":"Organization","@id":"https:\/\/spitalmciuc.ro\/#organization","name":"Spitalul Jude\u0163ean de Urgen\u0163\u0103 Miercurea Ciuc","url":"https:\/\/spitalmciuc.ro\/","sameAs":[],"logo":{"@type":"ImageObject","@id":"https:\/\/spitalmciuc.ro\/#logo","inLanguage":"hu","url":"https:\/\/spitalmciuc.ro\/wp-content\/uploads\/2022\/02\/logo-spital-ro-60.jpg","contentUrl":"https:\/\/spitalmciuc.ro\/wp-content\/uploads\/2022\/02\/logo-spital-ro-60.jpg","width":198,"height":60,"caption":"Spitalul Jude\u0163ean de Urgen\u0163\u0103 Miercurea Ciuc"},"image":{"@id":"https:\/\/spitalmciuc.ro\/#logo"}},{"@type":"WebSite","@id":"https:\/\/spitalmciuc.ro\/#website","url":"https:\/\/spitalmciuc.ro\/","name":"Cs\u00edkszeredai Megyei S\u00fcrg\u0151ss\u00e9gi K\u00f3rh\u00e1z","description":"","publisher":{"@id":"https:\/\/spitalmciuc.ro\/#organization"},"potentialAction":[{"@type":"SearchAction","target":{"@type":"EntryPoint","urlTemplate":"https:\/\/spitalmciuc.ro\/?s={search_term_string}"},"query-input":"required name=search_term_string"}],"inLanguage":"hu"},{"@type":"ImageObject","@id":"https:\/\/spitalmciuc.ro\/borboly-csaba-celunk-hogy-minel-toebb-szakorvos-joejjoen-hargita-megyebe\/#primaryimage","inLanguage":"hu","url":"https:\/\/spitalmciuc.ro\/wp-content\/uploads\/2020\/12\/orvoslakastervezesiszerzodes.jpeg","contentUrl":"https:\/\/spitalmciuc.ro\/wp-content\/uploads\/2020\/12\/orvoslakastervezesiszerzodes.jpeg","width":1600,"height":1200},{"@type":"WebPage","@id":"https:\/\/spitalmciuc.ro\/borboly-csaba-celunk-hogy-minel-toebb-szakorvos-joejjoen-hargita-megyebe\/#webpage","url":"https:\/\/spitalmciuc.ro\/borboly-csaba-celunk-hogy-minel-toebb-szakorvos-joejjoen-hargita-megyebe\/","name":"Borboly Csaba: c\u00e9lunk, hogy min\u00e9l t\u00f6bb szakorvos j\u00f6jj\u00f6n Hargita megy\u00e9be - Cs\u00edkszeredai Megyei S\u00fcrg\u0151ss\u00e9gi K\u00f3rh\u00e1z","isPartOf":{"@id":"https:\/\/spitalmciuc.ro\/#website"},"primaryImageOfPage":{"@id":"https:\/\/spitalmciuc.ro\/borboly-csaba-celunk-hogy-minel-toebb-szakorvos-joejjoen-hargita-megyebe\/#primaryimage"},"datePublished":"2020-12-23T10:42:21+00:00","dateModified":"2022-03-02T07:31:23+00:00","breadcrumb":{"@id":"https:\/\/spitalmciuc.ro\/borboly-csaba-celunk-hogy-minel-toebb-szakorvos-joejjoen-hargita-megyebe\/#breadcrumb"},"inLanguage":"hu","potentialAction":[{"@type":"ReadAction","target":["https:\/\/spitalmciuc.ro\/borboly-csaba-celunk-hogy-minel-toebb-szakorvos-joejjoen-hargita-megyebe\/"]}]},{"@type":"BreadcrumbList","@id":"https:\/\/spitalmciuc.ro\/borboly-csaba-celunk-hogy-minel-toebb-szakorvos-joejjoen-hargita-megyebe\/#breadcrumb","itemListElement":[{"@type":"ListItem","position":1,"name":"Kezd\u0151lap","item":"https:\/\/spitalmciuc.ro\/hu\/"},{"@type":"ListItem","position":2,"name":"Borboly Csaba: c\u00e9lunk, hogy min\u00e9l t\u00f6bb szakorvos j\u00f6jj\u00f6n Hargita megy\u00e9be"}]},{"@type":"Article","@id":"https:\/\/spitalmciuc.ro\/borboly-csaba-celunk-hogy-minel-toebb-szakorvos-joejjoen-hargita-megyebe\/#article","isPartOf":{"@id":"https:\/\/spitalmciuc.ro\/borboly-csaba-celunk-hogy-minel-toebb-szakorvos-joejjoen-hargita-megyebe\/#webpage"},"author":{"@id":"https:\/\/spitalmciuc.ro\/#\/schema\/person\/20ea297ab07e8f4d1689dfe252e34174"},"headline":"Borboly Csaba: c\u00e9lunk, hogy min\u00e9l t\u00f6bb szakorvos j\u00f6jj\u00f6n Hargita megy\u00e9be","datePublished":"2020-12-23T10:42:21+00:00","dateModified":"2022-03-02T07:31:23+00:00","mainEntityOfPage":{"@id":"https:\/\/spitalmciuc.ro\/borboly-csaba-celunk-hogy-minel-toebb-szakorvos-joejjoen-hargita-megyebe\/#webpage"},"wordCount":338,"publisher":{"@id":"https:\/\/spitalmciuc.ro\/#organization"},"image":{"@id":"https:\/\/spitalmciuc.ro\/borboly-csaba-celunk-hogy-minel-toebb-szakorvos-joejjoen-hargita-megyebe\/#primaryimage"},"thumbnailUrl":"https:\/\/spitalmciuc.ro\/wp-content\/uploads\/2020\/12\/orvoslakastervezesiszerzodes.jpeg","inLanguage":"hu"},{"@type":"Person","@id":"https:\/\/spitalmciuc.ro\/#\/schema\/person\/20ea297ab07e8f4d1689dfe252e34174","name":"Milik Szil\u00e1rd","url":"https:\/\/spitalmciuc.ro\/hu\/author\/szilard\/"}]}},"_links":{"self":[{"href":"https:\/\/spitalmciuc.ro\/hu\/wp-json\/wp\/v2\/posts\/5795"}],"collection":[{"href":"https:\/\/spitalmciuc.ro\/hu\/wp-json\/wp\/v2\/posts"}],"about":[{"href":"https:\/\/spitalmciuc.ro\/hu\/wp-json\/wp\/v2\/types\/post"}],"author":[{"embeddable":true,"href":"https:\/\/spitalmciuc.ro\/hu\/wp-json\/wp\/v2\/users\/11"}],"replies":[{"embeddable":true,"href":"https:\/\/spitalmciuc.ro\/hu\/wp-json\/wp\/v2\/comments?post=5795"}],"version-history":[{"count":1,"href":"https:\/\/spitalmciuc.ro\/hu\/wp-json\/wp\/v2\/posts\/5795\/revisions"}],"predecessor-version":[{"id":6453,"href":"https:\/\/spitalmciuc.ro\/hu\/wp-json\/wp\/v2\/posts\/5795\/revisions\/6453"}],"wp:featuredmedia":[{"embeddable":true,"href":"https:\/\/spitalmciuc.ro\/hu\/wp-json\/wp\/v2\/media\/1812"}],"wp:attachment":[{"href":"https:\/\/spitalmciuc.ro\/hu\/wp-json\/wp\/v2\/media?parent=5795"}],"wp:term":[{"taxonomy":"category","embeddable":true,"href":"https:\/\/spitalmciuc.ro\/hu\/wp-json\/wp\/v2\/categories?post=5795"},{"taxonomy":"post_tag","embeddable":true,"href":"https:\/\/spitalmciuc.ro\/hu\/wp-json\/wp\/v2\/tags?post=5795"}],"curies":[{"name":"wp","href":"https:\/\/api.w.org\/{rel}","templated":true}]}}