{"id":5793,"date":"2020-12-21T07:38:55","date_gmt":"2020-12-21T07:38:55","guid":{"rendered":"https:\/\/spital.creative-solutions.ro\/index.php\/marton-aron-emlekeremmel-tuentette-ki-dr-konrad-judit-korhazmenedzsert-a-megyei-tanacs\/"},"modified":"2022-03-02T07:31:24","modified_gmt":"2022-03-02T07:31:24","slug":"marton-aron-emlekeremmel-tuentette-ki-dr-konrad-judit-korhazmenedzsert-a-megyei-tanacs","status":"publish","type":"post","link":"https:\/\/spitalmciuc.ro\/hu\/marton-aron-emlekeremmel-tuentette-ki-dr-konrad-judit-korhazmenedzsert-a-megyei-tanacs\/","title":{"rendered":"M\u00e1rton \u00c1ron eml\u00e9k\u00e9remmel t\u00fcntette ki dr. Konr\u00e1d Judit k\u00f3rh\u00e1zmenedzsert a megyei tan\u00e1cs"},"content":{"rendered":"<p style=\"text-align: justify;\"><img decoding=\"async\" loading=\"lazy\" class=\" alignleft size-full wp-image-1805\" src=\"https:\/\/spitalmciuc.ro\/wp-content\/uploads\/2020\/12\/emlekerem_menedzser.jpeg\" alt=\"emlekerem menedzser\" width=\"200\" height=\"267\" style=\"margin: 10px; float: left;\" srcset=\"https:\/\/spitalmciuc.ro\/wp-content\/uploads\/2020\/12\/emlekerem_menedzser.jpeg 1200w, https:\/\/spitalmciuc.ro\/wp-content\/uploads\/2020\/12\/emlekerem_menedzser-225x300.jpeg 225w, https:\/\/spitalmciuc.ro\/wp-content\/uploads\/2020\/12\/emlekerem_menedzser-768x1024.jpeg 768w\" sizes=\"(max-width: 200px) 100vw, 200px\" \/>2020 egy k\u00fcl\u00f6nleges \u00e9s neh\u00e9z \u00e9v volt, \u00e9rt egyet mindenki, a koronav\u00edrus-j\u00e1rv\u00e1ny megv\u00e1ltoztatta a mindennapjainkat, a megv\u00e1ltozott k\u00f6r\u00fclm\u00e9nyekhez pedig alkalmazkodtunk \u00e9s alkalmazkodunk. Ezeknek megfelel\u0151en a Cs\u00edkszeredai Megyei S\u00fcrg\u0151ss\u00e9gi K\u00f3rh\u00e1z \u00e9v\u00e9rt\u00e9kel\u0151 rendezv\u00e9nye is egy \u00faj, hibrid rendszerben zajlott december 18-\u00e1n, t\u00f6bben jelen voltak a cs\u00edkszeredai megyeh\u00e1za eln\u00f6ki irod\u00e1j\u00e1ban, betartva a j\u00e1rv\u00e1ny\u00fcgyi el\u0151\u00edr\u00e1sokat, az eg\u00e9szs\u00e9g\u00fcgyi dolgoz\u00f3k pedig Zoom-on kapcsol\u00f3dtak be az esem\u00e9nybe.<\/p>\n<p style=\"text-align: justify;\">Dr. Konr\u00e1d Judit k\u00f3rh\u00e1zmenedzser besz\u00e9d\u00e9ben elmondta, 2020 k\u00fcl\u00f6nleges \u00e9s neh\u00e9z \u00e9v volt a j\u00e1rv\u00e1ny miatt, de nem csak err\u0151l sz\u00f3lt az \u00e9v, hiszen sz\u00e1mos fejleszt\u00e9st siker\u00fclt eszk\u00f6z\u00f6lni\u00fck. A kr\u00edzishelyzetben pedig olyan megold\u00e1sok sz\u00fclettek, amelyekre \u0151k maguk sem gondolt\u00e1k, hogy k\u00e9pesek. A k\u00f6vetkez\u0151 \u00e9v sem lesz k\u00f6nny\u0171, mondta a menedzser, de hozz\u00e1szokunk a v\u00e1ltoz\u00e1sokhoz, \u00e9s kitartunk, hangs\u00falyozta.<\/p>\n<p style=\"text-align: justify;\">Borboly Csaba, Hargita Megye Tan\u00e1cs\u00e1nak eln\u00f6ke azt mondta, a k\u00f3rh\u00e1z \u00e9s a megyei tan\u00e1cs \u00f6sszekov\u00e1csolt csapata v\u00e9gzett er\u0151teljes munk\u00e1t id\u00e9n. J\u00f3 eredm\u00e9ny, hogy a j\u00e1rv\u00e1ny idej\u00e9n is tudtak fejleszteni, emelte ki, \u00e9s megk\u00f6sz\u00f6nte a lelkes munk\u00e1t \u00e9s a bizalmat mindenkinek. Tov\u00e1bbra is egy\u00fctt kell dolgozni a fejleszt\u00e9sek \u00e9rdek\u00e9ben, a k\u00f3rh\u00e1z min\u00e9l jobb felszerelts\u00e9g\u00e9\u00e9rt \u00e9s a 2-es besorol\u00e1s el\u00e9r\u00e9s\u00e9\u00e9rt, tette hozz\u00e1, majd ism\u00e9telten megk\u00f6sz\u00f6nte az \u00e9lvonalban dolgoz\u00f3knak, hogy szabads\u00e1g n\u00e9lk\u00fcl, f\u00e1radhatatlanul dolgoznak a lakoss\u00e1g \u00e9rdek\u00e9ben.<\/p>\n<p style=\"text-align: justify;\">Az esem\u00e9nyen jelen volt Hajdu G\u00e1bor k\u00e9pvisel\u0151, Korodi Attila, Cs\u00edkszereda polg\u00e1rmestere, Becze Istv\u00e1n, az RMDSZ Cs\u00edki Ter\u00fcleti Szervezet\u00e9nek \u00fcgyvezet\u0151 eln\u00f6ke, megyei tan\u00e1csos, Zonda Erika, a k\u00f3rh\u00e1z adminisztrat\u00edv tan\u00e1cs\u00e1nak eln\u00f6ke, Tar Gy\u00f6ngyi, a megyei eg\u00e9szs\u00e9g\u00fcgyi igazgat\u00f3s\u00e1g vezet\u0151je \u00e9s L\u00e1nyi Szabolcs professzor, a k\u00f3rh\u00e1z adminisztrat\u00edv tan\u00e1cs\u00e1nak tagja, akik mindannyian k\u00f6sz\u00f6netet mondtak az eg\u00e9szs\u00e9g\u00fcgyben dolgoz\u00f3knak \u00e1ldozatos munk\u00e1juk\u00e9rt.<\/p>\n<p style=\"text-align: justify;\">A k\u00f3rh\u00e1z oszt\u00e1lyvezet\u0151 orvosai bemutatt\u00e1k j\u00f6v\u0151 \u00e9vi terveiket. Mindannyian egyet\u00e9rtettek abban, hogy 2020 a koronav\u00edrus, a kih\u00edv\u00e1sok \u00e9s az \u00f6sszefog\u00e1s \u00e9ve volt, 2021 pedig rem\u00e9nyeik szerint a v\u00e9d\u0151olt\u00e1s, a rem\u00e9ny \u00e9s a megval\u00f3s\u00edt\u00e1sok \u00e9ve lesz. Mindannyian tov\u00e1bb akarj\u00e1k fejleszteni a megyei s\u00fcrg\u0151ss\u00e9gi k\u00f3rh\u00e1zat, \u00e9s megtartani a j\u00f3 egy\u00fcttm\u0171k\u00f6d\u00e9st \u00e9s csapatmunk\u00e1t, ami ehhez sz\u00fcks\u00e9ges.<\/p>\n<p style=\"text-align: justify;\">Az \u00e9v\u00e9rt\u00e9kel\u0151 rendezv\u00e9nyen Hargita Megye Tan\u00e1csa egyik legrangosabb elismer\u00e9s\u00e9vel, a M\u00e1rton \u00c1ron eml\u00e9k\u00e9remmel t\u00fcntette ki dr. Konr\u00e1d Judit k\u00f3rh\u00e1zmenedzsert.<\/p>\n<p style=\"text-align: justify;\">Hargita Megye Tan\u00e1csa a <strong>M\u00e1rton \u00c1ron-eml\u00e9k\u00e9rmet<\/strong> azoknak a szem\u00e9lyeknek adom\u00e1nyozza, akik a tudom\u00e1nyos, kultur\u00e1lis \u00e9s sport\u00e9letben, a k\u00f6zigazgat\u00e1sban, a megye nemzetk\u00f6zi kapcsolatainak \u00e9p\u00edt\u00e9s\u00e9ben vagy m\u00e1s ter\u00fcleteken kimagasl\u00f3 eredm\u00e9nyeket \u00e9rtek el, vagy tev\u00e9kenys\u00e9g\u00fckkel m\u00e9lt\u00f3v\u00e1 v\u00e1ltak az elismer\u00e9sre. &nbsp;<\/p>\n<p style=\"text-align: justify;\">\u201eKonr\u00e1d Judit elhivatott ember. Orvosk\u00e9nt embert\u00e1rsai szolg\u00e1lat\u00e1ra szeg\u0151d\u00f6tt, s hivat\u00e1s\u00e1t szolg\u00e1latk\u00e9nt \u00e9li meg t\u00f6bbi orvoskoll\u00e9g\u00e1j\u00e1val egy\u00fctt, akikkel a koronav\u00edrus elleni harc frontvonal\u00e1ban dolgozik. Nem h\u00e1tr\u00e1l, nem h\u00e1tr\u00e1lt meg a feladatok el\u0151l, ahogy azt szakm\u00e1ja, st\u00e1tusa megk\u00f6veteli, gyorsan \u00e1tl\u00e1tja a helyzetet, pillanatok alatt d\u00f6nt a felmer\u00fcl\u0151 probl\u00e9m\u00e1kban. Teszi ezt ugyanazzal a komolys\u00e1ggal \u00e9s alaposs\u00e1ggal, ahogyan mindig is gy\u00f3gy\u00edtott. Emp\u00e1tia, egy\u00fcttm\u0171k\u00f6d\u00e9s, csapatmunka, elk\u00f6telezetts\u00e9g, elhivatotts\u00e1g a menedzserasszony legf\u0151bb jellemz\u0151i. Sz\u00edv\u00fcgy\u00e9nek tekinti a fejleszt\u00e9seket, amelyekkel a k\u00f3rh\u00e1z m\u0171k\u00f6d\u00e9s\u00e9nek hat\u00e9konys\u00e1g\u00e1t k\u00edv\u00e1nja n\u00f6velni, ennek v\u00e9gs\u0151 c\u00e9lja pedig v\u00e1ltozatlan, a min\u0151s\u00e9gi betegell\u00e1t\u00e1s\u201d \u2013 hangzott el dr. Konr\u00e1d Judit laud\u00e1ci\u00f3j\u00e1ban.<\/p>\n<p style=\"text-align: justify;\">Cs\u00edkszereda, 2020. december 18.<\/p>\n<p>&nbsp;<\/p>\n","protected":false},"excerpt":{"rendered":"<p style=\"text-align: justify;\"><img decoding=\"async\" loading=\"lazy\" class=\" alignleft size-full wp-image-1805\" src=\"https:\/\/spitalmciuc.ro\/wp-content\/uploads\/2020\/12\/emlekerem_menedzser.jpeg\" alt=\"emlekerem menedzser\" width=\"200\" height=\"267\" style=\"margin: 10px; float: left;\" srcset=\"https:\/\/spitalmciuc.ro\/wp-content\/uploads\/2020\/12\/emlekerem_menedzser.jpeg 1200w, https:\/\/spitalmciuc.ro\/wp-content\/uploads\/2020\/12\/emlekerem_menedzser-225x300.jpeg 225w, https:\/\/spitalmciuc.ro\/wp-content\/uploads\/2020\/12\/emlekerem_menedzser-768x1024.jpeg 768w\" sizes=\"(max-width: 200px) 100vw, 200px\" \/>2020 egy k\u00fcl\u00f6nleges \u00e9s neh\u00e9z \u00e9v volt, \u00e9rt egyet mindenki, a koronav\u00edrus-j\u00e1rv\u00e1ny megv\u00e1ltoztatta a mindennapjainkat, a megv\u00e1ltozott k\u00f6r\u00fclm\u00e9nyekhez pedig alkalmazkodtunk \u00e9s alkalmazkodunk. Ezeknek megfelel\u0151en a Cs\u00edkszeredai Megyei S\u00fcrg\u0151ss\u00e9gi K\u00f3rh\u00e1z \u00e9v\u00e9rt\u00e9kel\u0151 rendezv\u00e9nye is egy \u00faj, hibrid rendszerben zajlott december 18-\u00e1n, t\u00f6bben jelen voltak a cs\u00edkszeredai megyeh\u00e1za eln\u00f6ki irod\u00e1j\u00e1ban, betartva a j\u00e1rv\u00e1ny\u00fcgyi el\u0151\u00edr\u00e1sokat, az eg\u00e9szs\u00e9g\u00fcgyi dolgoz\u00f3k pedig Zoom-on kapcsol\u00f3dtak be az esem\u00e9nybe.<\/p>\n<p style=\"text-align: justify;\">Dr. Konr\u00e1d Judit k\u00f3rh\u00e1zmenedzser besz\u00e9d\u00e9ben elmondta, 2020 k\u00fcl\u00f6nleges \u00e9s neh\u00e9z \u00e9v volt a j\u00e1rv\u00e1ny miatt, de nem csak err\u0151l sz\u00f3lt az \u00e9v, hiszen sz\u00e1mos fejleszt\u00e9st siker\u00fclt eszk\u00f6z\u00f6lni\u00fck. A kr\u00edzishelyzetben pedig olyan megold\u00e1sok sz\u00fclettek, amelyekre \u0151k maguk sem gondolt\u00e1k, hogy k\u00e9pesek. A k\u00f6vetkez\u0151 \u00e9v sem lesz k\u00f6nny\u0171, mondta a menedzser, de hozz\u00e1szokunk a v\u00e1ltoz\u00e1sokhoz, \u00e9s kitartunk, hangs\u00falyozta.<\/p>\n<p style=\"text-align: justify;\">Borboly Csaba, Hargita Megye Tan\u00e1cs\u00e1nak eln\u00f6ke azt mondta, a k\u00f3rh\u00e1z \u00e9s a megyei tan\u00e1cs \u00f6sszekov\u00e1csolt csapata v\u00e9gzett er\u0151teljes munk\u00e1t id\u00e9n. J\u00f3 eredm\u00e9ny, hogy a j\u00e1rv\u00e1ny idej\u00e9n is tudtak fejleszteni, emelte ki, \u00e9s megk\u00f6sz\u00f6nte a lelkes munk\u00e1t \u00e9s a bizalmat mindenkinek. Tov\u00e1bbra is egy\u00fctt kell dolgozni a fejleszt\u00e9sek \u00e9rdek\u00e9ben, a k\u00f3rh\u00e1z min\u00e9l jobb felszerelts\u00e9g\u00e9\u00e9rt \u00e9s a 2-es besorol\u00e1s el\u00e9r\u00e9s\u00e9\u00e9rt, tette hozz\u00e1, majd ism\u00e9telten megk\u00f6sz\u00f6nte az \u00e9lvonalban dolgoz\u00f3knak, hogy szabads\u00e1g n\u00e9lk\u00fcl, f\u00e1radhatatlanul dolgoznak a lakoss\u00e1g \u00e9rdek\u00e9ben.<\/p>\n<p style=\"text-align: justify;\">Az esem\u00e9nyen jelen volt Hajdu G\u00e1bor k\u00e9pvisel\u0151, Korodi Attila, Cs\u00edkszereda polg\u00e1rmestere, Becze Istv\u00e1n, az RMDSZ Cs\u00edki Ter\u00fcleti Szervezet\u00e9nek \u00fcgyvezet\u0151 eln\u00f6ke, megyei tan\u00e1csos, Zonda Erika, a k\u00f3rh\u00e1z adminisztrat\u00edv tan\u00e1cs\u00e1nak eln\u00f6ke, Tar Gy\u00f6ngyi, a megyei eg\u00e9szs\u00e9g\u00fcgyi igazgat\u00f3s\u00e1g vezet\u0151je \u00e9s L\u00e1nyi Szabolcs professzor, a k\u00f3rh\u00e1z adminisztrat\u00edv tan\u00e1cs\u00e1nak tagja, akik mindannyian k\u00f6sz\u00f6netet mondtak az eg\u00e9szs\u00e9g\u00fcgyben dolgoz\u00f3knak \u00e1ldozatos munk\u00e1juk\u00e9rt.<\/p>\n","protected":false},"author":11,"featured_media":1805,"comment_status":"closed","ping_status":"closed","sticky":false,"template":"","format":"standard","meta":[],"categories":[],"tags":[],"yoast_head":"<!-- This site is optimized with the Yoast SEO plugin v18.3 - https:\/\/yoast.com\/wordpress\/plugins\/seo\/ -->\n<title>M\u00e1rton \u00c1ron eml\u00e9k\u00e9remmel t\u00fcntette ki dr. Konr\u00e1d Judit k\u00f3rh\u00e1zmenedzsert a megyei tan\u00e1cs - Cs\u00edkszeredai Megyei S\u00fcrg\u0151ss\u00e9gi K\u00f3rh\u00e1z<\/title>\n<meta name=\"robots\" content=\"index, follow, max-snippet:-1, max-image-preview:large, max-video-preview:-1\" \/>\n<link rel=\"canonical\" href=\"https:\/\/spitalmciuc.ro\/marton-aron-emlekeremmel-tuentette-ki-dr-konrad-judit-korhazmenedzsert-a-megyei-tanacs\/\" \/>\n<meta property=\"og:locale\" content=\"hu_HU\" \/>\n<meta property=\"og:type\" content=\"article\" \/>\n<meta property=\"og:title\" content=\"M\u00e1rton \u00c1ron eml\u00e9k\u00e9remmel t\u00fcntette ki dr. Konr\u00e1d Judit k\u00f3rh\u00e1zmenedzsert a megyei tan\u00e1cs - Cs\u00edkszeredai Megyei S\u00fcrg\u0151ss\u00e9gi K\u00f3rh\u00e1z\" \/>\n<meta property=\"og:description\" content=\"2020 egy k\u00fcl\u00f6nleges \u00e9s neh\u00e9z \u00e9v volt, \u00e9rt egyet mindenki, a koronav\u00edrus-j\u00e1rv\u00e1ny megv\u00e1ltoztatta a mindennapjainkat, a megv\u00e1ltozott k\u00f6r\u00fclm\u00e9nyekhez pedig alkalmazkodtunk \u00e9s alkalmazkodunk. Ezeknek megfelel\u0151en a Cs\u00edkszeredai Megyei S\u00fcrg\u0151ss\u00e9gi K\u00f3rh\u00e1z \u00e9v\u00e9rt\u00e9kel\u0151 rendezv\u00e9nye is egy \u00faj, hibrid rendszerben zajlott december 18-\u00e1n, t\u00f6bben jelen voltak a cs\u00edkszeredai megyeh\u00e1za eln\u00f6ki irod\u00e1j\u00e1ban, betartva a j\u00e1rv\u00e1ny\u00fcgyi el\u0151\u00edr\u00e1sokat, az eg\u00e9szs\u00e9g\u00fcgyi dolgoz\u00f3k pedig Zoom-on kapcsol\u00f3dtak be az esem\u00e9nybe. Dr. Konr\u00e1d Judit k\u00f3rh\u00e1zmenedzser besz\u00e9d\u00e9ben elmondta, 2020 k\u00fcl\u00f6nleges \u00e9s neh\u00e9z \u00e9v volt a j\u00e1rv\u00e1ny miatt, de nem csak err\u0151l sz\u00f3lt az \u00e9v, hiszen sz\u00e1mos fejleszt\u00e9st siker\u00fclt eszk\u00f6z\u00f6lni\u00fck. A kr\u00edzishelyzetben pedig olyan megold\u00e1sok sz\u00fclettek, amelyekre \u0151k maguk sem gondolt\u00e1k, hogy k\u00e9pesek. A k\u00f6vetkez\u0151 \u00e9v sem lesz k\u00f6nny\u0171, mondta a menedzser, de hozz\u00e1szokunk a v\u00e1ltoz\u00e1sokhoz, \u00e9s kitartunk, hangs\u00falyozta. Borboly Csaba, Hargita Megye Tan\u00e1cs\u00e1nak eln\u00f6ke azt mondta, a k\u00f3rh\u00e1z \u00e9s a megyei tan\u00e1cs \u00f6sszekov\u00e1csolt csapata v\u00e9gzett er\u0151teljes munk\u00e1t id\u00e9n. J\u00f3 eredm\u00e9ny, hogy a j\u00e1rv\u00e1ny idej\u00e9n is tudtak fejleszteni, emelte ki, \u00e9s megk\u00f6sz\u00f6nte a lelkes munk\u00e1t \u00e9s a bizalmat mindenkinek. Tov\u00e1bbra is egy\u00fctt kell dolgozni a fejleszt\u00e9sek \u00e9rdek\u00e9ben, a k\u00f3rh\u00e1z min\u00e9l jobb felszerelts\u00e9g\u00e9\u00e9rt \u00e9s a 2-es besorol\u00e1s el\u00e9r\u00e9s\u00e9\u00e9rt, tette hozz\u00e1, majd ism\u00e9telten megk\u00f6sz\u00f6nte az \u00e9lvonalban dolgoz\u00f3knak, hogy szabads\u00e1g n\u00e9lk\u00fcl, f\u00e1radhatatlanul dolgoznak a lakoss\u00e1g \u00e9rdek\u00e9ben. Az esem\u00e9nyen jelen volt Hajdu G\u00e1bor k\u00e9pvisel\u0151, Korodi Attila, Cs\u00edkszereda polg\u00e1rmestere, Becze Istv\u00e1n, az RMDSZ Cs\u00edki Ter\u00fcleti Szervezet\u00e9nek \u00fcgyvezet\u0151 eln\u00f6ke, megyei tan\u00e1csos, Zonda Erika, a k\u00f3rh\u00e1z adminisztrat\u00edv tan\u00e1cs\u00e1nak eln\u00f6ke, Tar Gy\u00f6ngyi, a megyei eg\u00e9szs\u00e9g\u00fcgyi igazgat\u00f3s\u00e1g vezet\u0151je \u00e9s L\u00e1nyi Szabolcs professzor, a k\u00f3rh\u00e1z adminisztrat\u00edv tan\u00e1cs\u00e1nak tagja, akik mindannyian k\u00f6sz\u00f6netet mondtak az eg\u00e9szs\u00e9g\u00fcgyben dolgoz\u00f3knak \u00e1ldozatos munk\u00e1juk\u00e9rt.\" \/>\n<meta property=\"og:url\" content=\"https:\/\/spitalmciuc.ro\/marton-aron-emlekeremmel-tuentette-ki-dr-konrad-judit-korhazmenedzsert-a-megyei-tanacs\/\" \/>\n<meta property=\"og:site_name\" content=\"Cs\u00edkszeredai Megyei S\u00fcrg\u0151ss\u00e9gi K\u00f3rh\u00e1z\" \/>\n<meta property=\"article:published_time\" content=\"2020-12-21T07:38:55+00:00\" \/>\n<meta property=\"article:modified_time\" content=\"2022-03-02T07:31:24+00:00\" \/>\n<meta property=\"og:image\" content=\"https:\/\/spitalmciuc.ro\/wp-content\/uploads\/2020\/12\/emlekerem_menedzser.jpeg\" \/>\n\t<meta property=\"og:image:width\" content=\"1200\" \/>\n\t<meta property=\"og:image:height\" content=\"1600\" \/>\n\t<meta property=\"og:image:type\" content=\"image\/jpeg\" \/>\n<meta name=\"twitter:card\" content=\"summary_large_image\" \/>\n<meta name=\"twitter:label1\" content=\"Szerz\u0151:\" \/>\n\t<meta name=\"twitter:data1\" content=\"Milik Szil\u00e1rd\" \/>\n\t<meta name=\"twitter:label2\" content=\"Becs\u00fclt olvas\u00e1si id\u0151\" \/>\n\t<meta name=\"twitter:data2\" content=\"4 perc\" \/>\n<script type=\"application\/ld+json\" class=\"yoast-schema-graph\">{\"@context\":\"https:\/\/schema.org\",\"@graph\":[{\"@type\":\"Organization\",\"@id\":\"https:\/\/spitalmciuc.ro\/#organization\",\"name\":\"Spitalul Jude\u0163ean de Urgen\u0163\u0103 Miercurea Ciuc\",\"url\":\"https:\/\/spitalmciuc.ro\/\",\"sameAs\":[],\"logo\":{\"@type\":\"ImageObject\",\"@id\":\"https:\/\/spitalmciuc.ro\/#logo\",\"inLanguage\":\"hu\",\"url\":\"https:\/\/spitalmciuc.ro\/wp-content\/uploads\/2022\/02\/logo-spital-ro-60.jpg\",\"contentUrl\":\"https:\/\/spitalmciuc.ro\/wp-content\/uploads\/2022\/02\/logo-spital-ro-60.jpg\",\"width\":198,\"height\":60,\"caption\":\"Spitalul Jude\u0163ean de Urgen\u0163\u0103 Miercurea Ciuc\"},\"image\":{\"@id\":\"https:\/\/spitalmciuc.ro\/#logo\"}},{\"@type\":\"WebSite\",\"@id\":\"https:\/\/spitalmciuc.ro\/#website\",\"url\":\"https:\/\/spitalmciuc.ro\/\",\"name\":\"Cs\u00edkszeredai Megyei S\u00fcrg\u0151ss\u00e9gi K\u00f3rh\u00e1z\",\"description\":\"\",\"publisher\":{\"@id\":\"https:\/\/spitalmciuc.ro\/#organization\"},\"potentialAction\":[{\"@type\":\"SearchAction\",\"target\":{\"@type\":\"EntryPoint\",\"urlTemplate\":\"https:\/\/spitalmciuc.ro\/?s={search_term_string}\"},\"query-input\":\"required name=search_term_string\"}],\"inLanguage\":\"hu\"},{\"@type\":\"ImageObject\",\"@id\":\"https:\/\/spitalmciuc.ro\/marton-aron-emlekeremmel-tuentette-ki-dr-konrad-judit-korhazmenedzsert-a-megyei-tanacs\/#primaryimage\",\"inLanguage\":\"hu\",\"url\":\"https:\/\/spitalmciuc.ro\/wp-content\/uploads\/2020\/12\/emlekerem_menedzser.jpeg\",\"contentUrl\":\"https:\/\/spitalmciuc.ro\/wp-content\/uploads\/2020\/12\/emlekerem_menedzser.jpeg\",\"width\":1200,\"height\":1600},{\"@type\":\"WebPage\",\"@id\":\"https:\/\/spitalmciuc.ro\/marton-aron-emlekeremmel-tuentette-ki-dr-konrad-judit-korhazmenedzsert-a-megyei-tanacs\/#webpage\",\"url\":\"https:\/\/spitalmciuc.ro\/marton-aron-emlekeremmel-tuentette-ki-dr-konrad-judit-korhazmenedzsert-a-megyei-tanacs\/\",\"name\":\"M\u00e1rton \u00c1ron eml\u00e9k\u00e9remmel t\u00fcntette ki dr. Konr\u00e1d Judit k\u00f3rh\u00e1zmenedzsert a megyei tan\u00e1cs - Cs\u00edkszeredai Megyei S\u00fcrg\u0151ss\u00e9gi K\u00f3rh\u00e1z\",\"isPartOf\":{\"@id\":\"https:\/\/spitalmciuc.ro\/#website\"},\"primaryImageOfPage\":{\"@id\":\"https:\/\/spitalmciuc.ro\/marton-aron-emlekeremmel-tuentette-ki-dr-konrad-judit-korhazmenedzsert-a-megyei-tanacs\/#primaryimage\"},\"datePublished\":\"2020-12-21T07:38:55+00:00\",\"dateModified\":\"2022-03-02T07:31:24+00:00\",\"breadcrumb\":{\"@id\":\"https:\/\/spitalmciuc.ro\/marton-aron-emlekeremmel-tuentette-ki-dr-konrad-judit-korhazmenedzsert-a-megyei-tanacs\/#breadcrumb\"},\"inLanguage\":\"hu\",\"potentialAction\":[{\"@type\":\"ReadAction\",\"target\":[\"https:\/\/spitalmciuc.ro\/marton-aron-emlekeremmel-tuentette-ki-dr-konrad-judit-korhazmenedzsert-a-megyei-tanacs\/\"]}]},{\"@type\":\"BreadcrumbList\",\"@id\":\"https:\/\/spitalmciuc.ro\/marton-aron-emlekeremmel-tuentette-ki-dr-konrad-judit-korhazmenedzsert-a-megyei-tanacs\/#breadcrumb\",\"itemListElement\":[{\"@type\":\"ListItem\",\"position\":1,\"name\":\"Kezd\u0151lap\",\"item\":\"https:\/\/spitalmciuc.ro\/hu\/\"},{\"@type\":\"ListItem\",\"position\":2,\"name\":\"M\u00e1rton \u00c1ron eml\u00e9k\u00e9remmel t\u00fcntette ki dr. Konr\u00e1d Judit k\u00f3rh\u00e1zmenedzsert a megyei tan\u00e1cs\"}]},{\"@type\":\"Article\",\"@id\":\"https:\/\/spitalmciuc.ro\/marton-aron-emlekeremmel-tuentette-ki-dr-konrad-judit-korhazmenedzsert-a-megyei-tanacs\/#article\",\"isPartOf\":{\"@id\":\"https:\/\/spitalmciuc.ro\/marton-aron-emlekeremmel-tuentette-ki-dr-konrad-judit-korhazmenedzsert-a-megyei-tanacs\/#webpage\"},\"author\":{\"@id\":\"https:\/\/spitalmciuc.ro\/#\/schema\/person\/20ea297ab07e8f4d1689dfe252e34174\"},\"headline\":\"M\u00e1rton \u00c1ron eml\u00e9k\u00e9remmel t\u00fcntette ki dr. Konr\u00e1d Judit k\u00f3rh\u00e1zmenedzsert a megyei tan\u00e1cs\",\"datePublished\":\"2020-12-21T07:38:55+00:00\",\"dateModified\":\"2022-03-02T07:31:24+00:00\",\"mainEntityOfPage\":{\"@id\":\"https:\/\/spitalmciuc.ro\/marton-aron-emlekeremmel-tuentette-ki-dr-konrad-judit-korhazmenedzsert-a-megyei-tanacs\/#webpage\"},\"wordCount\":753,\"publisher\":{\"@id\":\"https:\/\/spitalmciuc.ro\/#organization\"},\"image\":{\"@id\":\"https:\/\/spitalmciuc.ro\/marton-aron-emlekeremmel-tuentette-ki-dr-konrad-judit-korhazmenedzsert-a-megyei-tanacs\/#primaryimage\"},\"thumbnailUrl\":\"https:\/\/spitalmciuc.ro\/wp-content\/uploads\/2020\/12\/emlekerem_menedzser.jpeg\",\"inLanguage\":\"hu\"},{\"@type\":\"Person\",\"@id\":\"https:\/\/spitalmciuc.ro\/#\/schema\/person\/20ea297ab07e8f4d1689dfe252e34174\",\"name\":\"Milik Szil\u00e1rd\",\"url\":\"https:\/\/spitalmciuc.ro\/hu\/author\/szilard\/\"}]}<\/script>\n<!-- \/ Yoast SEO plugin. -->","yoast_head_json":{"title":"M\u00e1rton \u00c1ron eml\u00e9k\u00e9remmel t\u00fcntette ki dr. Konr\u00e1d Judit k\u00f3rh\u00e1zmenedzsert a megyei tan\u00e1cs - Cs\u00edkszeredai Megyei S\u00fcrg\u0151ss\u00e9gi K\u00f3rh\u00e1z","robots":{"index":"index","follow":"follow","max-snippet":"max-snippet:-1","max-image-preview":"max-image-preview:large","max-video-preview":"max-video-preview:-1"},"canonical":"https:\/\/spitalmciuc.ro\/marton-aron-emlekeremmel-tuentette-ki-dr-konrad-judit-korhazmenedzsert-a-megyei-tanacs\/","og_locale":"hu_HU","og_type":"article","og_title":"M\u00e1rton \u00c1ron eml\u00e9k\u00e9remmel t\u00fcntette ki dr. Konr\u00e1d Judit k\u00f3rh\u00e1zmenedzsert a megyei tan\u00e1cs - Cs\u00edkszeredai Megyei S\u00fcrg\u0151ss\u00e9gi K\u00f3rh\u00e1z","og_description":"2020 egy k\u00fcl\u00f6nleges \u00e9s neh\u00e9z \u00e9v volt, \u00e9rt egyet mindenki, a koronav\u00edrus-j\u00e1rv\u00e1ny megv\u00e1ltoztatta a mindennapjainkat, a megv\u00e1ltozott k\u00f6r\u00fclm\u00e9nyekhez pedig alkalmazkodtunk \u00e9s alkalmazkodunk. Ezeknek megfelel\u0151en a Cs\u00edkszeredai Megyei S\u00fcrg\u0151ss\u00e9gi K\u00f3rh\u00e1z \u00e9v\u00e9rt\u00e9kel\u0151 rendezv\u00e9nye is egy \u00faj, hibrid rendszerben zajlott december 18-\u00e1n, t\u00f6bben jelen voltak a cs\u00edkszeredai megyeh\u00e1za eln\u00f6ki irod\u00e1j\u00e1ban, betartva a j\u00e1rv\u00e1ny\u00fcgyi el\u0151\u00edr\u00e1sokat, az eg\u00e9szs\u00e9g\u00fcgyi dolgoz\u00f3k pedig Zoom-on kapcsol\u00f3dtak be az esem\u00e9nybe. Dr. Konr\u00e1d Judit k\u00f3rh\u00e1zmenedzser besz\u00e9d\u00e9ben elmondta, 2020 k\u00fcl\u00f6nleges \u00e9s neh\u00e9z \u00e9v volt a j\u00e1rv\u00e1ny miatt, de nem csak err\u0151l sz\u00f3lt az \u00e9v, hiszen sz\u00e1mos fejleszt\u00e9st siker\u00fclt eszk\u00f6z\u00f6lni\u00fck. A kr\u00edzishelyzetben pedig olyan megold\u00e1sok sz\u00fclettek, amelyekre \u0151k maguk sem gondolt\u00e1k, hogy k\u00e9pesek. A k\u00f6vetkez\u0151 \u00e9v sem lesz k\u00f6nny\u0171, mondta a menedzser, de hozz\u00e1szokunk a v\u00e1ltoz\u00e1sokhoz, \u00e9s kitartunk, hangs\u00falyozta. Borboly Csaba, Hargita Megye Tan\u00e1cs\u00e1nak eln\u00f6ke azt mondta, a k\u00f3rh\u00e1z \u00e9s a megyei tan\u00e1cs \u00f6sszekov\u00e1csolt csapata v\u00e9gzett er\u0151teljes munk\u00e1t id\u00e9n. J\u00f3 eredm\u00e9ny, hogy a j\u00e1rv\u00e1ny idej\u00e9n is tudtak fejleszteni, emelte ki, \u00e9s megk\u00f6sz\u00f6nte a lelkes munk\u00e1t \u00e9s a bizalmat mindenkinek. Tov\u00e1bbra is egy\u00fctt kell dolgozni a fejleszt\u00e9sek \u00e9rdek\u00e9ben, a k\u00f3rh\u00e1z min\u00e9l jobb felszerelts\u00e9g\u00e9\u00e9rt \u00e9s a 2-es besorol\u00e1s el\u00e9r\u00e9s\u00e9\u00e9rt, tette hozz\u00e1, majd ism\u00e9telten megk\u00f6sz\u00f6nte az \u00e9lvonalban dolgoz\u00f3knak, hogy szabads\u00e1g n\u00e9lk\u00fcl, f\u00e1radhatatlanul dolgoznak a lakoss\u00e1g \u00e9rdek\u00e9ben. Az esem\u00e9nyen jelen volt Hajdu G\u00e1bor k\u00e9pvisel\u0151, Korodi Attila, Cs\u00edkszereda polg\u00e1rmestere, Becze Istv\u00e1n, az RMDSZ Cs\u00edki Ter\u00fcleti Szervezet\u00e9nek \u00fcgyvezet\u0151 eln\u00f6ke, megyei tan\u00e1csos, Zonda Erika, a k\u00f3rh\u00e1z adminisztrat\u00edv tan\u00e1cs\u00e1nak eln\u00f6ke, Tar Gy\u00f6ngyi, a megyei eg\u00e9szs\u00e9g\u00fcgyi igazgat\u00f3s\u00e1g vezet\u0151je \u00e9s L\u00e1nyi Szabolcs professzor, a k\u00f3rh\u00e1z adminisztrat\u00edv tan\u00e1cs\u00e1nak tagja, akik mindannyian k\u00f6sz\u00f6netet mondtak az eg\u00e9szs\u00e9g\u00fcgyben dolgoz\u00f3knak \u00e1ldozatos munk\u00e1juk\u00e9rt.","og_url":"https:\/\/spitalmciuc.ro\/marton-aron-emlekeremmel-tuentette-ki-dr-konrad-judit-korhazmenedzsert-a-megyei-tanacs\/","og_site_name":"Cs\u00edkszeredai Megyei S\u00fcrg\u0151ss\u00e9gi K\u00f3rh\u00e1z","article_published_time":"2020-12-21T07:38:55+00:00","article_modified_time":"2022-03-02T07:31:24+00:00","og_image":[{"width":1200,"height":1600,"url":"https:\/\/spitalmciuc.ro\/wp-content\/uploads\/2020\/12\/emlekerem_menedzser.jpeg","type":"image\/jpeg"}],"twitter_card":"summary_large_image","twitter_misc":{"Szerz\u0151:":"Milik Szil\u00e1rd","Becs\u00fclt olvas\u00e1si id\u0151":"4 perc"},"schema":{"@context":"https:\/\/schema.org","@graph":[{"@type":"Organization","@id":"https:\/\/spitalmciuc.ro\/#organization","name":"Spitalul Jude\u0163ean de Urgen\u0163\u0103 Miercurea Ciuc","url":"https:\/\/spitalmciuc.ro\/","sameAs":[],"logo":{"@type":"ImageObject","@id":"https:\/\/spitalmciuc.ro\/#logo","inLanguage":"hu","url":"https:\/\/spitalmciuc.ro\/wp-content\/uploads\/2022\/02\/logo-spital-ro-60.jpg","contentUrl":"https:\/\/spitalmciuc.ro\/wp-content\/uploads\/2022\/02\/logo-spital-ro-60.jpg","width":198,"height":60,"caption":"Spitalul Jude\u0163ean de Urgen\u0163\u0103 Miercurea Ciuc"},"image":{"@id":"https:\/\/spitalmciuc.ro\/#logo"}},{"@type":"WebSite","@id":"https:\/\/spitalmciuc.ro\/#website","url":"https:\/\/spitalmciuc.ro\/","name":"Cs\u00edkszeredai Megyei S\u00fcrg\u0151ss\u00e9gi K\u00f3rh\u00e1z","description":"","publisher":{"@id":"https:\/\/spitalmciuc.ro\/#organization"},"potentialAction":[{"@type":"SearchAction","target":{"@type":"EntryPoint","urlTemplate":"https:\/\/spitalmciuc.ro\/?s={search_term_string}"},"query-input":"required name=search_term_string"}],"inLanguage":"hu"},{"@type":"ImageObject","@id":"https:\/\/spitalmciuc.ro\/marton-aron-emlekeremmel-tuentette-ki-dr-konrad-judit-korhazmenedzsert-a-megyei-tanacs\/#primaryimage","inLanguage":"hu","url":"https:\/\/spitalmciuc.ro\/wp-content\/uploads\/2020\/12\/emlekerem_menedzser.jpeg","contentUrl":"https:\/\/spitalmciuc.ro\/wp-content\/uploads\/2020\/12\/emlekerem_menedzser.jpeg","width":1200,"height":1600},{"@type":"WebPage","@id":"https:\/\/spitalmciuc.ro\/marton-aron-emlekeremmel-tuentette-ki-dr-konrad-judit-korhazmenedzsert-a-megyei-tanacs\/#webpage","url":"https:\/\/spitalmciuc.ro\/marton-aron-emlekeremmel-tuentette-ki-dr-konrad-judit-korhazmenedzsert-a-megyei-tanacs\/","name":"M\u00e1rton \u00c1ron eml\u00e9k\u00e9remmel t\u00fcntette ki dr. Konr\u00e1d Judit k\u00f3rh\u00e1zmenedzsert a megyei tan\u00e1cs - Cs\u00edkszeredai Megyei S\u00fcrg\u0151ss\u00e9gi K\u00f3rh\u00e1z","isPartOf":{"@id":"https:\/\/spitalmciuc.ro\/#website"},"primaryImageOfPage":{"@id":"https:\/\/spitalmciuc.ro\/marton-aron-emlekeremmel-tuentette-ki-dr-konrad-judit-korhazmenedzsert-a-megyei-tanacs\/#primaryimage"},"datePublished":"2020-12-21T07:38:55+00:00","dateModified":"2022-03-02T07:31:24+00:00","breadcrumb":{"@id":"https:\/\/spitalmciuc.ro\/marton-aron-emlekeremmel-tuentette-ki-dr-konrad-judit-korhazmenedzsert-a-megyei-tanacs\/#breadcrumb"},"inLanguage":"hu","potentialAction":[{"@type":"ReadAction","target":["https:\/\/spitalmciuc.ro\/marton-aron-emlekeremmel-tuentette-ki-dr-konrad-judit-korhazmenedzsert-a-megyei-tanacs\/"]}]},{"@type":"BreadcrumbList","@id":"https:\/\/spitalmciuc.ro\/marton-aron-emlekeremmel-tuentette-ki-dr-konrad-judit-korhazmenedzsert-a-megyei-tanacs\/#breadcrumb","itemListElement":[{"@type":"ListItem","position":1,"name":"Kezd\u0151lap","item":"https:\/\/spitalmciuc.ro\/hu\/"},{"@type":"ListItem","position":2,"name":"M\u00e1rton \u00c1ron eml\u00e9k\u00e9remmel t\u00fcntette ki dr. Konr\u00e1d Judit k\u00f3rh\u00e1zmenedzsert a megyei tan\u00e1cs"}]},{"@type":"Article","@id":"https:\/\/spitalmciuc.ro\/marton-aron-emlekeremmel-tuentette-ki-dr-konrad-judit-korhazmenedzsert-a-megyei-tanacs\/#article","isPartOf":{"@id":"https:\/\/spitalmciuc.ro\/marton-aron-emlekeremmel-tuentette-ki-dr-konrad-judit-korhazmenedzsert-a-megyei-tanacs\/#webpage"},"author":{"@id":"https:\/\/spitalmciuc.ro\/#\/schema\/person\/20ea297ab07e8f4d1689dfe252e34174"},"headline":"M\u00e1rton \u00c1ron eml\u00e9k\u00e9remmel t\u00fcntette ki dr. Konr\u00e1d Judit k\u00f3rh\u00e1zmenedzsert a megyei tan\u00e1cs","datePublished":"2020-12-21T07:38:55+00:00","dateModified":"2022-03-02T07:31:24+00:00","mainEntityOfPage":{"@id":"https:\/\/spitalmciuc.ro\/marton-aron-emlekeremmel-tuentette-ki-dr-konrad-judit-korhazmenedzsert-a-megyei-tanacs\/#webpage"},"wordCount":753,"publisher":{"@id":"https:\/\/spitalmciuc.ro\/#organization"},"image":{"@id":"https:\/\/spitalmciuc.ro\/marton-aron-emlekeremmel-tuentette-ki-dr-konrad-judit-korhazmenedzsert-a-megyei-tanacs\/#primaryimage"},"thumbnailUrl":"https:\/\/spitalmciuc.ro\/wp-content\/uploads\/2020\/12\/emlekerem_menedzser.jpeg","inLanguage":"hu"},{"@type":"Person","@id":"https:\/\/spitalmciuc.ro\/#\/schema\/person\/20ea297ab07e8f4d1689dfe252e34174","name":"Milik Szil\u00e1rd","url":"https:\/\/spitalmciuc.ro\/hu\/author\/szilard\/"}]}},"_links":{"self":[{"href":"https:\/\/spitalmciuc.ro\/hu\/wp-json\/wp\/v2\/posts\/5793"}],"collection":[{"href":"https:\/\/spitalmciuc.ro\/hu\/wp-json\/wp\/v2\/posts"}],"about":[{"href":"https:\/\/spitalmciuc.ro\/hu\/wp-json\/wp\/v2\/types\/post"}],"author":[{"embeddable":true,"href":"https:\/\/spitalmciuc.ro\/hu\/wp-json\/wp\/v2\/users\/11"}],"replies":[{"embeddable":true,"href":"https:\/\/spitalmciuc.ro\/hu\/wp-json\/wp\/v2\/comments?post=5793"}],"version-history":[{"count":1,"href":"https:\/\/spitalmciuc.ro\/hu\/wp-json\/wp\/v2\/posts\/5793\/revisions"}],"predecessor-version":[{"id":6457,"href":"https:\/\/spitalmciuc.ro\/hu\/wp-json\/wp\/v2\/posts\/5793\/revisions\/6457"}],"wp:featuredmedia":[{"embeddable":true,"href":"https:\/\/spitalmciuc.ro\/hu\/wp-json\/wp\/v2\/media\/1805"}],"wp:attachment":[{"href":"https:\/\/spitalmciuc.ro\/hu\/wp-json\/wp\/v2\/media?parent=5793"}],"wp:term":[{"taxonomy":"category","embeddable":true,"href":"https:\/\/spitalmciuc.ro\/hu\/wp-json\/wp\/v2\/categories?post=5793"},{"taxonomy":"post_tag","embeddable":true,"href":"https:\/\/spitalmciuc.ro\/hu\/wp-json\/wp\/v2\/tags?post=5793"}],"curies":[{"name":"wp","href":"https:\/\/api.w.org\/{rel}","templated":true}]}}