{"id":5771,"date":"2020-11-23T14:55:33","date_gmt":"2020-11-23T14:55:33","guid":{"rendered":"https:\/\/spital.creative-solutions.ro\/index.php\/segitseg-a-fiatal-szakorvosoknak\/"},"modified":"2022-03-02T07:35:48","modified_gmt":"2022-03-02T07:35:48","slug":"segitseg-a-fiatal-szakorvosoknak","status":"publish","type":"post","link":"https:\/\/spitalmciuc.ro\/hu\/segitseg-a-fiatal-szakorvosoknak\/","title":{"rendered":"Seg\u00edts\u00e9g a fiatal szakorvosoknak"},"content":{"rendered":"<p style=\"text-align: justify;\">Az elm\u00falt hetekben dr. Dab\u00f3czy M\u00e1ty\u00e1s neurol\u00f3gus szakorvos, dr. Korodi Szilam\u00e9r kardiol\u00f3gus szakorvos \u00e9s dr. R\u00e1duly D\u00e9nes aneszteziol\u00f3gus szakorvosok \u00e9s csal\u00e1djaik k\u00f6lt\u00f6ztek szolg\u00e1lati lak\u00e1sokba a k\u00f3rh\u00e1z melletti \u00e9p\u00fcletekben. Dr. Korodi Szilam\u00e9r megk\u00f6sz\u00f6nte a lehet\u0151s\u00e9get a k\u00f3rh\u00e1z vezet\u0151s\u00e9g\u00e9nek \u00e9s Hargita Megye Tan\u00e1cs\u00e1nak. Mint mondta, nagy seg\u00edts\u00e9g ez a kezd\u0151 szakorvosoknak \u00e9s amikor Cs\u00edkszered\u00e1t v\u00e1lasztotta, akkor az egyik d\u00f6nt\u00e9si krit\u00e9rium a szolg\u00e1lati lak\u00e1s lehet\u0151s\u00e9ge volt. \u201eRem\u00e9lj\u00fck, hogy a szakter\u00fcleteinken majd mi is a k\u00f6z\u00f6ss\u00e9g sz\u00e1m\u00e1ra hasznosan fogunk dolgozni\u201d \u2013 tette hozz\u00e1 a fiatal orvos.&nbsp;&nbsp;<\/p>\n<p style=\"text-align: justify;\">\u201eFolytatjuk a munk\u00e1t Hargita megye eg\u00e9szs\u00e9g\u00fcgyi rendszer\u00e9nek ki\u00e9p\u00edt\u00e9s\u00e9ben. Sajnos a korm\u00e1ny r\u00e9sz\u00e9r\u0151l felmer\u00fclt, hogy \u00fajra \u00e1llamos\u00edtan\u00e1k a k\u00f3rh\u00e1zakat. Ezzel hat\u00e1rozottan nem \u00e9rt\u00fcnk egyet, ugyanis az RMDSZ javaslat\u00e1ra el\u00e9rt\u00fck a decentraliz\u00e1l\u00e1st. Ennek k\u00f6sz\u00f6nhet\u0151en a Cs\u00edkszeredai Megyei S\u00fcrg\u0151ss\u00e9gi K\u00f3rh\u00e1z ma az orsz\u00e1g egyik legdinamikusabban fejl\u0151d\u0151 eg\u00e9szs\u00e9g\u00fcgyi int\u00e9zm\u00e9nye, ebb\u0151l pedig fiatal orvosaink is kiveszik a r\u00e9sz\u00fcket. Vonz\u00f3 c\u00e9lpont lett Cs\u00edkszereda az orvosok sz\u00e1m\u00e1ra \u00e9s ennek k\u00f6sz\u00f6nhet\u0151en ma m\u00e1r olyan szolg\u00e1ltat\u00e1sok is el\u00e9rhet\u0151ek, amelyek\u00e9rt kor\u00e1bban m\u00e1s megy\u00e9kbe kellett sz\u00e1ll\u00edtani a p\u00e1cienseket\u201d \u2013 nyilatkozta ez alkalommal Borboly Csaba, Hargita Megye Tan\u00e1cs\u00e1nak eln\u00f6ke.<\/p>\n<p style=\"text-align: justify;\">Cs\u00edkszereda, 2020.11.23<\/p>\n","protected":false},"excerpt":{"rendered":"<p style=\"text-align: justify;\"><strong>H\u00e1rom \u00fajabb fiatal szakorvos k\u00f6lt\u00f6z\u00f6tt be nemr\u00e9g a Hargita Megye Tan\u00e1csa \u00e1ltal a Cs\u00edkszeredai Megyei S\u00fcrg\u0151ss\u00e9gi K\u00f3rh\u00e1z szomsz\u00e9ds\u00e1g\u00e1ba \u00e9p\u00edtett szolg\u00e1lati lak\u00e1sokba. Amint az ez alkalommal tartott sajt\u00f3t\u00e1j\u00e9koztat\u00f3n elhangzott, ez nagy seg\u00edts\u00e9g a fiatal szakemberek sz\u00e1m\u00e1ra. <\/strong><\/p>\n<p style=\"text-align: justify;\">J\u00f6v\u0151 \u00e9v m\u00e1rciusra k\u00e9sz\u00fcl el a megyei k\u00f3rh\u00e1z szomsz\u00e9ds\u00e1g\u00e1ban az \u00f6t\u00f6dik olyan \u00e9p\u00fclet, amelyben a fiatal orvosok sz\u00e1m\u00e1ra alak\u00edtottak ki szolg\u00e1lati lak\u00e1sokat. Minden \u00e9p\u00fcletben n\u00e9gy lak\u00e1s van \u00e9s h\u00e1rom lakr\u00e9szbe nemr\u00e9g k\u00f6lt\u00f6ztek be csal\u00e1djaikkal fiatal szakemberek.<\/p>\n<p style=\"text-align: justify;\">Dr. Konr\u00e1d Judit, a k\u00f3rh\u00e1z menedzsere h\u00e9tf\u0151n sajt\u00f3t\u00e1j\u00e9koztat\u00f3n elmondta, a rezidens orvosokkal val\u00f3 tal\u00e1lkoz\u00f3kon a k\u00f3rh\u00e1z felszerelts\u00e9ge \u00e9s szakemberg\u00e1rd\u00e1ja mellett a lakhat\u00e1si t\u00e1mogat\u00e1s az egyik leggyakoribb k\u00e9rd\u00e9s. \u201eNagyon fontos az, hogy a p\u00e1lyakezd\u0151 fiatal orvosoknak lak\u00e1st tudjunk biztos\u00edtani. Ez anyagi t\u00e1mogat\u00e1st, kezdeti biztons\u00e1got is jelent a fiatal csal\u00e1doknak, hisz legt\u00f6bb esetben csal\u00e1dost\u00f3l \u00e9rkeznek hozz\u00e1nk. Hargita Megye Tan\u00e1cs\u00e1nak nagyon fontos seg\u00edts\u00e9ge ez sz\u00e1munka, k\u00f6sz\u00f6nj\u00fck sz\u00e9pen\u201d \u2013 mondta a menedzser.<\/p>\n<p><img decoding=\"async\" loading=\"lazy\" class=\" size-full wp-image-1692\" src=\"https:\/\/spitalmciuc.ro\/wp-content\/uploads\/2020\/11\/szolgalatilakasok.jpg\" alt=\"szolgalatilakasok\" width=\"700\" height=\"394\" srcset=\"https:\/\/spitalmciuc.ro\/wp-content\/uploads\/2020\/11\/szolgalatilakasok.jpg 1600w, https:\/\/spitalmciuc.ro\/wp-content\/uploads\/2020\/11\/szolgalatilakasok-300x169.jpg 300w\" sizes=\"(max-width: 700px) 100vw, 700px\" \/><\/p>\n<p style=\"text-align: justify;\">Hargita Megye Tan\u00e1csa r\u00e9sz\u00e9r\u0151l P\u00e9li Levente vez\u00e9rigazgat\u00f3-helyettes ismertette, 2011-ben kezdte el a megyei \u00f6nkorm\u00e1nyzat az els\u0151 lak\u00e1s \u00e9p\u00edt\u00e9s\u00e9t. Jelenleg az \u00f6t\u00f6dik, a f\u00f6lszinten \u00e9s az emeleten szint\u00e9n k\u00e9t-k\u00e9t lak\u00e1st mag\u00e1ba foglal\u00f3 \u00e9p\u00fclet \u00e9p\u00edt\u00e9se van folyamatban, ennek \u00e9rt\u00e9ke 1 070 000 lej \u00e9s m\u00e1rciusra fog elk\u00e9sz\u00fclni.&nbsp;<\/p>\n","protected":false},"author":11,"featured_media":1692,"comment_status":"closed","ping_status":"closed","sticky":false,"template":"","format":"standard","meta":[],"categories":[],"tags":[],"yoast_head":"<!-- This site is optimized with the Yoast SEO plugin v18.3 - https:\/\/yoast.com\/wordpress\/plugins\/seo\/ -->\n<title>Seg\u00edts\u00e9g a fiatal szakorvosoknak - Cs\u00edkszeredai Megyei S\u00fcrg\u0151ss\u00e9gi K\u00f3rh\u00e1z<\/title>\n<meta name=\"robots\" content=\"index, follow, max-snippet:-1, max-image-preview:large, max-video-preview:-1\" \/>\n<link rel=\"canonical\" href=\"https:\/\/spitalmciuc.ro\/segitseg-a-fiatal-szakorvosoknak\/\" \/>\n<meta property=\"og:locale\" content=\"hu_HU\" \/>\n<meta property=\"og:type\" content=\"article\" \/>\n<meta property=\"og:title\" content=\"Seg\u00edts\u00e9g a fiatal szakorvosoknak - Cs\u00edkszeredai Megyei S\u00fcrg\u0151ss\u00e9gi K\u00f3rh\u00e1z\" \/>\n<meta property=\"og:description\" content=\"H\u00e1rom \u00fajabb fiatal szakorvos k\u00f6lt\u00f6z\u00f6tt be nemr\u00e9g a Hargita Megye Tan\u00e1csa \u00e1ltal a Cs\u00edkszeredai Megyei S\u00fcrg\u0151ss\u00e9gi K\u00f3rh\u00e1z szomsz\u00e9ds\u00e1g\u00e1ba \u00e9p\u00edtett szolg\u00e1lati lak\u00e1sokba. Amint az ez alkalommal tartott sajt\u00f3t\u00e1j\u00e9koztat\u00f3n elhangzott, ez nagy seg\u00edts\u00e9g a fiatal szakemberek sz\u00e1m\u00e1ra.  J\u00f6v\u0151 \u00e9v m\u00e1rciusra k\u00e9sz\u00fcl el a megyei k\u00f3rh\u00e1z szomsz\u00e9ds\u00e1g\u00e1ban az \u00f6t\u00f6dik olyan \u00e9p\u00fclet, amelyben a fiatal orvosok sz\u00e1m\u00e1ra alak\u00edtottak ki szolg\u00e1lati lak\u00e1sokat. Minden \u00e9p\u00fcletben n\u00e9gy lak\u00e1s van \u00e9s h\u00e1rom lakr\u00e9szbe nemr\u00e9g k\u00f6lt\u00f6ztek be csal\u00e1djaikkal fiatal szakemberek. Dr. Konr\u00e1d Judit, a k\u00f3rh\u00e1z menedzsere h\u00e9tf\u0151n sajt\u00f3t\u00e1j\u00e9koztat\u00f3n elmondta, a rezidens orvosokkal val\u00f3 tal\u00e1lkoz\u00f3kon a k\u00f3rh\u00e1z felszerelts\u00e9ge \u00e9s szakemberg\u00e1rd\u00e1ja mellett a lakhat\u00e1si t\u00e1mogat\u00e1s az egyik leggyakoribb k\u00e9rd\u00e9s. \u201eNagyon fontos az, hogy a p\u00e1lyakezd\u0151 fiatal orvosoknak lak\u00e1st tudjunk biztos\u00edtani. Ez anyagi t\u00e1mogat\u00e1st, kezdeti biztons\u00e1got is jelent a fiatal csal\u00e1doknak, hisz legt\u00f6bb esetben csal\u00e1dost\u00f3l \u00e9rkeznek hozz\u00e1nk. Hargita Megye Tan\u00e1cs\u00e1nak nagyon fontos seg\u00edts\u00e9ge ez sz\u00e1munka, k\u00f6sz\u00f6nj\u00fck sz\u00e9pen\u201d \u2013 mondta a menedzser.  Hargita Megye Tan\u00e1csa r\u00e9sz\u00e9r\u0151l P\u00e9li Levente vez\u00e9rigazgat\u00f3-helyettes ismertette, 2011-ben kezdte el a megyei \u00f6nkorm\u00e1nyzat az els\u0151 lak\u00e1s \u00e9p\u00edt\u00e9s\u00e9t. Jelenleg az \u00f6t\u00f6dik, a f\u00f6lszinten \u00e9s az emeleten szint\u00e9n k\u00e9t-k\u00e9t lak\u00e1st mag\u00e1ba foglal\u00f3 \u00e9p\u00fclet \u00e9p\u00edt\u00e9se van folyamatban, ennek \u00e9rt\u00e9ke 1 070 000 lej \u00e9s m\u00e1rciusra fog elk\u00e9sz\u00fclni.&nbsp;\" \/>\n<meta property=\"og:url\" content=\"https:\/\/spitalmciuc.ro\/segitseg-a-fiatal-szakorvosoknak\/\" \/>\n<meta property=\"og:site_name\" content=\"Cs\u00edkszeredai Megyei S\u00fcrg\u0151ss\u00e9gi K\u00f3rh\u00e1z\" \/>\n<meta property=\"article:published_time\" content=\"2020-11-23T14:55:33+00:00\" \/>\n<meta property=\"article:modified_time\" content=\"2022-03-02T07:35:48+00:00\" \/>\n<meta property=\"og:image\" content=\"https:\/\/spitalmciuc.ro\/wp-content\/uploads\/2020\/11\/szolgalatilakasok.jpg\" \/>\n\t<meta property=\"og:image:width\" content=\"1600\" \/>\n\t<meta property=\"og:image:height\" content=\"900\" \/>\n\t<meta property=\"og:image:type\" content=\"image\/jpeg\" \/>\n<meta name=\"twitter:card\" content=\"summary_large_image\" \/>\n<meta name=\"twitter:label1\" content=\"Szerz\u0151:\" \/>\n\t<meta name=\"twitter:data1\" content=\"Milik Szil\u00e1rd\" \/>\n\t<meta name=\"twitter:label2\" content=\"Becs\u00fclt olvas\u00e1si id\u0151\" \/>\n\t<meta name=\"twitter:data2\" content=\"1 perc\" \/>\n<script type=\"application\/ld+json\" class=\"yoast-schema-graph\">{\"@context\":\"https:\/\/schema.org\",\"@graph\":[{\"@type\":\"Organization\",\"@id\":\"https:\/\/spitalmciuc.ro\/#organization\",\"name\":\"Spitalul Jude\u0163ean de Urgen\u0163\u0103 Miercurea Ciuc\",\"url\":\"https:\/\/spitalmciuc.ro\/\",\"sameAs\":[],\"logo\":{\"@type\":\"ImageObject\",\"@id\":\"https:\/\/spitalmciuc.ro\/#logo\",\"inLanguage\":\"hu\",\"url\":\"https:\/\/spitalmciuc.ro\/wp-content\/uploads\/2022\/02\/logo-spital-ro-60.jpg\",\"contentUrl\":\"https:\/\/spitalmciuc.ro\/wp-content\/uploads\/2022\/02\/logo-spital-ro-60.jpg\",\"width\":198,\"height\":60,\"caption\":\"Spitalul Jude\u0163ean de Urgen\u0163\u0103 Miercurea Ciuc\"},\"image\":{\"@id\":\"https:\/\/spitalmciuc.ro\/#logo\"}},{\"@type\":\"WebSite\",\"@id\":\"https:\/\/spitalmciuc.ro\/#website\",\"url\":\"https:\/\/spitalmciuc.ro\/\",\"name\":\"Cs\u00edkszeredai Megyei S\u00fcrg\u0151ss\u00e9gi K\u00f3rh\u00e1z\",\"description\":\"\",\"publisher\":{\"@id\":\"https:\/\/spitalmciuc.ro\/#organization\"},\"potentialAction\":[{\"@type\":\"SearchAction\",\"target\":{\"@type\":\"EntryPoint\",\"urlTemplate\":\"https:\/\/spitalmciuc.ro\/?s={search_term_string}\"},\"query-input\":\"required name=search_term_string\"}],\"inLanguage\":\"hu\"},{\"@type\":\"ImageObject\",\"@id\":\"https:\/\/spitalmciuc.ro\/segitseg-a-fiatal-szakorvosoknak\/#primaryimage\",\"inLanguage\":\"hu\",\"url\":\"https:\/\/spitalmciuc.ro\/wp-content\/uploads\/2020\/11\/szolgalatilakasok.jpg\",\"contentUrl\":\"https:\/\/spitalmciuc.ro\/wp-content\/uploads\/2020\/11\/szolgalatilakasok.jpg\",\"width\":1600,\"height\":900},{\"@type\":\"WebPage\",\"@id\":\"https:\/\/spitalmciuc.ro\/segitseg-a-fiatal-szakorvosoknak\/#webpage\",\"url\":\"https:\/\/spitalmciuc.ro\/segitseg-a-fiatal-szakorvosoknak\/\",\"name\":\"Seg\u00edts\u00e9g a fiatal szakorvosoknak - Cs\u00edkszeredai Megyei S\u00fcrg\u0151ss\u00e9gi K\u00f3rh\u00e1z\",\"isPartOf\":{\"@id\":\"https:\/\/spitalmciuc.ro\/#website\"},\"primaryImageOfPage\":{\"@id\":\"https:\/\/spitalmciuc.ro\/segitseg-a-fiatal-szakorvosoknak\/#primaryimage\"},\"datePublished\":\"2020-11-23T14:55:33+00:00\",\"dateModified\":\"2022-03-02T07:35:48+00:00\",\"breadcrumb\":{\"@id\":\"https:\/\/spitalmciuc.ro\/segitseg-a-fiatal-szakorvosoknak\/#breadcrumb\"},\"inLanguage\":\"hu\",\"potentialAction\":[{\"@type\":\"ReadAction\",\"target\":[\"https:\/\/spitalmciuc.ro\/segitseg-a-fiatal-szakorvosoknak\/\"]}]},{\"@type\":\"BreadcrumbList\",\"@id\":\"https:\/\/spitalmciuc.ro\/segitseg-a-fiatal-szakorvosoknak\/#breadcrumb\",\"itemListElement\":[{\"@type\":\"ListItem\",\"position\":1,\"name\":\"Kezd\u0151lap\",\"item\":\"https:\/\/spitalmciuc.ro\/hu\/\"},{\"@type\":\"ListItem\",\"position\":2,\"name\":\"Seg\u00edts\u00e9g a fiatal szakorvosoknak\"}]},{\"@type\":\"Article\",\"@id\":\"https:\/\/spitalmciuc.ro\/segitseg-a-fiatal-szakorvosoknak\/#article\",\"isPartOf\":{\"@id\":\"https:\/\/spitalmciuc.ro\/segitseg-a-fiatal-szakorvosoknak\/#webpage\"},\"author\":{\"@id\":\"https:\/\/spitalmciuc.ro\/#\/schema\/person\/20ea297ab07e8f4d1689dfe252e34174\"},\"headline\":\"Seg\u00edts\u00e9g a fiatal szakorvosoknak\",\"datePublished\":\"2020-11-23T14:55:33+00:00\",\"dateModified\":\"2022-03-02T07:35:48+00:00\",\"mainEntityOfPage\":{\"@id\":\"https:\/\/spitalmciuc.ro\/segitseg-a-fiatal-szakorvosoknak\/#webpage\"},\"wordCount\":293,\"publisher\":{\"@id\":\"https:\/\/spitalmciuc.ro\/#organization\"},\"image\":{\"@id\":\"https:\/\/spitalmciuc.ro\/segitseg-a-fiatal-szakorvosoknak\/#primaryimage\"},\"thumbnailUrl\":\"https:\/\/spitalmciuc.ro\/wp-content\/uploads\/2020\/11\/szolgalatilakasok.jpg\",\"inLanguage\":\"hu\"},{\"@type\":\"Person\",\"@id\":\"https:\/\/spitalmciuc.ro\/#\/schema\/person\/20ea297ab07e8f4d1689dfe252e34174\",\"name\":\"Milik Szil\u00e1rd\",\"url\":\"https:\/\/spitalmciuc.ro\/hu\/author\/szilard\/\"}]}<\/script>\n<!-- \/ Yoast SEO plugin. -->","yoast_head_json":{"title":"Seg\u00edts\u00e9g a fiatal szakorvosoknak - Cs\u00edkszeredai Megyei S\u00fcrg\u0151ss\u00e9gi K\u00f3rh\u00e1z","robots":{"index":"index","follow":"follow","max-snippet":"max-snippet:-1","max-image-preview":"max-image-preview:large","max-video-preview":"max-video-preview:-1"},"canonical":"https:\/\/spitalmciuc.ro\/segitseg-a-fiatal-szakorvosoknak\/","og_locale":"hu_HU","og_type":"article","og_title":"Seg\u00edts\u00e9g a fiatal szakorvosoknak - Cs\u00edkszeredai Megyei S\u00fcrg\u0151ss\u00e9gi K\u00f3rh\u00e1z","og_description":"H\u00e1rom \u00fajabb fiatal szakorvos k\u00f6lt\u00f6z\u00f6tt be nemr\u00e9g a Hargita Megye Tan\u00e1csa \u00e1ltal a Cs\u00edkszeredai Megyei S\u00fcrg\u0151ss\u00e9gi K\u00f3rh\u00e1z szomsz\u00e9ds\u00e1g\u00e1ba \u00e9p\u00edtett szolg\u00e1lati lak\u00e1sokba. Amint az ez alkalommal tartott sajt\u00f3t\u00e1j\u00e9koztat\u00f3n elhangzott, ez nagy seg\u00edts\u00e9g a fiatal szakemberek sz\u00e1m\u00e1ra.  J\u00f6v\u0151 \u00e9v m\u00e1rciusra k\u00e9sz\u00fcl el a megyei k\u00f3rh\u00e1z szomsz\u00e9ds\u00e1g\u00e1ban az \u00f6t\u00f6dik olyan \u00e9p\u00fclet, amelyben a fiatal orvosok sz\u00e1m\u00e1ra alak\u00edtottak ki szolg\u00e1lati lak\u00e1sokat. Minden \u00e9p\u00fcletben n\u00e9gy lak\u00e1s van \u00e9s h\u00e1rom lakr\u00e9szbe nemr\u00e9g k\u00f6lt\u00f6ztek be csal\u00e1djaikkal fiatal szakemberek. Dr. Konr\u00e1d Judit, a k\u00f3rh\u00e1z menedzsere h\u00e9tf\u0151n sajt\u00f3t\u00e1j\u00e9koztat\u00f3n elmondta, a rezidens orvosokkal val\u00f3 tal\u00e1lkoz\u00f3kon a k\u00f3rh\u00e1z felszerelts\u00e9ge \u00e9s szakemberg\u00e1rd\u00e1ja mellett a lakhat\u00e1si t\u00e1mogat\u00e1s az egyik leggyakoribb k\u00e9rd\u00e9s. \u201eNagyon fontos az, hogy a p\u00e1lyakezd\u0151 fiatal orvosoknak lak\u00e1st tudjunk biztos\u00edtani. Ez anyagi t\u00e1mogat\u00e1st, kezdeti biztons\u00e1got is jelent a fiatal csal\u00e1doknak, hisz legt\u00f6bb esetben csal\u00e1dost\u00f3l \u00e9rkeznek hozz\u00e1nk. Hargita Megye Tan\u00e1cs\u00e1nak nagyon fontos seg\u00edts\u00e9ge ez sz\u00e1munka, k\u00f6sz\u00f6nj\u00fck sz\u00e9pen\u201d \u2013 mondta a menedzser.  Hargita Megye Tan\u00e1csa r\u00e9sz\u00e9r\u0151l P\u00e9li Levente vez\u00e9rigazgat\u00f3-helyettes ismertette, 2011-ben kezdte el a megyei \u00f6nkorm\u00e1nyzat az els\u0151 lak\u00e1s \u00e9p\u00edt\u00e9s\u00e9t. Jelenleg az \u00f6t\u00f6dik, a f\u00f6lszinten \u00e9s az emeleten szint\u00e9n k\u00e9t-k\u00e9t lak\u00e1st mag\u00e1ba foglal\u00f3 \u00e9p\u00fclet \u00e9p\u00edt\u00e9se van folyamatban, ennek \u00e9rt\u00e9ke 1 070 000 lej \u00e9s m\u00e1rciusra fog elk\u00e9sz\u00fclni.&nbsp;","og_url":"https:\/\/spitalmciuc.ro\/segitseg-a-fiatal-szakorvosoknak\/","og_site_name":"Cs\u00edkszeredai Megyei S\u00fcrg\u0151ss\u00e9gi K\u00f3rh\u00e1z","article_published_time":"2020-11-23T14:55:33+00:00","article_modified_time":"2022-03-02T07:35:48+00:00","og_image":[{"width":1600,"height":900,"url":"https:\/\/spitalmciuc.ro\/wp-content\/uploads\/2020\/11\/szolgalatilakasok.jpg","type":"image\/jpeg"}],"twitter_card":"summary_large_image","twitter_misc":{"Szerz\u0151:":"Milik Szil\u00e1rd","Becs\u00fclt olvas\u00e1si id\u0151":"1 perc"},"schema":{"@context":"https:\/\/schema.org","@graph":[{"@type":"Organization","@id":"https:\/\/spitalmciuc.ro\/#organization","name":"Spitalul Jude\u0163ean de Urgen\u0163\u0103 Miercurea Ciuc","url":"https:\/\/spitalmciuc.ro\/","sameAs":[],"logo":{"@type":"ImageObject","@id":"https:\/\/spitalmciuc.ro\/#logo","inLanguage":"hu","url":"https:\/\/spitalmciuc.ro\/wp-content\/uploads\/2022\/02\/logo-spital-ro-60.jpg","contentUrl":"https:\/\/spitalmciuc.ro\/wp-content\/uploads\/2022\/02\/logo-spital-ro-60.jpg","width":198,"height":60,"caption":"Spitalul Jude\u0163ean de Urgen\u0163\u0103 Miercurea Ciuc"},"image":{"@id":"https:\/\/spitalmciuc.ro\/#logo"}},{"@type":"WebSite","@id":"https:\/\/spitalmciuc.ro\/#website","url":"https:\/\/spitalmciuc.ro\/","name":"Cs\u00edkszeredai Megyei S\u00fcrg\u0151ss\u00e9gi K\u00f3rh\u00e1z","description":"","publisher":{"@id":"https:\/\/spitalmciuc.ro\/#organization"},"potentialAction":[{"@type":"SearchAction","target":{"@type":"EntryPoint","urlTemplate":"https:\/\/spitalmciuc.ro\/?s={search_term_string}"},"query-input":"required name=search_term_string"}],"inLanguage":"hu"},{"@type":"ImageObject","@id":"https:\/\/spitalmciuc.ro\/segitseg-a-fiatal-szakorvosoknak\/#primaryimage","inLanguage":"hu","url":"https:\/\/spitalmciuc.ro\/wp-content\/uploads\/2020\/11\/szolgalatilakasok.jpg","contentUrl":"https:\/\/spitalmciuc.ro\/wp-content\/uploads\/2020\/11\/szolgalatilakasok.jpg","width":1600,"height":900},{"@type":"WebPage","@id":"https:\/\/spitalmciuc.ro\/segitseg-a-fiatal-szakorvosoknak\/#webpage","url":"https:\/\/spitalmciuc.ro\/segitseg-a-fiatal-szakorvosoknak\/","name":"Seg\u00edts\u00e9g a fiatal szakorvosoknak - Cs\u00edkszeredai Megyei S\u00fcrg\u0151ss\u00e9gi K\u00f3rh\u00e1z","isPartOf":{"@id":"https:\/\/spitalmciuc.ro\/#website"},"primaryImageOfPage":{"@id":"https:\/\/spitalmciuc.ro\/segitseg-a-fiatal-szakorvosoknak\/#primaryimage"},"datePublished":"2020-11-23T14:55:33+00:00","dateModified":"2022-03-02T07:35:48+00:00","breadcrumb":{"@id":"https:\/\/spitalmciuc.ro\/segitseg-a-fiatal-szakorvosoknak\/#breadcrumb"},"inLanguage":"hu","potentialAction":[{"@type":"ReadAction","target":["https:\/\/spitalmciuc.ro\/segitseg-a-fiatal-szakorvosoknak\/"]}]},{"@type":"BreadcrumbList","@id":"https:\/\/spitalmciuc.ro\/segitseg-a-fiatal-szakorvosoknak\/#breadcrumb","itemListElement":[{"@type":"ListItem","position":1,"name":"Kezd\u0151lap","item":"https:\/\/spitalmciuc.ro\/hu\/"},{"@type":"ListItem","position":2,"name":"Seg\u00edts\u00e9g a fiatal szakorvosoknak"}]},{"@type":"Article","@id":"https:\/\/spitalmciuc.ro\/segitseg-a-fiatal-szakorvosoknak\/#article","isPartOf":{"@id":"https:\/\/spitalmciuc.ro\/segitseg-a-fiatal-szakorvosoknak\/#webpage"},"author":{"@id":"https:\/\/spitalmciuc.ro\/#\/schema\/person\/20ea297ab07e8f4d1689dfe252e34174"},"headline":"Seg\u00edts\u00e9g a fiatal szakorvosoknak","datePublished":"2020-11-23T14:55:33+00:00","dateModified":"2022-03-02T07:35:48+00:00","mainEntityOfPage":{"@id":"https:\/\/spitalmciuc.ro\/segitseg-a-fiatal-szakorvosoknak\/#webpage"},"wordCount":293,"publisher":{"@id":"https:\/\/spitalmciuc.ro\/#organization"},"image":{"@id":"https:\/\/spitalmciuc.ro\/segitseg-a-fiatal-szakorvosoknak\/#primaryimage"},"thumbnailUrl":"https:\/\/spitalmciuc.ro\/wp-content\/uploads\/2020\/11\/szolgalatilakasok.jpg","inLanguage":"hu"},{"@type":"Person","@id":"https:\/\/spitalmciuc.ro\/#\/schema\/person\/20ea297ab07e8f4d1689dfe252e34174","name":"Milik Szil\u00e1rd","url":"https:\/\/spitalmciuc.ro\/hu\/author\/szilard\/"}]}},"_links":{"self":[{"href":"https:\/\/spitalmciuc.ro\/hu\/wp-json\/wp\/v2\/posts\/5771"}],"collection":[{"href":"https:\/\/spitalmciuc.ro\/hu\/wp-json\/wp\/v2\/posts"}],"about":[{"href":"https:\/\/spitalmciuc.ro\/hu\/wp-json\/wp\/v2\/types\/post"}],"author":[{"embeddable":true,"href":"https:\/\/spitalmciuc.ro\/hu\/wp-json\/wp\/v2\/users\/11"}],"replies":[{"embeddable":true,"href":"https:\/\/spitalmciuc.ro\/hu\/wp-json\/wp\/v2\/comments?post=5771"}],"version-history":[{"count":1,"href":"https:\/\/spitalmciuc.ro\/hu\/wp-json\/wp\/v2\/posts\/5771\/revisions"}],"predecessor-version":[{"id":6299,"href":"https:\/\/spitalmciuc.ro\/hu\/wp-json\/wp\/v2\/posts\/5771\/revisions\/6299"}],"wp:featuredmedia":[{"embeddable":true,"href":"https:\/\/spitalmciuc.ro\/hu\/wp-json\/wp\/v2\/media\/1692"}],"wp:attachment":[{"href":"https:\/\/spitalmciuc.ro\/hu\/wp-json\/wp\/v2\/media?parent=5771"}],"wp:term":[{"taxonomy":"category","embeddable":true,"href":"https:\/\/spitalmciuc.ro\/hu\/wp-json\/wp\/v2\/categories?post=5771"},{"taxonomy":"post_tag","embeddable":true,"href":"https:\/\/spitalmciuc.ro\/hu\/wp-json\/wp\/v2\/tags?post=5771"}],"curies":[{"name":"wp","href":"https:\/\/api.w.org\/{rel}","templated":true}]}}