{"id":5769,"date":"2020-11-18T13:54:46","date_gmt":"2020-11-18T13:54:46","guid":{"rendered":"https:\/\/spital.creative-solutions.ro\/index.php\/20-agyas-kontenerkorhazat-adtak-hasznalatba\/"},"modified":"2022-03-02T07:35:51","modified_gmt":"2022-03-02T07:35:51","slug":"20-agyas-kontenerkorhazat-adtak-hasznalatba","status":"publish","type":"post","link":"https:\/\/spitalmciuc.ro\/hu\/20-agyas-kontenerkorhazat-adtak-hasznalatba\/","title":{"rendered":"20 \u00e1gyas kont\u00e9nerk\u00f3rh\u00e1zat adtak haszn\u00e1latba"},"content":{"rendered":"<p style=\"text-align: justify;\"><strong>Szerd\u00e1n d\u00e9lel\u0151tt bemutatta a sajt\u00f3nak a Cs\u00edkszeredai Megyei S\u00fcrg\u0151ss\u00e9gi K\u00f3rh\u00e1z a k\u00f3rh\u00e1z f\u0151\u00e9p\u00fclete el\u0151tt fel\u00e1ll\u00edtott kont\u00e9nerk\u00f3rh\u00e1zat. Az ott elhelyezett h\u00fasz \u00e1ggyal b\u0151v\u00fcl a k\u00f3rh\u00e1zi tamponz\u00f3na kapacit\u00e1sa. <\/strong><\/p>\n<p style=\"text-align: justify;\">Dr. Konr\u00e1d Judit, a k\u00f3rh\u00e1z menedzsere a sajt\u00f3t\u00e1j\u00e9koztat\u00f3n ismertette, a tamponz\u00f3na, amint a neve is mutatja, egyfajta g\u00e1t, amelyik megv\u00e9di a k\u00f3rh\u00e1zat att\u00f3l, hogy beker\u00fclj\u00f6n a koronav\u00edrus fert\u0151z\u00e9s, \u00edgy s\u00fcrg\u0151ss\u00e9gi k\u00f3rh\u00e1zk\u00e9nt tov\u00e1bbra is biztons\u00e1gban l\u00e1thass\u00e1k el a s\u00fcrg\u0151ss\u00e9gi eseteben vagy m\u00e1s megbeteged\u00e9ssel hozz\u00e1juk fordul\u00f3kat. \u201eAz elm\u00falt h\u00f3napokban m\u00e1r t\u00f6bb tamponz\u00f3n\u00e1t alak\u00edtottunk ki a k\u00f3rh\u00e1zon bel\u00fcl, a betegek sz\u00e1m\u00e1t\u00f3l f\u00fcgg\u0151en. Mivel n\u0151tt a fert\u0151z\u00e9sek sz\u00e1ma, \u00fagy l\u00e1ttuk j\u00f3nak, hogy a tamponz\u00f3n\u00e1t ki kell hoznunk a k\u00f3rh\u00e1z \u00e9p\u00fclet\u00e9b\u0151l, ez\u00e9rt kezdt\u00fck el a modul\u00e1ris k\u00f3rh\u00e1z l\u00e9trehoz\u00e1s\u00e1t a megyei tan\u00e1cs seg\u00edts\u00e9g\u00e9vel. Kor\u00e1bban \u00fagy tervezt\u00fck, hogy csak itt zajlik majd a tamponz\u00f3na tev\u00e9kenys\u00e9ge, de a jelenlegi j\u00e1rv\u00e1ny\u00fcgyi helyzetben egyel\u0151re fenntartjuk a k\u00f3rh\u00e1z f\u00f6ldszintj\u00e9n m\u0171k\u00f6d\u0151 tamponz\u00f3n\u00e1t is. Itt most 16 kont\u00e9ner van elhelyezve, h\u00fasz \u00e1ggyal, tov\u00e1bb\u00e1 kiszolg\u00e1l\u00f3 helys\u00e9gekkel. Ide azokat a p\u00e1cienseket utaljuk be, akik k\u00fcl\u00f6nb\u00f6z\u0151 megbeteged\u00e9sekkel vagy a koronav\u00edrus-fert\u0151z\u00e9s gyan\u00faj\u00e1val is \u00e9rkeznek a k\u00f3rh\u00e1zba. Ell\u00e1tjuk \u0151ket, megkapj\u00e1k a sz\u00fcks\u00e9ges kezel\u00e9st \u00e9s a teszteredm\u00e9ny f\u00fcggv\u00e9ny\u00e9ben mennek tov\u00e1bb a somly\u00f3i oszt\u00e1lyokra vagy pedig a t\u00f6bbi k\u00f3rh\u00e1zi oszt\u00e1lyra\u201d \u2013 ismertette a menedzser.<\/p>\n<p style=\"text-align: justify;\"><img decoding=\"async\" loading=\"lazy\" class=\" size-full wp-image-1677\" src=\"https:\/\/spitalmciuc.ro\/wp-content\/uploads\/2020\/11\/kkorhaz1.jpeg\" alt=\"kkorhaz1\" width=\"700\" height=\"525\" srcset=\"https:\/\/spitalmciuc.ro\/wp-content\/uploads\/2020\/11\/kkorhaz1.jpeg 1600w, https:\/\/spitalmciuc.ro\/wp-content\/uploads\/2020\/11\/kkorhaz1-300x225.jpeg 300w, https:\/\/spitalmciuc.ro\/wp-content\/uploads\/2020\/11\/kkorhaz1-1024x768.jpeg 1024w, https:\/\/spitalmciuc.ro\/wp-content\/uploads\/2020\/11\/kkorhaz1-768x576.jpeg 768w, https:\/\/spitalmciuc.ro\/wp-content\/uploads\/2020\/11\/kkorhaz1-1536x1152.jpeg 1536w\" sizes=\"(max-width: 700px) 100vw, 700px\" \/><\/p>\n<p style=\"text-align: justify;\">Borboly Csaba, Hargita Megye Tan\u00e1cs\u00e1nak eln\u00f6ke kihangs\u00falyozta, a megyei tan\u00e1cs test\u00fclete a k\u00f3rh\u00e1z minden t\u00e1mogat\u00e1si ig\u00e9ny\u00e9t maxim\u00e1lis egy\u00fctt\u00e9rz\u00e9ssel, k\u00f6zrem\u0171k\u00f6d\u00e9ssel kezeli. \u201eHisz\u00fcnk abban, hogy a megyei tan\u00e1cs egyik legfontosabb tev\u00e9kenys\u00e9ge az, hogy partnerek legy\u00fcnk a k\u00f3rh\u00e1z kih\u00edv\u00e1sainak megold\u00e1s\u00e1ban \u00e9s a Hargita megyei emberek ne kelljen elutazzanak, ha eg\u00e9szs\u00e9g\u00fcgyi ell\u00e1t\u00e1sra van sz\u00fcks\u00e9g\u00fck\u201d &#8211; mondta. Ismertette, a mobilk\u00f3rh\u00e1zat alkot\u00f3 kont\u00e9nerek beszerz\u00e9s\u00e9re a b\u00e9rl\u00e9s bizonyult a legjobb megold\u00e1snak \u00e9s k\u00f6z\u00f6lte, a kont\u00e9nerek havi b\u00e9re 2 900 eur\u00f3, ehhez 11 960 eur\u00f3s sz\u00e1ll\u00edt\u00e1si, \u00f6sszeszerel\u00e9si, illetve 9 525 eur\u00f3s sz\u00e9tszed\u00e9si, elsz\u00e1ll\u00edt\u00e1si d\u00edj tartozik m\u00e9g hozz\u00e1. A szerz\u0151d\u00e9s egyel\u0151re egy \u00e9vre sz\u00f3l, meghosszabb\u00edt\u00e1si lehet\u0151s\u00e9ggel.&nbsp;<\/p>\n<p style=\"text-align: justify;\">Ion Proca, Hargita megye prefektusa azt mondta el, hogy m\u00edg n\u00e9h\u00e1ny \u00e9vvel ezel\u0151tt m\u00e9g nem mentek annyira j\u00f3l itt a dolgok, a cs\u00edkszeredai k\u00f3rh\u00e1z fejl\u0151d\u00e9se hivatkoz\u00e1si alapp\u00e1 v\u00e1lt az ut\u00f3bbi \u00e9vekben. \u201eBiztos vagyok benne, hogy Nelu T\u0103taru eg\u00e9szs\u00e9g\u00fcgyi miniszter \u00e9s a korm\u00e1ny partnerek lesznek abban, hogy Cs\u00edkszered\u00e1ban val\u00f3ban a rom\u00e1n eg\u00e9szs\u00e9g\u00fcgyi rendszer egyik referenciapontja legyen. \u00dagy gondolom, seg\u00edteni kell a k\u00f3rh\u00e1zat a 2-es kateg\u00f3ria el\u00e9r\u00e9sben, ezt m\u00e1r ig\u00e9nyelt\u00fck \u00e9s tov\u00e1bbra is ig\u00e9nyelni fogjuk\u201d \u2013 mondta a prefektus.<\/p>\n<p style=\"text-align: justify;\"><img decoding=\"async\" loading=\"lazy\" class=\" size-full wp-image-1682\" src=\"https:\/\/spitalmciuc.ro\/wp-content\/uploads\/2020\/11\/kkorhaz2.jpeg\" alt=\"kkorhaz2\" width=\"700\" height=\"525\" srcset=\"https:\/\/spitalmciuc.ro\/wp-content\/uploads\/2020\/11\/kkorhaz2.jpeg 1600w, https:\/\/spitalmciuc.ro\/wp-content\/uploads\/2020\/11\/kkorhaz2-300x225.jpeg 300w, https:\/\/spitalmciuc.ro\/wp-content\/uploads\/2020\/11\/kkorhaz2-1024x768.jpeg 1024w, https:\/\/spitalmciuc.ro\/wp-content\/uploads\/2020\/11\/kkorhaz2-768x576.jpeg 768w, https:\/\/spitalmciuc.ro\/wp-content\/uploads\/2020\/11\/kkorhaz2-1536x1152.jpeg 1536w\" sizes=\"(max-width: 700px) 100vw, 700px\" \/><\/p>\n<p style=\"text-align: justify;\">Hajd\u00fa G\u00e1bor k\u00e9pvisel\u0151jel\u00f6lt a sajt\u00f3t\u00e1j\u00e9koztat\u00f3n azt mondta, a tapasztalat azt mutatja, hogy a d\u00f6nt\u00e9seket helyben kell meghozni, a helyi hat\u00f3s\u00e1gok jobban, felel\u0151sebben tudnak az er\u0151forr\u00e1sokkal gazd\u00e1lkodni, ennek l\u00e1tjuk Hargita megy\u00e9ben a bizony\u00edt\u00e9k\u00e1t is.&nbsp;<\/p>\n<p style=\"text-align: justify;\">Dr. Sergiu S\u00eengeorzan, a k\u00f3rh\u00e1z j\u00e1rv\u00e1nytan\u00e1sz f\u0151orvosa azt mondta el, a modul\u00e1ris k\u00f3rh\u00e1z m\u0171k\u00f6d\u00e9se n\u00f6veli a k\u00f3rh\u00e1z ell\u00e1t\u00f3k\u00e9pess\u00e9g\u00e9t, tehermentes\u00edti a bels\u0151 betegutakat, egyszer\u0171bb lesz a betegek \u00e1tsz\u00e1ll\u00edt\u00e1sa, ami a p\u00e1ciensek sz\u00e1m\u00e1ra is k\u00f6nnyebbs\u00e9get jelent majd. \u201eA szem\u00e9lyzet sz\u00e1m\u00e1ra is k\u00f6nnyebb lesz a betegek ell\u00e1t\u00e1sa itt. Lesz neh\u00e9zs\u00e9g is ebben a munk\u00e1ban, de ahogy azt eddig is megmutattuk, azt gondolom, hogy ez\u00fattal is helyt\u00e1llunk \u00e9s partnereink seg\u00edts\u00e9g\u00e9vel egy\u00fctt a legjobb szolg\u00e1ltat\u00e1sokat tudjuk ny\u00fajtani a hozz\u00e1nk fordul\u00f3knak\u201d \u2013 mondta az orvos.<\/p>\n<p style=\"text-align: justify;\"><img decoding=\"async\" loading=\"lazy\" class=\" size-full wp-image-1685\" src=\"https:\/\/spitalmciuc.ro\/wp-content\/uploads\/2020\/11\/kkorhaz3.jpeg\" alt=\"kkorhaz3\" width=\"700\" height=\"394\" srcset=\"https:\/\/spitalmciuc.ro\/wp-content\/uploads\/2020\/11\/kkorhaz3.jpeg 1600w, https:\/\/spitalmciuc.ro\/wp-content\/uploads\/2020\/11\/kkorhaz3-300x169.jpeg 300w, https:\/\/spitalmciuc.ro\/wp-content\/uploads\/2020\/11\/kkorhaz3-1024x576.jpeg 1024w, https:\/\/spitalmciuc.ro\/wp-content\/uploads\/2020\/11\/kkorhaz3-768x432.jpeg 768w, https:\/\/spitalmciuc.ro\/wp-content\/uploads\/2020\/11\/kkorhaz3-1536x864.jpeg 1536w\" sizes=\"(max-width: 700px) 100vw, 700px\" \/><\/p>\n<p style=\"text-align: justify;\">Dr. Tar Gy\u00f6ngyi, a Hargita Megyei Eg\u00e9szs\u00e9g\u00fcgyi Igazgat\u00f3s\u00e1g vezet\u0151je a jelenlegi j\u00e1rv\u00e1ny\u00fcgyi helyzetr\u0151l azt mondta el, a megye jelenleg lesz\u00e1ll\u00f3 \u00e1gban van a koronav\u00edrusfert\u0151z\u00e9sek sz\u00e1m\u00e1t tekintve. \u201eK\u00f6sz\u00f6n\u00f6m a lakoss\u00e1gnak \u00e9s a hat\u00f3s\u00e1goknak is, akik hozz\u00e1j\u00e1rultak ehhez. Azt k\u00edv\u00e1nom mindenkinek, hogy min\u00e9l hosszabban tartsuk meg ezt a j\u00f3 poz\u00edci\u00f3t \u00e9s a v\u00e9d\u0151olt\u00e1sig tartsunk ki, \u00fagy, hogy min\u00e9l t\u00f6bb \u00e9letet k\u00edm\u00e9lj\u00fcnk meg att\u00f3l, hogy az addig m\u00e9g h\u00e1trel\u00e9v\u0151 id\u0151ben esetleg a koronav\u00edrus \u00e1ldozat\u00e1ul essen\u201d \u2013 fogalmazta meg dr. Tar Gy\u00f6ngyi.&nbsp;<\/p>\n<p style=\"text-align: justify;\">Borboly Csaba, Hargita Megye tan\u00e1cs\u00e1nak eln\u00f6ke helysz\u00edni bejelentkez\u00e9s\u00e9t ezen a linken tekinthetik meg: <a href=\"https:\/\/www.facebook.com\/borbolycsaba\/videos\/286925185990606\/?sfnsn=mo\">https:\/\/www.facebook.com\/borbolycsaba\/videos\/286925185990606\/?sfnsn=mo<\/a><\/p>\n<p style=\"text-align: justify;\">Cs\u00edkszereda, 2020.11.18<\/p>\n","protected":false},"excerpt":{"rendered":"<p>Szerd\u00e1n d\u00e9lel\u0151tt bemutatta a sajt\u00f3nak a Cs\u00edkszeredai Megyei S\u00fcrg\u0151ss\u00e9gi K\u00f3rh\u00e1z a k\u00f3rh\u00e1z f\u0151\u00e9p\u00fclete el\u0151tt fel\u00e1ll\u00edtott kont\u00e9nerk\u00f3rh\u00e1zat. Az ott elhelyezett h\u00fasz \u00e1ggyal b\u0151v\u00fcl a k\u00f3rh\u00e1zi tamponz\u00f3na kapacit\u00e1sa. Dr. Konr\u00e1d Judit, a k\u00f3rh\u00e1z menedzsere a sajt\u00f3t\u00e1j\u00e9koztat\u00f3n ismertette, a tamponz\u00f3na, amint a neve is mutatja, egyfajta g\u00e1t, amelyik megv\u00e9di a k\u00f3rh\u00e1zat att\u00f3l, hogy beker\u00fclj\u00f6n a koronav\u00edrus fert\u0151z\u00e9s, \u00edgy&hellip;<\/p>\n","protected":false},"author":11,"featured_media":1677,"comment_status":"closed","ping_status":"closed","sticky":false,"template":"","format":"standard","meta":[],"categories":[],"tags":[],"yoast_head":"<!-- This site is optimized with the Yoast SEO plugin v18.3 - https:\/\/yoast.com\/wordpress\/plugins\/seo\/ -->\n<title>20 \u00e1gyas kont\u00e9nerk\u00f3rh\u00e1zat adtak haszn\u00e1latba - Cs\u00edkszeredai Megyei S\u00fcrg\u0151ss\u00e9gi K\u00f3rh\u00e1z<\/title>\n<meta name=\"robots\" content=\"index, follow, max-snippet:-1, max-image-preview:large, max-video-preview:-1\" \/>\n<link rel=\"canonical\" href=\"https:\/\/spitalmciuc.ro\/20-agyas-kontenerkorhazat-adtak-hasznalatba\/\" \/>\n<meta property=\"og:locale\" content=\"hu_HU\" \/>\n<meta property=\"og:type\" content=\"article\" \/>\n<meta property=\"og:title\" content=\"20 \u00e1gyas kont\u00e9nerk\u00f3rh\u00e1zat adtak haszn\u00e1latba - Cs\u00edkszeredai Megyei S\u00fcrg\u0151ss\u00e9gi K\u00f3rh\u00e1z\" \/>\n<meta property=\"og:description\" content=\"Szerd\u00e1n d\u00e9lel\u0151tt bemutatta a sajt\u00f3nak a Cs\u00edkszeredai Megyei S\u00fcrg\u0151ss\u00e9gi K\u00f3rh\u00e1z a k\u00f3rh\u00e1z f\u0151\u00e9p\u00fclete el\u0151tt fel\u00e1ll\u00edtott kont\u00e9nerk\u00f3rh\u00e1zat. Az ott elhelyezett h\u00fasz \u00e1ggyal b\u0151v\u00fcl a k\u00f3rh\u00e1zi tamponz\u00f3na kapacit\u00e1sa. Dr. Konr\u00e1d Judit, a k\u00f3rh\u00e1z menedzsere a sajt\u00f3t\u00e1j\u00e9koztat\u00f3n ismertette, a tamponz\u00f3na, amint a neve is mutatja, egyfajta g\u00e1t, amelyik megv\u00e9di a k\u00f3rh\u00e1zat att\u00f3l, hogy beker\u00fclj\u00f6n a koronav\u00edrus fert\u0151z\u00e9s, \u00edgy&hellip;\" \/>\n<meta property=\"og:url\" content=\"https:\/\/spitalmciuc.ro\/20-agyas-kontenerkorhazat-adtak-hasznalatba\/\" \/>\n<meta property=\"og:site_name\" content=\"Cs\u00edkszeredai Megyei S\u00fcrg\u0151ss\u00e9gi K\u00f3rh\u00e1z\" \/>\n<meta property=\"article:published_time\" content=\"2020-11-18T13:54:46+00:00\" \/>\n<meta property=\"article:modified_time\" content=\"2022-03-02T07:35:51+00:00\" \/>\n<meta property=\"og:image\" content=\"https:\/\/spitalmciuc.ro\/wp-content\/uploads\/2020\/11\/kkorhaz1.jpeg\" \/>\n\t<meta property=\"og:image:width\" content=\"1600\" \/>\n\t<meta property=\"og:image:height\" content=\"1200\" \/>\n\t<meta property=\"og:image:type\" content=\"image\/jpeg\" \/>\n<meta name=\"twitter:card\" content=\"summary_large_image\" \/>\n<meta name=\"twitter:label1\" content=\"Szerz\u0151:\" \/>\n\t<meta name=\"twitter:data1\" content=\"Milik Szil\u00e1rd\" \/>\n\t<meta name=\"twitter:label2\" content=\"Becs\u00fclt olvas\u00e1si id\u0151\" \/>\n\t<meta name=\"twitter:data2\" content=\"5 perc\" \/>\n<script type=\"application\/ld+json\" class=\"yoast-schema-graph\">{\"@context\":\"https:\/\/schema.org\",\"@graph\":[{\"@type\":\"Organization\",\"@id\":\"https:\/\/spitalmciuc.ro\/#organization\",\"name\":\"Spitalul Jude\u0163ean de Urgen\u0163\u0103 Miercurea Ciuc\",\"url\":\"https:\/\/spitalmciuc.ro\/\",\"sameAs\":[],\"logo\":{\"@type\":\"ImageObject\",\"@id\":\"https:\/\/spitalmciuc.ro\/#logo\",\"inLanguage\":\"hu\",\"url\":\"https:\/\/spitalmciuc.ro\/wp-content\/uploads\/2022\/02\/logo-spital-ro-60.jpg\",\"contentUrl\":\"https:\/\/spitalmciuc.ro\/wp-content\/uploads\/2022\/02\/logo-spital-ro-60.jpg\",\"width\":198,\"height\":60,\"caption\":\"Spitalul Jude\u0163ean de Urgen\u0163\u0103 Miercurea Ciuc\"},\"image\":{\"@id\":\"https:\/\/spitalmciuc.ro\/#logo\"}},{\"@type\":\"WebSite\",\"@id\":\"https:\/\/spitalmciuc.ro\/#website\",\"url\":\"https:\/\/spitalmciuc.ro\/\",\"name\":\"Cs\u00edkszeredai Megyei S\u00fcrg\u0151ss\u00e9gi K\u00f3rh\u00e1z\",\"description\":\"\",\"publisher\":{\"@id\":\"https:\/\/spitalmciuc.ro\/#organization\"},\"potentialAction\":[{\"@type\":\"SearchAction\",\"target\":{\"@type\":\"EntryPoint\",\"urlTemplate\":\"https:\/\/spitalmciuc.ro\/?s={search_term_string}\"},\"query-input\":\"required name=search_term_string\"}],\"inLanguage\":\"hu\"},{\"@type\":\"ImageObject\",\"@id\":\"https:\/\/spitalmciuc.ro\/20-agyas-kontenerkorhazat-adtak-hasznalatba\/#primaryimage\",\"inLanguage\":\"hu\",\"url\":\"https:\/\/spitalmciuc.ro\/wp-content\/uploads\/2020\/11\/kkorhaz1.jpeg\",\"contentUrl\":\"https:\/\/spitalmciuc.ro\/wp-content\/uploads\/2020\/11\/kkorhaz1.jpeg\",\"width\":1600,\"height\":1200},{\"@type\":\"WebPage\",\"@id\":\"https:\/\/spitalmciuc.ro\/20-agyas-kontenerkorhazat-adtak-hasznalatba\/#webpage\",\"url\":\"https:\/\/spitalmciuc.ro\/20-agyas-kontenerkorhazat-adtak-hasznalatba\/\",\"name\":\"20 \u00e1gyas kont\u00e9nerk\u00f3rh\u00e1zat adtak haszn\u00e1latba - Cs\u00edkszeredai Megyei S\u00fcrg\u0151ss\u00e9gi K\u00f3rh\u00e1z\",\"isPartOf\":{\"@id\":\"https:\/\/spitalmciuc.ro\/#website\"},\"primaryImageOfPage\":{\"@id\":\"https:\/\/spitalmciuc.ro\/20-agyas-kontenerkorhazat-adtak-hasznalatba\/#primaryimage\"},\"datePublished\":\"2020-11-18T13:54:46+00:00\",\"dateModified\":\"2022-03-02T07:35:51+00:00\",\"breadcrumb\":{\"@id\":\"https:\/\/spitalmciuc.ro\/20-agyas-kontenerkorhazat-adtak-hasznalatba\/#breadcrumb\"},\"inLanguage\":\"hu\",\"potentialAction\":[{\"@type\":\"ReadAction\",\"target\":[\"https:\/\/spitalmciuc.ro\/20-agyas-kontenerkorhazat-adtak-hasznalatba\/\"]}]},{\"@type\":\"BreadcrumbList\",\"@id\":\"https:\/\/spitalmciuc.ro\/20-agyas-kontenerkorhazat-adtak-hasznalatba\/#breadcrumb\",\"itemListElement\":[{\"@type\":\"ListItem\",\"position\":1,\"name\":\"Kezd\u0151lap\",\"item\":\"https:\/\/spitalmciuc.ro\/hu\/\"},{\"@type\":\"ListItem\",\"position\":2,\"name\":\"20 \u00e1gyas kont\u00e9nerk\u00f3rh\u00e1zat adtak haszn\u00e1latba\"}]},{\"@type\":\"Article\",\"@id\":\"https:\/\/spitalmciuc.ro\/20-agyas-kontenerkorhazat-adtak-hasznalatba\/#article\",\"isPartOf\":{\"@id\":\"https:\/\/spitalmciuc.ro\/20-agyas-kontenerkorhazat-adtak-hasznalatba\/#webpage\"},\"author\":{\"@id\":\"https:\/\/spitalmciuc.ro\/#\/schema\/person\/20ea297ab07e8f4d1689dfe252e34174\"},\"headline\":\"20 \u00e1gyas kont\u00e9nerk\u00f3rh\u00e1zat adtak haszn\u00e1latba\",\"datePublished\":\"2020-11-18T13:54:46+00:00\",\"dateModified\":\"2022-03-02T07:35:51+00:00\",\"mainEntityOfPage\":{\"@id\":\"https:\/\/spitalmciuc.ro\/20-agyas-kontenerkorhazat-adtak-hasznalatba\/#webpage\"},\"wordCount\":962,\"publisher\":{\"@id\":\"https:\/\/spitalmciuc.ro\/#organization\"},\"image\":{\"@id\":\"https:\/\/spitalmciuc.ro\/20-agyas-kontenerkorhazat-adtak-hasznalatba\/#primaryimage\"},\"thumbnailUrl\":\"https:\/\/spitalmciuc.ro\/wp-content\/uploads\/2020\/11\/kkorhaz1.jpeg\",\"inLanguage\":\"hu\"},{\"@type\":\"Person\",\"@id\":\"https:\/\/spitalmciuc.ro\/#\/schema\/person\/20ea297ab07e8f4d1689dfe252e34174\",\"name\":\"Milik Szil\u00e1rd\",\"url\":\"https:\/\/spitalmciuc.ro\/hu\/author\/szilard\/\"}]}<\/script>\n<!-- \/ Yoast SEO plugin. -->","yoast_head_json":{"title":"20 \u00e1gyas kont\u00e9nerk\u00f3rh\u00e1zat adtak haszn\u00e1latba - Cs\u00edkszeredai Megyei S\u00fcrg\u0151ss\u00e9gi K\u00f3rh\u00e1z","robots":{"index":"index","follow":"follow","max-snippet":"max-snippet:-1","max-image-preview":"max-image-preview:large","max-video-preview":"max-video-preview:-1"},"canonical":"https:\/\/spitalmciuc.ro\/20-agyas-kontenerkorhazat-adtak-hasznalatba\/","og_locale":"hu_HU","og_type":"article","og_title":"20 \u00e1gyas kont\u00e9nerk\u00f3rh\u00e1zat adtak haszn\u00e1latba - Cs\u00edkszeredai Megyei S\u00fcrg\u0151ss\u00e9gi K\u00f3rh\u00e1z","og_description":"Szerd\u00e1n d\u00e9lel\u0151tt bemutatta a sajt\u00f3nak a Cs\u00edkszeredai Megyei S\u00fcrg\u0151ss\u00e9gi K\u00f3rh\u00e1z a k\u00f3rh\u00e1z f\u0151\u00e9p\u00fclete el\u0151tt fel\u00e1ll\u00edtott kont\u00e9nerk\u00f3rh\u00e1zat. Az ott elhelyezett h\u00fasz \u00e1ggyal b\u0151v\u00fcl a k\u00f3rh\u00e1zi tamponz\u00f3na kapacit\u00e1sa. Dr. Konr\u00e1d Judit, a k\u00f3rh\u00e1z menedzsere a sajt\u00f3t\u00e1j\u00e9koztat\u00f3n ismertette, a tamponz\u00f3na, amint a neve is mutatja, egyfajta g\u00e1t, amelyik megv\u00e9di a k\u00f3rh\u00e1zat att\u00f3l, hogy beker\u00fclj\u00f6n a koronav\u00edrus fert\u0151z\u00e9s, \u00edgy&hellip;","og_url":"https:\/\/spitalmciuc.ro\/20-agyas-kontenerkorhazat-adtak-hasznalatba\/","og_site_name":"Cs\u00edkszeredai Megyei S\u00fcrg\u0151ss\u00e9gi K\u00f3rh\u00e1z","article_published_time":"2020-11-18T13:54:46+00:00","article_modified_time":"2022-03-02T07:35:51+00:00","og_image":[{"width":1600,"height":1200,"url":"https:\/\/spitalmciuc.ro\/wp-content\/uploads\/2020\/11\/kkorhaz1.jpeg","type":"image\/jpeg"}],"twitter_card":"summary_large_image","twitter_misc":{"Szerz\u0151:":"Milik Szil\u00e1rd","Becs\u00fclt olvas\u00e1si id\u0151":"5 perc"},"schema":{"@context":"https:\/\/schema.org","@graph":[{"@type":"Organization","@id":"https:\/\/spitalmciuc.ro\/#organization","name":"Spitalul Jude\u0163ean de Urgen\u0163\u0103 Miercurea Ciuc","url":"https:\/\/spitalmciuc.ro\/","sameAs":[],"logo":{"@type":"ImageObject","@id":"https:\/\/spitalmciuc.ro\/#logo","inLanguage":"hu","url":"https:\/\/spitalmciuc.ro\/wp-content\/uploads\/2022\/02\/logo-spital-ro-60.jpg","contentUrl":"https:\/\/spitalmciuc.ro\/wp-content\/uploads\/2022\/02\/logo-spital-ro-60.jpg","width":198,"height":60,"caption":"Spitalul Jude\u0163ean de Urgen\u0163\u0103 Miercurea Ciuc"},"image":{"@id":"https:\/\/spitalmciuc.ro\/#logo"}},{"@type":"WebSite","@id":"https:\/\/spitalmciuc.ro\/#website","url":"https:\/\/spitalmciuc.ro\/","name":"Cs\u00edkszeredai Megyei S\u00fcrg\u0151ss\u00e9gi K\u00f3rh\u00e1z","description":"","publisher":{"@id":"https:\/\/spitalmciuc.ro\/#organization"},"potentialAction":[{"@type":"SearchAction","target":{"@type":"EntryPoint","urlTemplate":"https:\/\/spitalmciuc.ro\/?s={search_term_string}"},"query-input":"required name=search_term_string"}],"inLanguage":"hu"},{"@type":"ImageObject","@id":"https:\/\/spitalmciuc.ro\/20-agyas-kontenerkorhazat-adtak-hasznalatba\/#primaryimage","inLanguage":"hu","url":"https:\/\/spitalmciuc.ro\/wp-content\/uploads\/2020\/11\/kkorhaz1.jpeg","contentUrl":"https:\/\/spitalmciuc.ro\/wp-content\/uploads\/2020\/11\/kkorhaz1.jpeg","width":1600,"height":1200},{"@type":"WebPage","@id":"https:\/\/spitalmciuc.ro\/20-agyas-kontenerkorhazat-adtak-hasznalatba\/#webpage","url":"https:\/\/spitalmciuc.ro\/20-agyas-kontenerkorhazat-adtak-hasznalatba\/","name":"20 \u00e1gyas kont\u00e9nerk\u00f3rh\u00e1zat adtak haszn\u00e1latba - Cs\u00edkszeredai Megyei S\u00fcrg\u0151ss\u00e9gi K\u00f3rh\u00e1z","isPartOf":{"@id":"https:\/\/spitalmciuc.ro\/#website"},"primaryImageOfPage":{"@id":"https:\/\/spitalmciuc.ro\/20-agyas-kontenerkorhazat-adtak-hasznalatba\/#primaryimage"},"datePublished":"2020-11-18T13:54:46+00:00","dateModified":"2022-03-02T07:35:51+00:00","breadcrumb":{"@id":"https:\/\/spitalmciuc.ro\/20-agyas-kontenerkorhazat-adtak-hasznalatba\/#breadcrumb"},"inLanguage":"hu","potentialAction":[{"@type":"ReadAction","target":["https:\/\/spitalmciuc.ro\/20-agyas-kontenerkorhazat-adtak-hasznalatba\/"]}]},{"@type":"BreadcrumbList","@id":"https:\/\/spitalmciuc.ro\/20-agyas-kontenerkorhazat-adtak-hasznalatba\/#breadcrumb","itemListElement":[{"@type":"ListItem","position":1,"name":"Kezd\u0151lap","item":"https:\/\/spitalmciuc.ro\/hu\/"},{"@type":"ListItem","position":2,"name":"20 \u00e1gyas kont\u00e9nerk\u00f3rh\u00e1zat adtak haszn\u00e1latba"}]},{"@type":"Article","@id":"https:\/\/spitalmciuc.ro\/20-agyas-kontenerkorhazat-adtak-hasznalatba\/#article","isPartOf":{"@id":"https:\/\/spitalmciuc.ro\/20-agyas-kontenerkorhazat-adtak-hasznalatba\/#webpage"},"author":{"@id":"https:\/\/spitalmciuc.ro\/#\/schema\/person\/20ea297ab07e8f4d1689dfe252e34174"},"headline":"20 \u00e1gyas kont\u00e9nerk\u00f3rh\u00e1zat adtak haszn\u00e1latba","datePublished":"2020-11-18T13:54:46+00:00","dateModified":"2022-03-02T07:35:51+00:00","mainEntityOfPage":{"@id":"https:\/\/spitalmciuc.ro\/20-agyas-kontenerkorhazat-adtak-hasznalatba\/#webpage"},"wordCount":962,"publisher":{"@id":"https:\/\/spitalmciuc.ro\/#organization"},"image":{"@id":"https:\/\/spitalmciuc.ro\/20-agyas-kontenerkorhazat-adtak-hasznalatba\/#primaryimage"},"thumbnailUrl":"https:\/\/spitalmciuc.ro\/wp-content\/uploads\/2020\/11\/kkorhaz1.jpeg","inLanguage":"hu"},{"@type":"Person","@id":"https:\/\/spitalmciuc.ro\/#\/schema\/person\/20ea297ab07e8f4d1689dfe252e34174","name":"Milik Szil\u00e1rd","url":"https:\/\/spitalmciuc.ro\/hu\/author\/szilard\/"}]}},"_links":{"self":[{"href":"https:\/\/spitalmciuc.ro\/hu\/wp-json\/wp\/v2\/posts\/5769"}],"collection":[{"href":"https:\/\/spitalmciuc.ro\/hu\/wp-json\/wp\/v2\/posts"}],"about":[{"href":"https:\/\/spitalmciuc.ro\/hu\/wp-json\/wp\/v2\/types\/post"}],"author":[{"embeddable":true,"href":"https:\/\/spitalmciuc.ro\/hu\/wp-json\/wp\/v2\/users\/11"}],"replies":[{"embeddable":true,"href":"https:\/\/spitalmciuc.ro\/hu\/wp-json\/wp\/v2\/comments?post=5769"}],"version-history":[{"count":1,"href":"https:\/\/spitalmciuc.ro\/hu\/wp-json\/wp\/v2\/posts\/5769\/revisions"}],"predecessor-version":[{"id":6467,"href":"https:\/\/spitalmciuc.ro\/hu\/wp-json\/wp\/v2\/posts\/5769\/revisions\/6467"}],"wp:featuredmedia":[{"embeddable":true,"href":"https:\/\/spitalmciuc.ro\/hu\/wp-json\/wp\/v2\/media\/1677"}],"wp:attachment":[{"href":"https:\/\/spitalmciuc.ro\/hu\/wp-json\/wp\/v2\/media?parent=5769"}],"wp:term":[{"taxonomy":"category","embeddable":true,"href":"https:\/\/spitalmciuc.ro\/hu\/wp-json\/wp\/v2\/categories?post=5769"},{"taxonomy":"post_tag","embeddable":true,"href":"https:\/\/spitalmciuc.ro\/hu\/wp-json\/wp\/v2\/tags?post=5769"}],"curies":[{"name":"wp","href":"https:\/\/api.w.org\/{rel}","templated":true}]}}