{"id":5688,"date":"2020-09-03T12:59:59","date_gmt":"2020-09-03T12:59:59","guid":{"rendered":"https:\/\/spital.creative-solutions.ro\/index.php\/csontsurusegmero-keszuelek-a-korhazban\/"},"modified":"2022-03-02T07:37:35","modified_gmt":"2022-03-02T07:37:35","slug":"csontsurusegmero-keszuelek-a-korhazban","status":"publish","type":"post","link":"https:\/\/spitalmciuc.ro\/hu\/csontsurusegmero-keszuelek-a-korhazban\/","title":{"rendered":"Csonts\u0171r\u0171s\u00e9gm\u00e9r\u0151 k\u00e9sz\u00fcl\u00e9k a k\u00f3rh\u00e1zban"},"content":{"rendered":"<p style=\"text-align: justify;\">Korodi Attila parlamenti k\u00e9pvisel\u0151 azt mondta el, pontos strat\u00e9gi\u00e1ra alapozva tudtak seg\u00edts\u00e9get ny\u00fajtani a megye \u00e9s a k\u00f3rh\u00e1z sz\u00e1m\u00e1ra. A v\u00e1ros polg\u00e1rmesteri sz\u00e9k\u00e9t megp\u00e1ly\u00e1z\u00f3 politikus kiemelte, Cs\u00edkszered\u00e1nak \u00e9rdeke, hogy ez a k\u00f3rh\u00e1z j\u00f3l m\u0171k\u00f6dj\u00f6n, hogy nagyon j\u00f3 min\u0151s\u00e9g\u0171 szolg\u00e1ltat\u00e1sokat tudjon ny\u00fajtani, ez\u00e9rt a k\u00f6vetkez\u0151 id\u0151szakban a v\u00e1ros minden elj\u00e1r\u00e1sban seg\u00edt\u0151k\u00e9szen v\u00e1rja a megyei \u00f6nkorm\u00e1nyzat \u00e9s a k\u00f3rh\u00e1z megkeres\u00e9s\u00e9t. \u201eSzeretn\u00e9nk min\u00e9l gyakorlatiasabban hozz\u00e1j\u00e1rulni ahhoz, hogy a megszerzett forr\u00e1sokat hat\u00e9konyan lehessen felhaszn\u00e1lni, hisz sz\u00e1mos olyan terv van, amely a k\u00f6vetkez\u0151 \u00e9vekben nemcsak \u00e9p\u00edt\u0151telepp\u00e9, hanem egy teljesen m\u00e1s arculat\u00fa k\u00f3rh\u00e1zz\u00e1 alak\u00edtja a megyei k\u00f3rh\u00e1zat \u00e9s a v\u00e1ros ezen r\u00e9sz\u00e9t is\u201d \u2013 fejtette ki.&nbsp;<\/p>\n<p style=\"text-align: justify;\">T\u00e1nczos Barna szen\u00e1tor kihangs\u00falyozta, az elm\u00falt n\u00e9gy \u00e9vben Cs\u00edksz\u00e9knek er\u0151s, hat\u00e9kony parlamenti k\u00e9pviselete volt, Korodi Attil\u00e1val \u00e9s Kelemen Hunorral k\u00f6z\u00f6sen dolgoztak az\u00e9rt, hogy az orsz\u00e1gos k\u00f6lts\u00e9gvet\u00e9s vit\u00e1j\u00e1n az eg\u00e9szs\u00e9g\u00fcgyi infrastrukt\u00fara ter\u00e9n az RMDSZ priorit\u00e1sai k\u00f6z\u00f6tt az els\u0151 helyen szerepelt a Cs\u00edkszeredai Megyei S\u00fcrg\u0151ss\u00e9gi K\u00f3rh\u00e1z az elm\u00falt k\u00e9t-h\u00e1rom \u00e9vben. Hozz\u00e1tette, a k\u00f6vetkez\u0151 \u00e9vekben is priorit\u00e1sk\u00e9nt fogj\u00e1k kezelni a fejleszt\u00e9sek folytat\u00e1s\u00e1t a k\u00f3rh\u00e1z sz\u00e1m\u00e1ra.&nbsp;<\/p>\n<p><img decoding=\"async\" loading=\"lazy\" class=\" size-full wp-image-1387\" src=\"https:\/\/spitalmciuc.ro\/wp-content\/uploads\/2020\/09\/oszteo1-scaled.jpg\" alt=\"oszteo1\" width=\"600\" height=\"435\" srcset=\"https:\/\/spitalmciuc.ro\/wp-content\/uploads\/2020\/09\/oszteo1-scaled.jpg 2560w, https:\/\/spitalmciuc.ro\/wp-content\/uploads\/2020\/09\/oszteo1-300x217.jpg 300w, https:\/\/spitalmciuc.ro\/wp-content\/uploads\/2020\/09\/oszteo1-1024x742.jpg 1024w, https:\/\/spitalmciuc.ro\/wp-content\/uploads\/2020\/09\/oszteo1-768x556.jpg 768w, https:\/\/spitalmciuc.ro\/wp-content\/uploads\/2020\/09\/oszteo1-1536x1113.jpg 1536w\" sizes=\"(max-width: 600px) 100vw, 600px\" \/><\/p>\n<p style=\"text-align: justify;\">A csonts\u0171r\u0171s\u00e9gm\u00e9r\u0151 k\u00e9sz\u00fcl\u00e9k t\u00f6bb orvosi szakter\u00fcletet is kiszolg\u00e1l, az endokrinol\u00f3gus mellett a reumatol\u00f3gusok \u00e9s az ortop\u00e9d orvosok is munk\u00e1j\u00e1t is tudja seg\u00edteni. Dr. Er\u0151ss M\u00e1ria, balneo-fizioter\u00e1pi\u00e1s f\u0151orvos elmondta, r\u00e9g v\u00e1rt k\u00e9sz\u00fcl\u00e9kr\u0151l van sz\u00f3, hisz manaps\u00e1g m\u00e1r a prevenci\u00f3s medic\u00edna korszak\u00e1t \u00e9lj\u00fck \u00e9s ennek a k\u00e9sz\u00fcl\u00e9knek jelent\u0151s szerepe van nemcsak a csontritkul\u00e1s diagnosztiz\u00e1l\u00e1sban, hanem annak kisz\u0171r\u00e9s\u00e9ben, a s\u00falyos sz\u00f6v\u0151dm\u00e9nyek megel\u0151z\u00e9s\u00e9ben is. Felv\u00e1zolta, fizoter\u00e1pi\u00e1s orvosk\u00e9nt h\u00e1rom betegs\u00e9gcsoport diagnosztiz\u00e1l\u00e1s\u00e1ra, illetve sz\u0171r\u0171s\u00e9re is hasznos eszk\u00f6z lesz ez a k\u00e9sz\u00fcl\u00e9k. \u201eAz immunol\u00f3giai eredet\u0171 gyullad\u00e1sos \u00edz\u00fcleti betegs\u00e9gek csoportj\u00e1ban gyakran jelen van a csontritkul\u00e1s, ezen betegcsoport sz\u0171r\u00e9se, k\u00f6vet\u00e9se lenne az egyik priorit\u00e1s. A m\u00e1sik betegcsoport azok, akik \u00e1ltal\u00e1ban elh\u00faz\u00f3d\u00f3 h\u00e1t-der\u00e9k, gerincf\u00e1jdalom miatt fordulnak hozz\u00e1nk, hatvan-hatven \u00e9ves korban eset\u00fckben csontritkul\u00e1sos jelens\u00e9gre is gondolnunk kell. A harmadik betegcsoportba tartoznak a csontritkul\u00e1s talaj\u00e1n csontt\u00f6r\u00e9seket elszenvedettek \u00e9s akik heveny f\u00e1jdalommal k\u00fczdenek. A t\u00e1rsszakm\u00e1kkal egy\u00fctt nek\u00fcnk is szerep\u00fcnk van ezek betegcsoportok kezel\u00e9s\u00e9ben, a diagn\u00f3zis fel\u00e1ll\u00edt\u00e1s\u00e1ban, ez\u00e9rt \u00e9lni fogunk ezzel a lehet\u0151s\u00e9ggel \u00e9s haszn\u00e1lni fogjuk ezt a k\u00e9sz\u00fcl\u00e9ket\u201d \u2013 mondta el dr. Er\u0151ss M\u00e1ria.&nbsp;<\/p>\n<p style=\"text-align: justify;\">Dr. Ruff Rudolf endokrinol\u00f3gus-diabetol\u00f3gus szakorvos a csontritkul\u00e1sr\u00f3l is besz\u00e9lt. Elmondta, Rom\u00e1ni\u00e1ban az \u00f6tven \u00e9v feletti n\u0151k mintegy h\u00fasz sz\u00e1zal\u00e9k\u00e1t \u00e9rinti ez az \u00e1llapot, amely \u00e9ves szinten mintegy 100 000 kistraum\u00e1s t\u00f6r\u00e9s \u00e9s mintegy 15 000 cs\u00edp\u0151t\u00e1j\u00e9ki t\u00f6r\u00e9s m\u00f6g\u00f6tt fellelhet\u0151. A csonts\u0171r\u0171s\u00e9gmr\u0151 k\u00e9sz\u00fcl\u00e9kkel a csontrikul\u00e1s k\u00f3rism\u00e9j\u00e9t tudj\u00e1k fel\u00e1ll\u00edtani, tov\u00e1bb\u00e1 meg tudj\u00e1k becs\u00fclni a csontt\u00f6r\u00e9s kock\u00e1zat\u00e1t \u00e9s kezel\u00e9s alatt ut\u00e1nk\u00f6vet\u00e9st lehet v\u00e9gezni a seg\u00edts\u00e9g\u00e9vel. A kis sug\u00e1rterhel\u00e9st jelent\u0151 vizsg\u00e1lat mindig indokolt, ha fenn\u00e1ll a csontritkul\u00e1s gyan\u00faja. \u201eA felesleges vizsg\u00e1lat kisebb kock\u00e1zat, mint az elmaradt diagn\u00f3zis\u201d \u2013 hangs\u00falyozta ki az orvos, hozz\u00e1t\u00e9ve, a vizsg\u00e1latot csal\u00e1dorvosi \u00e9s szakorvosi k\u00fcld\u0151pap\u00edrral egyar\u00e1nt el lehet v\u00e9geztetni, a megkapott lelettel pedig reaumatol\u00f3gus vagy endokrinol\u00f3gus szakorvoshoz kell fordulni.&nbsp;<\/p>\n<p style=\"text-align: justify;\">Dr. Bursz\u00e1n-Barab\u00e1s Andrei, radiol\u00f3gus f\u0151orvos kihangs\u00falyozta, a csonts\u0171r\u0171s\u00e9gm\u00e9r\u0151 k\u00e9sz\u00fcl\u00e9k nemcsak a megy\u00e9ben, orsz\u00e1gos szinten is egyed\u00fcl\u00e1ll\u00f3, hisz a legt\u00f6bb ilyen k\u00e9sz\u00fcl\u00e9k a mag\u00e1nklinik\u00e1kon m\u0171k\u00f6dik. \u201eA megyei \u00f6nkorm\u00e1nyzat maxim\u00e1lisan t\u00e1mogatja a k\u00f3rh\u00e1zat, t\u00f6bb milli\u00f3 lejes beruh\u00e1z\u00e1sok t\u00f6rt\u00e9ntek az elm\u00falt \u00e9vekben, ezen beruh\u00e1sok kedvezm\u00e9nyezettjei pedig a betegek, a t\u00e9rs\u00e9g lakoss\u00e1ga\u201d \u2013 mondta az orvos.&nbsp;<\/p>\n<p style=\"text-align: justify;\">A csonts\u0171r\u0171s\u00e9gm\u00e9r\u0151 k\u00e9sz\u00fcl\u00e9ket 2019 november\u00e9ben v\u00e1s\u00e1rolta meg a Cs\u00edkszeredai Megyei S\u00fcrg\u0151ss\u00e9gi K\u00f3rh\u00e1z a Medist Imaging c\u00e9gt\u0151l. A k\u00e9sz\u00fcl\u00e9k \u00e1ra 199 920 lej volt \u00e9s az Amerikai Egyes\u00fclt \u00c1llamokban gy\u00e1rtotta a General Electric v\u00e1llalat.&nbsp;&nbsp;&nbsp;&nbsp;&nbsp;<\/p>\n<p style=\"text-align: justify;\">&nbsp;<\/p>\n<p style=\"text-align: justify;\">Cs\u00edkszereda, 2020.08.03<\/p>\n","protected":false},"excerpt":{"rendered":"<p>&nbsp;<\/p>\n<p style=\"text-align: justify;\">A megy\u00e9ben, de az orsz\u00e1gbeli megyei k\u00f3rh\u00e1zakban sincs ilyen k\u00e9sz\u00fcl\u00e9k, a hasonl\u00f3 eszk\u00f6z\u00f6k t\u00f6bbnyire csak egyetemi k\u00f6zpontokban \u00e9s mag\u00e1nrendel\u0151kben m\u0171k\u00f6dnek \u2013 hangzott el cs\u00fct\u00f6rt\u00f6k\u00f6n d\u00e9lel\u0151tt, amikor bemutatt\u00e1k a sajt\u00f3nak a Cs\u00edkszeredai Megyei S\u00fcrg\u0151ss\u00e9gi K\u00f3rh\u00e1z endokrinol\u00f3giai j\u00e1r\u00f3beteg-rendel\u0151j\u00e9ben m\u0171k\u00f6d\u00e9sbe \u00e1ll\u00edtott csonts\u0171r\u0171s\u00e9gm\u00e9r\u0151 k\u00e9sz\u00fcl\u00e9ket.&nbsp;<\/p>\n<p style=\"text-align: justify;\">Dr. Konr\u00e1d Judit, a k\u00f3rh\u00e1z menedzsere elmondta, a k\u00f6zel 200 000 lejbe ker\u00fcl\u0151 k\u00e9sz\u00fcl\u00e9ket tavaly \u0151sszel v\u00e1s\u00e1rolta meg a k\u00f3rh\u00e1z, abb\u00f3l az \u00e1llami k\u00f6lts\u00e9gvet\u00e9si t\u00e1mogat\u00e1sb\u00f3l, amit az RMDSZ parlamenti k\u00e9pviselete \u00e9s a m\u0171k\u00f6dtet\u0151 megyei \u00f6nkorm\u00e1nyzat r\u00e9v\u00e9n kaptak meg. Az \u00f6sszeg t\u00edz sz\u00e1zal\u00e9k\u00e1t a megyei \u00f6nkorm\u00e1nyzat biztos\u00edtotta. A menedzser kiemelte, ezt a nagy \u00e9rt\u00e9k\u0171 k\u00e9sz\u00fcl\u00e9ket a csontritkul\u00e1s korai kisz\u0171r\u00e9s\u00e9re is haszn\u00e1lni lehet \u00e9s javasolta a kock\u00e1zati csoportokba tartoz\u00f3knak, hogy \u00e9ljenek majd ezzel a lehet\u0151s\u00e9ggel.&nbsp;&nbsp;<\/p>\n<p><img decoding=\"async\" loading=\"lazy\" class=\" size-full wp-image-1381\" src=\"https:\/\/spitalmciuc.ro\/wp-content\/uploads\/2020\/09\/oszteo4-scaled.jpg\" alt=\"oszteo4\" width=\"600\" height=\"400\" srcset=\"https:\/\/spitalmciuc.ro\/wp-content\/uploads\/2020\/09\/oszteo4-scaled.jpg 2560w, https:\/\/spitalmciuc.ro\/wp-content\/uploads\/2020\/09\/oszteo4-300x200.jpg 300w, https:\/\/spitalmciuc.ro\/wp-content\/uploads\/2020\/09\/oszteo4-1024x683.jpg 1024w, https:\/\/spitalmciuc.ro\/wp-content\/uploads\/2020\/09\/oszteo4-768x512.jpg 768w, https:\/\/spitalmciuc.ro\/wp-content\/uploads\/2020\/09\/oszteo4-1536x1024.jpg 1536w, https:\/\/spitalmciuc.ro\/wp-content\/uploads\/2020\/09\/oszteo4-2048x1366.jpg 2048w\" sizes=\"(max-width: 600px) 100vw, 600px\" \/><\/p>\n<p style=\"text-align: justify;\">Borboly Csaba, a k\u00f3rh\u00e1zat m\u0171k\u00f6dtet\u0151 Hargita Megye Tan\u00e1cs\u00e1nak eln\u00f6ke a k\u00f3rh\u00e1z magasabb besorol\u00e1sra val\u00f3 t\u00f6rekv\u00e9se kapcs\u00e1n arra figyelmeztetett, nem el\u00e9g a rang, a c\u00edm, ha nincs m\u00f6g\u00f6tte megfelel\u0151 tartalom. \u201eA tev\u00e9kenys\u00e9g \u00fajabb korszer\u0171 g\u00e9ppel val\u00f3 b\u0151v\u00edt\u00e9se ennek a tartalomnak a biztos\u00edt\u00e1s\u00e1hoz seg\u00edt hozz\u00e1. Nagyon fontos, hogy tavaly \u00e9s id\u00e9n az RMDSZ parlamenti csoportjai sikeresen t\u00e1rgyaltak \u00e9s miut\u00e1n sok \u00e9vig szinte kiz\u00e1r\u00f3lagosan a megyei tan\u00e1cs finansz\u00edrozta az eszk\u00f6zbeszerz\u00e9st a k\u00f3rh\u00e1z sz\u00e1m\u00e1ra, most siker\u00fclt erre jelent\u0151s \u00e1llami forr\u00e1st ir\u00e1ny\u00edtani.&nbsp; B\u00edzom benne, hogy ez a tov\u00e1bbiakban is \u00edgy fog maradni \u00e9s a megyei tan\u00e1cs fejleszt\u00e9si projektjei kieg\u00e9sz\u00fclnek \u00e1llami finansz\u00edroz\u00e1ssal, hisz egy eg\u00e9szs\u00e9ges megy\u00e9t akarunk, egy olyan megy\u00e9t, ahonnan senkinek sem kell orvosi ell\u00e1t\u00e1s\u00e9rt elmennie, s\u0151t, azt szeretn\u00e9nk, hogy a szomsz\u00e9d megy\u00e9k lakosait is tudjuk fogadni\u201d \u2013 fogalmazta meg a megyei tan\u00e1cs eln\u00f6ke.&nbsp;<\/p>\n","protected":false},"author":11,"featured_media":1381,"comment_status":"closed","ping_status":"closed","sticky":false,"template":"","format":"standard","meta":[],"categories":[],"tags":[],"yoast_head":"<!-- This site is optimized with the Yoast SEO plugin v18.3 - https:\/\/yoast.com\/wordpress\/plugins\/seo\/ -->\n<title>Csonts\u0171r\u0171s\u00e9gm\u00e9r\u0151 k\u00e9sz\u00fcl\u00e9k a k\u00f3rh\u00e1zban - Cs\u00edkszeredai Megyei S\u00fcrg\u0151ss\u00e9gi K\u00f3rh\u00e1z<\/title>\n<meta name=\"robots\" content=\"index, follow, max-snippet:-1, max-image-preview:large, max-video-preview:-1\" \/>\n<link rel=\"canonical\" href=\"https:\/\/spitalmciuc.ro\/csontsurusegmero-keszuelek-a-korhazban\/\" \/>\n<meta property=\"og:locale\" content=\"hu_HU\" \/>\n<meta property=\"og:type\" content=\"article\" \/>\n<meta property=\"og:title\" content=\"Csonts\u0171r\u0171s\u00e9gm\u00e9r\u0151 k\u00e9sz\u00fcl\u00e9k a k\u00f3rh\u00e1zban - Cs\u00edkszeredai Megyei S\u00fcrg\u0151ss\u00e9gi K\u00f3rh\u00e1z\" \/>\n<meta property=\"og:description\" content=\"&nbsp; A megy\u00e9ben, de az orsz\u00e1gbeli megyei k\u00f3rh\u00e1zakban sincs ilyen k\u00e9sz\u00fcl\u00e9k, a hasonl\u00f3 eszk\u00f6z\u00f6k t\u00f6bbnyire csak egyetemi k\u00f6zpontokban \u00e9s mag\u00e1nrendel\u0151kben m\u0171k\u00f6dnek \u2013 hangzott el cs\u00fct\u00f6rt\u00f6k\u00f6n d\u00e9lel\u0151tt, amikor bemutatt\u00e1k a sajt\u00f3nak a Cs\u00edkszeredai Megyei S\u00fcrg\u0151ss\u00e9gi K\u00f3rh\u00e1z endokrinol\u00f3giai j\u00e1r\u00f3beteg-rendel\u0151j\u00e9ben m\u0171k\u00f6d\u00e9sbe \u00e1ll\u00edtott csonts\u0171r\u0171s\u00e9gm\u00e9r\u0151 k\u00e9sz\u00fcl\u00e9ket.&nbsp; Dr. Konr\u00e1d Judit, a k\u00f3rh\u00e1z menedzsere elmondta, a k\u00f6zel 200 000 lejbe ker\u00fcl\u0151 k\u00e9sz\u00fcl\u00e9ket tavaly \u0151sszel v\u00e1s\u00e1rolta meg a k\u00f3rh\u00e1z, abb\u00f3l az \u00e1llami k\u00f6lts\u00e9gvet\u00e9si t\u00e1mogat\u00e1sb\u00f3l, amit az RMDSZ parlamenti k\u00e9pviselete \u00e9s a m\u0171k\u00f6dtet\u0151 megyei \u00f6nkorm\u00e1nyzat r\u00e9v\u00e9n kaptak meg. Az \u00f6sszeg t\u00edz sz\u00e1zal\u00e9k\u00e1t a megyei \u00f6nkorm\u00e1nyzat biztos\u00edtotta. A menedzser kiemelte, ezt a nagy \u00e9rt\u00e9k\u0171 k\u00e9sz\u00fcl\u00e9ket a csontritkul\u00e1s korai kisz\u0171r\u00e9s\u00e9re is haszn\u00e1lni lehet \u00e9s javasolta a kock\u00e1zati csoportokba tartoz\u00f3knak, hogy \u00e9ljenek majd ezzel a lehet\u0151s\u00e9ggel.&nbsp;&nbsp;  Borboly Csaba, a k\u00f3rh\u00e1zat m\u0171k\u00f6dtet\u0151 Hargita Megye Tan\u00e1cs\u00e1nak eln\u00f6ke a k\u00f3rh\u00e1z magasabb besorol\u00e1sra val\u00f3 t\u00f6rekv\u00e9se kapcs\u00e1n arra figyelmeztetett, nem el\u00e9g a rang, a c\u00edm, ha nincs m\u00f6g\u00f6tte megfelel\u0151 tartalom. \u201eA tev\u00e9kenys\u00e9g \u00fajabb korszer\u0171 g\u00e9ppel val\u00f3 b\u0151v\u00edt\u00e9se ennek a tartalomnak a biztos\u00edt\u00e1s\u00e1hoz seg\u00edt hozz\u00e1. Nagyon fontos, hogy tavaly \u00e9s id\u00e9n az RMDSZ parlamenti csoportjai sikeresen t\u00e1rgyaltak \u00e9s miut\u00e1n sok \u00e9vig szinte kiz\u00e1r\u00f3lagosan a megyei tan\u00e1cs finansz\u00edrozta az eszk\u00f6zbeszerz\u00e9st a k\u00f3rh\u00e1z sz\u00e1m\u00e1ra, most siker\u00fclt erre jelent\u0151s \u00e1llami forr\u00e1st ir\u00e1ny\u00edtani.&nbsp; B\u00edzom benne, hogy ez a tov\u00e1bbiakban is \u00edgy fog maradni \u00e9s a megyei tan\u00e1cs fejleszt\u00e9si projektjei kieg\u00e9sz\u00fclnek \u00e1llami finansz\u00edroz\u00e1ssal, hisz egy eg\u00e9szs\u00e9ges megy\u00e9t akarunk, egy olyan megy\u00e9t, ahonnan senkinek sem kell orvosi ell\u00e1t\u00e1s\u00e9rt elmennie, s\u0151t, azt szeretn\u00e9nk, hogy a szomsz\u00e9d megy\u00e9k lakosait is tudjuk fogadni\u201d \u2013 fogalmazta meg a megyei tan\u00e1cs eln\u00f6ke.&nbsp;\" \/>\n<meta property=\"og:url\" content=\"https:\/\/spitalmciuc.ro\/csontsurusegmero-keszuelek-a-korhazban\/\" \/>\n<meta property=\"og:site_name\" content=\"Cs\u00edkszeredai Megyei S\u00fcrg\u0151ss\u00e9gi K\u00f3rh\u00e1z\" \/>\n<meta property=\"article:published_time\" content=\"2020-09-03T12:59:59+00:00\" \/>\n<meta property=\"article:modified_time\" content=\"2022-03-02T07:37:35+00:00\" \/>\n<meta property=\"og:image\" content=\"https:\/\/spitalmciuc.ro\/wp-content\/uploads\/2020\/09\/oszteo4-scaled.jpg\" \/>\n\t<meta property=\"og:image:width\" content=\"2560\" \/>\n\t<meta property=\"og:image:height\" content=\"1707\" \/>\n\t<meta property=\"og:image:type\" content=\"image\/jpeg\" \/>\n<meta name=\"twitter:card\" content=\"summary_large_image\" \/>\n<meta name=\"twitter:label1\" content=\"Szerz\u0151:\" \/>\n\t<meta name=\"twitter:data1\" content=\"Milik Szil\u00e1rd\" \/>\n\t<meta name=\"twitter:label2\" content=\"Becs\u00fclt olvas\u00e1si id\u0151\" \/>\n\t<meta name=\"twitter:data2\" content=\"4 perc\" \/>\n<script type=\"application\/ld+json\" class=\"yoast-schema-graph\">{\"@context\":\"https:\/\/schema.org\",\"@graph\":[{\"@type\":\"Organization\",\"@id\":\"https:\/\/spitalmciuc.ro\/#organization\",\"name\":\"Spitalul Jude\u0163ean de Urgen\u0163\u0103 Miercurea Ciuc\",\"url\":\"https:\/\/spitalmciuc.ro\/\",\"sameAs\":[],\"logo\":{\"@type\":\"ImageObject\",\"@id\":\"https:\/\/spitalmciuc.ro\/#logo\",\"inLanguage\":\"hu\",\"url\":\"https:\/\/spitalmciuc.ro\/wp-content\/uploads\/2022\/02\/logo-spital-ro-60.jpg\",\"contentUrl\":\"https:\/\/spitalmciuc.ro\/wp-content\/uploads\/2022\/02\/logo-spital-ro-60.jpg\",\"width\":198,\"height\":60,\"caption\":\"Spitalul Jude\u0163ean de Urgen\u0163\u0103 Miercurea Ciuc\"},\"image\":{\"@id\":\"https:\/\/spitalmciuc.ro\/#logo\"}},{\"@type\":\"WebSite\",\"@id\":\"https:\/\/spitalmciuc.ro\/#website\",\"url\":\"https:\/\/spitalmciuc.ro\/\",\"name\":\"Cs\u00edkszeredai Megyei S\u00fcrg\u0151ss\u00e9gi K\u00f3rh\u00e1z\",\"description\":\"\",\"publisher\":{\"@id\":\"https:\/\/spitalmciuc.ro\/#organization\"},\"potentialAction\":[{\"@type\":\"SearchAction\",\"target\":{\"@type\":\"EntryPoint\",\"urlTemplate\":\"https:\/\/spitalmciuc.ro\/?s={search_term_string}\"},\"query-input\":\"required name=search_term_string\"}],\"inLanguage\":\"hu\"},{\"@type\":\"ImageObject\",\"@id\":\"https:\/\/spitalmciuc.ro\/csontsurusegmero-keszuelek-a-korhazban\/#primaryimage\",\"inLanguage\":\"hu\",\"url\":\"https:\/\/spitalmciuc.ro\/wp-content\/uploads\/2020\/09\/oszteo4-scaled.jpg\",\"contentUrl\":\"https:\/\/spitalmciuc.ro\/wp-content\/uploads\/2020\/09\/oszteo4-scaled.jpg\",\"width\":2560,\"height\":1707},{\"@type\":\"WebPage\",\"@id\":\"https:\/\/spitalmciuc.ro\/csontsurusegmero-keszuelek-a-korhazban\/#webpage\",\"url\":\"https:\/\/spitalmciuc.ro\/csontsurusegmero-keszuelek-a-korhazban\/\",\"name\":\"Csonts\u0171r\u0171s\u00e9gm\u00e9r\u0151 k\u00e9sz\u00fcl\u00e9k a k\u00f3rh\u00e1zban - Cs\u00edkszeredai Megyei S\u00fcrg\u0151ss\u00e9gi K\u00f3rh\u00e1z\",\"isPartOf\":{\"@id\":\"https:\/\/spitalmciuc.ro\/#website\"},\"primaryImageOfPage\":{\"@id\":\"https:\/\/spitalmciuc.ro\/csontsurusegmero-keszuelek-a-korhazban\/#primaryimage\"},\"datePublished\":\"2020-09-03T12:59:59+00:00\",\"dateModified\":\"2022-03-02T07:37:35+00:00\",\"breadcrumb\":{\"@id\":\"https:\/\/spitalmciuc.ro\/csontsurusegmero-keszuelek-a-korhazban\/#breadcrumb\"},\"inLanguage\":\"hu\",\"potentialAction\":[{\"@type\":\"ReadAction\",\"target\":[\"https:\/\/spitalmciuc.ro\/csontsurusegmero-keszuelek-a-korhazban\/\"]}]},{\"@type\":\"BreadcrumbList\",\"@id\":\"https:\/\/spitalmciuc.ro\/csontsurusegmero-keszuelek-a-korhazban\/#breadcrumb\",\"itemListElement\":[{\"@type\":\"ListItem\",\"position\":1,\"name\":\"Kezd\u0151lap\",\"item\":\"https:\/\/spitalmciuc.ro\/hu\/\"},{\"@type\":\"ListItem\",\"position\":2,\"name\":\"Csonts\u0171r\u0171s\u00e9gm\u00e9r\u0151 k\u00e9sz\u00fcl\u00e9k a k\u00f3rh\u00e1zban\"}]},{\"@type\":\"Article\",\"@id\":\"https:\/\/spitalmciuc.ro\/csontsurusegmero-keszuelek-a-korhazban\/#article\",\"isPartOf\":{\"@id\":\"https:\/\/spitalmciuc.ro\/csontsurusegmero-keszuelek-a-korhazban\/#webpage\"},\"author\":{\"@id\":\"https:\/\/spitalmciuc.ro\/#\/schema\/person\/20ea297ab07e8f4d1689dfe252e34174\"},\"headline\":\"Csonts\u0171r\u0171s\u00e9gm\u00e9r\u0151 k\u00e9sz\u00fcl\u00e9k a k\u00f3rh\u00e1zban\",\"datePublished\":\"2020-09-03T12:59:59+00:00\",\"dateModified\":\"2022-03-02T07:37:35+00:00\",\"mainEntityOfPage\":{\"@id\":\"https:\/\/spitalmciuc.ro\/csontsurusegmero-keszuelek-a-korhazban\/#webpage\"},\"wordCount\":896,\"publisher\":{\"@id\":\"https:\/\/spitalmciuc.ro\/#organization\"},\"image\":{\"@id\":\"https:\/\/spitalmciuc.ro\/csontsurusegmero-keszuelek-a-korhazban\/#primaryimage\"},\"thumbnailUrl\":\"https:\/\/spitalmciuc.ro\/wp-content\/uploads\/2020\/09\/oszteo4-scaled.jpg\",\"inLanguage\":\"hu\"},{\"@type\":\"Person\",\"@id\":\"https:\/\/spitalmciuc.ro\/#\/schema\/person\/20ea297ab07e8f4d1689dfe252e34174\",\"name\":\"Milik Szil\u00e1rd\",\"url\":\"https:\/\/spitalmciuc.ro\/hu\/author\/szilard\/\"}]}<\/script>\n<!-- \/ Yoast SEO plugin. -->","yoast_head_json":{"title":"Csonts\u0171r\u0171s\u00e9gm\u00e9r\u0151 k\u00e9sz\u00fcl\u00e9k a k\u00f3rh\u00e1zban - Cs\u00edkszeredai Megyei S\u00fcrg\u0151ss\u00e9gi K\u00f3rh\u00e1z","robots":{"index":"index","follow":"follow","max-snippet":"max-snippet:-1","max-image-preview":"max-image-preview:large","max-video-preview":"max-video-preview:-1"},"canonical":"https:\/\/spitalmciuc.ro\/csontsurusegmero-keszuelek-a-korhazban\/","og_locale":"hu_HU","og_type":"article","og_title":"Csonts\u0171r\u0171s\u00e9gm\u00e9r\u0151 k\u00e9sz\u00fcl\u00e9k a k\u00f3rh\u00e1zban - Cs\u00edkszeredai Megyei S\u00fcrg\u0151ss\u00e9gi K\u00f3rh\u00e1z","og_description":"&nbsp; A megy\u00e9ben, de az orsz\u00e1gbeli megyei k\u00f3rh\u00e1zakban sincs ilyen k\u00e9sz\u00fcl\u00e9k, a hasonl\u00f3 eszk\u00f6z\u00f6k t\u00f6bbnyire csak egyetemi k\u00f6zpontokban \u00e9s mag\u00e1nrendel\u0151kben m\u0171k\u00f6dnek \u2013 hangzott el cs\u00fct\u00f6rt\u00f6k\u00f6n d\u00e9lel\u0151tt, amikor bemutatt\u00e1k a sajt\u00f3nak a Cs\u00edkszeredai Megyei S\u00fcrg\u0151ss\u00e9gi K\u00f3rh\u00e1z endokrinol\u00f3giai j\u00e1r\u00f3beteg-rendel\u0151j\u00e9ben m\u0171k\u00f6d\u00e9sbe \u00e1ll\u00edtott csonts\u0171r\u0171s\u00e9gm\u00e9r\u0151 k\u00e9sz\u00fcl\u00e9ket.&nbsp; Dr. Konr\u00e1d Judit, a k\u00f3rh\u00e1z menedzsere elmondta, a k\u00f6zel 200 000 lejbe ker\u00fcl\u0151 k\u00e9sz\u00fcl\u00e9ket tavaly \u0151sszel v\u00e1s\u00e1rolta meg a k\u00f3rh\u00e1z, abb\u00f3l az \u00e1llami k\u00f6lts\u00e9gvet\u00e9si t\u00e1mogat\u00e1sb\u00f3l, amit az RMDSZ parlamenti k\u00e9pviselete \u00e9s a m\u0171k\u00f6dtet\u0151 megyei \u00f6nkorm\u00e1nyzat r\u00e9v\u00e9n kaptak meg. Az \u00f6sszeg t\u00edz sz\u00e1zal\u00e9k\u00e1t a megyei \u00f6nkorm\u00e1nyzat biztos\u00edtotta. A menedzser kiemelte, ezt a nagy \u00e9rt\u00e9k\u0171 k\u00e9sz\u00fcl\u00e9ket a csontritkul\u00e1s korai kisz\u0171r\u00e9s\u00e9re is haszn\u00e1lni lehet \u00e9s javasolta a kock\u00e1zati csoportokba tartoz\u00f3knak, hogy \u00e9ljenek majd ezzel a lehet\u0151s\u00e9ggel.&nbsp;&nbsp;  Borboly Csaba, a k\u00f3rh\u00e1zat m\u0171k\u00f6dtet\u0151 Hargita Megye Tan\u00e1cs\u00e1nak eln\u00f6ke a k\u00f3rh\u00e1z magasabb besorol\u00e1sra val\u00f3 t\u00f6rekv\u00e9se kapcs\u00e1n arra figyelmeztetett, nem el\u00e9g a rang, a c\u00edm, ha nincs m\u00f6g\u00f6tte megfelel\u0151 tartalom. \u201eA tev\u00e9kenys\u00e9g \u00fajabb korszer\u0171 g\u00e9ppel val\u00f3 b\u0151v\u00edt\u00e9se ennek a tartalomnak a biztos\u00edt\u00e1s\u00e1hoz seg\u00edt hozz\u00e1. Nagyon fontos, hogy tavaly \u00e9s id\u00e9n az RMDSZ parlamenti csoportjai sikeresen t\u00e1rgyaltak \u00e9s miut\u00e1n sok \u00e9vig szinte kiz\u00e1r\u00f3lagosan a megyei tan\u00e1cs finansz\u00edrozta az eszk\u00f6zbeszerz\u00e9st a k\u00f3rh\u00e1z sz\u00e1m\u00e1ra, most siker\u00fclt erre jelent\u0151s \u00e1llami forr\u00e1st ir\u00e1ny\u00edtani.&nbsp; B\u00edzom benne, hogy ez a tov\u00e1bbiakban is \u00edgy fog maradni \u00e9s a megyei tan\u00e1cs fejleszt\u00e9si projektjei kieg\u00e9sz\u00fclnek \u00e1llami finansz\u00edroz\u00e1ssal, hisz egy eg\u00e9szs\u00e9ges megy\u00e9t akarunk, egy olyan megy\u00e9t, ahonnan senkinek sem kell orvosi ell\u00e1t\u00e1s\u00e9rt elmennie, s\u0151t, azt szeretn\u00e9nk, hogy a szomsz\u00e9d megy\u00e9k lakosait is tudjuk fogadni\u201d \u2013 fogalmazta meg a megyei tan\u00e1cs eln\u00f6ke.&nbsp;","og_url":"https:\/\/spitalmciuc.ro\/csontsurusegmero-keszuelek-a-korhazban\/","og_site_name":"Cs\u00edkszeredai Megyei S\u00fcrg\u0151ss\u00e9gi K\u00f3rh\u00e1z","article_published_time":"2020-09-03T12:59:59+00:00","article_modified_time":"2022-03-02T07:37:35+00:00","og_image":[{"width":2560,"height":1707,"url":"https:\/\/spitalmciuc.ro\/wp-content\/uploads\/2020\/09\/oszteo4-scaled.jpg","type":"image\/jpeg"}],"twitter_card":"summary_large_image","twitter_misc":{"Szerz\u0151:":"Milik Szil\u00e1rd","Becs\u00fclt olvas\u00e1si id\u0151":"4 perc"},"schema":{"@context":"https:\/\/schema.org","@graph":[{"@type":"Organization","@id":"https:\/\/spitalmciuc.ro\/#organization","name":"Spitalul Jude\u0163ean de Urgen\u0163\u0103 Miercurea Ciuc","url":"https:\/\/spitalmciuc.ro\/","sameAs":[],"logo":{"@type":"ImageObject","@id":"https:\/\/spitalmciuc.ro\/#logo","inLanguage":"hu","url":"https:\/\/spitalmciuc.ro\/wp-content\/uploads\/2022\/02\/logo-spital-ro-60.jpg","contentUrl":"https:\/\/spitalmciuc.ro\/wp-content\/uploads\/2022\/02\/logo-spital-ro-60.jpg","width":198,"height":60,"caption":"Spitalul Jude\u0163ean de Urgen\u0163\u0103 Miercurea Ciuc"},"image":{"@id":"https:\/\/spitalmciuc.ro\/#logo"}},{"@type":"WebSite","@id":"https:\/\/spitalmciuc.ro\/#website","url":"https:\/\/spitalmciuc.ro\/","name":"Cs\u00edkszeredai Megyei S\u00fcrg\u0151ss\u00e9gi K\u00f3rh\u00e1z","description":"","publisher":{"@id":"https:\/\/spitalmciuc.ro\/#organization"},"potentialAction":[{"@type":"SearchAction","target":{"@type":"EntryPoint","urlTemplate":"https:\/\/spitalmciuc.ro\/?s={search_term_string}"},"query-input":"required name=search_term_string"}],"inLanguage":"hu"},{"@type":"ImageObject","@id":"https:\/\/spitalmciuc.ro\/csontsurusegmero-keszuelek-a-korhazban\/#primaryimage","inLanguage":"hu","url":"https:\/\/spitalmciuc.ro\/wp-content\/uploads\/2020\/09\/oszteo4-scaled.jpg","contentUrl":"https:\/\/spitalmciuc.ro\/wp-content\/uploads\/2020\/09\/oszteo4-scaled.jpg","width":2560,"height":1707},{"@type":"WebPage","@id":"https:\/\/spitalmciuc.ro\/csontsurusegmero-keszuelek-a-korhazban\/#webpage","url":"https:\/\/spitalmciuc.ro\/csontsurusegmero-keszuelek-a-korhazban\/","name":"Csonts\u0171r\u0171s\u00e9gm\u00e9r\u0151 k\u00e9sz\u00fcl\u00e9k a k\u00f3rh\u00e1zban - Cs\u00edkszeredai Megyei S\u00fcrg\u0151ss\u00e9gi K\u00f3rh\u00e1z","isPartOf":{"@id":"https:\/\/spitalmciuc.ro\/#website"},"primaryImageOfPage":{"@id":"https:\/\/spitalmciuc.ro\/csontsurusegmero-keszuelek-a-korhazban\/#primaryimage"},"datePublished":"2020-09-03T12:59:59+00:00","dateModified":"2022-03-02T07:37:35+00:00","breadcrumb":{"@id":"https:\/\/spitalmciuc.ro\/csontsurusegmero-keszuelek-a-korhazban\/#breadcrumb"},"inLanguage":"hu","potentialAction":[{"@type":"ReadAction","target":["https:\/\/spitalmciuc.ro\/csontsurusegmero-keszuelek-a-korhazban\/"]}]},{"@type":"BreadcrumbList","@id":"https:\/\/spitalmciuc.ro\/csontsurusegmero-keszuelek-a-korhazban\/#breadcrumb","itemListElement":[{"@type":"ListItem","position":1,"name":"Kezd\u0151lap","item":"https:\/\/spitalmciuc.ro\/hu\/"},{"@type":"ListItem","position":2,"name":"Csonts\u0171r\u0171s\u00e9gm\u00e9r\u0151 k\u00e9sz\u00fcl\u00e9k a k\u00f3rh\u00e1zban"}]},{"@type":"Article","@id":"https:\/\/spitalmciuc.ro\/csontsurusegmero-keszuelek-a-korhazban\/#article","isPartOf":{"@id":"https:\/\/spitalmciuc.ro\/csontsurusegmero-keszuelek-a-korhazban\/#webpage"},"author":{"@id":"https:\/\/spitalmciuc.ro\/#\/schema\/person\/20ea297ab07e8f4d1689dfe252e34174"},"headline":"Csonts\u0171r\u0171s\u00e9gm\u00e9r\u0151 k\u00e9sz\u00fcl\u00e9k a k\u00f3rh\u00e1zban","datePublished":"2020-09-03T12:59:59+00:00","dateModified":"2022-03-02T07:37:35+00:00","mainEntityOfPage":{"@id":"https:\/\/spitalmciuc.ro\/csontsurusegmero-keszuelek-a-korhazban\/#webpage"},"wordCount":896,"publisher":{"@id":"https:\/\/spitalmciuc.ro\/#organization"},"image":{"@id":"https:\/\/spitalmciuc.ro\/csontsurusegmero-keszuelek-a-korhazban\/#primaryimage"},"thumbnailUrl":"https:\/\/spitalmciuc.ro\/wp-content\/uploads\/2020\/09\/oszteo4-scaled.jpg","inLanguage":"hu"},{"@type":"Person","@id":"https:\/\/spitalmciuc.ro\/#\/schema\/person\/20ea297ab07e8f4d1689dfe252e34174","name":"Milik Szil\u00e1rd","url":"https:\/\/spitalmciuc.ro\/hu\/author\/szilard\/"}]}},"_links":{"self":[{"href":"https:\/\/spitalmciuc.ro\/hu\/wp-json\/wp\/v2\/posts\/5688"}],"collection":[{"href":"https:\/\/spitalmciuc.ro\/hu\/wp-json\/wp\/v2\/posts"}],"about":[{"href":"https:\/\/spitalmciuc.ro\/hu\/wp-json\/wp\/v2\/types\/post"}],"author":[{"embeddable":true,"href":"https:\/\/spitalmciuc.ro\/hu\/wp-json\/wp\/v2\/users\/11"}],"replies":[{"embeddable":true,"href":"https:\/\/spitalmciuc.ro\/hu\/wp-json\/wp\/v2\/comments?post=5688"}],"version-history":[{"count":1,"href":"https:\/\/spitalmciuc.ro\/hu\/wp-json\/wp\/v2\/posts\/5688\/revisions"}],"predecessor-version":[{"id":6519,"href":"https:\/\/spitalmciuc.ro\/hu\/wp-json\/wp\/v2\/posts\/5688\/revisions\/6519"}],"wp:featuredmedia":[{"embeddable":true,"href":"https:\/\/spitalmciuc.ro\/hu\/wp-json\/wp\/v2\/media\/1381"}],"wp:attachment":[{"href":"https:\/\/spitalmciuc.ro\/hu\/wp-json\/wp\/v2\/media?parent=5688"}],"wp:term":[{"taxonomy":"category","embeddable":true,"href":"https:\/\/spitalmciuc.ro\/hu\/wp-json\/wp\/v2\/categories?post=5688"},{"taxonomy":"post_tag","embeddable":true,"href":"https:\/\/spitalmciuc.ro\/hu\/wp-json\/wp\/v2\/tags?post=5688"}],"curies":[{"name":"wp","href":"https:\/\/api.w.org\/{rel}","templated":true}]}}