{"id":5686,"date":"2020-08-28T17:32:18","date_gmt":"2020-08-28T17:32:18","guid":{"rendered":"https:\/\/spital.creative-solutions.ro\/index.php\/hargita-megyeben-dr-nelu-tataru\/"},"modified":"2022-03-02T07:37:35","modified_gmt":"2022-03-02T07:37:35","slug":"hargita-megyeben-dr-nelu-tataru","status":"publish","type":"post","link":"https:\/\/spitalmciuc.ro\/hu\/hargita-megyeben-dr-nelu-tataru\/","title":{"rendered":"Hargita megy\u00e9ben dr. Nelu T\u0103taru"},"content":{"rendered":"<p>Borboly Csaba, Hargita Megye Tan\u00e1cs\u00e1nak eln\u00f6ke, Ion Proca prefektus, T\u00e1nczos Barna szen\u00e1tor, Korodi Attila k\u00e9pvisel\u0151 \u00e9s dr. Konr\u00e1d Judit, a k\u00f3rh\u00e1z menedzsere, illetve eg\u00e9szs\u00e9g\u00fcgyi int\u00e9zm\u00e9nyvezet\u0151k \u00e9s orvosok k\u00eds\u00e9ret\u00e9ben ezt k\u00f6vet\u0151en a Cs\u00edkszeredai Megyei S\u00fcrg\u0151ss\u00e9gi K\u00f3rh\u00e1zat l\u00e1togatta meg. Bet\u00e9rt a kapun\u00e1l m\u0171k\u00f6d\u0151 betegoszt\u00e1lyoz\u00f3 s\u00e1torba, majd k\u00f6rutat tett az int\u00e9zm\u00e9nyben, amely sor\u00e1n az int\u00e9zm\u00e9nyvezet\u0151k \u00e9s az oszt\u00e1lyvezet\u0151 f\u0151orvosok ismertett\u00e9k a t\u00e1rcavezet\u0151 sz\u00e1m\u00e1ra a k\u00f3rh\u00e1z fejleszt\u00e9s\u00e9re folyamatban l\u00e9v\u0151 beruh\u00e1z\u00e1sokat. Megl\u00e1togatta az \u00faj m\u0171t\u0151blokkot, amelynek folyamatban van az elk\u00e9sz\u00edt\u00e9se, jelenleg is dolgoztak a helysz\u00ednen a munk\u00e1sok, majd a tervezett \u00faj \u00e9p\u00fcletsz\u00e1rny hely\u00e9t mutatt\u00e1k meg neki, ahov\u00e1 a k\u00fcls\u0151 oszt\u00e1lyokat tervezik bek\u00f6lt\u00f6ztetni. Ezt k\u00f6vet\u0151en a helikopterlesz\u00e1ll\u00f3-p\u00e1lya helysz\u00edn\u00e9n mutatt\u00e1k be a beruh\u00e1z\u00e1st \u00e9s annak fontoss\u00e1g\u00e1t. Ismertett\u00e9k az \u00faj t\u00fcd\u0151gy\u00f3gy\u00e1szati \u00e9s fert\u0151z\u0151 betegs\u00e9geket kezel\u0151 \u00faj \u00e9p\u00fclet terveit, majd a miniszter megtekintette a k\u00f3rh\u00e1z nemr\u00e9g m\u0171k\u00f6d\u00e9sbe \u00e1ll\u00edtott \u00faj m\u00e1gneses rezonancia k\u00e9sz\u00fcl\u00e9k\u00e9t \u00e9s v\u00e1zolt\u00e1k sz\u00e1m\u00e1ra az \u00faj laborat\u00f3rium, illetve a molekul\u00e1ris biol\u00f3giai labor m\u0171k\u00f6d\u00e9s\u00e9t is. A k\u00f3rh\u00e1z f\u0151\u00e9p\u00fclete el\u0151tt a tervezett kont\u00e9nerk\u00f3rh\u00e1z terveit mutatt\u00e1k be sz\u00e1m\u00e1ra, mint ismeretes, modul\u00e1ris elemek felhaszn\u00e1l\u00e1s\u00e1val a k\u00f3rh\u00e1z el\u0151tt lesz kialak\u00edtva az \u00faj tamponz\u00f3na a koronav\u00edrus-fert\u0151z\u00e9s gyan\u00faj\u00e1val k\u00f3rh\u00e1zba \u00e9rkez\u0151, illetve fert\u0151z\u00f6tt betegek sz\u00e1m\u00e1ra. A S\u00fcrg\u0151ss\u00e9gi Betegell\u00e1t\u00f3 Egys\u00e9g el\u0151tt ennek fejleszt\u00e9si terveit v\u00e1zolt\u00e1k r\u00f6viden a t\u00e1rcavezet\u0151 sz\u00e1m\u00e1ra, illetve sz\u00f3 esett a s\u00fcrg\u0151ss\u00e9gi orvosok kr\u00f3nikus hi\u00e1ny\u00e1r\u00f3l is. Ennek enyh\u00edt\u00e9s\u00e9re a miniszter rezidens orvosok \u00e1tir\u00e1ny\u00edt\u00e1s\u00e1t, k\u00e9pz\u00e9s\u00e9t javasolta. A t\u00e1rcavezet\u0151 megtekintette a Hargita Megye Tan\u00e1csa \u00e1ltal \u00e9p\u00edtett orvoslak\u00e1sokat \u00e9s az \u00e9ppen \u00e9p\u00edt\u00e9s alatt \u00e1ll\u00f3 \u00faj, szint\u00e9n szolg\u00e1lati lak\u00e1soknak otthont ad\u00f3 \u00e9p\u00fcletet majd a k\u00f3rh\u00e1zban dolgoz\u00f3 fiatal orvosokkal tal\u00e1lkozott. Besz\u00e9lget\u00e9s\u00fck sor\u00e1n a rezidensk\u00e9pz\u00e9sr\u0151l is \u00e9rdekl\u0151d\u00f6tt a t\u00e1rcavezet\u0151. A fiatal orvosok azt mondt\u00e1k, a nagy egyetemi k\u00f6zpontok t\u00falzs\u00fafoltak \u00e9s \u00fagy l\u00e1tt\u00e1k, t\u00f6bb gyakorl\u00e1si lehet\u0151s\u00e9ghez jutnak hozz\u00e1, ha m\u00e1s k\u00f3rh\u00e1zakban kapnak lehet\u0151s\u00e9get a rezidensi id\u0151szak let\u00f6lt\u00e9s\u00e9re. A miniszter megtekintette azt a ter\u00fcletet is, amelyet a cs\u00edkszeredai \u00f6nkorm\u00e1nyzat adott \u00e1t erre a c\u00e9lra \u00e9s amelyre sz\u00e1z orvoslak\u00e1st tervez \u00e9p\u00edteni Hargita Megye Tan\u00e1csa.&nbsp;&nbsp;<\/p>\n<p>Az ezt k\u00f6vet\u0151 sajt\u00f3t\u00e1j\u00e9koztat\u00f3n sz\u00e1moltak be a terepszeml\u00e9r\u0151l.<\/p>\n<p>Dr. Nelu T\u0103taru eg\u00e9szs\u00e9g\u00fcgyi miniszter szerint, amennyiben teljes\u00fclnek Hargita Megye Tan\u00e1cs\u00e1nak fejleszt\u00e9si tervei, akkor r\u00f6vid id\u0151n bel\u00fcl a k\u00f3rh\u00e1z k\u00e9r\u00e9se teljes\u00fclhet, tekintve, hogy a megyei k\u00f3rh\u00e1z egy fejl\u0151d\u0151 eg\u00e9szs\u00e9g\u00fcgyi int\u00e9zm\u00e9ny, ahol sok fiatal orvost, szakembert, j\u00f3 infrastrukt\u00far\u00e1t \u00e9s j\u00f3 felt\u00e9teleket l\u00e1tott.<\/p>\n<p>&nbsp;<\/p>\n<p>Borboly Csaba, Hargita Megye Tan\u00e1cs\u00e1nak eln\u00f6ke elmondta, j\u00f3 volt hallani, hogy a miniszter szerint a cs\u00edkszeredai k\u00f3rh\u00e1z nem kell m\u00e1s region\u00e1lis klinik\u00e1hoz igazodjon, tekintve, hogy itt egy er\u0151teljes fejleszt\u00e9s van folyamatban, valamint sz\u00e1mos fiatal szakember jelenleg is az int\u00e9zm\u00e9nyben dolgozik.&nbsp;<\/p>\n<p>\u2013 R\u00e9g\u00f3ta v\u00e1rtuk az eg\u00e9szs\u00e9g\u00fcgyi miniszter l\u00e1togat\u00e1s\u00e1t. Hargita megy\u00e9ben siker\u00fclt id\u0151ben felk\u00e9sz\u00fclni a koronav\u00edrus j\u00e1rv\u00e1nyra, be tudtuk mutatni l\u00e9p\u00e9seinket, amelyet az elm\u00falt id\u0151szakban tett\u00fcnk. A j\u00e1rv\u00e1nyid\u0151szakt\u00f3l f\u00fcggetlen\u00fcl nagy hangs\u00falyt fektett\u00fcnk a k\u00f3rh\u00e1z fejleszt\u00e9s\u00e9re. Ennek eredm\u00e9nyek\u00e9nt j\u00falius v\u00e9g\u00e9n leadtuk az ig\u00e9nyl\u00e9st, hogy int\u00e9zm\u00e9ny\u00fcnket region\u00e1lis klinik\u00e1v\u00e1 min\u0151s\u00edts\u00e9k. Ez\u00e9rt is volt fontos, hogy az eg\u00e9szs\u00e9g\u00fcgyi miniszter ezen fejleszt\u00e9seket is l\u00e1ssa. B\u00edzunk benne ugyanakkor, hogy a bemutatott projektjeink, mint a Cs\u00edkszentm\u00e1rtoni Korai \u00e9s Rehabilit\u00e1ci\u00f3s K\u00f6zpont b\u0151v\u00edt\u00e9se \u00e9s szolg\u00e1ltat\u00e1sainak ki\u00e9p\u00edt\u00e9se, az \u00faj \u00e9p\u00fclet fel\u00e9p\u00edt\u00e9se a t\u00fcd\u0151gy\u00f3gy\u00e1szati \u00e9s fert\u0151z\u0151betegs\u00e9geket kezel\u0151 oszt\u00e1lyok sz\u00e1m\u00e1ra, a S\u00fcrg\u0151ss\u00e9gi Betegell\u00e1t\u00f3 Egys\u00e9g b\u0151v\u00edt\u00e9se, valamint minden k\u00f3rh\u00e1zi egys\u00e9g felk\u00f6lt\u00f6ztet\u00e9se a Nagy Laji-dombj\u00e1ra tov\u00e1bbi t\u00e1mogat\u00e1sokra \u00e9s korm\u00e1nyzati \u00f6sszefog\u00e1sra van sz\u00fcks\u00e9g.<\/p>\n<p>\u2013 tette hozz\u00e1 Borboly Csaba, hozz\u00e1t\u00e9ve region\u00e1lis klinika legk\u00f6zelebb Marosv\u00e1s\u00e1rhelyen vagy Brass\u00f3ban tal\u00e1lhat\u00f3.&nbsp;<\/p>\n<p>&nbsp;<\/p>\n<p>A megyei tan\u00e1cs eln\u00f6ke ugyanakkor kiemelte, hogy Korodi Attila polg\u00e1rmesterjel\u00f6lttel a v\u00e1ros \u00e9s a k\u00f3rh\u00e1z egy\u00fcttm\u0171k\u00f6d\u00e9se is szorosabb lehet, valamint k\u00f6sz\u00f6netet mondott L\u00e1szl\u00f3 Attil\u00e1nak, a szen\u00e1tus eg\u00e9szs\u00e9g\u00fcgyi bizotts\u00e1g\u00e1nak eln\u00f6k\u00e9nek hogy \u00f6szt\u00f6n\u00f6zte \u00e9s megszervezte a mai tal\u00e1lkoz\u00f3t, munkamegbesz\u00e9l\u00e9st.<\/p>\n<p>&nbsp;<\/p>\n<p>Dr. Konr\u00e1d Judit a Cs\u00edkszeredai Megyei S\u00fcrg\u0151ss\u00e9gi K\u00f3rh\u00e1z menedzsere kiemelte, nagyon sok munka eredm\u00e9ny\u00e9t tudt\u00e1k ma felmutatni, a megval\u00f3s\u00edt\u00e1sokon t\u00fal az hossz\u00fa \u00e9vek tervez\u00e9seit is. Mint mondta, ezekre m\u00e1r l\u00e1tj\u00e1k a biztos\u00edt\u00e9kot, hogy meg is val\u00f3s\u00edtj\u00e1k.&nbsp;<\/p>\n<p>\u2013 El\u0151re n\u00e9z\u00fcnk \u00e9s mindig \u00fajabb c\u00e9lok fele haladunk. \u00c1lmunkat is siker\u00fcl megval\u00f3s\u00edtani, hogy int\u00e9zm\u00e9ny\u00fcnk a kettes kateg\u00f3ri\u00e1t is el\u00e9rje, k\u00f6sz\u00f6nhet\u0151en az int\u00e9zm\u00e9ny felszerelts\u00e9g\u00e9n t\u00fal a megfelel\u0151 szakembereinknek is \u2013 tette hozz\u00e1 a k\u00f3rh\u00e1z menedzsere.<\/p>\n<p>&nbsp;<\/p>\n<p>Ion Proca prefektus hozz\u00e1tette, az eg\u00e9szs\u00e9g\u00fcgyi alkalmazottak munk\u00e1j\u00e1nak k\u00f6sz\u00f6nhet\u0151en Hargita megye egyike azoknak, ahol nincsenek nagy probl\u00e9m\u00e1k a koronav\u00edrus-j\u00e1rv\u00e1ny tekintet\u00e9ben. Mint mondta, ez a k\u00f6z\u00f6s munka eredm\u00e9nye \u00e9s mindannyiunk \u00e9rdeke eg\u00e9szs\u00e9g\u00fcgy fejleszt\u00e9se, valamint Hargita megye sz\u00e1m\u00e1ra fontos, hogy a k\u00fcl\u00f6nb\u00f6z\u0151 eseteket itt is kezelni tudj\u00e1k.<\/p>\n<p>&nbsp;<\/p>\n<p>L\u00e1szl\u00f3 Attila a szen\u00e1tus eg\u00e9szs\u00e9g\u00fcgyi szakbizotts\u00e1g\u00e1nak eln\u00f6ke \u00e9rt\u00e9kel\u00e9s\u00e9ben kiemelte, sokat besz\u00e9ltek a rezidensk\u00e9pz\u00e9s v\u00e1ltoztat\u00e1sir\u00f3l, a t\u00e1mogat\u00e1sirendszerek m\u00f3dos\u00edt\u00e1s\u00e1r\u00f3l \u00e9s m\u00e1s olyan aspektusokr\u00f3l, amelyek a helyi \u00f6nkorm\u00e1nyzatok r\u00e9szv\u00e1llal\u00e1s\u00e1t tekintve ezekben a folyamatokban.<\/p>\n<p>&nbsp;<\/p>\n<p>Korodi Attila parlamenti k\u00e9pvisel\u0151 hozz\u00e1tette a k\u00f6z\u00f6sen megval\u00f3s\u00edtott fejleszt\u00e9seken t\u00fal a v\u00e1rosnak feladata, hogy a k\u00f3rh\u00e1zi infrastrukt\u00far\u00e1t megfelel\u0151en \u00f6sszekapcsolj\u00e1k a megyek\u00f6zpont infrastrukt\u00far\u00e1j\u00e1val, mivel az elk\u00f6vetkez\u0151 \u00e9vekben megn\u00f6vekszik az int\u00e9zm\u00e9nyt l\u00e1togat\u00f3 betegek sz\u00e1ma. Ahhoz, hogy az ehhez kapcsolhat\u00f3 forgalmi fennakad\u00e1sokat megel\u0151zz\u00e9k tov\u00e1bbi fejleszt\u00e9sekre lesz sz\u00fcks\u00e9g, ehhez pedig korm\u00e1nyt\u00e1mogat\u00e1sokra lesz sz\u00fcks\u00e9g.<\/p>\n<p>&nbsp;<\/p>\n<p>A sajt\u00f3t\u00e1j\u00e9koztat\u00f3t k\u00f6vet\u0151en a cs\u00edksomly\u00f3i t\u00fcd\u0151gy\u00f3gy\u00e1szati \u00e9s fert\u0151z\u0151 betegs\u00e9gek oszt\u00e1ly\u00e1t is megl\u00e1togatt\u00e1k.<\/p>\n<p>&nbsp;<\/p>\n<p>Cs\u00edkszereda, 2020. augusztus 28.<\/p>\n","protected":false},"excerpt":{"rendered":"<p>&nbsp;<\/p>\n<p><em>Ismertett\u00e9k a miniszternek a fejleszt\u00e9si terveket<\/em><\/p>\n<p>Hargita megy\u00e9be l\u00e1togatott dr. Nelu T\u0103taru eg\u00e9szs\u00e9g\u00fcgyi miniszter p\u00e9nteken, augusztus 28-\u00e1n. A t\u00e1rcavezet\u0151 t\u00e1j\u00e9koz\u00f3dott az eg\u00e9szs\u00e9g\u00fcgyi int\u00e9zm\u00e9nyek helyzet\u00e9r\u0151l, a megye \u00e9s ezen int\u00e9zm\u00e9nyek vezet\u0151i pedig ismertett\u00e9k sz\u00e1m\u00e1ra az eg\u00e9szs\u00e9g\u00fcgyi ell\u00e1t\u00e1s fejleszt\u00e9se \u00e9rdek\u00e9ben elkezdett, illetve tervezett beruh\u00e1z\u00e1sokat.&nbsp;<\/p>\n<p>Az eg\u00e9szs\u00e9g\u00fcgyi miniszter Hargita Megye Tan\u00e1csa \u00e9s az RMDSZ megh\u00edv\u00e1s\u00e1ra \u00e9rkezett a megy\u00e9be, \u00fatj\u00e1ra elk\u00eds\u00e9rte dr. L\u00e1szl\u00f3 Attila, RMDSz-es szen\u00e1tor, a szen\u00e1tus eg\u00e9szs\u00e9g\u00fcgyi szakbizotts\u00e1g\u00e1nak eln\u00f6ke. Els\u0151k\u00e9nt megl\u00e1togatta Cs\u00edkszentm\u00e1rtonban a Cs\u00edkszeredai Megyei S\u00fcrg\u0151ss\u00e9gi K\u00f3rh\u00e1z ott m\u0171k\u00f6d\u0151 kihelyezett rendel\u0151it, a korai fejleszt\u0151 k\u00f6zpontot, ahol ismertett\u00e9k sz\u00e1m\u00e1ra a k\u00f6zpont fel\u00faj\u00edt\u00e1s\u00e1ra \u00e9s moderniz\u00e1l\u00e1s\u00e1ra \u00f6ssze\u00e1ll\u00edtott terveket, majd a cs\u00edkszeredai megyeh\u00e1z\u00e1n egyeztetett a megyei el\u00f6lj\u00e1r\u00f3kkal.&nbsp;<\/p>\n<p><img decoding=\"async\" loading=\"lazy\" class=\" size-full wp-image-1374\" src=\"https:\/\/spitalmciuc.ro\/wp-content\/uploads\/2020\/08\/tataru.jpeg\" alt=\"tataru\" width=\"800\" height=\"600\" \/><\/p>\n<p>A besz\u00e9lget\u00e9sen \u00f6sszegezt\u00e9k a t\u00e1rcavezet\u0151 sz\u00e1m\u00e1ra az eg\u00e9szs\u00e9g\u00fcgyi fejleszt\u00e9sek terveit \u00e9s a 2-es kateg\u00f3ri\u00e1ba val\u00f3 besorol\u00e1s el\u0151nyeit. Mint ismeretes, a k\u00f3rh\u00e1z j\u00falius v\u00e9g\u00e9n letette az ehhez sz\u00fcks\u00e9ges ig\u00e9nyl\u00e9st.&nbsp;<\/p>\n","protected":false},"author":11,"featured_media":1374,"comment_status":"closed","ping_status":"closed","sticky":false,"template":"","format":"standard","meta":[],"categories":[],"tags":[],"yoast_head":"<!-- This site is optimized with the Yoast SEO plugin v18.3 - https:\/\/yoast.com\/wordpress\/plugins\/seo\/ -->\n<title>Hargita megy\u00e9ben dr. Nelu T\u0103taru - Cs\u00edkszeredai Megyei S\u00fcrg\u0151ss\u00e9gi K\u00f3rh\u00e1z<\/title>\n<meta name=\"robots\" content=\"index, follow, max-snippet:-1, max-image-preview:large, max-video-preview:-1\" \/>\n<link rel=\"canonical\" href=\"https:\/\/spitalmciuc.ro\/hargita-megyeben-dr-nelu-tataru\/\" \/>\n<meta property=\"og:locale\" content=\"hu_HU\" \/>\n<meta property=\"og:type\" content=\"article\" \/>\n<meta property=\"og:title\" content=\"Hargita megy\u00e9ben dr. Nelu T\u0103taru - Cs\u00edkszeredai Megyei S\u00fcrg\u0151ss\u00e9gi K\u00f3rh\u00e1z\" \/>\n<meta property=\"og:description\" content=\"&nbsp; Ismertett\u00e9k a miniszternek a fejleszt\u00e9si terveket Hargita megy\u00e9be l\u00e1togatott dr. Nelu T\u0103taru eg\u00e9szs\u00e9g\u00fcgyi miniszter p\u00e9nteken, augusztus 28-\u00e1n. A t\u00e1rcavezet\u0151 t\u00e1j\u00e9koz\u00f3dott az eg\u00e9szs\u00e9g\u00fcgyi int\u00e9zm\u00e9nyek helyzet\u00e9r\u0151l, a megye \u00e9s ezen int\u00e9zm\u00e9nyek vezet\u0151i pedig ismertett\u00e9k sz\u00e1m\u00e1ra az eg\u00e9szs\u00e9g\u00fcgyi ell\u00e1t\u00e1s fejleszt\u00e9se \u00e9rdek\u00e9ben elkezdett, illetve tervezett beruh\u00e1z\u00e1sokat.&nbsp; Az eg\u00e9szs\u00e9g\u00fcgyi miniszter Hargita Megye Tan\u00e1csa \u00e9s az RMDSZ megh\u00edv\u00e1s\u00e1ra \u00e9rkezett a megy\u00e9be, \u00fatj\u00e1ra elk\u00eds\u00e9rte dr. L\u00e1szl\u00f3 Attila, RMDSz-es szen\u00e1tor, a szen\u00e1tus eg\u00e9szs\u00e9g\u00fcgyi szakbizotts\u00e1g\u00e1nak eln\u00f6ke. Els\u0151k\u00e9nt megl\u00e1togatta Cs\u00edkszentm\u00e1rtonban a Cs\u00edkszeredai Megyei S\u00fcrg\u0151ss\u00e9gi K\u00f3rh\u00e1z ott m\u0171k\u00f6d\u0151 kihelyezett rendel\u0151it, a korai fejleszt\u0151 k\u00f6zpontot, ahol ismertett\u00e9k sz\u00e1m\u00e1ra a k\u00f6zpont fel\u00faj\u00edt\u00e1s\u00e1ra \u00e9s moderniz\u00e1l\u00e1s\u00e1ra \u00f6ssze\u00e1ll\u00edtott terveket, majd a cs\u00edkszeredai megyeh\u00e1z\u00e1n egyeztetett a megyei el\u00f6lj\u00e1r\u00f3kkal.&nbsp;  A besz\u00e9lget\u00e9sen \u00f6sszegezt\u00e9k a t\u00e1rcavezet\u0151 sz\u00e1m\u00e1ra az eg\u00e9szs\u00e9g\u00fcgyi fejleszt\u00e9sek terveit \u00e9s a 2-es kateg\u00f3ri\u00e1ba val\u00f3 besorol\u00e1s el\u0151nyeit. Mint ismeretes, a k\u00f3rh\u00e1z j\u00falius v\u00e9g\u00e9n letette az ehhez sz\u00fcks\u00e9ges ig\u00e9nyl\u00e9st.&nbsp;\" \/>\n<meta property=\"og:url\" content=\"https:\/\/spitalmciuc.ro\/hargita-megyeben-dr-nelu-tataru\/\" \/>\n<meta property=\"og:site_name\" content=\"Cs\u00edkszeredai Megyei S\u00fcrg\u0151ss\u00e9gi K\u00f3rh\u00e1z\" \/>\n<meta property=\"article:published_time\" content=\"2020-08-28T17:32:18+00:00\" \/>\n<meta property=\"article:modified_time\" content=\"2022-03-02T07:37:35+00:00\" \/>\n<meta property=\"og:image\" content=\"https:\/\/spitalmciuc.ro\/wp-content\/uploads\/2020\/08\/tataru.jpeg\" \/>\n\t<meta property=\"og:image:width\" content=\"1600\" \/>\n\t<meta property=\"og:image:height\" content=\"1200\" \/>\n\t<meta property=\"og:image:type\" content=\"image\/jpeg\" \/>\n<meta name=\"twitter:card\" content=\"summary_large_image\" \/>\n<meta name=\"twitter:label1\" content=\"Szerz\u0151:\" \/>\n\t<meta name=\"twitter:data1\" content=\"Milik Szil\u00e1rd\" \/>\n\t<meta name=\"twitter:label2\" content=\"Becs\u00fclt olvas\u00e1si id\u0151\" \/>\n\t<meta name=\"twitter:data2\" content=\"7 perc\" \/>\n<script type=\"application\/ld+json\" class=\"yoast-schema-graph\">{\"@context\":\"https:\/\/schema.org\",\"@graph\":[{\"@type\":\"Organization\",\"@id\":\"https:\/\/spitalmciuc.ro\/#organization\",\"name\":\"Spitalul Jude\u0163ean de Urgen\u0163\u0103 Miercurea Ciuc\",\"url\":\"https:\/\/spitalmciuc.ro\/\",\"sameAs\":[],\"logo\":{\"@type\":\"ImageObject\",\"@id\":\"https:\/\/spitalmciuc.ro\/#logo\",\"inLanguage\":\"hu\",\"url\":\"https:\/\/spitalmciuc.ro\/wp-content\/uploads\/2022\/02\/logo-spital-ro-60.jpg\",\"contentUrl\":\"https:\/\/spitalmciuc.ro\/wp-content\/uploads\/2022\/02\/logo-spital-ro-60.jpg\",\"width\":198,\"height\":60,\"caption\":\"Spitalul Jude\u0163ean de Urgen\u0163\u0103 Miercurea Ciuc\"},\"image\":{\"@id\":\"https:\/\/spitalmciuc.ro\/#logo\"}},{\"@type\":\"WebSite\",\"@id\":\"https:\/\/spitalmciuc.ro\/#website\",\"url\":\"https:\/\/spitalmciuc.ro\/\",\"name\":\"Cs\u00edkszeredai Megyei S\u00fcrg\u0151ss\u00e9gi K\u00f3rh\u00e1z\",\"description\":\"\",\"publisher\":{\"@id\":\"https:\/\/spitalmciuc.ro\/#organization\"},\"potentialAction\":[{\"@type\":\"SearchAction\",\"target\":{\"@type\":\"EntryPoint\",\"urlTemplate\":\"https:\/\/spitalmciuc.ro\/?s={search_term_string}\"},\"query-input\":\"required name=search_term_string\"}],\"inLanguage\":\"hu\"},{\"@type\":\"ImageObject\",\"@id\":\"https:\/\/spitalmciuc.ro\/hargita-megyeben-dr-nelu-tataru\/#primaryimage\",\"inLanguage\":\"hu\",\"url\":\"https:\/\/spitalmciuc.ro\/wp-content\/uploads\/2020\/08\/tataru.jpeg\",\"contentUrl\":\"https:\/\/spitalmciuc.ro\/wp-content\/uploads\/2020\/08\/tataru.jpeg\",\"width\":1600,\"height\":1200},{\"@type\":\"WebPage\",\"@id\":\"https:\/\/spitalmciuc.ro\/hargita-megyeben-dr-nelu-tataru\/#webpage\",\"url\":\"https:\/\/spitalmciuc.ro\/hargita-megyeben-dr-nelu-tataru\/\",\"name\":\"Hargita megy\u00e9ben dr. Nelu T\u0103taru - Cs\u00edkszeredai Megyei S\u00fcrg\u0151ss\u00e9gi K\u00f3rh\u00e1z\",\"isPartOf\":{\"@id\":\"https:\/\/spitalmciuc.ro\/#website\"},\"primaryImageOfPage\":{\"@id\":\"https:\/\/spitalmciuc.ro\/hargita-megyeben-dr-nelu-tataru\/#primaryimage\"},\"datePublished\":\"2020-08-28T17:32:18+00:00\",\"dateModified\":\"2022-03-02T07:37:35+00:00\",\"breadcrumb\":{\"@id\":\"https:\/\/spitalmciuc.ro\/hargita-megyeben-dr-nelu-tataru\/#breadcrumb\"},\"inLanguage\":\"hu\",\"potentialAction\":[{\"@type\":\"ReadAction\",\"target\":[\"https:\/\/spitalmciuc.ro\/hargita-megyeben-dr-nelu-tataru\/\"]}]},{\"@type\":\"BreadcrumbList\",\"@id\":\"https:\/\/spitalmciuc.ro\/hargita-megyeben-dr-nelu-tataru\/#breadcrumb\",\"itemListElement\":[{\"@type\":\"ListItem\",\"position\":1,\"name\":\"Kezd\u0151lap\",\"item\":\"https:\/\/spitalmciuc.ro\/hu\/\"},{\"@type\":\"ListItem\",\"position\":2,\"name\":\"Hargita megy\u00e9ben dr. Nelu T\u0103taru\"}]},{\"@type\":\"Article\",\"@id\":\"https:\/\/spitalmciuc.ro\/hargita-megyeben-dr-nelu-tataru\/#article\",\"isPartOf\":{\"@id\":\"https:\/\/spitalmciuc.ro\/hargita-megyeben-dr-nelu-tataru\/#webpage\"},\"author\":{\"@id\":\"https:\/\/spitalmciuc.ro\/#\/schema\/person\/20ea297ab07e8f4d1689dfe252e34174\"},\"headline\":\"Hargita megy\u00e9ben dr. Nelu T\u0103taru\",\"datePublished\":\"2020-08-28T17:32:18+00:00\",\"dateModified\":\"2022-03-02T07:37:35+00:00\",\"mainEntityOfPage\":{\"@id\":\"https:\/\/spitalmciuc.ro\/hargita-megyeben-dr-nelu-tataru\/#webpage\"},\"wordCount\":1346,\"publisher\":{\"@id\":\"https:\/\/spitalmciuc.ro\/#organization\"},\"image\":{\"@id\":\"https:\/\/spitalmciuc.ro\/hargita-megyeben-dr-nelu-tataru\/#primaryimage\"},\"thumbnailUrl\":\"https:\/\/spitalmciuc.ro\/wp-content\/uploads\/2020\/08\/tataru.jpeg\",\"inLanguage\":\"hu\"},{\"@type\":\"Person\",\"@id\":\"https:\/\/spitalmciuc.ro\/#\/schema\/person\/20ea297ab07e8f4d1689dfe252e34174\",\"name\":\"Milik Szil\u00e1rd\",\"url\":\"https:\/\/spitalmciuc.ro\/hu\/author\/szilard\/\"}]}<\/script>\n<!-- \/ Yoast SEO plugin. -->","yoast_head_json":{"title":"Hargita megy\u00e9ben dr. Nelu T\u0103taru - Cs\u00edkszeredai Megyei S\u00fcrg\u0151ss\u00e9gi K\u00f3rh\u00e1z","robots":{"index":"index","follow":"follow","max-snippet":"max-snippet:-1","max-image-preview":"max-image-preview:large","max-video-preview":"max-video-preview:-1"},"canonical":"https:\/\/spitalmciuc.ro\/hargita-megyeben-dr-nelu-tataru\/","og_locale":"hu_HU","og_type":"article","og_title":"Hargita megy\u00e9ben dr. Nelu T\u0103taru - Cs\u00edkszeredai Megyei S\u00fcrg\u0151ss\u00e9gi K\u00f3rh\u00e1z","og_description":"&nbsp; Ismertett\u00e9k a miniszternek a fejleszt\u00e9si terveket Hargita megy\u00e9be l\u00e1togatott dr. Nelu T\u0103taru eg\u00e9szs\u00e9g\u00fcgyi miniszter p\u00e9nteken, augusztus 28-\u00e1n. A t\u00e1rcavezet\u0151 t\u00e1j\u00e9koz\u00f3dott az eg\u00e9szs\u00e9g\u00fcgyi int\u00e9zm\u00e9nyek helyzet\u00e9r\u0151l, a megye \u00e9s ezen int\u00e9zm\u00e9nyek vezet\u0151i pedig ismertett\u00e9k sz\u00e1m\u00e1ra az eg\u00e9szs\u00e9g\u00fcgyi ell\u00e1t\u00e1s fejleszt\u00e9se \u00e9rdek\u00e9ben elkezdett, illetve tervezett beruh\u00e1z\u00e1sokat.&nbsp; Az eg\u00e9szs\u00e9g\u00fcgyi miniszter Hargita Megye Tan\u00e1csa \u00e9s az RMDSZ megh\u00edv\u00e1s\u00e1ra \u00e9rkezett a megy\u00e9be, \u00fatj\u00e1ra elk\u00eds\u00e9rte dr. L\u00e1szl\u00f3 Attila, RMDSz-es szen\u00e1tor, a szen\u00e1tus eg\u00e9szs\u00e9g\u00fcgyi szakbizotts\u00e1g\u00e1nak eln\u00f6ke. Els\u0151k\u00e9nt megl\u00e1togatta Cs\u00edkszentm\u00e1rtonban a Cs\u00edkszeredai Megyei S\u00fcrg\u0151ss\u00e9gi K\u00f3rh\u00e1z ott m\u0171k\u00f6d\u0151 kihelyezett rendel\u0151it, a korai fejleszt\u0151 k\u00f6zpontot, ahol ismertett\u00e9k sz\u00e1m\u00e1ra a k\u00f6zpont fel\u00faj\u00edt\u00e1s\u00e1ra \u00e9s moderniz\u00e1l\u00e1s\u00e1ra \u00f6ssze\u00e1ll\u00edtott terveket, majd a cs\u00edkszeredai megyeh\u00e1z\u00e1n egyeztetett a megyei el\u00f6lj\u00e1r\u00f3kkal.&nbsp;  A besz\u00e9lget\u00e9sen \u00f6sszegezt\u00e9k a t\u00e1rcavezet\u0151 sz\u00e1m\u00e1ra az eg\u00e9szs\u00e9g\u00fcgyi fejleszt\u00e9sek terveit \u00e9s a 2-es kateg\u00f3ri\u00e1ba val\u00f3 besorol\u00e1s el\u0151nyeit. Mint ismeretes, a k\u00f3rh\u00e1z j\u00falius v\u00e9g\u00e9n letette az ehhez sz\u00fcks\u00e9ges ig\u00e9nyl\u00e9st.&nbsp;","og_url":"https:\/\/spitalmciuc.ro\/hargita-megyeben-dr-nelu-tataru\/","og_site_name":"Cs\u00edkszeredai Megyei S\u00fcrg\u0151ss\u00e9gi K\u00f3rh\u00e1z","article_published_time":"2020-08-28T17:32:18+00:00","article_modified_time":"2022-03-02T07:37:35+00:00","og_image":[{"width":1600,"height":1200,"url":"https:\/\/spitalmciuc.ro\/wp-content\/uploads\/2020\/08\/tataru.jpeg","type":"image\/jpeg"}],"twitter_card":"summary_large_image","twitter_misc":{"Szerz\u0151:":"Milik Szil\u00e1rd","Becs\u00fclt olvas\u00e1si id\u0151":"7 perc"},"schema":{"@context":"https:\/\/schema.org","@graph":[{"@type":"Organization","@id":"https:\/\/spitalmciuc.ro\/#organization","name":"Spitalul Jude\u0163ean de Urgen\u0163\u0103 Miercurea Ciuc","url":"https:\/\/spitalmciuc.ro\/","sameAs":[],"logo":{"@type":"ImageObject","@id":"https:\/\/spitalmciuc.ro\/#logo","inLanguage":"hu","url":"https:\/\/spitalmciuc.ro\/wp-content\/uploads\/2022\/02\/logo-spital-ro-60.jpg","contentUrl":"https:\/\/spitalmciuc.ro\/wp-content\/uploads\/2022\/02\/logo-spital-ro-60.jpg","width":198,"height":60,"caption":"Spitalul Jude\u0163ean de Urgen\u0163\u0103 Miercurea Ciuc"},"image":{"@id":"https:\/\/spitalmciuc.ro\/#logo"}},{"@type":"WebSite","@id":"https:\/\/spitalmciuc.ro\/#website","url":"https:\/\/spitalmciuc.ro\/","name":"Cs\u00edkszeredai Megyei S\u00fcrg\u0151ss\u00e9gi K\u00f3rh\u00e1z","description":"","publisher":{"@id":"https:\/\/spitalmciuc.ro\/#organization"},"potentialAction":[{"@type":"SearchAction","target":{"@type":"EntryPoint","urlTemplate":"https:\/\/spitalmciuc.ro\/?s={search_term_string}"},"query-input":"required name=search_term_string"}],"inLanguage":"hu"},{"@type":"ImageObject","@id":"https:\/\/spitalmciuc.ro\/hargita-megyeben-dr-nelu-tataru\/#primaryimage","inLanguage":"hu","url":"https:\/\/spitalmciuc.ro\/wp-content\/uploads\/2020\/08\/tataru.jpeg","contentUrl":"https:\/\/spitalmciuc.ro\/wp-content\/uploads\/2020\/08\/tataru.jpeg","width":1600,"height":1200},{"@type":"WebPage","@id":"https:\/\/spitalmciuc.ro\/hargita-megyeben-dr-nelu-tataru\/#webpage","url":"https:\/\/spitalmciuc.ro\/hargita-megyeben-dr-nelu-tataru\/","name":"Hargita megy\u00e9ben dr. Nelu T\u0103taru - Cs\u00edkszeredai Megyei S\u00fcrg\u0151ss\u00e9gi K\u00f3rh\u00e1z","isPartOf":{"@id":"https:\/\/spitalmciuc.ro\/#website"},"primaryImageOfPage":{"@id":"https:\/\/spitalmciuc.ro\/hargita-megyeben-dr-nelu-tataru\/#primaryimage"},"datePublished":"2020-08-28T17:32:18+00:00","dateModified":"2022-03-02T07:37:35+00:00","breadcrumb":{"@id":"https:\/\/spitalmciuc.ro\/hargita-megyeben-dr-nelu-tataru\/#breadcrumb"},"inLanguage":"hu","potentialAction":[{"@type":"ReadAction","target":["https:\/\/spitalmciuc.ro\/hargita-megyeben-dr-nelu-tataru\/"]}]},{"@type":"BreadcrumbList","@id":"https:\/\/spitalmciuc.ro\/hargita-megyeben-dr-nelu-tataru\/#breadcrumb","itemListElement":[{"@type":"ListItem","position":1,"name":"Kezd\u0151lap","item":"https:\/\/spitalmciuc.ro\/hu\/"},{"@type":"ListItem","position":2,"name":"Hargita megy\u00e9ben dr. Nelu T\u0103taru"}]},{"@type":"Article","@id":"https:\/\/spitalmciuc.ro\/hargita-megyeben-dr-nelu-tataru\/#article","isPartOf":{"@id":"https:\/\/spitalmciuc.ro\/hargita-megyeben-dr-nelu-tataru\/#webpage"},"author":{"@id":"https:\/\/spitalmciuc.ro\/#\/schema\/person\/20ea297ab07e8f4d1689dfe252e34174"},"headline":"Hargita megy\u00e9ben dr. Nelu T\u0103taru","datePublished":"2020-08-28T17:32:18+00:00","dateModified":"2022-03-02T07:37:35+00:00","mainEntityOfPage":{"@id":"https:\/\/spitalmciuc.ro\/hargita-megyeben-dr-nelu-tataru\/#webpage"},"wordCount":1346,"publisher":{"@id":"https:\/\/spitalmciuc.ro\/#organization"},"image":{"@id":"https:\/\/spitalmciuc.ro\/hargita-megyeben-dr-nelu-tataru\/#primaryimage"},"thumbnailUrl":"https:\/\/spitalmciuc.ro\/wp-content\/uploads\/2020\/08\/tataru.jpeg","inLanguage":"hu"},{"@type":"Person","@id":"https:\/\/spitalmciuc.ro\/#\/schema\/person\/20ea297ab07e8f4d1689dfe252e34174","name":"Milik Szil\u00e1rd","url":"https:\/\/spitalmciuc.ro\/hu\/author\/szilard\/"}]}},"_links":{"self":[{"href":"https:\/\/spitalmciuc.ro\/hu\/wp-json\/wp\/v2\/posts\/5686"}],"collection":[{"href":"https:\/\/spitalmciuc.ro\/hu\/wp-json\/wp\/v2\/posts"}],"about":[{"href":"https:\/\/spitalmciuc.ro\/hu\/wp-json\/wp\/v2\/types\/post"}],"author":[{"embeddable":true,"href":"https:\/\/spitalmciuc.ro\/hu\/wp-json\/wp\/v2\/users\/11"}],"replies":[{"embeddable":true,"href":"https:\/\/spitalmciuc.ro\/hu\/wp-json\/wp\/v2\/comments?post=5686"}],"version-history":[{"count":1,"href":"https:\/\/spitalmciuc.ro\/hu\/wp-json\/wp\/v2\/posts\/5686\/revisions"}],"predecessor-version":[{"id":6523,"href":"https:\/\/spitalmciuc.ro\/hu\/wp-json\/wp\/v2\/posts\/5686\/revisions\/6523"}],"wp:featuredmedia":[{"embeddable":true,"href":"https:\/\/spitalmciuc.ro\/hu\/wp-json\/wp\/v2\/media\/1374"}],"wp:attachment":[{"href":"https:\/\/spitalmciuc.ro\/hu\/wp-json\/wp\/v2\/media?parent=5686"}],"wp:term":[{"taxonomy":"category","embeddable":true,"href":"https:\/\/spitalmciuc.ro\/hu\/wp-json\/wp\/v2\/categories?post=5686"},{"taxonomy":"post_tag","embeddable":true,"href":"https:\/\/spitalmciuc.ro\/hu\/wp-json\/wp\/v2\/tags?post=5686"}],"curies":[{"name":"wp","href":"https:\/\/api.w.org\/{rel}","templated":true}]}}