{"id":5579,"date":"2020-05-11T14:35:39","date_gmt":"2020-05-11T14:35:39","guid":{"rendered":"https:\/\/spital.creative-solutions.ro\/index.php\/suergossegi-fogaszati-rendelo-a-csikszeredai-megyei-suergossegi-korhazban\/"},"modified":"2022-03-02T07:38:40","modified_gmt":"2022-03-02T07:38:40","slug":"suergossegi-fogaszati-rendelo-a-csikszeredai-megyei-suergossegi-korhazban","status":"publish","type":"post","link":"https:\/\/spitalmciuc.ro\/hu\/suergossegi-fogaszati-rendelo-a-csikszeredai-megyei-suergossegi-korhazban\/","title":{"rendered":"S\u00fcrg\u0151ss\u00e9gi fog\u00e1szati rendel\u0151 a Cs\u00edkszeredai Megyei S\u00fcrg\u0151ss\u00e9gi K\u00f3rh\u00e1zban"},"content":{"rendered":"<p style=\"text-align: justify;\">Borboly Csaba, a k\u00f3rh\u00e1zat m\u0171k\u00f6dtet\u0151 Hargita Megye Tan\u00e1cs\u00e1nak eln\u00f6ke kiemelte, nemcsak a megy\u00e9ben, a szomsz\u00e9dos megy\u00e9k t\u00f6bbs\u00e9g\u00e9ben is hi\u00e1nycikk az ingyenes, \u00e1lland\u00f3 fog\u00e1szati s\u00fcrg\u0151ss\u00e9gi ell\u00e1t\u00e1s, ez sokaknak jelent majd seg\u00edts\u00e9get. \u201e\u00cdgy kiteljesedik a s\u00fcrg\u0151ss\u00e9gi r\u00e9szleg. A k\u00f3rh\u00e1zunk dinamikusan fejl\u0151dik, a j\u00e1rv\u00e1ny idej\u00e9n is tessz\u00fck a dolgunkat, minden ter\u00e9n folytatjuk a k\u00f3rh\u00e1z fejleszt\u00e9s\u00e9t\u201d \u2013 mondta el Borboly Csaba.&nbsp;&nbsp;&nbsp;<\/p>\n<p style=\"text-align: justify;\">Dr. Kacs\u00f3 Jol\u00e1n, a S\u00fcrg\u0151ss\u00e9gi Betegell\u00e1t\u00f3 Egys\u00e9g f\u0151orvosa is \u00fagy v\u00e9lte, a s\u00fcrg\u0151ss\u00e9gi szolg\u00e1ltat\u00e1sok ter\u00e9n nagy el\u0151rel\u00e9p\u00e9st jelent a rendel\u0151 megnyit\u00e1sa. Kihangs\u00falyozta, a s\u00fcrg\u0151ss\u00e9gi fog\u00e1szati rendel\u0151ben 24 \u00f3r\u00e1b\u00f3l 24-en \u00e1t, a h\u00e9t minden napj\u00e1n el\u00e9rhet\u0151k \u00e9s ingyenesek a szolg\u00e1ltat\u00e1sok, f\u00fcggetlen\u00fcl att\u00f3l, hogy valakinek van-e vagy sincs eg\u00e9szs\u00e9gbiztos\u00edt\u00e1sa.&nbsp;&nbsp;&nbsp;<\/p>\n<p style=\"text-align: justify;\"><img decoding=\"async\" loading=\"lazy\" class=\" size-full wp-image-722\" src=\"https:\/\/spitalmciuc.ro\/wp-content\/uploads\/2020\/05\/fogaszat3-scaled.jpg\" alt=\"fogaszat3\" width=\"400\" height=\"267\" srcset=\"https:\/\/spitalmciuc.ro\/wp-content\/uploads\/2020\/05\/fogaszat3-scaled.jpg 2560w, https:\/\/spitalmciuc.ro\/wp-content\/uploads\/2020\/05\/fogaszat3-300x200.jpg 300w, https:\/\/spitalmciuc.ro\/wp-content\/uploads\/2020\/05\/fogaszat3-1024x683.jpg 1024w, https:\/\/spitalmciuc.ro\/wp-content\/uploads\/2020\/05\/fogaszat3-768x512.jpg 768w, https:\/\/spitalmciuc.ro\/wp-content\/uploads\/2020\/05\/fogaszat3-1536x1024.jpg 1536w, https:\/\/spitalmciuc.ro\/wp-content\/uploads\/2020\/05\/fogaszat3-2048x1365.jpg 2048w\" sizes=\"(max-width: 400px) 100vw, 400px\" \/><\/p>\n<p style=\"text-align: justify;\">A S\u00fcrg\u0151ss\u00e9gi Betegell\u00e1t\u00f3 Egys\u00e9gek m\u0171k\u00f6d\u00e9s\u00e9re vonatkoz\u00f3, az Eg\u00e9szs\u00e9g\u00fcgyi Miniszt\u00e9rium \u00e1ltal kiadott 1706\/2007-\u00f6s rendelet meghat\u00e1rozza, melyek azok az esetek, amelyek s\u00fcrg\u0151ss\u00e9gi fog\u00e1szati probl\u00e9m\u00e1nak min\u0151s\u00fclnek \u00e9s melyek a szolg\u00e1ltat\u00e1sok, amelyeket ezen rendel\u0151kben ny\u00fajtani lehet. A jogszab\u00e1ly szerint a s\u00fcrg\u0151ss\u00e9g keret\u00e9ben ell\u00e1that\u00f3 esetek: s\u00fcrg\u0151ss\u00e9gi fogh\u00faz\u00e1s, sz\u00e1jny\u00e1lkah\u00e1rtya gyullad\u00e1s, ulcero-nekrotikus \u00edngyullad\u00e1s-sz\u00e1jny\u00e1lkah\u00e1rtya gyullad\u00e1s, akut fogb\u00e9l-gyullad\u00e1s, akut fogmeder-gyullad\u00e1s, t\u00e1lyog, sz\u00e1j\u00fcregi v\u00e9rz\u00e9s csillap\u00edt\u00e1sa, a fogak baleseti s\u00e9r\u00fcl\u00e9seinek ell\u00e1t\u00e1sa, b\u00f6lcsess\u00e9gfog k\u00f6r\u00fcli gyulladt l\u00e1gyr\u00e9sz-sz\u00f6vetek konzervat\u00edv kezel\u00e9se, frissen t\u00f6rt \u00e1llcsont nyugalomba helyez\u00e9se, \u00e1llkapocs-ficam visszahelyez\u00e9se. A fog\u00e1szati s\u00fcrg\u0151ss\u00e9g megold\u00e1sa ut\u00e1n a p\u00e1ciens k\u00f6vet\u00e9s\u00e9t, illetve a hossz\u00fat\u00e1v\u00fa kezel\u00e9seket m\u00e1s fog\u00e1szati rendel\u0151ben kell folytatni \u2013 szerepel m\u00e9g a rendeletben.&nbsp;<\/p>\n<p style=\"text-align: justify;\">&nbsp;<\/p>\n<p style=\"text-align: justify;\">Cs\u00edkszereda, 2020. m\u00e1jus 11.&nbsp;<\/p>\n<p>&nbsp;<\/p>\n","protected":false},"excerpt":{"rendered":"<p>&nbsp;<\/p>\n<p style=\"text-align: justify;\">S\u00fcrg\u0151ss\u00e9gi fog\u00e1szati rendel\u0151t hozott l\u00e9tre a Cs\u00edkszeredai Megyei S\u00fcrg\u0151ss\u00e9gi K\u00f3rh\u00e1z a S\u00fcrg\u0151ss\u00e9gi Betegell\u00e1t\u00f3 Egys\u00e9g keret\u00e9ben. A rendel\u0151ben \u00e1lland\u00f3 \u00fcgyelet van a fog\u00e1szati s\u00fcrg\u0151ss\u00e9gi esetek ell\u00e1t\u00e1s\u00e1ra.&nbsp;<\/p>\n<p style=\"text-align: justify;\">&nbsp;<\/p>\n<p style=\"text-align: justify;\">A S\u00fcrg\u0151ss\u00e9gi Betegell\u00e1t\u00f3 Egys\u00e9g r\u00e9szek\u00e9nt m\u0171k\u00f6d\u0151 rendel\u0151ben reggel 8 \u00e9s 22 \u00f3ra k\u00f6z\u00f6tt k\u00e9t fogorvos \u2013 dr. J\u00e1nos Anita \u0219i dr. Holl\u00f3 Zsolt \u2013 dolgozik, \u00e9jszaka \u00e9s h\u00e9tv\u00e9g\u00e9n tov\u00e1bbi \u00f6t fogorvos l\u00e1t el \u00fcgyeletet. A rendel\u0151 felszerel\u00e9s\u00e9t a k\u00f3rh\u00e1z biztos\u00edtotta: 88 000 lejbe ker\u00fclt a korszer\u0171 fog\u00e1szati kezel\u0151 egys\u00e9g (fog\u00e1szati sz\u00e9k \u00e9s tartoz\u00e9kai) \u00e9s tov\u00e1bbi 2 450 lejbe a kism\u0171szerek \u00e9s fogy\u00f3anyagok.<\/p>\n<p style=\"text-align: justify;\"><img decoding=\"async\" loading=\"lazy\" class=\" size-full wp-image-719\" src=\"https:\/\/spitalmciuc.ro\/wp-content\/uploads\/2020\/05\/fogaszat1-scaled.jpg\" alt=\"fogaszat1\" width=\"400\" height=\"267\" srcset=\"https:\/\/spitalmciuc.ro\/wp-content\/uploads\/2020\/05\/fogaszat1-scaled.jpg 2560w, https:\/\/spitalmciuc.ro\/wp-content\/uploads\/2020\/05\/fogaszat1-300x200.jpg 300w, https:\/\/spitalmciuc.ro\/wp-content\/uploads\/2020\/05\/fogaszat1-1024x683.jpg 1024w, https:\/\/spitalmciuc.ro\/wp-content\/uploads\/2020\/05\/fogaszat1-768x512.jpg 768w\" sizes=\"(max-width: 400px) 100vw, 400px\" \/><\/p>\n<p style=\"text-align: justify;\">A rendel\u0151 \u00e1tad\u00e1s\u00e1n, m\u00e1jus 11-\u00e9n Dr. Konr\u00e1d Judit, a k\u00f3rh\u00e1z menedzsere kihangs\u00falyozta, a rendel\u0151 nemcsak a koronav\u00edrus-j\u00e1rv\u00e1ny idej\u00e9n, hanem k\u00e9s\u0151bb is v\u00e1rja a p\u00e1cienseket. R\u00e1mutatott, hi\u00e1nyp\u00f3tl\u00f3 szolg\u00e1ltat\u00e1st ny\u00fajt a t\u00e9rs\u00e9g lak\u00f3i sz\u00e1m\u00e1ra, hisz \u00e9jszaka \u00e9s teljes h\u00e9tv\u00e9g\u00e9n \u00e1t ingyenes s\u00fcrg\u0151ss\u00e9gi fog\u00e1szati ell\u00e1t\u00e1st lehet itt ig\u00e9nybe venni. K\u00f6z\u00f6lte, egy fog\u00e1szati r\u00f6ntgen beszerz\u00e9s\u00e9nek folyamat\u00e1t is elind\u00edtotta a k\u00f3rh\u00e1z.&nbsp;&nbsp;&nbsp;&nbsp;<\/p>\n","protected":false},"author":11,"featured_media":719,"comment_status":"closed","ping_status":"closed","sticky":false,"template":"","format":"standard","meta":[],"categories":[],"tags":[],"yoast_head":"<!-- This site is optimized with the Yoast SEO plugin v18.3 - https:\/\/yoast.com\/wordpress\/plugins\/seo\/ -->\n<title>S\u00fcrg\u0151ss\u00e9gi fog\u00e1szati rendel\u0151 a Cs\u00edkszeredai Megyei S\u00fcrg\u0151ss\u00e9gi K\u00f3rh\u00e1zban - Cs\u00edkszeredai Megyei S\u00fcrg\u0151ss\u00e9gi K\u00f3rh\u00e1z<\/title>\n<meta name=\"robots\" content=\"index, follow, max-snippet:-1, max-image-preview:large, max-video-preview:-1\" \/>\n<link rel=\"canonical\" href=\"https:\/\/spitalmciuc.ro\/suergossegi-fogaszati-rendelo-a-csikszeredai-megyei-suergossegi-korhazban\/\" \/>\n<meta property=\"og:locale\" content=\"hu_HU\" \/>\n<meta property=\"og:type\" content=\"article\" \/>\n<meta property=\"og:title\" content=\"S\u00fcrg\u0151ss\u00e9gi fog\u00e1szati rendel\u0151 a Cs\u00edkszeredai Megyei S\u00fcrg\u0151ss\u00e9gi K\u00f3rh\u00e1zban - Cs\u00edkszeredai Megyei S\u00fcrg\u0151ss\u00e9gi K\u00f3rh\u00e1z\" \/>\n<meta property=\"og:description\" content=\"&nbsp; S\u00fcrg\u0151ss\u00e9gi fog\u00e1szati rendel\u0151t hozott l\u00e9tre a Cs\u00edkszeredai Megyei S\u00fcrg\u0151ss\u00e9gi K\u00f3rh\u00e1z a S\u00fcrg\u0151ss\u00e9gi Betegell\u00e1t\u00f3 Egys\u00e9g keret\u00e9ben. A rendel\u0151ben \u00e1lland\u00f3 \u00fcgyelet van a fog\u00e1szati s\u00fcrg\u0151ss\u00e9gi esetek ell\u00e1t\u00e1s\u00e1ra.&nbsp; &nbsp; A S\u00fcrg\u0151ss\u00e9gi Betegell\u00e1t\u00f3 Egys\u00e9g r\u00e9szek\u00e9nt m\u0171k\u00f6d\u0151 rendel\u0151ben reggel 8 \u00e9s 22 \u00f3ra k\u00f6z\u00f6tt k\u00e9t fogorvos \u2013 dr. J\u00e1nos Anita \u0219i dr. Holl\u00f3 Zsolt \u2013 dolgozik, \u00e9jszaka \u00e9s h\u00e9tv\u00e9g\u00e9n tov\u00e1bbi \u00f6t fogorvos l\u00e1t el \u00fcgyeletet. A rendel\u0151 felszerel\u00e9s\u00e9t a k\u00f3rh\u00e1z biztos\u00edtotta: 88 000 lejbe ker\u00fclt a korszer\u0171 fog\u00e1szati kezel\u0151 egys\u00e9g (fog\u00e1szati sz\u00e9k \u00e9s tartoz\u00e9kai) \u00e9s tov\u00e1bbi 2 450 lejbe a kism\u0171szerek \u00e9s fogy\u00f3anyagok.  A rendel\u0151 \u00e1tad\u00e1s\u00e1n, m\u00e1jus 11-\u00e9n Dr. Konr\u00e1d Judit, a k\u00f3rh\u00e1z menedzsere kihangs\u00falyozta, a rendel\u0151 nemcsak a koronav\u00edrus-j\u00e1rv\u00e1ny idej\u00e9n, hanem k\u00e9s\u0151bb is v\u00e1rja a p\u00e1cienseket. R\u00e1mutatott, hi\u00e1nyp\u00f3tl\u00f3 szolg\u00e1ltat\u00e1st ny\u00fajt a t\u00e9rs\u00e9g lak\u00f3i sz\u00e1m\u00e1ra, hisz \u00e9jszaka \u00e9s teljes h\u00e9tv\u00e9g\u00e9n \u00e1t ingyenes s\u00fcrg\u0151ss\u00e9gi fog\u00e1szati ell\u00e1t\u00e1st lehet itt ig\u00e9nybe venni. K\u00f6z\u00f6lte, egy fog\u00e1szati r\u00f6ntgen beszerz\u00e9s\u00e9nek folyamat\u00e1t is elind\u00edtotta a k\u00f3rh\u00e1z.&nbsp;&nbsp;&nbsp;&nbsp;\" \/>\n<meta property=\"og:url\" content=\"https:\/\/spitalmciuc.ro\/suergossegi-fogaszati-rendelo-a-csikszeredai-megyei-suergossegi-korhazban\/\" \/>\n<meta property=\"og:site_name\" content=\"Cs\u00edkszeredai Megyei S\u00fcrg\u0151ss\u00e9gi K\u00f3rh\u00e1z\" \/>\n<meta property=\"article:published_time\" content=\"2020-05-11T14:35:39+00:00\" \/>\n<meta property=\"article:modified_time\" content=\"2022-03-02T07:38:40+00:00\" \/>\n<meta property=\"og:image\" content=\"https:\/\/spitalmciuc.ro\/wp-content\/uploads\/2020\/05\/fogaszat1-scaled.jpg\" \/>\n\t<meta property=\"og:image:width\" content=\"2560\" \/>\n\t<meta property=\"og:image:height\" content=\"1707\" \/>\n\t<meta property=\"og:image:type\" content=\"image\/jpeg\" \/>\n<meta name=\"twitter:card\" content=\"summary_large_image\" \/>\n<meta name=\"twitter:label1\" content=\"Szerz\u0151:\" \/>\n\t<meta name=\"twitter:data1\" content=\"Milik Szil\u00e1rd\" \/>\n\t<meta name=\"twitter:label2\" content=\"Becs\u00fclt olvas\u00e1si id\u0151\" \/>\n\t<meta name=\"twitter:data2\" content=\"2 perc\" \/>\n<script type=\"application\/ld+json\" class=\"yoast-schema-graph\">{\"@context\":\"https:\/\/schema.org\",\"@graph\":[{\"@type\":\"Organization\",\"@id\":\"https:\/\/spitalmciuc.ro\/#organization\",\"name\":\"Spitalul Jude\u0163ean de Urgen\u0163\u0103 Miercurea Ciuc\",\"url\":\"https:\/\/spitalmciuc.ro\/\",\"sameAs\":[],\"logo\":{\"@type\":\"ImageObject\",\"@id\":\"https:\/\/spitalmciuc.ro\/#logo\",\"inLanguage\":\"hu\",\"url\":\"https:\/\/spitalmciuc.ro\/wp-content\/uploads\/2022\/02\/logo-spital-ro-60.jpg\",\"contentUrl\":\"https:\/\/spitalmciuc.ro\/wp-content\/uploads\/2022\/02\/logo-spital-ro-60.jpg\",\"width\":198,\"height\":60,\"caption\":\"Spitalul Jude\u0163ean de Urgen\u0163\u0103 Miercurea Ciuc\"},\"image\":{\"@id\":\"https:\/\/spitalmciuc.ro\/#logo\"}},{\"@type\":\"WebSite\",\"@id\":\"https:\/\/spitalmciuc.ro\/#website\",\"url\":\"https:\/\/spitalmciuc.ro\/\",\"name\":\"Cs\u00edkszeredai Megyei S\u00fcrg\u0151ss\u00e9gi K\u00f3rh\u00e1z\",\"description\":\"\",\"publisher\":{\"@id\":\"https:\/\/spitalmciuc.ro\/#organization\"},\"potentialAction\":[{\"@type\":\"SearchAction\",\"target\":{\"@type\":\"EntryPoint\",\"urlTemplate\":\"https:\/\/spitalmciuc.ro\/?s={search_term_string}\"},\"query-input\":\"required name=search_term_string\"}],\"inLanguage\":\"hu\"},{\"@type\":\"ImageObject\",\"@id\":\"https:\/\/spitalmciuc.ro\/suergossegi-fogaszati-rendelo-a-csikszeredai-megyei-suergossegi-korhazban\/#primaryimage\",\"inLanguage\":\"hu\",\"url\":\"https:\/\/spitalmciuc.ro\/wp-content\/uploads\/2020\/05\/fogaszat1-scaled.jpg\",\"contentUrl\":\"https:\/\/spitalmciuc.ro\/wp-content\/uploads\/2020\/05\/fogaszat1-scaled.jpg\",\"width\":2560,\"height\":1707},{\"@type\":\"WebPage\",\"@id\":\"https:\/\/spitalmciuc.ro\/suergossegi-fogaszati-rendelo-a-csikszeredai-megyei-suergossegi-korhazban\/#webpage\",\"url\":\"https:\/\/spitalmciuc.ro\/suergossegi-fogaszati-rendelo-a-csikszeredai-megyei-suergossegi-korhazban\/\",\"name\":\"S\u00fcrg\u0151ss\u00e9gi fog\u00e1szati rendel\u0151 a Cs\u00edkszeredai Megyei S\u00fcrg\u0151ss\u00e9gi K\u00f3rh\u00e1zban - Cs\u00edkszeredai Megyei S\u00fcrg\u0151ss\u00e9gi K\u00f3rh\u00e1z\",\"isPartOf\":{\"@id\":\"https:\/\/spitalmciuc.ro\/#website\"},\"primaryImageOfPage\":{\"@id\":\"https:\/\/spitalmciuc.ro\/suergossegi-fogaszati-rendelo-a-csikszeredai-megyei-suergossegi-korhazban\/#primaryimage\"},\"datePublished\":\"2020-05-11T14:35:39+00:00\",\"dateModified\":\"2022-03-02T07:38:40+00:00\",\"breadcrumb\":{\"@id\":\"https:\/\/spitalmciuc.ro\/suergossegi-fogaszati-rendelo-a-csikszeredai-megyei-suergossegi-korhazban\/#breadcrumb\"},\"inLanguage\":\"hu\",\"potentialAction\":[{\"@type\":\"ReadAction\",\"target\":[\"https:\/\/spitalmciuc.ro\/suergossegi-fogaszati-rendelo-a-csikszeredai-megyei-suergossegi-korhazban\/\"]}]},{\"@type\":\"BreadcrumbList\",\"@id\":\"https:\/\/spitalmciuc.ro\/suergossegi-fogaszati-rendelo-a-csikszeredai-megyei-suergossegi-korhazban\/#breadcrumb\",\"itemListElement\":[{\"@type\":\"ListItem\",\"position\":1,\"name\":\"Kezd\u0151lap\",\"item\":\"https:\/\/spitalmciuc.ro\/hu\/\"},{\"@type\":\"ListItem\",\"position\":2,\"name\":\"S\u00fcrg\u0151ss\u00e9gi fog\u00e1szati rendel\u0151 a Cs\u00edkszeredai Megyei S\u00fcrg\u0151ss\u00e9gi K\u00f3rh\u00e1zban\"}]},{\"@type\":\"Article\",\"@id\":\"https:\/\/spitalmciuc.ro\/suergossegi-fogaszati-rendelo-a-csikszeredai-megyei-suergossegi-korhazban\/#article\",\"isPartOf\":{\"@id\":\"https:\/\/spitalmciuc.ro\/suergossegi-fogaszati-rendelo-a-csikszeredai-megyei-suergossegi-korhazban\/#webpage\"},\"author\":{\"@id\":\"https:\/\/spitalmciuc.ro\/#\/schema\/person\/20ea297ab07e8f4d1689dfe252e34174\"},\"headline\":\"S\u00fcrg\u0151ss\u00e9gi fog\u00e1szati rendel\u0151 a Cs\u00edkszeredai Megyei S\u00fcrg\u0151ss\u00e9gi K\u00f3rh\u00e1zban\",\"datePublished\":\"2020-05-11T14:35:39+00:00\",\"dateModified\":\"2022-03-02T07:38:40+00:00\",\"mainEntityOfPage\":{\"@id\":\"https:\/\/spitalmciuc.ro\/suergossegi-fogaszati-rendelo-a-csikszeredai-megyei-suergossegi-korhazban\/#webpage\"},\"wordCount\":396,\"publisher\":{\"@id\":\"https:\/\/spitalmciuc.ro\/#organization\"},\"image\":{\"@id\":\"https:\/\/spitalmciuc.ro\/suergossegi-fogaszati-rendelo-a-csikszeredai-megyei-suergossegi-korhazban\/#primaryimage\"},\"thumbnailUrl\":\"https:\/\/spitalmciuc.ro\/wp-content\/uploads\/2020\/05\/fogaszat1-scaled.jpg\",\"inLanguage\":\"hu\"},{\"@type\":\"Person\",\"@id\":\"https:\/\/spitalmciuc.ro\/#\/schema\/person\/20ea297ab07e8f4d1689dfe252e34174\",\"name\":\"Milik Szil\u00e1rd\",\"url\":\"https:\/\/spitalmciuc.ro\/hu\/author\/szilard\/\"}]}<\/script>\n<!-- \/ Yoast SEO plugin. -->","yoast_head_json":{"title":"S\u00fcrg\u0151ss\u00e9gi fog\u00e1szati rendel\u0151 a Cs\u00edkszeredai Megyei S\u00fcrg\u0151ss\u00e9gi K\u00f3rh\u00e1zban - Cs\u00edkszeredai Megyei S\u00fcrg\u0151ss\u00e9gi K\u00f3rh\u00e1z","robots":{"index":"index","follow":"follow","max-snippet":"max-snippet:-1","max-image-preview":"max-image-preview:large","max-video-preview":"max-video-preview:-1"},"canonical":"https:\/\/spitalmciuc.ro\/suergossegi-fogaszati-rendelo-a-csikszeredai-megyei-suergossegi-korhazban\/","og_locale":"hu_HU","og_type":"article","og_title":"S\u00fcrg\u0151ss\u00e9gi fog\u00e1szati rendel\u0151 a Cs\u00edkszeredai Megyei S\u00fcrg\u0151ss\u00e9gi K\u00f3rh\u00e1zban - Cs\u00edkszeredai Megyei S\u00fcrg\u0151ss\u00e9gi K\u00f3rh\u00e1z","og_description":"&nbsp; S\u00fcrg\u0151ss\u00e9gi fog\u00e1szati rendel\u0151t hozott l\u00e9tre a Cs\u00edkszeredai Megyei S\u00fcrg\u0151ss\u00e9gi K\u00f3rh\u00e1z a S\u00fcrg\u0151ss\u00e9gi Betegell\u00e1t\u00f3 Egys\u00e9g keret\u00e9ben. A rendel\u0151ben \u00e1lland\u00f3 \u00fcgyelet van a fog\u00e1szati s\u00fcrg\u0151ss\u00e9gi esetek ell\u00e1t\u00e1s\u00e1ra.&nbsp; &nbsp; A S\u00fcrg\u0151ss\u00e9gi Betegell\u00e1t\u00f3 Egys\u00e9g r\u00e9szek\u00e9nt m\u0171k\u00f6d\u0151 rendel\u0151ben reggel 8 \u00e9s 22 \u00f3ra k\u00f6z\u00f6tt k\u00e9t fogorvos \u2013 dr. J\u00e1nos Anita \u0219i dr. Holl\u00f3 Zsolt \u2013 dolgozik, \u00e9jszaka \u00e9s h\u00e9tv\u00e9g\u00e9n tov\u00e1bbi \u00f6t fogorvos l\u00e1t el \u00fcgyeletet. A rendel\u0151 felszerel\u00e9s\u00e9t a k\u00f3rh\u00e1z biztos\u00edtotta: 88 000 lejbe ker\u00fclt a korszer\u0171 fog\u00e1szati kezel\u0151 egys\u00e9g (fog\u00e1szati sz\u00e9k \u00e9s tartoz\u00e9kai) \u00e9s tov\u00e1bbi 2 450 lejbe a kism\u0171szerek \u00e9s fogy\u00f3anyagok.  A rendel\u0151 \u00e1tad\u00e1s\u00e1n, m\u00e1jus 11-\u00e9n Dr. Konr\u00e1d Judit, a k\u00f3rh\u00e1z menedzsere kihangs\u00falyozta, a rendel\u0151 nemcsak a koronav\u00edrus-j\u00e1rv\u00e1ny idej\u00e9n, hanem k\u00e9s\u0151bb is v\u00e1rja a p\u00e1cienseket. R\u00e1mutatott, hi\u00e1nyp\u00f3tl\u00f3 szolg\u00e1ltat\u00e1st ny\u00fajt a t\u00e9rs\u00e9g lak\u00f3i sz\u00e1m\u00e1ra, hisz \u00e9jszaka \u00e9s teljes h\u00e9tv\u00e9g\u00e9n \u00e1t ingyenes s\u00fcrg\u0151ss\u00e9gi fog\u00e1szati ell\u00e1t\u00e1st lehet itt ig\u00e9nybe venni. K\u00f6z\u00f6lte, egy fog\u00e1szati r\u00f6ntgen beszerz\u00e9s\u00e9nek folyamat\u00e1t is elind\u00edtotta a k\u00f3rh\u00e1z.&nbsp;&nbsp;&nbsp;&nbsp;","og_url":"https:\/\/spitalmciuc.ro\/suergossegi-fogaszati-rendelo-a-csikszeredai-megyei-suergossegi-korhazban\/","og_site_name":"Cs\u00edkszeredai Megyei S\u00fcrg\u0151ss\u00e9gi K\u00f3rh\u00e1z","article_published_time":"2020-05-11T14:35:39+00:00","article_modified_time":"2022-03-02T07:38:40+00:00","og_image":[{"width":2560,"height":1707,"url":"https:\/\/spitalmciuc.ro\/wp-content\/uploads\/2020\/05\/fogaszat1-scaled.jpg","type":"image\/jpeg"}],"twitter_card":"summary_large_image","twitter_misc":{"Szerz\u0151:":"Milik Szil\u00e1rd","Becs\u00fclt olvas\u00e1si id\u0151":"2 perc"},"schema":{"@context":"https:\/\/schema.org","@graph":[{"@type":"Organization","@id":"https:\/\/spitalmciuc.ro\/#organization","name":"Spitalul Jude\u0163ean de Urgen\u0163\u0103 Miercurea Ciuc","url":"https:\/\/spitalmciuc.ro\/","sameAs":[],"logo":{"@type":"ImageObject","@id":"https:\/\/spitalmciuc.ro\/#logo","inLanguage":"hu","url":"https:\/\/spitalmciuc.ro\/wp-content\/uploads\/2022\/02\/logo-spital-ro-60.jpg","contentUrl":"https:\/\/spitalmciuc.ro\/wp-content\/uploads\/2022\/02\/logo-spital-ro-60.jpg","width":198,"height":60,"caption":"Spitalul Jude\u0163ean de Urgen\u0163\u0103 Miercurea Ciuc"},"image":{"@id":"https:\/\/spitalmciuc.ro\/#logo"}},{"@type":"WebSite","@id":"https:\/\/spitalmciuc.ro\/#website","url":"https:\/\/spitalmciuc.ro\/","name":"Cs\u00edkszeredai Megyei S\u00fcrg\u0151ss\u00e9gi K\u00f3rh\u00e1z","description":"","publisher":{"@id":"https:\/\/spitalmciuc.ro\/#organization"},"potentialAction":[{"@type":"SearchAction","target":{"@type":"EntryPoint","urlTemplate":"https:\/\/spitalmciuc.ro\/?s={search_term_string}"},"query-input":"required name=search_term_string"}],"inLanguage":"hu"},{"@type":"ImageObject","@id":"https:\/\/spitalmciuc.ro\/suergossegi-fogaszati-rendelo-a-csikszeredai-megyei-suergossegi-korhazban\/#primaryimage","inLanguage":"hu","url":"https:\/\/spitalmciuc.ro\/wp-content\/uploads\/2020\/05\/fogaszat1-scaled.jpg","contentUrl":"https:\/\/spitalmciuc.ro\/wp-content\/uploads\/2020\/05\/fogaszat1-scaled.jpg","width":2560,"height":1707},{"@type":"WebPage","@id":"https:\/\/spitalmciuc.ro\/suergossegi-fogaszati-rendelo-a-csikszeredai-megyei-suergossegi-korhazban\/#webpage","url":"https:\/\/spitalmciuc.ro\/suergossegi-fogaszati-rendelo-a-csikszeredai-megyei-suergossegi-korhazban\/","name":"S\u00fcrg\u0151ss\u00e9gi fog\u00e1szati rendel\u0151 a Cs\u00edkszeredai Megyei S\u00fcrg\u0151ss\u00e9gi K\u00f3rh\u00e1zban - Cs\u00edkszeredai Megyei S\u00fcrg\u0151ss\u00e9gi K\u00f3rh\u00e1z","isPartOf":{"@id":"https:\/\/spitalmciuc.ro\/#website"},"primaryImageOfPage":{"@id":"https:\/\/spitalmciuc.ro\/suergossegi-fogaszati-rendelo-a-csikszeredai-megyei-suergossegi-korhazban\/#primaryimage"},"datePublished":"2020-05-11T14:35:39+00:00","dateModified":"2022-03-02T07:38:40+00:00","breadcrumb":{"@id":"https:\/\/spitalmciuc.ro\/suergossegi-fogaszati-rendelo-a-csikszeredai-megyei-suergossegi-korhazban\/#breadcrumb"},"inLanguage":"hu","potentialAction":[{"@type":"ReadAction","target":["https:\/\/spitalmciuc.ro\/suergossegi-fogaszati-rendelo-a-csikszeredai-megyei-suergossegi-korhazban\/"]}]},{"@type":"BreadcrumbList","@id":"https:\/\/spitalmciuc.ro\/suergossegi-fogaszati-rendelo-a-csikszeredai-megyei-suergossegi-korhazban\/#breadcrumb","itemListElement":[{"@type":"ListItem","position":1,"name":"Kezd\u0151lap","item":"https:\/\/spitalmciuc.ro\/hu\/"},{"@type":"ListItem","position":2,"name":"S\u00fcrg\u0151ss\u00e9gi fog\u00e1szati rendel\u0151 a Cs\u00edkszeredai Megyei S\u00fcrg\u0151ss\u00e9gi K\u00f3rh\u00e1zban"}]},{"@type":"Article","@id":"https:\/\/spitalmciuc.ro\/suergossegi-fogaszati-rendelo-a-csikszeredai-megyei-suergossegi-korhazban\/#article","isPartOf":{"@id":"https:\/\/spitalmciuc.ro\/suergossegi-fogaszati-rendelo-a-csikszeredai-megyei-suergossegi-korhazban\/#webpage"},"author":{"@id":"https:\/\/spitalmciuc.ro\/#\/schema\/person\/20ea297ab07e8f4d1689dfe252e34174"},"headline":"S\u00fcrg\u0151ss\u00e9gi fog\u00e1szati rendel\u0151 a Cs\u00edkszeredai Megyei S\u00fcrg\u0151ss\u00e9gi K\u00f3rh\u00e1zban","datePublished":"2020-05-11T14:35:39+00:00","dateModified":"2022-03-02T07:38:40+00:00","mainEntityOfPage":{"@id":"https:\/\/spitalmciuc.ro\/suergossegi-fogaszati-rendelo-a-csikszeredai-megyei-suergossegi-korhazban\/#webpage"},"wordCount":396,"publisher":{"@id":"https:\/\/spitalmciuc.ro\/#organization"},"image":{"@id":"https:\/\/spitalmciuc.ro\/suergossegi-fogaszati-rendelo-a-csikszeredai-megyei-suergossegi-korhazban\/#primaryimage"},"thumbnailUrl":"https:\/\/spitalmciuc.ro\/wp-content\/uploads\/2020\/05\/fogaszat1-scaled.jpg","inLanguage":"hu"},{"@type":"Person","@id":"https:\/\/spitalmciuc.ro\/#\/schema\/person\/20ea297ab07e8f4d1689dfe252e34174","name":"Milik Szil\u00e1rd","url":"https:\/\/spitalmciuc.ro\/hu\/author\/szilard\/"}]}},"_links":{"self":[{"href":"https:\/\/spitalmciuc.ro\/hu\/wp-json\/wp\/v2\/posts\/5579"}],"collection":[{"href":"https:\/\/spitalmciuc.ro\/hu\/wp-json\/wp\/v2\/posts"}],"about":[{"href":"https:\/\/spitalmciuc.ro\/hu\/wp-json\/wp\/v2\/types\/post"}],"author":[{"embeddable":true,"href":"https:\/\/spitalmciuc.ro\/hu\/wp-json\/wp\/v2\/users\/11"}],"replies":[{"embeddable":true,"href":"https:\/\/spitalmciuc.ro\/hu\/wp-json\/wp\/v2\/comments?post=5579"}],"version-history":[{"count":1,"href":"https:\/\/spitalmciuc.ro\/hu\/wp-json\/wp\/v2\/posts\/5579\/revisions"}],"predecessor-version":[{"id":6578,"href":"https:\/\/spitalmciuc.ro\/hu\/wp-json\/wp\/v2\/posts\/5579\/revisions\/6578"}],"wp:featuredmedia":[{"embeddable":true,"href":"https:\/\/spitalmciuc.ro\/hu\/wp-json\/wp\/v2\/media\/719"}],"wp:attachment":[{"href":"https:\/\/spitalmciuc.ro\/hu\/wp-json\/wp\/v2\/media?parent=5579"}],"wp:term":[{"taxonomy":"category","embeddable":true,"href":"https:\/\/spitalmciuc.ro\/hu\/wp-json\/wp\/v2\/categories?post=5579"},{"taxonomy":"post_tag","embeddable":true,"href":"https:\/\/spitalmciuc.ro\/hu\/wp-json\/wp\/v2\/tags?post=5579"}],"curies":[{"name":"wp","href":"https:\/\/api.w.org\/{rel}","templated":true}]}}