{"id":5563,"date":"2020-04-30T14:59:04","date_gmt":"2020-04-30T14:59:04","guid":{"rendered":"https:\/\/spital.creative-solutions.ro\/index.php\/a-szuelok-is-elkiserhetik-gyermekueket\/"},"modified":"2022-03-02T07:38:40","modified_gmt":"2022-03-02T07:38:40","slug":"a-szuelok-is-elkiserhetik-gyermekueket","status":"publish","type":"post","link":"https:\/\/spitalmciuc.ro\/hu\/a-szuelok-is-elkiserhetik-gyermekueket\/","title":{"rendered":"A sz\u00fcl\u0151k is elk\u00eds\u00e9rhetik gyermek\u00fcket"},"content":{"rendered":"<p style=\"text-align: justify;\"><strong>A Cs\u00edkszeredai Megyei S\u00fcrg\u0151ss\u00e9gi K\u00f3rh\u00e1zban lehet\u0151v\u00e9 teszik, hogy sz\u00fcks\u00e9g eset\u00e9n a sz\u00fcl\u0151k valamelyike bent legyen koronav\u00edrusos vagy koronav\u00edrus-fert\u0151z\u00e9s gyan\u00fas kiskor\u00fa gyermek\u00e9vel a k\u00f3rh\u00e1zban.<\/strong><\/p>\n<p style=\"text-align: justify;\">Sok k\u00e9rd\u00e9st fogalmaztak meg az elm\u00falt id\u0151szakban int\u00e9zm\u00e9ny\u00fcnk ir\u00e1ny\u00e1ba azzal kapcsolatosan, hogy a koronav\u00edrusos gyermekekkel egy\u00fctt beutalhat\u00f3-e a sz\u00fcl\u0151k valamelyike is a k\u00f3rh\u00e1zba. Erre az esetre nincs egys\u00e9ges j\u00e1rv\u00e1ny\u00fcgyi el\u0151\u00edr\u00e1s, \u00e1ltal\u00e1nos szab\u00e1ly viszont, hogy az eg\u00e9szs\u00e9ges szem\u00e9lyek nem mehetnek be a fert\u0151z\u00f6ttek k\u00f6zz\u00e9. Tekintettel azonban arra, hogy a kiskor\u00fa gyermekek sz\u00e1m\u00e1ra eddig is t\u00f6rv\u00e9ny szavatolta a k\u00eds\u00e9r\u0151 sz\u00fcl\u0151 beutal\u00e1s\u00e1nak lehet\u0151s\u00e9g\u00e9t, \u00e9s hogy a sz\u00fcl\u0151 jelenl\u00e9te milyen pozit\u00edv hat\u00e1ssal b\u00edr, a gyermekgy\u00f3gy\u00e1szok javaslata szerint a k\u00f3rh\u00e1z erre vonatkoz\u00f3 protokollja lehet\u0151v\u00e9 teszi a kiskor\u00fa koronav\u00edrusos vagy koronav\u00edrus-fert\u0151z\u00e9s gyan\u00fas gyermek beutal\u00e1sa eset\u00e9n is a sz\u00fcl\u0151i k\u00eds\u00e9retet, amennyiben a sz\u00fcl\u0151, ismerve a vesz\u00e9lyeket, hat\u00e1rozottan k\u00e9ri ezt.<\/p>\n<p style=\"text-align: justify;\">A k\u00f3rh\u00e1z gyermekgy\u00f3gy\u00e1szati oszt\u00e1ly\u00e1n egy k\u00fcl\u00f6n sz\u00e1rnyban fogadj\u00e1k a koronav\u00edrus-gyan\u00fas eseteket, amennyiben pedig a fert\u0151z\u00e9s beigazol\u00f3dik, a gyermeket \u00e1thelyezik az orvosok aj\u00e1nl\u00e1sa szerint vagy a cs\u00edksomly\u00f3i, koronav\u00edrusos betegek ell\u00e1t\u00e1sra kialak\u00edtott oszt\u00e1lyra vagy pedig a Sz\u00e9kelyudvarhelyi V\u00e1rosi K\u00f3rh\u00e1zba. Amennyiben az \u00e1llapota kritikus, a Marosv\u00e1s\u00e1rhelyi Klinikai S\u00fcrg\u0151ss\u00e9gi K\u00f3rh\u00e1zba sz\u00e1ll\u00edtj\u00e1k vagy pedig a cs\u00edkszeredai k\u00f3rh\u00e1z s\u00falyos Covid-19-es betegek ell\u00e1t\u00e1s\u00e1ra kialak\u00edtott r\u00e9szleg\u00e9n stabiliz\u00e1lj\u00e1k az \u00e1llapot\u00e1t.<\/p>\n<p style=\"text-align: justify;\">A sz\u00fcl\u0151k koronav\u00edrus-tesztel\u00e9se a j\u00e1rv\u00e1nytan\u00e1sz szakemberek aj\u00e1nl\u00e1sa alapj\u00e1n zajlik. &nbsp;<\/p>\n<p style=\"text-align: justify;\">Cs\u00edkszereda, 2020.04.30<\/p>\n<p>&nbsp;<\/p>\n","protected":false},"excerpt":{"rendered":"<p>A Cs\u00edkszeredai Megyei S\u00fcrg\u0151ss\u00e9gi K\u00f3rh\u00e1zban lehet\u0151v\u00e9 teszik, hogy sz\u00fcks\u00e9g eset\u00e9n a sz\u00fcl\u0151k valamelyike bent legyen koronav\u00edrusos vagy koronav\u00edrus-fert\u0151z\u00e9s gyan\u00fas kiskor\u00fa gyermek\u00e9vel a k\u00f3rh\u00e1zban. Sok k\u00e9rd\u00e9st fogalmaztak meg az elm\u00falt id\u0151szakban int\u00e9zm\u00e9ny\u00fcnk ir\u00e1ny\u00e1ba azzal kapcsolatosan, hogy a koronav\u00edrusos gyermekekkel egy\u00fctt beutalhat\u00f3-e a sz\u00fcl\u0151k valamelyike is a k\u00f3rh\u00e1zba. Erre az esetre nincs egys\u00e9ges j\u00e1rv\u00e1ny\u00fcgyi el\u0151\u00edr\u00e1s, \u00e1ltal\u00e1nos szab\u00e1ly&hellip;<\/p>\n","protected":false},"author":11,"featured_media":0,"comment_status":"closed","ping_status":"closed","sticky":false,"template":"","format":"standard","meta":[],"categories":[],"tags":[],"yoast_head":"<!-- This site is optimized with the Yoast SEO plugin v18.3 - https:\/\/yoast.com\/wordpress\/plugins\/seo\/ -->\n<title>A sz\u00fcl\u0151k is elk\u00eds\u00e9rhetik gyermek\u00fcket - Cs\u00edkszeredai Megyei S\u00fcrg\u0151ss\u00e9gi K\u00f3rh\u00e1z<\/title>\n<meta name=\"robots\" content=\"index, follow, max-snippet:-1, max-image-preview:large, max-video-preview:-1\" \/>\n<link rel=\"canonical\" href=\"https:\/\/spitalmciuc.ro\/a-szuelok-is-elkiserhetik-gyermekueket\/\" \/>\n<meta property=\"og:locale\" content=\"hu_HU\" \/>\n<meta property=\"og:type\" content=\"article\" \/>\n<meta property=\"og:title\" content=\"A sz\u00fcl\u0151k is elk\u00eds\u00e9rhetik gyermek\u00fcket - Cs\u00edkszeredai Megyei S\u00fcrg\u0151ss\u00e9gi K\u00f3rh\u00e1z\" \/>\n<meta property=\"og:description\" content=\"A Cs\u00edkszeredai Megyei S\u00fcrg\u0151ss\u00e9gi K\u00f3rh\u00e1zban lehet\u0151v\u00e9 teszik, hogy sz\u00fcks\u00e9g eset\u00e9n a sz\u00fcl\u0151k valamelyike bent legyen koronav\u00edrusos vagy koronav\u00edrus-fert\u0151z\u00e9s gyan\u00fas kiskor\u00fa gyermek\u00e9vel a k\u00f3rh\u00e1zban. Sok k\u00e9rd\u00e9st fogalmaztak meg az elm\u00falt id\u0151szakban int\u00e9zm\u00e9ny\u00fcnk ir\u00e1ny\u00e1ba azzal kapcsolatosan, hogy a koronav\u00edrusos gyermekekkel egy\u00fctt beutalhat\u00f3-e a sz\u00fcl\u0151k valamelyike is a k\u00f3rh\u00e1zba. Erre az esetre nincs egys\u00e9ges j\u00e1rv\u00e1ny\u00fcgyi el\u0151\u00edr\u00e1s, \u00e1ltal\u00e1nos szab\u00e1ly&hellip;\" \/>\n<meta property=\"og:url\" content=\"https:\/\/spitalmciuc.ro\/a-szuelok-is-elkiserhetik-gyermekueket\/\" \/>\n<meta property=\"og:site_name\" content=\"Cs\u00edkszeredai Megyei S\u00fcrg\u0151ss\u00e9gi K\u00f3rh\u00e1z\" \/>\n<meta property=\"article:published_time\" content=\"2020-04-30T14:59:04+00:00\" \/>\n<meta property=\"article:modified_time\" content=\"2022-03-02T07:38:40+00:00\" \/>\n<meta name=\"twitter:card\" content=\"summary_large_image\" \/>\n<meta name=\"twitter:label1\" content=\"Szerz\u0151:\" \/>\n\t<meta name=\"twitter:data1\" content=\"Milik Szil\u00e1rd\" \/>\n\t<meta name=\"twitter:label2\" content=\"Becs\u00fclt olvas\u00e1si id\u0151\" \/>\n\t<meta name=\"twitter:data2\" content=\"2 perc\" \/>\n<script type=\"application\/ld+json\" class=\"yoast-schema-graph\">{\"@context\":\"https:\/\/schema.org\",\"@graph\":[{\"@type\":\"Organization\",\"@id\":\"https:\/\/spitalmciuc.ro\/#organization\",\"name\":\"Spitalul Jude\u0163ean de Urgen\u0163\u0103 Miercurea Ciuc\",\"url\":\"https:\/\/spitalmciuc.ro\/\",\"sameAs\":[],\"logo\":{\"@type\":\"ImageObject\",\"@id\":\"https:\/\/spitalmciuc.ro\/#logo\",\"inLanguage\":\"hu\",\"url\":\"https:\/\/spitalmciuc.ro\/wp-content\/uploads\/2022\/02\/logo-spital-ro-60.jpg\",\"contentUrl\":\"https:\/\/spitalmciuc.ro\/wp-content\/uploads\/2022\/02\/logo-spital-ro-60.jpg\",\"width\":198,\"height\":60,\"caption\":\"Spitalul Jude\u0163ean de Urgen\u0163\u0103 Miercurea Ciuc\"},\"image\":{\"@id\":\"https:\/\/spitalmciuc.ro\/#logo\"}},{\"@type\":\"WebSite\",\"@id\":\"https:\/\/spitalmciuc.ro\/#website\",\"url\":\"https:\/\/spitalmciuc.ro\/\",\"name\":\"Cs\u00edkszeredai Megyei S\u00fcrg\u0151ss\u00e9gi K\u00f3rh\u00e1z\",\"description\":\"\",\"publisher\":{\"@id\":\"https:\/\/spitalmciuc.ro\/#organization\"},\"potentialAction\":[{\"@type\":\"SearchAction\",\"target\":{\"@type\":\"EntryPoint\",\"urlTemplate\":\"https:\/\/spitalmciuc.ro\/?s={search_term_string}\"},\"query-input\":\"required name=search_term_string\"}],\"inLanguage\":\"hu\"},{\"@type\":\"WebPage\",\"@id\":\"https:\/\/spitalmciuc.ro\/a-szuelok-is-elkiserhetik-gyermekueket\/#webpage\",\"url\":\"https:\/\/spitalmciuc.ro\/a-szuelok-is-elkiserhetik-gyermekueket\/\",\"name\":\"A sz\u00fcl\u0151k is elk\u00eds\u00e9rhetik gyermek\u00fcket - Cs\u00edkszeredai Megyei S\u00fcrg\u0151ss\u00e9gi K\u00f3rh\u00e1z\",\"isPartOf\":{\"@id\":\"https:\/\/spitalmciuc.ro\/#website\"},\"datePublished\":\"2020-04-30T14:59:04+00:00\",\"dateModified\":\"2022-03-02T07:38:40+00:00\",\"breadcrumb\":{\"@id\":\"https:\/\/spitalmciuc.ro\/a-szuelok-is-elkiserhetik-gyermekueket\/#breadcrumb\"},\"inLanguage\":\"hu\",\"potentialAction\":[{\"@type\":\"ReadAction\",\"target\":[\"https:\/\/spitalmciuc.ro\/a-szuelok-is-elkiserhetik-gyermekueket\/\"]}]},{\"@type\":\"BreadcrumbList\",\"@id\":\"https:\/\/spitalmciuc.ro\/a-szuelok-is-elkiserhetik-gyermekueket\/#breadcrumb\",\"itemListElement\":[{\"@type\":\"ListItem\",\"position\":1,\"name\":\"Kezd\u0151lap\",\"item\":\"https:\/\/spitalmciuc.ro\/hu\/\"},{\"@type\":\"ListItem\",\"position\":2,\"name\":\"A sz\u00fcl\u0151k is elk\u00eds\u00e9rhetik gyermek\u00fcket\"}]},{\"@type\":\"Article\",\"@id\":\"https:\/\/spitalmciuc.ro\/a-szuelok-is-elkiserhetik-gyermekueket\/#article\",\"isPartOf\":{\"@id\":\"https:\/\/spitalmciuc.ro\/a-szuelok-is-elkiserhetik-gyermekueket\/#webpage\"},\"author\":{\"@id\":\"https:\/\/spitalmciuc.ro\/#\/schema\/person\/20ea297ab07e8f4d1689dfe252e34174\"},\"headline\":\"A sz\u00fcl\u0151k is elk\u00eds\u00e9rhetik gyermek\u00fcket\",\"datePublished\":\"2020-04-30T14:59:04+00:00\",\"dateModified\":\"2022-03-02T07:38:40+00:00\",\"mainEntityOfPage\":{\"@id\":\"https:\/\/spitalmciuc.ro\/a-szuelok-is-elkiserhetik-gyermekueket\/#webpage\"},\"wordCount\":358,\"publisher\":{\"@id\":\"https:\/\/spitalmciuc.ro\/#organization\"},\"inLanguage\":\"hu\"},{\"@type\":\"Person\",\"@id\":\"https:\/\/spitalmciuc.ro\/#\/schema\/person\/20ea297ab07e8f4d1689dfe252e34174\",\"name\":\"Milik Szil\u00e1rd\",\"url\":\"https:\/\/spitalmciuc.ro\/hu\/author\/szilard\/\"}]}<\/script>\n<!-- \/ Yoast SEO plugin. -->","yoast_head_json":{"title":"A sz\u00fcl\u0151k is elk\u00eds\u00e9rhetik gyermek\u00fcket - Cs\u00edkszeredai Megyei S\u00fcrg\u0151ss\u00e9gi K\u00f3rh\u00e1z","robots":{"index":"index","follow":"follow","max-snippet":"max-snippet:-1","max-image-preview":"max-image-preview:large","max-video-preview":"max-video-preview:-1"},"canonical":"https:\/\/spitalmciuc.ro\/a-szuelok-is-elkiserhetik-gyermekueket\/","og_locale":"hu_HU","og_type":"article","og_title":"A sz\u00fcl\u0151k is elk\u00eds\u00e9rhetik gyermek\u00fcket - Cs\u00edkszeredai Megyei S\u00fcrg\u0151ss\u00e9gi K\u00f3rh\u00e1z","og_description":"A Cs\u00edkszeredai Megyei S\u00fcrg\u0151ss\u00e9gi K\u00f3rh\u00e1zban lehet\u0151v\u00e9 teszik, hogy sz\u00fcks\u00e9g eset\u00e9n a sz\u00fcl\u0151k valamelyike bent legyen koronav\u00edrusos vagy koronav\u00edrus-fert\u0151z\u00e9s gyan\u00fas kiskor\u00fa gyermek\u00e9vel a k\u00f3rh\u00e1zban. Sok k\u00e9rd\u00e9st fogalmaztak meg az elm\u00falt id\u0151szakban int\u00e9zm\u00e9ny\u00fcnk ir\u00e1ny\u00e1ba azzal kapcsolatosan, hogy a koronav\u00edrusos gyermekekkel egy\u00fctt beutalhat\u00f3-e a sz\u00fcl\u0151k valamelyike is a k\u00f3rh\u00e1zba. Erre az esetre nincs egys\u00e9ges j\u00e1rv\u00e1ny\u00fcgyi el\u0151\u00edr\u00e1s, \u00e1ltal\u00e1nos szab\u00e1ly&hellip;","og_url":"https:\/\/spitalmciuc.ro\/a-szuelok-is-elkiserhetik-gyermekueket\/","og_site_name":"Cs\u00edkszeredai Megyei S\u00fcrg\u0151ss\u00e9gi K\u00f3rh\u00e1z","article_published_time":"2020-04-30T14:59:04+00:00","article_modified_time":"2022-03-02T07:38:40+00:00","twitter_card":"summary_large_image","twitter_misc":{"Szerz\u0151:":"Milik Szil\u00e1rd","Becs\u00fclt olvas\u00e1si id\u0151":"2 perc"},"schema":{"@context":"https:\/\/schema.org","@graph":[{"@type":"Organization","@id":"https:\/\/spitalmciuc.ro\/#organization","name":"Spitalul Jude\u0163ean de Urgen\u0163\u0103 Miercurea Ciuc","url":"https:\/\/spitalmciuc.ro\/","sameAs":[],"logo":{"@type":"ImageObject","@id":"https:\/\/spitalmciuc.ro\/#logo","inLanguage":"hu","url":"https:\/\/spitalmciuc.ro\/wp-content\/uploads\/2022\/02\/logo-spital-ro-60.jpg","contentUrl":"https:\/\/spitalmciuc.ro\/wp-content\/uploads\/2022\/02\/logo-spital-ro-60.jpg","width":198,"height":60,"caption":"Spitalul Jude\u0163ean de Urgen\u0163\u0103 Miercurea Ciuc"},"image":{"@id":"https:\/\/spitalmciuc.ro\/#logo"}},{"@type":"WebSite","@id":"https:\/\/spitalmciuc.ro\/#website","url":"https:\/\/spitalmciuc.ro\/","name":"Cs\u00edkszeredai Megyei S\u00fcrg\u0151ss\u00e9gi K\u00f3rh\u00e1z","description":"","publisher":{"@id":"https:\/\/spitalmciuc.ro\/#organization"},"potentialAction":[{"@type":"SearchAction","target":{"@type":"EntryPoint","urlTemplate":"https:\/\/spitalmciuc.ro\/?s={search_term_string}"},"query-input":"required name=search_term_string"}],"inLanguage":"hu"},{"@type":"WebPage","@id":"https:\/\/spitalmciuc.ro\/a-szuelok-is-elkiserhetik-gyermekueket\/#webpage","url":"https:\/\/spitalmciuc.ro\/a-szuelok-is-elkiserhetik-gyermekueket\/","name":"A sz\u00fcl\u0151k is elk\u00eds\u00e9rhetik gyermek\u00fcket - Cs\u00edkszeredai Megyei S\u00fcrg\u0151ss\u00e9gi K\u00f3rh\u00e1z","isPartOf":{"@id":"https:\/\/spitalmciuc.ro\/#website"},"datePublished":"2020-04-30T14:59:04+00:00","dateModified":"2022-03-02T07:38:40+00:00","breadcrumb":{"@id":"https:\/\/spitalmciuc.ro\/a-szuelok-is-elkiserhetik-gyermekueket\/#breadcrumb"},"inLanguage":"hu","potentialAction":[{"@type":"ReadAction","target":["https:\/\/spitalmciuc.ro\/a-szuelok-is-elkiserhetik-gyermekueket\/"]}]},{"@type":"BreadcrumbList","@id":"https:\/\/spitalmciuc.ro\/a-szuelok-is-elkiserhetik-gyermekueket\/#breadcrumb","itemListElement":[{"@type":"ListItem","position":1,"name":"Kezd\u0151lap","item":"https:\/\/spitalmciuc.ro\/hu\/"},{"@type":"ListItem","position":2,"name":"A sz\u00fcl\u0151k is elk\u00eds\u00e9rhetik gyermek\u00fcket"}]},{"@type":"Article","@id":"https:\/\/spitalmciuc.ro\/a-szuelok-is-elkiserhetik-gyermekueket\/#article","isPartOf":{"@id":"https:\/\/spitalmciuc.ro\/a-szuelok-is-elkiserhetik-gyermekueket\/#webpage"},"author":{"@id":"https:\/\/spitalmciuc.ro\/#\/schema\/person\/20ea297ab07e8f4d1689dfe252e34174"},"headline":"A sz\u00fcl\u0151k is elk\u00eds\u00e9rhetik gyermek\u00fcket","datePublished":"2020-04-30T14:59:04+00:00","dateModified":"2022-03-02T07:38:40+00:00","mainEntityOfPage":{"@id":"https:\/\/spitalmciuc.ro\/a-szuelok-is-elkiserhetik-gyermekueket\/#webpage"},"wordCount":358,"publisher":{"@id":"https:\/\/spitalmciuc.ro\/#organization"},"inLanguage":"hu"},{"@type":"Person","@id":"https:\/\/spitalmciuc.ro\/#\/schema\/person\/20ea297ab07e8f4d1689dfe252e34174","name":"Milik Szil\u00e1rd","url":"https:\/\/spitalmciuc.ro\/hu\/author\/szilard\/"}]}},"_links":{"self":[{"href":"https:\/\/spitalmciuc.ro\/hu\/wp-json\/wp\/v2\/posts\/5563"}],"collection":[{"href":"https:\/\/spitalmciuc.ro\/hu\/wp-json\/wp\/v2\/posts"}],"about":[{"href":"https:\/\/spitalmciuc.ro\/hu\/wp-json\/wp\/v2\/types\/post"}],"author":[{"embeddable":true,"href":"https:\/\/spitalmciuc.ro\/hu\/wp-json\/wp\/v2\/users\/11"}],"replies":[{"embeddable":true,"href":"https:\/\/spitalmciuc.ro\/hu\/wp-json\/wp\/v2\/comments?post=5563"}],"version-history":[{"count":1,"href":"https:\/\/spitalmciuc.ro\/hu\/wp-json\/wp\/v2\/posts\/5563\/revisions"}],"predecessor-version":[{"id":6583,"href":"https:\/\/spitalmciuc.ro\/hu\/wp-json\/wp\/v2\/posts\/5563\/revisions\/6583"}],"wp:attachment":[{"href":"https:\/\/spitalmciuc.ro\/hu\/wp-json\/wp\/v2\/media?parent=5563"}],"wp:term":[{"taxonomy":"category","embeddable":true,"href":"https:\/\/spitalmciuc.ro\/hu\/wp-json\/wp\/v2\/categories?post=5563"},{"taxonomy":"post_tag","embeddable":true,"href":"https:\/\/spitalmciuc.ro\/hu\/wp-json\/wp\/v2\/tags?post=5563"}],"curies":[{"name":"wp","href":"https:\/\/api.w.org\/{rel}","templated":true}]}}