{"id":5561,"date":"2020-04-29T05:30:10","date_gmt":"2020-04-29T05:30:10","guid":{"rendered":"https:\/\/spital.creative-solutions.ro\/index.php\/megepuelt-a-modularis-korhaz-csiksomlyon-toebb-fertozo-beteget-tudnak-kezelni\/"},"modified":"2022-03-02T07:39:22","modified_gmt":"2022-03-02T07:39:22","slug":"megepuelt-a-modularis-korhaz-csiksomlyon-toebb-fertozo-beteget-tudnak-kezelni","status":"publish","type":"post","link":"https:\/\/spitalmciuc.ro\/hu\/megepuelt-a-modularis-korhaz-csiksomlyon-toebb-fertozo-beteget-tudnak-kezelni\/","title":{"rendered":"Meg\u00e9p\u00fclt a modul\u00e1ris k\u00f3rh\u00e1z Cs\u00edksomly\u00f3n, t\u00f6bb fert\u0151z\u0151 beteget tudnak kezelni"},"content":{"rendered":"<p style=\"text-align: justify;\"><img decoding=\"async\" loading=\"lazy\" class=\" alignright size-full wp-image-692\" style=\"margin: 10px; float: right;\" src=\"https:\/\/spitalmciuc.ro\/wp-content\/uploads\/2020\/04\/sajtotajekoztato2.jpg\" alt=\"sajtotajekoztato2\" width=\"400\" height=\"267\" srcset=\"https:\/\/spitalmciuc.ro\/wp-content\/uploads\/2020\/04\/sajtotajekoztato2.jpg 1715w, https:\/\/spitalmciuc.ro\/wp-content\/uploads\/2020\/04\/sajtotajekoztato2-300x200.jpg 300w, https:\/\/spitalmciuc.ro\/wp-content\/uploads\/2020\/04\/sajtotajekoztato2-1024x682.jpg 1024w, https:\/\/spitalmciuc.ro\/wp-content\/uploads\/2020\/04\/sajtotajekoztato2-768x512.jpg 768w, https:\/\/spitalmciuc.ro\/wp-content\/uploads\/2020\/04\/sajtotajekoztato2-1536x1024.jpg 1536w\" sizes=\"(max-width: 400px) 100vw, 400px\" \/><\/p>\n<p style=\"text-align: justify;\">\u201eEz az id\u0151szak, amikor az eg\u00e9sz vil\u00e1got a koronav\u00edrus-j\u00e1rv\u00e1ny tartja k\u00e9sz\u00fclts\u00e9gben, hozott pozit\u00edv dolgokat is. Sz\u00e1munkra ism\u00e9t bebizonyosodott, hogy sz\u00fcks\u00e9gben az itteni k\u00f6z\u00f6ss\u00e9gek \u00f6ssze tudnak fogni. K\u00f6sz\u00f6net Tikosi L\u00e1szl\u00f3 polg\u00e1rmesternek \u00e9s Homor\u00f3dalm\u00e1s Polg\u00e1rmesteri Hivatal\u00e1nak, akik erre az id\u0151szakra biztos\u00edtj\u00e1k a t\u00edz felszerelt, a szabv\u00e1nyoknak megfelel\u0151 \u00e1gyat a kont\u00e9nerk\u00f3rh\u00e1zban, amelyek a betegek k\u00e9nyelm\u00e9t szolg\u00e1lj\u00e1k\u201d \u2013 mondta B\u00edr\u00f3 Barna Botond, Hargita Megye Tan\u00e1cs\u00e1nak aleln\u00f6ke.<\/p>\n<p style=\"text-align: justify;\">\u201eSz\u00e9lesk\u00f6r\u0171 \u00f6sszefog\u00e1snak k\u00f6sz\u00f6nhet\u0151 mindaz, amit siker\u00fclt megval\u00f3s\u00edtani az elm\u00falt k\u00e9t h\u00f3napban. Esem\u00e9nyek sorozata zajlik, \u00e9s ebben a v\u00e1ls\u00e1gos helyzetben gyorsan kell reag\u00e1lni. Az egyik els\u0151 ilyen felmer\u00fcl\u0151 ig\u00e9ny a fert\u0151z\u0151oszt\u00e1ly fel\u00fclet\u00e9nek b\u0151v\u00edt\u00e9se volt, a megval\u00f3s\u00edt\u00e1s m\u00f3dj\u00e1t megkereste a megyei tan\u00e1cs, \u00e9s mindenki lelkes hozz\u00e1\u00e1ll\u00e1s\u00e1nak k\u00f6sz\u00f6nhet\u0151en h\u00e1rom h\u00e9t alatt siker\u00fclt meg\u00e9p\u00edteni\u201d \u2013 fejtette ki Ion Proca Hargita megyei prefektus.<\/p>\n<p style=\"text-align: justify;\">\u201eB\u00e1mulatos gyorsas\u00e1ggal fogott \u00f6ssze mindenki, az int\u00e9zm\u00e9nyek \u00e9s a t\u00e1mogat\u00f3k. P\u00e9ldamutat\u00f3 eredm\u00e9ny, amely Hargita megy\u00e9t az \u00e9lvonalba emeli. Ez a hozz\u00e1\u00e1ll\u00e1s is magyar\u00e1zza, hogy mi\u00e9rt \u00e1ll j\u00f3l j\u00e1rv\u00e1nytani szempontb\u00f3l Hargita megye\u201d \u2013 fejtette ki Tar Gy\u00f6ngyi, a Hargita Megyei K\u00f6zeg\u00e9szs\u00e9g\u00fcgyi Igazgat\u00f3s\u00e1g vezet\u0151je.<\/p>\n<p style=\"text-align: justify;\">Borboly Csaba \u00fajs\u00e1g\u00edr\u00f3i k\u00e9rd\u00e9sre az \u00e9p\u00edtkez\u00e9s kapcs\u00e1n elmondta, a f\u00f6ld felsz\u00edn\u00e9n a modul\u00e1ris elemekb\u0151l val\u00f3 \u00e9p\u00edtkez\u00e9s nem enged\u00e9lyk\u00f6teles, mivel ehhez nem kell alapot \u00e1sni. Tov\u00e1bb\u00e1 a f\u00f6ld felsz\u00edn\u00e9t\u0151l 20 cm-re, n\u00e9h\u00e1ny m\u00e9teren kereszt\u00fcl bevezett\u00e9k a v\u00edzvezet\u00e9ket \u00e9s a villanyvezet\u00e9ket, ez\u00e9rt erre id\u0151ben, m\u00e9g az \u00e9p\u00edtkez\u00e9s alatt elind\u00edtott\u00e1k az enged\u00e9lyez\u00e9si folyamatot. Rendk\u00edv\u00fcli helyzetben a t\u00f6rv\u00e9ny lehet\u0151s\u00e9get ad arra, hogy a munk\u00e1latokkal p\u00e1rhuzamosan t\u00f6rt\u00e9njen az enged\u00e9lyeztet\u00e9s, hangs\u00falyozta a megyeeln\u00f6k.&nbsp;&nbsp;<\/p>\n<p style=\"text-align: justify;\">Cs\u00edkszereda, 2020. \u00e1prilis 28.<\/p>\n<p>&nbsp;<\/p>\n","protected":false},"excerpt":{"rendered":"<p style=\"text-align: justify;\">Elk\u00e9sz\u00fclt a modul\u00e1ris k\u00f3rh\u00e1z a Cs\u00edkszeredai Megyei S\u00fcrg\u0151ss\u00e9gi K\u00f3rh\u00e1z fert\u0151z\u0151 betegs\u00e9geket kezel\u0151 oszt\u00e1ly\u00e1nak szomsz\u00e9ds\u00e1g\u00e1ban, Cs\u00edksomly\u00f3n.&nbsp;A megval\u00f3s\u00edt\u00e1s az \u00e9rintett k\u00f6zint\u00e9zm\u00e9nyek \u00e9s a t\u00e1mogat\u00f3k p\u00e9ldamutat\u00f3 \u00f6sszefog\u00e1s\u00e1nak k\u00f6sz\u00f6nhet\u0151en j\u00f6hetett l\u00e9tre. Az egyel\u0151re t\u00edz \u00e1ggyal felszerelt kont\u00e9nerk\u00f3rh\u00e1z meg\u00e9p\u00edt\u00e9se \u00e9s felszerel\u00e9se egy \u00fajabb igazi kal\u00e1ka eredm\u00e9nye, fogalmazott Borboly Csaba, a Cs\u00edkszeredai Megyei S\u00fcrg\u0151ss\u00e9gi K\u00f3rh\u00e1zat fenntart\u00f3 Hargita Megye Tan\u00e1cs\u00e1nak eln\u00f6ke. A l\u00e9tes\u00edtm\u00e9nyt \u00e1prilis 28-\u00e1n sajt\u00f3t\u00e1j\u00e9koztat\u00f3n mutatt\u00e1k be az el\u00f6lj\u00e1r\u00f3k.<\/p>\n<p style=\"text-align: justify;\"><img decoding=\"async\" loading=\"lazy\" class=\" alignleft size-full wp-image-689\" style=\"margin: 10px; float: left;\" src=\"https:\/\/spitalmciuc.ro\/wp-content\/uploads\/2020\/04\/20200428_121325-scaled.jpg\" alt=\"20200428 121325\" width=\"400\" height=\"300\" srcset=\"https:\/\/spitalmciuc.ro\/wp-content\/uploads\/2020\/04\/20200428_121325-scaled.jpg 2560w, https:\/\/spitalmciuc.ro\/wp-content\/uploads\/2020\/04\/20200428_121325-300x225.jpg 300w, https:\/\/spitalmciuc.ro\/wp-content\/uploads\/2020\/04\/20200428_121325-1024x768.jpg 1024w, https:\/\/spitalmciuc.ro\/wp-content\/uploads\/2020\/04\/20200428_121325-768x576.jpg 768w, https:\/\/spitalmciuc.ro\/wp-content\/uploads\/2020\/04\/20200428_121325-1536x1152.jpg 1536w, https:\/\/spitalmciuc.ro\/wp-content\/uploads\/2020\/04\/20200428_121325-2048x1536.jpg 2048w\" sizes=\"(max-width: 400px) 100vw, 400px\" \/>A modul\u00e1ris k\u00f3rh\u00e1z meg\u00e9p\u00edt\u00e9s\u00e9re az\u00e9rt volt sz\u00fcks\u00e9g, hogy b\u0151v\u00edteni tudj\u00e1k az \u00e1gyak sz\u00e1m\u00e1t a fert\u0151z\u0151 betegs\u00e9geket kezel\u0151 oszt\u00e1lyon, illetve hogy felk\u00e9sz\u00fcljenek az esetleges nagyobb sz\u00e1mban koronav\u00edrussal fert\u0151z\u00f6ttek ell\u00e1t\u00e1s\u00e1ra. A l\u00e9tes\u00edtm\u00e9ny nyolc kont\u00e9nerb\u0151l \u00e1ll, ebb\u0151l hetet \u00e9p\u00edtettek egybe, ahol a koronav\u00edrussal fert\u0151z\u00f6tteket kezelik, a nyolcadik pedig az \u00f6lt\u00f6z\u0151 az orvosoknak, asszisztenseknek. A kont\u00e9nerk\u00f3rh\u00e1zat felszerelt\u00e9k orvosi felszerel\u00e9sekkel: k\u00f3rh\u00e1zi \u00e1gyakkal, \u00e9jjeli szekr\u00e9nnyel, inf\u00fazi\u00f3adagol\u00f3 k\u00e9sz\u00fcl\u00e9kkel, \u00e9lettani funkci\u00f3kat ellen\u0151rz\u0151 monitorral, EKG-k\u00e9sz\u00fcl\u00e9kkel, defibrill\u00e1torral. L\u00e9gkond\u00edcion\u00e1l\u00f3 \u00e9s elektromos f\u0171t\u00e9s is van, a f\u00fcrd\u0151szob\u00e1k is teljesen felszereltek. A nyolc kont\u00e9ner \u00f6sszesen 245 ezer lejbe ker\u00fclt, fel\u00e9t a megyei tan\u00e1cs v\u00e1s\u00e1rolta meg, m\u00e1sik fel\u00e9t a megyei s\u00fcrg\u0151ss\u00e9gi k\u00f3rh\u00e1z a megyei tan\u00e1cs \u00e1ltal kiutalt finansz\u00edroz\u00e1sb\u00f3l.&nbsp;<\/p>\n<p style=\"text-align: justify;\">\u201eEzzel a beruh\u00e1z\u00e1ssal b\u0151v\u00fclt a betegek ell\u00e1t\u00e1s\u00e1ra alkalmas fel\u00fclet, \u00e9s el tudjuk k\u00fcl\u00f6n\u00edteni a s\u00falyos \u00e9s l\u00e1badoz\u00f3 fert\u0151z\u0151 betegeket. A modul\u00e1ris k\u00f3rh\u00e1znak a koronav\u00edrus-j\u00e1rv\u00e1ny ut\u00e1n is nagy haszn\u00e1t vessz\u00fck, hiszen b\u00e1rmilyen m\u00e1s j\u00e1rv\u00e1ny eset\u00e9n t\u00f6bb \u00e1gyra \u00e9s helyre van sz\u00fcks\u00e9g\u201d \u2013 mondta Konr\u00e1d Judit k\u00f3rh\u00e1zmenedzser.<\/p>\n<p style=\"text-align: justify;\">\u201eA betegek biztons\u00e1gosabb ell\u00e1t\u00e1s\u00e1t, a gyorsabb fel\u00e9p\u00fcl\u00e9st seg\u00edti a meg\u00e9p\u00edtett modul\u00e1ris k\u00f3rh\u00e1z. H\u00e1rom h\u00e9t alatt siker\u00fclt fel\u00e9p\u00edteni a kont\u00e9nerk\u00f3rh\u00e1zat, amely jelenleg t\u00edz \u00e1ggyal van felszerelve. Biztons\u00e1gos Hargita megy\u00e9\u00e9rt dolgozunk, hogy fiataljainknak j\u00f6v\u0151k\u00e9pet \u00e9s az itthon marad\u00e1sra lehet\u0151s\u00e9geket biztos\u00edtsunk. Ez\u00e9rt t\u00f6bbek k\u00f6z\u00f6tt az a feladatunk, hogy a szakembereket seg\u00edts\u00fck. Az \u00e9rintett k\u00f6zint\u00e9zm\u00e9nyek ez alkalommal is kiv\u00e1l\u00f3an egy\u00fcttm\u0171k\u00f6dtek, egy \u00fajabb igazi kal\u00e1ka eredm\u00e9nye a beruh\u00e1z\u00e1s. K\u00f6sz\u00f6net Sz\u00e1sz Zsolt tervez\u0151nek az \u00f6nk\u00e9ntes munk\u00e1\u00e9rt, illetve a k\u00f3rh\u00e1z \u00e9s a megyei tan\u00e1cs munkat\u00e1rsainak, akik f\u00e1radhatatlanul dolgoztak a kont\u00e9nerk\u00f3rh\u00e1z meg\u00e9p\u00edt\u00e9s\u00e9\u00e9rt\u201d \u2013 nyilatkozta Borboly Csaba.<\/p>\n","protected":false},"author":11,"featured_media":689,"comment_status":"closed","ping_status":"closed","sticky":false,"template":"","format":"standard","meta":[],"categories":[],"tags":[],"yoast_head":"<!-- This site is optimized with the Yoast SEO plugin v18.3 - https:\/\/yoast.com\/wordpress\/plugins\/seo\/ -->\n<title>Meg\u00e9p\u00fclt a modul\u00e1ris k\u00f3rh\u00e1z Cs\u00edksomly\u00f3n, t\u00f6bb fert\u0151z\u0151 beteget tudnak kezelni - Cs\u00edkszeredai Megyei S\u00fcrg\u0151ss\u00e9gi K\u00f3rh\u00e1z<\/title>\n<meta name=\"robots\" content=\"index, follow, max-snippet:-1, max-image-preview:large, max-video-preview:-1\" \/>\n<link rel=\"canonical\" href=\"https:\/\/spitalmciuc.ro\/megepuelt-a-modularis-korhaz-csiksomlyon-toebb-fertozo-beteget-tudnak-kezelni\/\" \/>\n<meta property=\"og:locale\" content=\"hu_HU\" \/>\n<meta property=\"og:type\" content=\"article\" \/>\n<meta property=\"og:title\" content=\"Meg\u00e9p\u00fclt a modul\u00e1ris k\u00f3rh\u00e1z Cs\u00edksomly\u00f3n, t\u00f6bb fert\u0151z\u0151 beteget tudnak kezelni - Cs\u00edkszeredai Megyei S\u00fcrg\u0151ss\u00e9gi K\u00f3rh\u00e1z\" \/>\n<meta property=\"og:description\" content=\"Elk\u00e9sz\u00fclt a modul\u00e1ris k\u00f3rh\u00e1z a Cs\u00edkszeredai Megyei S\u00fcrg\u0151ss\u00e9gi K\u00f3rh\u00e1z fert\u0151z\u0151 betegs\u00e9geket kezel\u0151 oszt\u00e1ly\u00e1nak szomsz\u00e9ds\u00e1g\u00e1ban, Cs\u00edksomly\u00f3n.&nbsp;A megval\u00f3s\u00edt\u00e1s az \u00e9rintett k\u00f6zint\u00e9zm\u00e9nyek \u00e9s a t\u00e1mogat\u00f3k p\u00e9ldamutat\u00f3 \u00f6sszefog\u00e1s\u00e1nak k\u00f6sz\u00f6nhet\u0151en j\u00f6hetett l\u00e9tre. Az egyel\u0151re t\u00edz \u00e1ggyal felszerelt kont\u00e9nerk\u00f3rh\u00e1z meg\u00e9p\u00edt\u00e9se \u00e9s felszerel\u00e9se egy \u00fajabb igazi kal\u00e1ka eredm\u00e9nye, fogalmazott Borboly Csaba, a Cs\u00edkszeredai Megyei S\u00fcrg\u0151ss\u00e9gi K\u00f3rh\u00e1zat fenntart\u00f3 Hargita Megye Tan\u00e1cs\u00e1nak eln\u00f6ke. A l\u00e9tes\u00edtm\u00e9nyt \u00e1prilis 28-\u00e1n sajt\u00f3t\u00e1j\u00e9koztat\u00f3n mutatt\u00e1k be az el\u00f6lj\u00e1r\u00f3k. A modul\u00e1ris k\u00f3rh\u00e1z meg\u00e9p\u00edt\u00e9s\u00e9re az\u00e9rt volt sz\u00fcks\u00e9g, hogy b\u0151v\u00edteni tudj\u00e1k az \u00e1gyak sz\u00e1m\u00e1t a fert\u0151z\u0151 betegs\u00e9geket kezel\u0151 oszt\u00e1lyon, illetve hogy felk\u00e9sz\u00fcljenek az esetleges nagyobb sz\u00e1mban koronav\u00edrussal fert\u0151z\u00f6ttek ell\u00e1t\u00e1s\u00e1ra. A l\u00e9tes\u00edtm\u00e9ny nyolc kont\u00e9nerb\u0151l \u00e1ll, ebb\u0151l hetet \u00e9p\u00edtettek egybe, ahol a koronav\u00edrussal fert\u0151z\u00f6tteket kezelik, a nyolcadik pedig az \u00f6lt\u00f6z\u0151 az orvosoknak, asszisztenseknek. A kont\u00e9nerk\u00f3rh\u00e1zat felszerelt\u00e9k orvosi felszerel\u00e9sekkel: k\u00f3rh\u00e1zi \u00e1gyakkal, \u00e9jjeli szekr\u00e9nnyel, inf\u00fazi\u00f3adagol\u00f3 k\u00e9sz\u00fcl\u00e9kkel, \u00e9lettani funkci\u00f3kat ellen\u0151rz\u0151 monitorral, EKG-k\u00e9sz\u00fcl\u00e9kkel, defibrill\u00e1torral. L\u00e9gkond\u00edcion\u00e1l\u00f3 \u00e9s elektromos f\u0171t\u00e9s is van, a f\u00fcrd\u0151szob\u00e1k is teljesen felszereltek. A nyolc kont\u00e9ner \u00f6sszesen 245 ezer lejbe ker\u00fclt, fel\u00e9t a megyei tan\u00e1cs v\u00e1s\u00e1rolta meg, m\u00e1sik fel\u00e9t a megyei s\u00fcrg\u0151ss\u00e9gi k\u00f3rh\u00e1z a megyei tan\u00e1cs \u00e1ltal kiutalt finansz\u00edroz\u00e1sb\u00f3l.&nbsp; \u201eEzzel a beruh\u00e1z\u00e1ssal b\u0151v\u00fclt a betegek ell\u00e1t\u00e1s\u00e1ra alkalmas fel\u00fclet, \u00e9s el tudjuk k\u00fcl\u00f6n\u00edteni a s\u00falyos \u00e9s l\u00e1badoz\u00f3 fert\u0151z\u0151 betegeket. A modul\u00e1ris k\u00f3rh\u00e1znak a koronav\u00edrus-j\u00e1rv\u00e1ny ut\u00e1n is nagy haszn\u00e1t vessz\u00fck, hiszen b\u00e1rmilyen m\u00e1s j\u00e1rv\u00e1ny eset\u00e9n t\u00f6bb \u00e1gyra \u00e9s helyre van sz\u00fcks\u00e9g\u201d \u2013 mondta Konr\u00e1d Judit k\u00f3rh\u00e1zmenedzser. \u201eA betegek biztons\u00e1gosabb ell\u00e1t\u00e1s\u00e1t, a gyorsabb fel\u00e9p\u00fcl\u00e9st seg\u00edti a meg\u00e9p\u00edtett modul\u00e1ris k\u00f3rh\u00e1z. H\u00e1rom h\u00e9t alatt siker\u00fclt fel\u00e9p\u00edteni a kont\u00e9nerk\u00f3rh\u00e1zat, amely jelenleg t\u00edz \u00e1ggyal van felszerelve. Biztons\u00e1gos Hargita megy\u00e9\u00e9rt dolgozunk, hogy fiataljainknak j\u00f6v\u0151k\u00e9pet \u00e9s az itthon marad\u00e1sra lehet\u0151s\u00e9geket biztos\u00edtsunk. Ez\u00e9rt t\u00f6bbek k\u00f6z\u00f6tt az a feladatunk, hogy a szakembereket seg\u00edts\u00fck. Az \u00e9rintett k\u00f6zint\u00e9zm\u00e9nyek ez alkalommal is kiv\u00e1l\u00f3an egy\u00fcttm\u0171k\u00f6dtek, egy \u00fajabb igazi kal\u00e1ka eredm\u00e9nye a beruh\u00e1z\u00e1s. K\u00f6sz\u00f6net Sz\u00e1sz Zsolt tervez\u0151nek az \u00f6nk\u00e9ntes munk\u00e1\u00e9rt, illetve a k\u00f3rh\u00e1z \u00e9s a megyei tan\u00e1cs munkat\u00e1rsainak, akik f\u00e1radhatatlanul dolgoztak a kont\u00e9nerk\u00f3rh\u00e1z meg\u00e9p\u00edt\u00e9s\u00e9\u00e9rt\u201d \u2013 nyilatkozta Borboly Csaba.\" \/>\n<meta property=\"og:url\" content=\"https:\/\/spitalmciuc.ro\/megepuelt-a-modularis-korhaz-csiksomlyon-toebb-fertozo-beteget-tudnak-kezelni\/\" \/>\n<meta property=\"og:site_name\" content=\"Cs\u00edkszeredai Megyei S\u00fcrg\u0151ss\u00e9gi K\u00f3rh\u00e1z\" \/>\n<meta property=\"article:published_time\" content=\"2020-04-29T05:30:10+00:00\" \/>\n<meta property=\"article:modified_time\" content=\"2022-03-02T07:39:22+00:00\" \/>\n<meta property=\"og:image\" content=\"https:\/\/spitalmciuc.ro\/wp-content\/uploads\/2020\/04\/20200428_121325-scaled.jpg\" \/>\n\t<meta property=\"og:image:width\" content=\"2560\" \/>\n\t<meta property=\"og:image:height\" content=\"1920\" \/>\n\t<meta property=\"og:image:type\" content=\"image\/jpeg\" \/>\n<meta name=\"twitter:card\" content=\"summary_large_image\" \/>\n<meta name=\"twitter:label1\" content=\"Szerz\u0151:\" \/>\n\t<meta name=\"twitter:data1\" content=\"Milik Szil\u00e1rd\" \/>\n\t<meta name=\"twitter:label2\" content=\"Becs\u00fclt olvas\u00e1si id\u0151\" \/>\n\t<meta name=\"twitter:data2\" content=\"2 perc\" \/>\n<script type=\"application\/ld+json\" class=\"yoast-schema-graph\">{\"@context\":\"https:\/\/schema.org\",\"@graph\":[{\"@type\":\"Organization\",\"@id\":\"https:\/\/spitalmciuc.ro\/#organization\",\"name\":\"Spitalul Jude\u0163ean de Urgen\u0163\u0103 Miercurea Ciuc\",\"url\":\"https:\/\/spitalmciuc.ro\/\",\"sameAs\":[],\"logo\":{\"@type\":\"ImageObject\",\"@id\":\"https:\/\/spitalmciuc.ro\/#logo\",\"inLanguage\":\"hu\",\"url\":\"https:\/\/spitalmciuc.ro\/wp-content\/uploads\/2022\/02\/logo-spital-ro-60.jpg\",\"contentUrl\":\"https:\/\/spitalmciuc.ro\/wp-content\/uploads\/2022\/02\/logo-spital-ro-60.jpg\",\"width\":198,\"height\":60,\"caption\":\"Spitalul Jude\u0163ean de Urgen\u0163\u0103 Miercurea Ciuc\"},\"image\":{\"@id\":\"https:\/\/spitalmciuc.ro\/#logo\"}},{\"@type\":\"WebSite\",\"@id\":\"https:\/\/spitalmciuc.ro\/#website\",\"url\":\"https:\/\/spitalmciuc.ro\/\",\"name\":\"Cs\u00edkszeredai Megyei S\u00fcrg\u0151ss\u00e9gi K\u00f3rh\u00e1z\",\"description\":\"\",\"publisher\":{\"@id\":\"https:\/\/spitalmciuc.ro\/#organization\"},\"potentialAction\":[{\"@type\":\"SearchAction\",\"target\":{\"@type\":\"EntryPoint\",\"urlTemplate\":\"https:\/\/spitalmciuc.ro\/?s={search_term_string}\"},\"query-input\":\"required name=search_term_string\"}],\"inLanguage\":\"hu\"},{\"@type\":\"ImageObject\",\"@id\":\"https:\/\/spitalmciuc.ro\/megepuelt-a-modularis-korhaz-csiksomlyon-toebb-fertozo-beteget-tudnak-kezelni\/#primaryimage\",\"inLanguage\":\"hu\",\"url\":\"https:\/\/spitalmciuc.ro\/wp-content\/uploads\/2020\/04\/20200428_121325-scaled.jpg\",\"contentUrl\":\"https:\/\/spitalmciuc.ro\/wp-content\/uploads\/2020\/04\/20200428_121325-scaled.jpg\",\"width\":2560,\"height\":1920},{\"@type\":\"WebPage\",\"@id\":\"https:\/\/spitalmciuc.ro\/megepuelt-a-modularis-korhaz-csiksomlyon-toebb-fertozo-beteget-tudnak-kezelni\/#webpage\",\"url\":\"https:\/\/spitalmciuc.ro\/megepuelt-a-modularis-korhaz-csiksomlyon-toebb-fertozo-beteget-tudnak-kezelni\/\",\"name\":\"Meg\u00e9p\u00fclt a modul\u00e1ris k\u00f3rh\u00e1z Cs\u00edksomly\u00f3n, t\u00f6bb fert\u0151z\u0151 beteget tudnak kezelni - Cs\u00edkszeredai Megyei S\u00fcrg\u0151ss\u00e9gi K\u00f3rh\u00e1z\",\"isPartOf\":{\"@id\":\"https:\/\/spitalmciuc.ro\/#website\"},\"primaryImageOfPage\":{\"@id\":\"https:\/\/spitalmciuc.ro\/megepuelt-a-modularis-korhaz-csiksomlyon-toebb-fertozo-beteget-tudnak-kezelni\/#primaryimage\"},\"datePublished\":\"2020-04-29T05:30:10+00:00\",\"dateModified\":\"2022-03-02T07:39:22+00:00\",\"breadcrumb\":{\"@id\":\"https:\/\/spitalmciuc.ro\/megepuelt-a-modularis-korhaz-csiksomlyon-toebb-fertozo-beteget-tudnak-kezelni\/#breadcrumb\"},\"inLanguage\":\"hu\",\"potentialAction\":[{\"@type\":\"ReadAction\",\"target\":[\"https:\/\/spitalmciuc.ro\/megepuelt-a-modularis-korhaz-csiksomlyon-toebb-fertozo-beteget-tudnak-kezelni\/\"]}]},{\"@type\":\"BreadcrumbList\",\"@id\":\"https:\/\/spitalmciuc.ro\/megepuelt-a-modularis-korhaz-csiksomlyon-toebb-fertozo-beteget-tudnak-kezelni\/#breadcrumb\",\"itemListElement\":[{\"@type\":\"ListItem\",\"position\":1,\"name\":\"Kezd\u0151lap\",\"item\":\"https:\/\/spitalmciuc.ro\/hu\/\"},{\"@type\":\"ListItem\",\"position\":2,\"name\":\"Meg\u00e9p\u00fclt a modul\u00e1ris k\u00f3rh\u00e1z Cs\u00edksomly\u00f3n, t\u00f6bb fert\u0151z\u0151 beteget tudnak kezelni\"}]},{\"@type\":\"Article\",\"@id\":\"https:\/\/spitalmciuc.ro\/megepuelt-a-modularis-korhaz-csiksomlyon-toebb-fertozo-beteget-tudnak-kezelni\/#article\",\"isPartOf\":{\"@id\":\"https:\/\/spitalmciuc.ro\/megepuelt-a-modularis-korhaz-csiksomlyon-toebb-fertozo-beteget-tudnak-kezelni\/#webpage\"},\"author\":{\"@id\":\"https:\/\/spitalmciuc.ro\/#\/schema\/person\/20ea297ab07e8f4d1689dfe252e34174\"},\"headline\":\"Meg\u00e9p\u00fclt a modul\u00e1ris k\u00f3rh\u00e1z Cs\u00edksomly\u00f3n, t\u00f6bb fert\u0151z\u0151 beteget tudnak kezelni\",\"datePublished\":\"2020-04-29T05:30:10+00:00\",\"dateModified\":\"2022-03-02T07:39:22+00:00\",\"mainEntityOfPage\":{\"@id\":\"https:\/\/spitalmciuc.ro\/megepuelt-a-modularis-korhaz-csiksomlyon-toebb-fertozo-beteget-tudnak-kezelni\/#webpage\"},\"wordCount\":411,\"publisher\":{\"@id\":\"https:\/\/spitalmciuc.ro\/#organization\"},\"image\":{\"@id\":\"https:\/\/spitalmciuc.ro\/megepuelt-a-modularis-korhaz-csiksomlyon-toebb-fertozo-beteget-tudnak-kezelni\/#primaryimage\"},\"thumbnailUrl\":\"https:\/\/spitalmciuc.ro\/wp-content\/uploads\/2020\/04\/20200428_121325-scaled.jpg\",\"inLanguage\":\"hu\"},{\"@type\":\"Person\",\"@id\":\"https:\/\/spitalmciuc.ro\/#\/schema\/person\/20ea297ab07e8f4d1689dfe252e34174\",\"name\":\"Milik Szil\u00e1rd\",\"url\":\"https:\/\/spitalmciuc.ro\/hu\/author\/szilard\/\"}]}<\/script>\n<!-- \/ Yoast SEO plugin. -->","yoast_head_json":{"title":"Meg\u00e9p\u00fclt a modul\u00e1ris k\u00f3rh\u00e1z Cs\u00edksomly\u00f3n, t\u00f6bb fert\u0151z\u0151 beteget tudnak kezelni - Cs\u00edkszeredai Megyei S\u00fcrg\u0151ss\u00e9gi K\u00f3rh\u00e1z","robots":{"index":"index","follow":"follow","max-snippet":"max-snippet:-1","max-image-preview":"max-image-preview:large","max-video-preview":"max-video-preview:-1"},"canonical":"https:\/\/spitalmciuc.ro\/megepuelt-a-modularis-korhaz-csiksomlyon-toebb-fertozo-beteget-tudnak-kezelni\/","og_locale":"hu_HU","og_type":"article","og_title":"Meg\u00e9p\u00fclt a modul\u00e1ris k\u00f3rh\u00e1z Cs\u00edksomly\u00f3n, t\u00f6bb fert\u0151z\u0151 beteget tudnak kezelni - Cs\u00edkszeredai Megyei S\u00fcrg\u0151ss\u00e9gi K\u00f3rh\u00e1z","og_description":"Elk\u00e9sz\u00fclt a modul\u00e1ris k\u00f3rh\u00e1z a Cs\u00edkszeredai Megyei S\u00fcrg\u0151ss\u00e9gi K\u00f3rh\u00e1z fert\u0151z\u0151 betegs\u00e9geket kezel\u0151 oszt\u00e1ly\u00e1nak szomsz\u00e9ds\u00e1g\u00e1ban, Cs\u00edksomly\u00f3n.&nbsp;A megval\u00f3s\u00edt\u00e1s az \u00e9rintett k\u00f6zint\u00e9zm\u00e9nyek \u00e9s a t\u00e1mogat\u00f3k p\u00e9ldamutat\u00f3 \u00f6sszefog\u00e1s\u00e1nak k\u00f6sz\u00f6nhet\u0151en j\u00f6hetett l\u00e9tre. Az egyel\u0151re t\u00edz \u00e1ggyal felszerelt kont\u00e9nerk\u00f3rh\u00e1z meg\u00e9p\u00edt\u00e9se \u00e9s felszerel\u00e9se egy \u00fajabb igazi kal\u00e1ka eredm\u00e9nye, fogalmazott Borboly Csaba, a Cs\u00edkszeredai Megyei S\u00fcrg\u0151ss\u00e9gi K\u00f3rh\u00e1zat fenntart\u00f3 Hargita Megye Tan\u00e1cs\u00e1nak eln\u00f6ke. A l\u00e9tes\u00edtm\u00e9nyt \u00e1prilis 28-\u00e1n sajt\u00f3t\u00e1j\u00e9koztat\u00f3n mutatt\u00e1k be az el\u00f6lj\u00e1r\u00f3k. A modul\u00e1ris k\u00f3rh\u00e1z meg\u00e9p\u00edt\u00e9s\u00e9re az\u00e9rt volt sz\u00fcks\u00e9g, hogy b\u0151v\u00edteni tudj\u00e1k az \u00e1gyak sz\u00e1m\u00e1t a fert\u0151z\u0151 betegs\u00e9geket kezel\u0151 oszt\u00e1lyon, illetve hogy felk\u00e9sz\u00fcljenek az esetleges nagyobb sz\u00e1mban koronav\u00edrussal fert\u0151z\u00f6ttek ell\u00e1t\u00e1s\u00e1ra. A l\u00e9tes\u00edtm\u00e9ny nyolc kont\u00e9nerb\u0151l \u00e1ll, ebb\u0151l hetet \u00e9p\u00edtettek egybe, ahol a koronav\u00edrussal fert\u0151z\u00f6tteket kezelik, a nyolcadik pedig az \u00f6lt\u00f6z\u0151 az orvosoknak, asszisztenseknek. A kont\u00e9nerk\u00f3rh\u00e1zat felszerelt\u00e9k orvosi felszerel\u00e9sekkel: k\u00f3rh\u00e1zi \u00e1gyakkal, \u00e9jjeli szekr\u00e9nnyel, inf\u00fazi\u00f3adagol\u00f3 k\u00e9sz\u00fcl\u00e9kkel, \u00e9lettani funkci\u00f3kat ellen\u0151rz\u0151 monitorral, EKG-k\u00e9sz\u00fcl\u00e9kkel, defibrill\u00e1torral. L\u00e9gkond\u00edcion\u00e1l\u00f3 \u00e9s elektromos f\u0171t\u00e9s is van, a f\u00fcrd\u0151szob\u00e1k is teljesen felszereltek. A nyolc kont\u00e9ner \u00f6sszesen 245 ezer lejbe ker\u00fclt, fel\u00e9t a megyei tan\u00e1cs v\u00e1s\u00e1rolta meg, m\u00e1sik fel\u00e9t a megyei s\u00fcrg\u0151ss\u00e9gi k\u00f3rh\u00e1z a megyei tan\u00e1cs \u00e1ltal kiutalt finansz\u00edroz\u00e1sb\u00f3l.&nbsp; \u201eEzzel a beruh\u00e1z\u00e1ssal b\u0151v\u00fclt a betegek ell\u00e1t\u00e1s\u00e1ra alkalmas fel\u00fclet, \u00e9s el tudjuk k\u00fcl\u00f6n\u00edteni a s\u00falyos \u00e9s l\u00e1badoz\u00f3 fert\u0151z\u0151 betegeket. A modul\u00e1ris k\u00f3rh\u00e1znak a koronav\u00edrus-j\u00e1rv\u00e1ny ut\u00e1n is nagy haszn\u00e1t vessz\u00fck, hiszen b\u00e1rmilyen m\u00e1s j\u00e1rv\u00e1ny eset\u00e9n t\u00f6bb \u00e1gyra \u00e9s helyre van sz\u00fcks\u00e9g\u201d \u2013 mondta Konr\u00e1d Judit k\u00f3rh\u00e1zmenedzser. \u201eA betegek biztons\u00e1gosabb ell\u00e1t\u00e1s\u00e1t, a gyorsabb fel\u00e9p\u00fcl\u00e9st seg\u00edti a meg\u00e9p\u00edtett modul\u00e1ris k\u00f3rh\u00e1z. H\u00e1rom h\u00e9t alatt siker\u00fclt fel\u00e9p\u00edteni a kont\u00e9nerk\u00f3rh\u00e1zat, amely jelenleg t\u00edz \u00e1ggyal van felszerelve. Biztons\u00e1gos Hargita megy\u00e9\u00e9rt dolgozunk, hogy fiataljainknak j\u00f6v\u0151k\u00e9pet \u00e9s az itthon marad\u00e1sra lehet\u0151s\u00e9geket biztos\u00edtsunk. Ez\u00e9rt t\u00f6bbek k\u00f6z\u00f6tt az a feladatunk, hogy a szakembereket seg\u00edts\u00fck. Az \u00e9rintett k\u00f6zint\u00e9zm\u00e9nyek ez alkalommal is kiv\u00e1l\u00f3an egy\u00fcttm\u0171k\u00f6dtek, egy \u00fajabb igazi kal\u00e1ka eredm\u00e9nye a beruh\u00e1z\u00e1s. K\u00f6sz\u00f6net Sz\u00e1sz Zsolt tervez\u0151nek az \u00f6nk\u00e9ntes munk\u00e1\u00e9rt, illetve a k\u00f3rh\u00e1z \u00e9s a megyei tan\u00e1cs munkat\u00e1rsainak, akik f\u00e1radhatatlanul dolgoztak a kont\u00e9nerk\u00f3rh\u00e1z meg\u00e9p\u00edt\u00e9s\u00e9\u00e9rt\u201d \u2013 nyilatkozta Borboly Csaba.","og_url":"https:\/\/spitalmciuc.ro\/megepuelt-a-modularis-korhaz-csiksomlyon-toebb-fertozo-beteget-tudnak-kezelni\/","og_site_name":"Cs\u00edkszeredai Megyei S\u00fcrg\u0151ss\u00e9gi K\u00f3rh\u00e1z","article_published_time":"2020-04-29T05:30:10+00:00","article_modified_time":"2022-03-02T07:39:22+00:00","og_image":[{"width":2560,"height":1920,"url":"https:\/\/spitalmciuc.ro\/wp-content\/uploads\/2020\/04\/20200428_121325-scaled.jpg","type":"image\/jpeg"}],"twitter_card":"summary_large_image","twitter_misc":{"Szerz\u0151:":"Milik Szil\u00e1rd","Becs\u00fclt olvas\u00e1si id\u0151":"2 perc"},"schema":{"@context":"https:\/\/schema.org","@graph":[{"@type":"Organization","@id":"https:\/\/spitalmciuc.ro\/#organization","name":"Spitalul Jude\u0163ean de Urgen\u0163\u0103 Miercurea Ciuc","url":"https:\/\/spitalmciuc.ro\/","sameAs":[],"logo":{"@type":"ImageObject","@id":"https:\/\/spitalmciuc.ro\/#logo","inLanguage":"hu","url":"https:\/\/spitalmciuc.ro\/wp-content\/uploads\/2022\/02\/logo-spital-ro-60.jpg","contentUrl":"https:\/\/spitalmciuc.ro\/wp-content\/uploads\/2022\/02\/logo-spital-ro-60.jpg","width":198,"height":60,"caption":"Spitalul Jude\u0163ean de Urgen\u0163\u0103 Miercurea Ciuc"},"image":{"@id":"https:\/\/spitalmciuc.ro\/#logo"}},{"@type":"WebSite","@id":"https:\/\/spitalmciuc.ro\/#website","url":"https:\/\/spitalmciuc.ro\/","name":"Cs\u00edkszeredai Megyei S\u00fcrg\u0151ss\u00e9gi K\u00f3rh\u00e1z","description":"","publisher":{"@id":"https:\/\/spitalmciuc.ro\/#organization"},"potentialAction":[{"@type":"SearchAction","target":{"@type":"EntryPoint","urlTemplate":"https:\/\/spitalmciuc.ro\/?s={search_term_string}"},"query-input":"required name=search_term_string"}],"inLanguage":"hu"},{"@type":"ImageObject","@id":"https:\/\/spitalmciuc.ro\/megepuelt-a-modularis-korhaz-csiksomlyon-toebb-fertozo-beteget-tudnak-kezelni\/#primaryimage","inLanguage":"hu","url":"https:\/\/spitalmciuc.ro\/wp-content\/uploads\/2020\/04\/20200428_121325-scaled.jpg","contentUrl":"https:\/\/spitalmciuc.ro\/wp-content\/uploads\/2020\/04\/20200428_121325-scaled.jpg","width":2560,"height":1920},{"@type":"WebPage","@id":"https:\/\/spitalmciuc.ro\/megepuelt-a-modularis-korhaz-csiksomlyon-toebb-fertozo-beteget-tudnak-kezelni\/#webpage","url":"https:\/\/spitalmciuc.ro\/megepuelt-a-modularis-korhaz-csiksomlyon-toebb-fertozo-beteget-tudnak-kezelni\/","name":"Meg\u00e9p\u00fclt a modul\u00e1ris k\u00f3rh\u00e1z Cs\u00edksomly\u00f3n, t\u00f6bb fert\u0151z\u0151 beteget tudnak kezelni - Cs\u00edkszeredai Megyei S\u00fcrg\u0151ss\u00e9gi K\u00f3rh\u00e1z","isPartOf":{"@id":"https:\/\/spitalmciuc.ro\/#website"},"primaryImageOfPage":{"@id":"https:\/\/spitalmciuc.ro\/megepuelt-a-modularis-korhaz-csiksomlyon-toebb-fertozo-beteget-tudnak-kezelni\/#primaryimage"},"datePublished":"2020-04-29T05:30:10+00:00","dateModified":"2022-03-02T07:39:22+00:00","breadcrumb":{"@id":"https:\/\/spitalmciuc.ro\/megepuelt-a-modularis-korhaz-csiksomlyon-toebb-fertozo-beteget-tudnak-kezelni\/#breadcrumb"},"inLanguage":"hu","potentialAction":[{"@type":"ReadAction","target":["https:\/\/spitalmciuc.ro\/megepuelt-a-modularis-korhaz-csiksomlyon-toebb-fertozo-beteget-tudnak-kezelni\/"]}]},{"@type":"BreadcrumbList","@id":"https:\/\/spitalmciuc.ro\/megepuelt-a-modularis-korhaz-csiksomlyon-toebb-fertozo-beteget-tudnak-kezelni\/#breadcrumb","itemListElement":[{"@type":"ListItem","position":1,"name":"Kezd\u0151lap","item":"https:\/\/spitalmciuc.ro\/hu\/"},{"@type":"ListItem","position":2,"name":"Meg\u00e9p\u00fclt a modul\u00e1ris k\u00f3rh\u00e1z Cs\u00edksomly\u00f3n, t\u00f6bb fert\u0151z\u0151 beteget tudnak kezelni"}]},{"@type":"Article","@id":"https:\/\/spitalmciuc.ro\/megepuelt-a-modularis-korhaz-csiksomlyon-toebb-fertozo-beteget-tudnak-kezelni\/#article","isPartOf":{"@id":"https:\/\/spitalmciuc.ro\/megepuelt-a-modularis-korhaz-csiksomlyon-toebb-fertozo-beteget-tudnak-kezelni\/#webpage"},"author":{"@id":"https:\/\/spitalmciuc.ro\/#\/schema\/person\/20ea297ab07e8f4d1689dfe252e34174"},"headline":"Meg\u00e9p\u00fclt a modul\u00e1ris k\u00f3rh\u00e1z Cs\u00edksomly\u00f3n, t\u00f6bb fert\u0151z\u0151 beteget tudnak kezelni","datePublished":"2020-04-29T05:30:10+00:00","dateModified":"2022-03-02T07:39:22+00:00","mainEntityOfPage":{"@id":"https:\/\/spitalmciuc.ro\/megepuelt-a-modularis-korhaz-csiksomlyon-toebb-fertozo-beteget-tudnak-kezelni\/#webpage"},"wordCount":411,"publisher":{"@id":"https:\/\/spitalmciuc.ro\/#organization"},"image":{"@id":"https:\/\/spitalmciuc.ro\/megepuelt-a-modularis-korhaz-csiksomlyon-toebb-fertozo-beteget-tudnak-kezelni\/#primaryimage"},"thumbnailUrl":"https:\/\/spitalmciuc.ro\/wp-content\/uploads\/2020\/04\/20200428_121325-scaled.jpg","inLanguage":"hu"},{"@type":"Person","@id":"https:\/\/spitalmciuc.ro\/#\/schema\/person\/20ea297ab07e8f4d1689dfe252e34174","name":"Milik Szil\u00e1rd","url":"https:\/\/spitalmciuc.ro\/hu\/author\/szilard\/"}]}},"_links":{"self":[{"href":"https:\/\/spitalmciuc.ro\/hu\/wp-json\/wp\/v2\/posts\/5561"}],"collection":[{"href":"https:\/\/spitalmciuc.ro\/hu\/wp-json\/wp\/v2\/posts"}],"about":[{"href":"https:\/\/spitalmciuc.ro\/hu\/wp-json\/wp\/v2\/types\/post"}],"author":[{"embeddable":true,"href":"https:\/\/spitalmciuc.ro\/hu\/wp-json\/wp\/v2\/users\/11"}],"replies":[{"embeddable":true,"href":"https:\/\/spitalmciuc.ro\/hu\/wp-json\/wp\/v2\/comments?post=5561"}],"version-history":[{"count":1,"href":"https:\/\/spitalmciuc.ro\/hu\/wp-json\/wp\/v2\/posts\/5561\/revisions"}],"predecessor-version":[{"id":6586,"href":"https:\/\/spitalmciuc.ro\/hu\/wp-json\/wp\/v2\/posts\/5561\/revisions\/6586"}],"wp:featuredmedia":[{"embeddable":true,"href":"https:\/\/spitalmciuc.ro\/hu\/wp-json\/wp\/v2\/media\/689"}],"wp:attachment":[{"href":"https:\/\/spitalmciuc.ro\/hu\/wp-json\/wp\/v2\/media?parent=5561"}],"wp:term":[{"taxonomy":"category","embeddable":true,"href":"https:\/\/spitalmciuc.ro\/hu\/wp-json\/wp\/v2\/categories?post=5561"},{"taxonomy":"post_tag","embeddable":true,"href":"https:\/\/spitalmciuc.ro\/hu\/wp-json\/wp\/v2\/tags?post=5561"}],"curies":[{"name":"wp","href":"https:\/\/api.w.org\/{rel}","templated":true}]}}