{"id":5559,"date":"2020-04-27T13:08:16","date_gmt":"2020-04-27T13:08:16","guid":{"rendered":"https:\/\/spital.creative-solutions.ro\/index.php\/tavhomerok-segitik-a-szurest\/"},"modified":"2022-03-02T07:39:22","modified_gmt":"2022-03-02T07:39:22","slug":"tavhomerok-segitik-a-szurest","status":"publish","type":"post","link":"https:\/\/spitalmciuc.ro\/hu\/tavhomerok-segitik-a-szurest\/","title":{"rendered":"T\u00e1vh\u0151m\u00e9r\u0151k seg\u00edtik a sz\u0171r\u00e9st"},"content":{"rendered":"<p style=\"text-align: justify;\">A testh\u0151m\u00e9rs\u00e9klet kontaktusmentes m\u00e9r\u00e9s\u00e9re alkalmas m\u0171szereket a k\u00f3rh\u00e1z elosztotta azon oszt\u00e1lyokra, ahol fontos a haszn\u00e1latuk, \u00edgy p\u00e9ld\u00e1ul a betegoszt\u00e1lyoz\u00f3 s\u00e1torhoz, a s\u00fcrg\u0151ss\u00e9gi oszt\u00e1lyra, az intenz\u00edv ter\u00e1pi\u00e1s oszt\u00e1lyra, a Covid-19-betegeket kezel\u0151 oszt\u00e1lyra, a fert\u0151z\u0151 betegs\u00e9geket kezel\u0151 oszt\u00e1lyra, a gyermekoszt\u00e1lyra \u00e9s a Szentegyh\u00e1zi Eg\u00e9szs\u00e9g\u00fcgyi K\u00f6zpontba.<\/p>\n<p style=\"text-align: justify;\">&nbsp;<\/p>\n<p style=\"text-align: justify;\">A Rotary Klub Cs\u00edkszereda Egyes\u00fclet eddig 76 939 lej \u00e9rt\u00e9kben t\u00e1mogatta a k\u00f3rh\u00e1zat.&nbsp;&nbsp;<\/p>\n<p style=\"text-align: justify;\">&nbsp;<\/p>\n<p style=\"text-align: justify;\">Cs\u00edkszereda, 2020.04.27<\/p>\n","protected":false},"excerpt":{"rendered":"<p>&nbsp;<\/p>\n<p style=\"text-align: justify;\">H\u00fasz infrav\u00f6r\u00f6s t\u00e1vh\u0151m\u00e9r\u0151t adtak \u00e1t h\u00e9tf\u0151n, 2020. \u00e1prilis 27-\u00e9n a Cs\u00edkszeredai Megyei S\u00fcrg\u0151ss\u00e9gi K\u00f3rh\u00e1znak a Rotary Klub Cs\u00edkszereda Egyes\u00fclet k\u00e9pvisel\u0151i. A m\u0171szerek a betegek sz\u0171r\u00e9s\u00e9t fogj\u00e1k seg\u00edteni a k\u00f3rh\u00e1z t\u00f6bb oszt\u00e1ly\u00e1n.&nbsp;<\/p>\n<p style=\"text-align: justify;\"><img decoding=\"async\" loading=\"lazy\" class=\" alignleft size-full wp-image-680\" style=\"margin: 10px; float: left;\" src=\"https:\/\/spitalmciuc.ro\/wp-content\/uploads\/2020\/04\/20200427_104400-scaled.jpg\" alt=\"20200427 104400\" width=\"200\" height=\"150\" srcset=\"https:\/\/spitalmciuc.ro\/wp-content\/uploads\/2020\/04\/20200427_104400-scaled.jpg 2560w, https:\/\/spitalmciuc.ro\/wp-content\/uploads\/2020\/04\/20200427_104400-300x225.jpg 300w, https:\/\/spitalmciuc.ro\/wp-content\/uploads\/2020\/04\/20200427_104400-1024x768.jpg 1024w, https:\/\/spitalmciuc.ro\/wp-content\/uploads\/2020\/04\/20200427_104400-768x576.jpg 768w, https:\/\/spitalmciuc.ro\/wp-content\/uploads\/2020\/04\/20200427_104400-1536x1152.jpg 1536w, https:\/\/spitalmciuc.ro\/wp-content\/uploads\/2020\/04\/20200427_104400-2048x1536.jpg 2048w\" sizes=\"(max-width: 200px) 100vw, 200px\" \/><\/p>\n<p style=\"text-align: justify;\">Az egyes\u00fclet \u00e1ltal szervezett adom\u00e1nygy\u0171jt\u00e9s eredm\u00e9nyek\u00e9nt, a kor\u00e1bban m\u00e1r \u00e1tadott v\u00e9d\u0151felszerel\u00e9sek ut\u00e1n h\u00e9tf\u0151n h\u00fasz darab infrav\u00f6r\u00f6s h\u0151m\u00e9r\u0151t adom\u00e1nyoztak a Rotary Klub Cs\u00edkszereda Egyes\u00fclet k\u00e9pvisel\u0151i a cs\u00edkszeredai k\u00f3rh\u00e1znak. A koronav\u00edrus-vil\u00e1gj\u00e1rv\u00e1ny miatt nagyon megn\u0151tt a kereslet ezen eszk\u00f6z\u00f6k ir\u00e1nt \u00e9s nagyon neh\u00e9zkes a beszerz\u00e9s\u00fck. Dr. Konr\u00e1d Judit, a k\u00f3rh\u00e1z menedzsere az \u00e1tv\u00e9tel alkalm\u00e1val kifejezte az egyes\u00fclet k\u00e9pvisel\u0151inek a k\u00f3rh\u00e1z h\u00e1l\u00e1j\u00e1t a kapott adom\u00e1nyok\u00e9rt. \u201eA Rotary az els\u0151k k\u00f6z\u00f6tt seg\u00edtett \u00e9s ez nagyon fontos, a j\u00e1rv\u00e1ny kit\u00f6r\u00e9sekor tapasztalt bizonytalans\u00e1gban megnyugtat\u00f3 volt megtapasztalni, hogy van szinte azonnal \u00e9rkez\u0151 k\u00fcls\u0151 seg\u00edts\u00e9g is\u201d \u2013 mondta a menedzser.&nbsp;<\/p>\n","protected":false},"author":11,"featured_media":680,"comment_status":"closed","ping_status":"closed","sticky":false,"template":"","format":"standard","meta":[],"categories":[],"tags":[],"yoast_head":"<!-- This site is optimized with the Yoast SEO plugin v18.3 - https:\/\/yoast.com\/wordpress\/plugins\/seo\/ -->\n<title>T\u00e1vh\u0151m\u00e9r\u0151k seg\u00edtik a sz\u0171r\u00e9st - Cs\u00edkszeredai Megyei S\u00fcrg\u0151ss\u00e9gi K\u00f3rh\u00e1z<\/title>\n<meta name=\"robots\" content=\"index, follow, max-snippet:-1, max-image-preview:large, max-video-preview:-1\" \/>\n<link rel=\"canonical\" href=\"https:\/\/spitalmciuc.ro\/tavhomerok-segitik-a-szurest\/\" \/>\n<meta property=\"og:locale\" content=\"hu_HU\" \/>\n<meta property=\"og:type\" content=\"article\" \/>\n<meta property=\"og:title\" content=\"T\u00e1vh\u0151m\u00e9r\u0151k seg\u00edtik a sz\u0171r\u00e9st - Cs\u00edkszeredai Megyei S\u00fcrg\u0151ss\u00e9gi K\u00f3rh\u00e1z\" \/>\n<meta property=\"og:description\" content=\"&nbsp; H\u00fasz infrav\u00f6r\u00f6s t\u00e1vh\u0151m\u00e9r\u0151t adtak \u00e1t h\u00e9tf\u0151n, 2020. \u00e1prilis 27-\u00e9n a Cs\u00edkszeredai Megyei S\u00fcrg\u0151ss\u00e9gi K\u00f3rh\u00e1znak a Rotary Klub Cs\u00edkszereda Egyes\u00fclet k\u00e9pvisel\u0151i. A m\u0171szerek a betegek sz\u0171r\u00e9s\u00e9t fogj\u00e1k seg\u00edteni a k\u00f3rh\u00e1z t\u00f6bb oszt\u00e1ly\u00e1n.&nbsp;  Az egyes\u00fclet \u00e1ltal szervezett adom\u00e1nygy\u0171jt\u00e9s eredm\u00e9nyek\u00e9nt, a kor\u00e1bban m\u00e1r \u00e1tadott v\u00e9d\u0151felszerel\u00e9sek ut\u00e1n h\u00e9tf\u0151n h\u00fasz darab infrav\u00f6r\u00f6s h\u0151m\u00e9r\u0151t adom\u00e1nyoztak a Rotary Klub Cs\u00edkszereda Egyes\u00fclet k\u00e9pvisel\u0151i a cs\u00edkszeredai k\u00f3rh\u00e1znak. A koronav\u00edrus-vil\u00e1gj\u00e1rv\u00e1ny miatt nagyon megn\u0151tt a kereslet ezen eszk\u00f6z\u00f6k ir\u00e1nt \u00e9s nagyon neh\u00e9zkes a beszerz\u00e9s\u00fck. Dr. Konr\u00e1d Judit, a k\u00f3rh\u00e1z menedzsere az \u00e1tv\u00e9tel alkalm\u00e1val kifejezte az egyes\u00fclet k\u00e9pvisel\u0151inek a k\u00f3rh\u00e1z h\u00e1l\u00e1j\u00e1t a kapott adom\u00e1nyok\u00e9rt. \u201eA Rotary az els\u0151k k\u00f6z\u00f6tt seg\u00edtett \u00e9s ez nagyon fontos, a j\u00e1rv\u00e1ny kit\u00f6r\u00e9sekor tapasztalt bizonytalans\u00e1gban megnyugtat\u00f3 volt megtapasztalni, hogy van szinte azonnal \u00e9rkez\u0151 k\u00fcls\u0151 seg\u00edts\u00e9g is\u201d \u2013 mondta a menedzser.&nbsp;\" \/>\n<meta property=\"og:url\" content=\"https:\/\/spitalmciuc.ro\/tavhomerok-segitik-a-szurest\/\" \/>\n<meta property=\"og:site_name\" content=\"Cs\u00edkszeredai Megyei S\u00fcrg\u0151ss\u00e9gi K\u00f3rh\u00e1z\" \/>\n<meta property=\"article:published_time\" content=\"2020-04-27T13:08:16+00:00\" \/>\n<meta property=\"article:modified_time\" content=\"2022-03-02T07:39:22+00:00\" \/>\n<meta property=\"og:image\" content=\"https:\/\/spitalmciuc.ro\/wp-content\/uploads\/2020\/04\/20200427_104400-scaled.jpg\" \/>\n\t<meta property=\"og:image:width\" content=\"2560\" \/>\n\t<meta property=\"og:image:height\" content=\"1920\" \/>\n\t<meta property=\"og:image:type\" content=\"image\/jpeg\" \/>\n<meta name=\"twitter:card\" content=\"summary_large_image\" \/>\n<meta name=\"twitter:label1\" content=\"Szerz\u0151:\" \/>\n\t<meta name=\"twitter:data1\" content=\"Milik Szil\u00e1rd\" \/>\n\t<meta name=\"twitter:label2\" content=\"Becs\u00fclt olvas\u00e1si id\u0151\" \/>\n\t<meta name=\"twitter:data2\" content=\"1 perc\" \/>\n<script type=\"application\/ld+json\" class=\"yoast-schema-graph\">{\"@context\":\"https:\/\/schema.org\",\"@graph\":[{\"@type\":\"Organization\",\"@id\":\"https:\/\/spitalmciuc.ro\/#organization\",\"name\":\"Spitalul Jude\u0163ean de Urgen\u0163\u0103 Miercurea Ciuc\",\"url\":\"https:\/\/spitalmciuc.ro\/\",\"sameAs\":[],\"logo\":{\"@type\":\"ImageObject\",\"@id\":\"https:\/\/spitalmciuc.ro\/#logo\",\"inLanguage\":\"hu\",\"url\":\"https:\/\/spitalmciuc.ro\/wp-content\/uploads\/2022\/02\/logo-spital-ro-60.jpg\",\"contentUrl\":\"https:\/\/spitalmciuc.ro\/wp-content\/uploads\/2022\/02\/logo-spital-ro-60.jpg\",\"width\":198,\"height\":60,\"caption\":\"Spitalul Jude\u0163ean de Urgen\u0163\u0103 Miercurea Ciuc\"},\"image\":{\"@id\":\"https:\/\/spitalmciuc.ro\/#logo\"}},{\"@type\":\"WebSite\",\"@id\":\"https:\/\/spitalmciuc.ro\/#website\",\"url\":\"https:\/\/spitalmciuc.ro\/\",\"name\":\"Cs\u00edkszeredai Megyei S\u00fcrg\u0151ss\u00e9gi K\u00f3rh\u00e1z\",\"description\":\"\",\"publisher\":{\"@id\":\"https:\/\/spitalmciuc.ro\/#organization\"},\"potentialAction\":[{\"@type\":\"SearchAction\",\"target\":{\"@type\":\"EntryPoint\",\"urlTemplate\":\"https:\/\/spitalmciuc.ro\/?s={search_term_string}\"},\"query-input\":\"required name=search_term_string\"}],\"inLanguage\":\"hu\"},{\"@type\":\"ImageObject\",\"@id\":\"https:\/\/spitalmciuc.ro\/tavhomerok-segitik-a-szurest\/#primaryimage\",\"inLanguage\":\"hu\",\"url\":\"https:\/\/spitalmciuc.ro\/wp-content\/uploads\/2020\/04\/20200427_104400-scaled.jpg\",\"contentUrl\":\"https:\/\/spitalmciuc.ro\/wp-content\/uploads\/2020\/04\/20200427_104400-scaled.jpg\",\"width\":2560,\"height\":1920},{\"@type\":\"WebPage\",\"@id\":\"https:\/\/spitalmciuc.ro\/tavhomerok-segitik-a-szurest\/#webpage\",\"url\":\"https:\/\/spitalmciuc.ro\/tavhomerok-segitik-a-szurest\/\",\"name\":\"T\u00e1vh\u0151m\u00e9r\u0151k seg\u00edtik a sz\u0171r\u00e9st - Cs\u00edkszeredai Megyei S\u00fcrg\u0151ss\u00e9gi K\u00f3rh\u00e1z\",\"isPartOf\":{\"@id\":\"https:\/\/spitalmciuc.ro\/#website\"},\"primaryImageOfPage\":{\"@id\":\"https:\/\/spitalmciuc.ro\/tavhomerok-segitik-a-szurest\/#primaryimage\"},\"datePublished\":\"2020-04-27T13:08:16+00:00\",\"dateModified\":\"2022-03-02T07:39:22+00:00\",\"breadcrumb\":{\"@id\":\"https:\/\/spitalmciuc.ro\/tavhomerok-segitik-a-szurest\/#breadcrumb\"},\"inLanguage\":\"hu\",\"potentialAction\":[{\"@type\":\"ReadAction\",\"target\":[\"https:\/\/spitalmciuc.ro\/tavhomerok-segitik-a-szurest\/\"]}]},{\"@type\":\"BreadcrumbList\",\"@id\":\"https:\/\/spitalmciuc.ro\/tavhomerok-segitik-a-szurest\/#breadcrumb\",\"itemListElement\":[{\"@type\":\"ListItem\",\"position\":1,\"name\":\"Kezd\u0151lap\",\"item\":\"https:\/\/spitalmciuc.ro\/hu\/\"},{\"@type\":\"ListItem\",\"position\":2,\"name\":\"T\u00e1vh\u0151m\u00e9r\u0151k seg\u00edtik a sz\u0171r\u00e9st\"}]},{\"@type\":\"Article\",\"@id\":\"https:\/\/spitalmciuc.ro\/tavhomerok-segitik-a-szurest\/#article\",\"isPartOf\":{\"@id\":\"https:\/\/spitalmciuc.ro\/tavhomerok-segitik-a-szurest\/#webpage\"},\"author\":{\"@id\":\"https:\/\/spitalmciuc.ro\/#\/schema\/person\/20ea297ab07e8f4d1689dfe252e34174\"},\"headline\":\"T\u00e1vh\u0151m\u00e9r\u0151k seg\u00edtik a sz\u0171r\u00e9st\",\"datePublished\":\"2020-04-27T13:08:16+00:00\",\"dateModified\":\"2022-03-02T07:39:22+00:00\",\"mainEntityOfPage\":{\"@id\":\"https:\/\/spitalmciuc.ro\/tavhomerok-segitik-a-szurest\/#webpage\"},\"wordCount\":111,\"publisher\":{\"@id\":\"https:\/\/spitalmciuc.ro\/#organization\"},\"image\":{\"@id\":\"https:\/\/spitalmciuc.ro\/tavhomerok-segitik-a-szurest\/#primaryimage\"},\"thumbnailUrl\":\"https:\/\/spitalmciuc.ro\/wp-content\/uploads\/2020\/04\/20200427_104400-scaled.jpg\",\"inLanguage\":\"hu\"},{\"@type\":\"Person\",\"@id\":\"https:\/\/spitalmciuc.ro\/#\/schema\/person\/20ea297ab07e8f4d1689dfe252e34174\",\"name\":\"Milik Szil\u00e1rd\",\"url\":\"https:\/\/spitalmciuc.ro\/hu\/author\/szilard\/\"}]}<\/script>\n<!-- \/ Yoast SEO plugin. -->","yoast_head_json":{"title":"T\u00e1vh\u0151m\u00e9r\u0151k seg\u00edtik a sz\u0171r\u00e9st - Cs\u00edkszeredai Megyei S\u00fcrg\u0151ss\u00e9gi K\u00f3rh\u00e1z","robots":{"index":"index","follow":"follow","max-snippet":"max-snippet:-1","max-image-preview":"max-image-preview:large","max-video-preview":"max-video-preview:-1"},"canonical":"https:\/\/spitalmciuc.ro\/tavhomerok-segitik-a-szurest\/","og_locale":"hu_HU","og_type":"article","og_title":"T\u00e1vh\u0151m\u00e9r\u0151k seg\u00edtik a sz\u0171r\u00e9st - Cs\u00edkszeredai Megyei S\u00fcrg\u0151ss\u00e9gi K\u00f3rh\u00e1z","og_description":"&nbsp; H\u00fasz infrav\u00f6r\u00f6s t\u00e1vh\u0151m\u00e9r\u0151t adtak \u00e1t h\u00e9tf\u0151n, 2020. \u00e1prilis 27-\u00e9n a Cs\u00edkszeredai Megyei S\u00fcrg\u0151ss\u00e9gi K\u00f3rh\u00e1znak a Rotary Klub Cs\u00edkszereda Egyes\u00fclet k\u00e9pvisel\u0151i. A m\u0171szerek a betegek sz\u0171r\u00e9s\u00e9t fogj\u00e1k seg\u00edteni a k\u00f3rh\u00e1z t\u00f6bb oszt\u00e1ly\u00e1n.&nbsp;  Az egyes\u00fclet \u00e1ltal szervezett adom\u00e1nygy\u0171jt\u00e9s eredm\u00e9nyek\u00e9nt, a kor\u00e1bban m\u00e1r \u00e1tadott v\u00e9d\u0151felszerel\u00e9sek ut\u00e1n h\u00e9tf\u0151n h\u00fasz darab infrav\u00f6r\u00f6s h\u0151m\u00e9r\u0151t adom\u00e1nyoztak a Rotary Klub Cs\u00edkszereda Egyes\u00fclet k\u00e9pvisel\u0151i a cs\u00edkszeredai k\u00f3rh\u00e1znak. A koronav\u00edrus-vil\u00e1gj\u00e1rv\u00e1ny miatt nagyon megn\u0151tt a kereslet ezen eszk\u00f6z\u00f6k ir\u00e1nt \u00e9s nagyon neh\u00e9zkes a beszerz\u00e9s\u00fck. Dr. Konr\u00e1d Judit, a k\u00f3rh\u00e1z menedzsere az \u00e1tv\u00e9tel alkalm\u00e1val kifejezte az egyes\u00fclet k\u00e9pvisel\u0151inek a k\u00f3rh\u00e1z h\u00e1l\u00e1j\u00e1t a kapott adom\u00e1nyok\u00e9rt. \u201eA Rotary az els\u0151k k\u00f6z\u00f6tt seg\u00edtett \u00e9s ez nagyon fontos, a j\u00e1rv\u00e1ny kit\u00f6r\u00e9sekor tapasztalt bizonytalans\u00e1gban megnyugtat\u00f3 volt megtapasztalni, hogy van szinte azonnal \u00e9rkez\u0151 k\u00fcls\u0151 seg\u00edts\u00e9g is\u201d \u2013 mondta a menedzser.&nbsp;","og_url":"https:\/\/spitalmciuc.ro\/tavhomerok-segitik-a-szurest\/","og_site_name":"Cs\u00edkszeredai Megyei S\u00fcrg\u0151ss\u00e9gi K\u00f3rh\u00e1z","article_published_time":"2020-04-27T13:08:16+00:00","article_modified_time":"2022-03-02T07:39:22+00:00","og_image":[{"width":2560,"height":1920,"url":"https:\/\/spitalmciuc.ro\/wp-content\/uploads\/2020\/04\/20200427_104400-scaled.jpg","type":"image\/jpeg"}],"twitter_card":"summary_large_image","twitter_misc":{"Szerz\u0151:":"Milik Szil\u00e1rd","Becs\u00fclt olvas\u00e1si id\u0151":"1 perc"},"schema":{"@context":"https:\/\/schema.org","@graph":[{"@type":"Organization","@id":"https:\/\/spitalmciuc.ro\/#organization","name":"Spitalul Jude\u0163ean de Urgen\u0163\u0103 Miercurea Ciuc","url":"https:\/\/spitalmciuc.ro\/","sameAs":[],"logo":{"@type":"ImageObject","@id":"https:\/\/spitalmciuc.ro\/#logo","inLanguage":"hu","url":"https:\/\/spitalmciuc.ro\/wp-content\/uploads\/2022\/02\/logo-spital-ro-60.jpg","contentUrl":"https:\/\/spitalmciuc.ro\/wp-content\/uploads\/2022\/02\/logo-spital-ro-60.jpg","width":198,"height":60,"caption":"Spitalul Jude\u0163ean de Urgen\u0163\u0103 Miercurea Ciuc"},"image":{"@id":"https:\/\/spitalmciuc.ro\/#logo"}},{"@type":"WebSite","@id":"https:\/\/spitalmciuc.ro\/#website","url":"https:\/\/spitalmciuc.ro\/","name":"Cs\u00edkszeredai Megyei S\u00fcrg\u0151ss\u00e9gi K\u00f3rh\u00e1z","description":"","publisher":{"@id":"https:\/\/spitalmciuc.ro\/#organization"},"potentialAction":[{"@type":"SearchAction","target":{"@type":"EntryPoint","urlTemplate":"https:\/\/spitalmciuc.ro\/?s={search_term_string}"},"query-input":"required name=search_term_string"}],"inLanguage":"hu"},{"@type":"ImageObject","@id":"https:\/\/spitalmciuc.ro\/tavhomerok-segitik-a-szurest\/#primaryimage","inLanguage":"hu","url":"https:\/\/spitalmciuc.ro\/wp-content\/uploads\/2020\/04\/20200427_104400-scaled.jpg","contentUrl":"https:\/\/spitalmciuc.ro\/wp-content\/uploads\/2020\/04\/20200427_104400-scaled.jpg","width":2560,"height":1920},{"@type":"WebPage","@id":"https:\/\/spitalmciuc.ro\/tavhomerok-segitik-a-szurest\/#webpage","url":"https:\/\/spitalmciuc.ro\/tavhomerok-segitik-a-szurest\/","name":"T\u00e1vh\u0151m\u00e9r\u0151k seg\u00edtik a sz\u0171r\u00e9st - Cs\u00edkszeredai Megyei S\u00fcrg\u0151ss\u00e9gi K\u00f3rh\u00e1z","isPartOf":{"@id":"https:\/\/spitalmciuc.ro\/#website"},"primaryImageOfPage":{"@id":"https:\/\/spitalmciuc.ro\/tavhomerok-segitik-a-szurest\/#primaryimage"},"datePublished":"2020-04-27T13:08:16+00:00","dateModified":"2022-03-02T07:39:22+00:00","breadcrumb":{"@id":"https:\/\/spitalmciuc.ro\/tavhomerok-segitik-a-szurest\/#breadcrumb"},"inLanguage":"hu","potentialAction":[{"@type":"ReadAction","target":["https:\/\/spitalmciuc.ro\/tavhomerok-segitik-a-szurest\/"]}]},{"@type":"BreadcrumbList","@id":"https:\/\/spitalmciuc.ro\/tavhomerok-segitik-a-szurest\/#breadcrumb","itemListElement":[{"@type":"ListItem","position":1,"name":"Kezd\u0151lap","item":"https:\/\/spitalmciuc.ro\/hu\/"},{"@type":"ListItem","position":2,"name":"T\u00e1vh\u0151m\u00e9r\u0151k seg\u00edtik a sz\u0171r\u00e9st"}]},{"@type":"Article","@id":"https:\/\/spitalmciuc.ro\/tavhomerok-segitik-a-szurest\/#article","isPartOf":{"@id":"https:\/\/spitalmciuc.ro\/tavhomerok-segitik-a-szurest\/#webpage"},"author":{"@id":"https:\/\/spitalmciuc.ro\/#\/schema\/person\/20ea297ab07e8f4d1689dfe252e34174"},"headline":"T\u00e1vh\u0151m\u00e9r\u0151k seg\u00edtik a sz\u0171r\u00e9st","datePublished":"2020-04-27T13:08:16+00:00","dateModified":"2022-03-02T07:39:22+00:00","mainEntityOfPage":{"@id":"https:\/\/spitalmciuc.ro\/tavhomerok-segitik-a-szurest\/#webpage"},"wordCount":111,"publisher":{"@id":"https:\/\/spitalmciuc.ro\/#organization"},"image":{"@id":"https:\/\/spitalmciuc.ro\/tavhomerok-segitik-a-szurest\/#primaryimage"},"thumbnailUrl":"https:\/\/spitalmciuc.ro\/wp-content\/uploads\/2020\/04\/20200427_104400-scaled.jpg","inLanguage":"hu"},{"@type":"Person","@id":"https:\/\/spitalmciuc.ro\/#\/schema\/person\/20ea297ab07e8f4d1689dfe252e34174","name":"Milik Szil\u00e1rd","url":"https:\/\/spitalmciuc.ro\/hu\/author\/szilard\/"}]}},"_links":{"self":[{"href":"https:\/\/spitalmciuc.ro\/hu\/wp-json\/wp\/v2\/posts\/5559"}],"collection":[{"href":"https:\/\/spitalmciuc.ro\/hu\/wp-json\/wp\/v2\/posts"}],"about":[{"href":"https:\/\/spitalmciuc.ro\/hu\/wp-json\/wp\/v2\/types\/post"}],"author":[{"embeddable":true,"href":"https:\/\/spitalmciuc.ro\/hu\/wp-json\/wp\/v2\/users\/11"}],"replies":[{"embeddable":true,"href":"https:\/\/spitalmciuc.ro\/hu\/wp-json\/wp\/v2\/comments?post=5559"}],"version-history":[{"count":1,"href":"https:\/\/spitalmciuc.ro\/hu\/wp-json\/wp\/v2\/posts\/5559\/revisions"}],"predecessor-version":[{"id":6588,"href":"https:\/\/spitalmciuc.ro\/hu\/wp-json\/wp\/v2\/posts\/5559\/revisions\/6588"}],"wp:featuredmedia":[{"embeddable":true,"href":"https:\/\/spitalmciuc.ro\/hu\/wp-json\/wp\/v2\/media\/680"}],"wp:attachment":[{"href":"https:\/\/spitalmciuc.ro\/hu\/wp-json\/wp\/v2\/media?parent=5559"}],"wp:term":[{"taxonomy":"category","embeddable":true,"href":"https:\/\/spitalmciuc.ro\/hu\/wp-json\/wp\/v2\/categories?post=5559"},{"taxonomy":"post_tag","embeddable":true,"href":"https:\/\/spitalmciuc.ro\/hu\/wp-json\/wp\/v2\/tags?post=5559"}],"curies":[{"name":"wp","href":"https:\/\/api.w.org\/{rel}","templated":true}]}}