{"id":5185,"date":"2019-10-21T08:20:20","date_gmt":"2019-10-21T08:20:20","guid":{"rendered":"https:\/\/spital.creative-solutions.ro\/index.php\/dr-kelemen-jozsef-patologiai-napok\/"},"modified":"2022-03-02T07:49:26","modified_gmt":"2022-03-02T07:49:26","slug":"dr-kelemen-jozsef-patologiai-napok","status":"publish","type":"post","link":"https:\/\/spitalmciuc.ro\/hu\/dr-kelemen-jozsef-patologiai-napok\/","title":{"rendered":"Dr. Kelemen J\u00f3zsef Patol\u00f3giai Napok"},"content":{"rendered":"<p style=\"text-align: justify;\"><strong>Orvosok, asszisztensek, biol\u00f3gusok vettek r\u00e9szt p\u00e9nteken \u00e9s szombaton a Cs\u00edkszeredai Megyei S\u00fcrg\u0151ss\u00e9gi K\u00f3rh\u00e1zban lezajlott Dr. Kelemen J\u00f3zsef Patol\u00f3giai Napokon.<\/strong><\/p>\n<p style=\"text-align: justify;\">A Hargita Megye Tan\u00e1csa \u00e1ltal m\u0171k\u00f6dtetett k\u00f3rh\u00e1zban, a Dr. Kelemen J\u00f3zsefr\u0151l elnevezett szakk\u00f6nyvt\u00e1rban p\u00e9ntek d\u00e9lben tartott\u00e1k a rendezv\u00e9ny megnyit\u00f3j\u00e1t. Dr. Konr\u00e1d Judit, a k\u00f3rh\u00e1z menedzsere k\u00f6sz\u00f6nt\u0151j\u00e9ben azt mondta, fontosnak tartj\u00e1k, hogy mik\u00f6zben a k\u00f3rh\u00e1z jelen\u00e9r\u0151l \u00e9s j\u00f6v\u0151j\u00e9r\u0151l sok sz\u00f3 esik, a m\u00falt el\u0151tt is tisztelegjenek \u00e9s felid\u00e9zz\u00e9k az olyan orvosok munk\u00e1ss\u00e1g\u00e1t, mint dr. Kelemen J\u00f3zsef. A patol\u00f3gus f\u0151orvos bebizony\u00edtotta, hogy Cs\u00edkszered\u00e1ban, Cs\u00edkszered\u00e1b\u00f3l is lehet nemzetk\u00f6zi szinten is elismert munk\u00e1t v\u00e9gezni, \u00f6szt\u00f6nd\u00edjakat elnyerni, nemzetk\u00f6zi kutat\u00f3csoportokban r\u00e9szt venni, rangos foly\u00f3iratokban publik\u00e1lni. A menedzser arra biztatta a t\u00f6bbi k\u00f3rh\u00e1zi oszt\u00e1ly k\u00e9pvisel\u0151it, hogy ahogy most a k\u00f3rsz\u00f6vettan\u00e1szok, \u00fagy a k\u00f6vetkez\u0151 \u00e9vekben \u0151k is hasonl\u00f3 m\u00f3don tisztelegjenek el\u0151deik el\u0151tt.<\/p>\n<p style=\"text-align: justify;\"><img decoding=\"async\" loading=\"lazy\" class=\" alignleft size-full wp-image-5182\" style=\"margin: 10px; float: left;\" src=\"https:\/\/spitalmciuc.ro\/wp-content\/uploads\/2019\/10\/PatKonf2.jpg\" alt=\"PatKonf2\" width=\"400\" height=\"267\" srcset=\"https:\/\/spitalmciuc.ro\/wp-content\/uploads\/2019\/10\/PatKonf2.jpg 1555w, https:\/\/spitalmciuc.ro\/wp-content\/uploads\/2019\/10\/PatKonf2-300x200.jpg 300w, https:\/\/spitalmciuc.ro\/wp-content\/uploads\/2019\/10\/PatKonf2-1024x683.jpg 1024w, https:\/\/spitalmciuc.ro\/wp-content\/uploads\/2019\/10\/PatKonf2-768x512.jpg 768w, https:\/\/spitalmciuc.ro\/wp-content\/uploads\/2019\/10\/PatKonf2-1536x1024.jpg 1536w\" sizes=\"(max-width: 400px) 100vw, 400px\" \/>Dr. Dobric\u0103 Adrian-Cristian, a k\u00f3rh\u00e1z megb\u00edzott kutat\u00e1si-fejleszt\u00e9si igazgat\u00f3ja k\u00f6sz\u00f6nt\u0151besz\u00e9d\u00e9ben arra mutatott r\u00e1, t\u00f6bb mint egy \u00e9ve \u00e1llt fel a tudom\u00e1nyos munka szervez\u00e9s\u00e9re szolg\u00e1l\u00f3 r\u00e9szleg a k\u00f3rh\u00e1zban \u00e9s a jelek szerint j\u00f3 \u00faton haladnak: ez id\u0151 alatt a k\u00f3rh\u00e1z munkat\u00e1rsai t\u00f6bb mint negyven tudom\u00e1nyos munk\u00e1t mutattak be hazai \u00e9s nemzetk\u00f6zi konferenci\u00e1kon, publik\u00e1ci\u00f3k jelentek meg, szakk\u00f6nyvekhez j\u00e1rultak hozz\u00e1 fejezetekkel. A k\u00f3rh\u00e1z f\u0151k\u00e9nt az emberek r\u00e9v\u00e9n m\u0171k\u00f6dik, nagyon sokat javult az int\u00e9zm\u00e9ny m\u0171szerezetts\u00e9ge, a hum\u00e1n er\u0151forr\u00e1s viszont tov\u00e1bbra is a legfontosabb t\u00e9nyez\u0151 \u2013 mutatott r\u00e1 dr. Dobric\u0103 Adrian-Cristian.<\/p>\n<p style=\"text-align: justify;\">A rendezv\u00e9nyre \u00e9rkezetteket \u00fcdv\u00f6z\u00f6lte Borboly Csaba, Hargita Megye Tan\u00e1cs\u00e1nak eln\u00f6ke is, aki \u00f6r\u00f6m\u00e9t fejezte ki, hogy a k\u00f3rh\u00e1zban tudom\u00e1nyos jelleg\u0171 rendezv\u00e9nyeket is szerveznek \u00e9s a szakemberek l\u00e1tj\u00e1k az int\u00e9zm\u00e9nyben ezen a t\u00e9ren is a szakmai fejl\u0151d\u00e9s lehet\u0151s\u00e9g\u00e9t.<\/p>\n<p style=\"text-align: justify;\">Dr. Kelemen J\u00f3zsef \u00e9let\u00fatj\u00e1t \u00e9s munk\u00e1ss\u00e1g\u00e1t dr. Iurcsuk Olga, a k\u00f3rh\u00e1z k\u00f3rbonctani \u00e9s k\u00f3rsz\u00f6vettani oszt\u00e1ly\u00e1nak vezet\u0151je ismertette. Mint elhangzott, az 1934-ben Sz\u00e1szr\u00e9genben sz\u00fcletett Kelemen J\u00f3zsef 1958-ban v\u00e9gezte el Marosv\u00e1s\u00e1rhelyen az orvosi egyetemet \u00e9s egyetemi tanulm\u00e1nyai alatt m\u00e1r r\u00e9szt vett az idegrendszert vizsg\u00e1l\u00f3 kutat\u00f3csoportban, harmad\u00e9ves kor\u00e1t\u00f3l pedig nyaranta m\u00e1r klinik\u00e1n dolgozott. Egyetemi \u00e9vei alatt kilenc tudom\u00e1nyos munka t\u00e1rsszerz\u0151je volt \u00e9s eredm\u00e9nyei alapj\u00e1n tudom\u00e1nyos p\u00e1ly\u00e1ra k\u00e9sz\u00fclt, politikai okb\u00f3l azonban \u2013 az 1956-os magyarorsz\u00e1gi forradalom ut\u00e1n egy f\u00e9lre\u00e9rt\u00e9s r\u00e9v\u00e9n a p\u00e1rt t\u00e1mad\u00e1s\u00e1val v\u00e1dolt\u00e1k meg \u2013 erre nem volt es\u00e9lye, \u00edgy tanulm\u00e1nyai v\u00e9gezt\u00e9vel 1958-ban B\u00e1toson kezdett orvosk\u00e9nt dolgozni. 1962-ben visszat\u00e9rhetett a tudom\u00e1nyos munk\u00e1hoz \u00e9s Marosv\u00e1s\u00e1rhelyre, a Rom\u00e1n Tudom\u00e1nyos Akad\u00e9mia ott l\u00e9trej\u00f6v\u0151 kutat\u00f3int\u00e9zet\u00e9ben kezdett el dolgozni, 1965-ben pedig Bukarestben sikeresen szakvizsg\u00e1zott patol\u00f3gus szakorvosk\u00e9nt. 1963-ban Szegeden, majd 1969-ben Budapesten dolgozhatott, budapesti professzorokkal k\u00f6z\u00f6sen \u00faj neuropatol\u00f3giai munkam\u00f3dszereket vezettek be. 1971-ben kapta meg az els\u0151 Humboldt-\u00f6szt\u00f6nd\u00edj\u00e1t, amelynek keret\u00e9ben M\u00fcnchenben dolgozott, az \u00f6reged\u00e9s agyra gyakorolt hat\u00e1s\u00e1t vizsg\u00e1lta. 1972-ben f\u0151orvosi \u00e9s doktori c\u00edmet is szerzett, tudom\u00e1nyos munk\u00e1ja mellett pedig egyetemi adjunktusk\u00e9nt is tev\u00e9kenykedett Marosv\u00e1s\u00e1rhelyen. Miut\u00e1n sikertelen\u00fcl pr\u00f3b\u00e1lt elnyerni egy egyetemi tan\u00e1ri tiszts\u00e9get \u00e9s a hat\u00f3s\u00e1gok nem engedt\u00e9k \u00e1ttelepedni Budapestre sem, ahov\u00e1 dolgozni h\u00edvt\u00e1k, 1975-ben Cs\u00edkszered\u00e1ban kezdett el tev\u00e9kenykedni. Megszervezte a k\u00f3rsz\u00f6vettani \u00e9s k\u00f3rbonctani oszt\u00e1ly munk\u00e1j\u00e1t, 1977-t\u0151l pedig t\u00edz even \u00e1t a t\u00f6rv\u00e9nysz\u00e9ki orvostani oszt\u00e1lyt is vezette. Cs\u00edkszered\u00e1ban sem adta fel a tudom\u00e1nyos munk\u00e1t, elemezte a ritka eseteket \u00e9s dr. Megyes Tibor seb\u00e9sszel k\u00f6z\u00f6sen kidolgoztak egy, a mellr\u00e1k gyors diagnosztiz\u00e1l\u00e1s\u00e1ra ir\u00e1nyul\u00f3 m\u00f3dszert. 1991-ben elnyerte a m\u00e1sodik Humboldt-\u00f6szt\u00f6nd\u00edj\u00e1t, ez\u00fattal az AIDS-betegek agy\u00e1t vizsg\u00e1lta Berlinben. 1994-ben fel\u00e9p\u00fclt a k\u00f3rsz\u00f6vettan \u00e9s k\u00f3rbonctan k\u00fcl\u00f6n\u00e1ll\u00f3 \u00e9p\u00fclete a k\u00f3rh\u00e1z mellett, a k\u00e9t oszt\u00e1ly oda k\u00f6lt\u00f6zhetett \u00e1t a k\u00f3rh\u00e1z alagsor\u00e1b\u00f3l. Tudom\u00e1nyos munk\u00e1ss\u00e1ga r\u00e9szek\u00e9nt 1996-t\u00f3l rendszeresen seg\u00edtette a kaposv\u00e1ri k\u00f3rh\u00e1zban az ideggy\u00f3gy\u00e1szati munk\u00e1t. Meg\u00edt\u00e9l\u00e9se szerint tudom\u00e1nyos t\u00e9ren legnagyobb hozz\u00e1j\u00e1rul\u00e1sa a 11 hisztopatol\u00f3giai fest\u00e9si m\u00f3dszer kidolgoz\u00e1sa volt, amelyeket nemzetk\u00f6zi foly\u00f3iratokban is bemutattak. Emellett t\u00f6bb, az idegrendszer m\u0171k\u00f6d\u00e9s\u00e9hez kapcsol\u00f3d\u00f3 felfedez\u00e9se volt. Tudom\u00e1nyos szervez\u0151i munk\u00e1ban is r\u00e9szt vett, patol\u00f3giai rendezv\u00e9nyek mellett szervez\u0151je volt az Erd\u00e9lyi Orvosnapoknak is. Sz\u00e1mos tudom\u00e1nyos t\u00e1rsas\u00e1g, \u00edgy a Magyar Tudom\u00e1nyos Akad\u00e9mia tagj\u00e1v\u00e1 is v\u00e1lasztott\u00e1k \u00e9s tev\u00e9kenys\u00e9g\u00e9t t\u00f6bb d\u00edjjal ismert\u00e9k el. 2004-ben nyugd\u00edjba vonult, 2007-ben felvette nev\u00e9t a k\u00f3rh\u00e1z k\u00f6nyvt\u00e1ra. Dr. Kelemen J\u00f3zsef 2014-ben hunyt el.<\/p>\n<p style=\"text-align: justify;\">A munk\u00e1ss\u00e1g\u00e1nak tisztelet\u00e9re is szervezett, a szakorvosok \u00e9s a laborat\u00f3riumokban dolgoz\u00f3 asszisztensek sz\u00e1m\u00e1ra tov\u00e1bbk\u00e9pz\u0151 pontokkal is elismert rendezv\u00e9ny p\u00e9nteken \u00e9s szombaton patol\u00f3giai el\u0151ad\u00e1sokkal \u00e9s gyakorlati bemutat\u00f3kkal folytat\u00f3dott a cs\u00edkszeredai k\u00f3rh\u00e1zban. A rendezv\u00e9ny szombati z\u00e1r\u00e1s\u00e1n elhangzott, a sikerre \u00e9s a nagy \u00e9rdekl\u0151d\u00e9sre val\u00f3 tekintettel v\u00e1rhat\u00f3an j\u00f6v\u0151ben is megszervezik a patol\u00f3giai napokat.&nbsp;&nbsp;&nbsp; &nbsp;&nbsp;<\/p>\n","protected":false},"excerpt":{"rendered":"<p>Orvosok, asszisztensek, biol\u00f3gusok vettek r\u00e9szt p\u00e9nteken \u00e9s szombaton a Cs\u00edkszeredai Megyei S\u00fcrg\u0151ss\u00e9gi K\u00f3rh\u00e1zban lezajlott Dr. Kelemen J\u00f3zsef Patol\u00f3giai Napokon. A Hargita Megye Tan\u00e1csa \u00e1ltal m\u0171k\u00f6dtetett k\u00f3rh\u00e1zban, a Dr. Kelemen J\u00f3zsefr\u0151l elnevezett szakk\u00f6nyvt\u00e1rban p\u00e9ntek d\u00e9lben tartott\u00e1k a rendezv\u00e9ny megnyit\u00f3j\u00e1t. Dr. Konr\u00e1d Judit, a k\u00f3rh\u00e1z menedzsere k\u00f6sz\u00f6nt\u0151j\u00e9ben azt mondta, fontosnak tartj\u00e1k, hogy mik\u00f6zben a k\u00f3rh\u00e1z jelen\u00e9r\u0151l \u00e9s&hellip;<\/p>\n","protected":false},"author":11,"featured_media":5182,"comment_status":"closed","ping_status":"closed","sticky":false,"template":"","format":"standard","meta":[],"categories":[],"tags":[],"yoast_head":"<!-- This site is optimized with the Yoast SEO plugin v18.3 - https:\/\/yoast.com\/wordpress\/plugins\/seo\/ -->\n<title>Dr. Kelemen J\u00f3zsef Patol\u00f3giai Napok - Cs\u00edkszeredai Megyei S\u00fcrg\u0151ss\u00e9gi K\u00f3rh\u00e1z<\/title>\n<meta name=\"robots\" content=\"index, follow, max-snippet:-1, max-image-preview:large, max-video-preview:-1\" \/>\n<link rel=\"canonical\" href=\"https:\/\/spitalmciuc.ro\/dr-kelemen-jozsef-patologiai-napok\/\" \/>\n<meta property=\"og:locale\" content=\"hu_HU\" \/>\n<meta property=\"og:type\" content=\"article\" \/>\n<meta property=\"og:title\" content=\"Dr. Kelemen J\u00f3zsef Patol\u00f3giai Napok - Cs\u00edkszeredai Megyei S\u00fcrg\u0151ss\u00e9gi K\u00f3rh\u00e1z\" \/>\n<meta property=\"og:description\" content=\"Orvosok, asszisztensek, biol\u00f3gusok vettek r\u00e9szt p\u00e9nteken \u00e9s szombaton a Cs\u00edkszeredai Megyei S\u00fcrg\u0151ss\u00e9gi K\u00f3rh\u00e1zban lezajlott Dr. Kelemen J\u00f3zsef Patol\u00f3giai Napokon. A Hargita Megye Tan\u00e1csa \u00e1ltal m\u0171k\u00f6dtetett k\u00f3rh\u00e1zban, a Dr. Kelemen J\u00f3zsefr\u0151l elnevezett szakk\u00f6nyvt\u00e1rban p\u00e9ntek d\u00e9lben tartott\u00e1k a rendezv\u00e9ny megnyit\u00f3j\u00e1t. Dr. Konr\u00e1d Judit, a k\u00f3rh\u00e1z menedzsere k\u00f6sz\u00f6nt\u0151j\u00e9ben azt mondta, fontosnak tartj\u00e1k, hogy mik\u00f6zben a k\u00f3rh\u00e1z jelen\u00e9r\u0151l \u00e9s&hellip;\" \/>\n<meta property=\"og:url\" content=\"https:\/\/spitalmciuc.ro\/dr-kelemen-jozsef-patologiai-napok\/\" \/>\n<meta property=\"og:site_name\" content=\"Cs\u00edkszeredai Megyei S\u00fcrg\u0151ss\u00e9gi K\u00f3rh\u00e1z\" \/>\n<meta property=\"article:published_time\" content=\"2019-10-21T08:20:20+00:00\" \/>\n<meta property=\"article:modified_time\" content=\"2022-03-02T07:49:26+00:00\" \/>\n<meta property=\"og:image\" content=\"https:\/\/spitalmciuc.ro\/wp-content\/uploads\/2019\/10\/PatKonf2.jpg\" \/>\n\t<meta property=\"og:image:width\" content=\"1555\" \/>\n\t<meta property=\"og:image:height\" content=\"1037\" \/>\n\t<meta property=\"og:image:type\" content=\"image\/jpeg\" \/>\n<meta name=\"twitter:card\" content=\"summary_large_image\" \/>\n<meta name=\"twitter:label1\" content=\"Szerz\u0151:\" \/>\n\t<meta name=\"twitter:data1\" content=\"Milik Szil\u00e1rd\" \/>\n\t<meta name=\"twitter:label2\" content=\"Becs\u00fclt olvas\u00e1si id\u0151\" \/>\n\t<meta name=\"twitter:data2\" content=\"5 perc\" \/>\n<script type=\"application\/ld+json\" class=\"yoast-schema-graph\">{\"@context\":\"https:\/\/schema.org\",\"@graph\":[{\"@type\":\"Organization\",\"@id\":\"https:\/\/spitalmciuc.ro\/#organization\",\"name\":\"Spitalul Jude\u0163ean de Urgen\u0163\u0103 Miercurea Ciuc\",\"url\":\"https:\/\/spitalmciuc.ro\/\",\"sameAs\":[],\"logo\":{\"@type\":\"ImageObject\",\"@id\":\"https:\/\/spitalmciuc.ro\/#logo\",\"inLanguage\":\"hu\",\"url\":\"https:\/\/spitalmciuc.ro\/wp-content\/uploads\/2022\/02\/logo-spital-ro-60.jpg\",\"contentUrl\":\"https:\/\/spitalmciuc.ro\/wp-content\/uploads\/2022\/02\/logo-spital-ro-60.jpg\",\"width\":198,\"height\":60,\"caption\":\"Spitalul Jude\u0163ean de Urgen\u0163\u0103 Miercurea Ciuc\"},\"image\":{\"@id\":\"https:\/\/spitalmciuc.ro\/#logo\"}},{\"@type\":\"WebSite\",\"@id\":\"https:\/\/spitalmciuc.ro\/#website\",\"url\":\"https:\/\/spitalmciuc.ro\/\",\"name\":\"Cs\u00edkszeredai Megyei S\u00fcrg\u0151ss\u00e9gi K\u00f3rh\u00e1z\",\"description\":\"\",\"publisher\":{\"@id\":\"https:\/\/spitalmciuc.ro\/#organization\"},\"potentialAction\":[{\"@type\":\"SearchAction\",\"target\":{\"@type\":\"EntryPoint\",\"urlTemplate\":\"https:\/\/spitalmciuc.ro\/?s={search_term_string}\"},\"query-input\":\"required name=search_term_string\"}],\"inLanguage\":\"hu\"},{\"@type\":\"ImageObject\",\"@id\":\"https:\/\/spitalmciuc.ro\/dr-kelemen-jozsef-patologiai-napok\/#primaryimage\",\"inLanguage\":\"hu\",\"url\":\"https:\/\/spitalmciuc.ro\/wp-content\/uploads\/2019\/10\/PatKonf2.jpg\",\"contentUrl\":\"https:\/\/spitalmciuc.ro\/wp-content\/uploads\/2019\/10\/PatKonf2.jpg\",\"width\":1555,\"height\":1037,\"caption\":\"PatKonf2\"},{\"@type\":\"WebPage\",\"@id\":\"https:\/\/spitalmciuc.ro\/dr-kelemen-jozsef-patologiai-napok\/#webpage\",\"url\":\"https:\/\/spitalmciuc.ro\/dr-kelemen-jozsef-patologiai-napok\/\",\"name\":\"Dr. Kelemen J\u00f3zsef Patol\u00f3giai Napok - Cs\u00edkszeredai Megyei S\u00fcrg\u0151ss\u00e9gi K\u00f3rh\u00e1z\",\"isPartOf\":{\"@id\":\"https:\/\/spitalmciuc.ro\/#website\"},\"primaryImageOfPage\":{\"@id\":\"https:\/\/spitalmciuc.ro\/dr-kelemen-jozsef-patologiai-napok\/#primaryimage\"},\"datePublished\":\"2019-10-21T08:20:20+00:00\",\"dateModified\":\"2022-03-02T07:49:26+00:00\",\"breadcrumb\":{\"@id\":\"https:\/\/spitalmciuc.ro\/dr-kelemen-jozsef-patologiai-napok\/#breadcrumb\"},\"inLanguage\":\"hu\",\"potentialAction\":[{\"@type\":\"ReadAction\",\"target\":[\"https:\/\/spitalmciuc.ro\/dr-kelemen-jozsef-patologiai-napok\/\"]}]},{\"@type\":\"BreadcrumbList\",\"@id\":\"https:\/\/spitalmciuc.ro\/dr-kelemen-jozsef-patologiai-napok\/#breadcrumb\",\"itemListElement\":[{\"@type\":\"ListItem\",\"position\":1,\"name\":\"Kezd\u0151lap\",\"item\":\"https:\/\/spitalmciuc.ro\/hu\/\"},{\"@type\":\"ListItem\",\"position\":2,\"name\":\"Dr. Kelemen J\u00f3zsef Patol\u00f3giai Napok\"}]},{\"@type\":\"Article\",\"@id\":\"https:\/\/spitalmciuc.ro\/dr-kelemen-jozsef-patologiai-napok\/#article\",\"isPartOf\":{\"@id\":\"https:\/\/spitalmciuc.ro\/dr-kelemen-jozsef-patologiai-napok\/#webpage\"},\"author\":{\"@id\":\"https:\/\/spitalmciuc.ro\/#\/schema\/person\/20ea297ab07e8f4d1689dfe252e34174\"},\"headline\":\"Dr. Kelemen J\u00f3zsef Patol\u00f3giai Napok\",\"datePublished\":\"2019-10-21T08:20:20+00:00\",\"dateModified\":\"2022-03-02T07:49:26+00:00\",\"mainEntityOfPage\":{\"@id\":\"https:\/\/spitalmciuc.ro\/dr-kelemen-jozsef-patologiai-napok\/#webpage\"},\"wordCount\":1061,\"publisher\":{\"@id\":\"https:\/\/spitalmciuc.ro\/#organization\"},\"image\":{\"@id\":\"https:\/\/spitalmciuc.ro\/dr-kelemen-jozsef-patologiai-napok\/#primaryimage\"},\"thumbnailUrl\":\"https:\/\/spitalmciuc.ro\/wp-content\/uploads\/2019\/10\/PatKonf2.jpg\",\"inLanguage\":\"hu\"},{\"@type\":\"Person\",\"@id\":\"https:\/\/spitalmciuc.ro\/#\/schema\/person\/20ea297ab07e8f4d1689dfe252e34174\",\"name\":\"Milik Szil\u00e1rd\",\"url\":\"https:\/\/spitalmciuc.ro\/hu\/author\/szilard\/\"}]}<\/script>\n<!-- \/ Yoast SEO plugin. -->","yoast_head_json":{"title":"Dr. Kelemen J\u00f3zsef Patol\u00f3giai Napok - Cs\u00edkszeredai Megyei S\u00fcrg\u0151ss\u00e9gi K\u00f3rh\u00e1z","robots":{"index":"index","follow":"follow","max-snippet":"max-snippet:-1","max-image-preview":"max-image-preview:large","max-video-preview":"max-video-preview:-1"},"canonical":"https:\/\/spitalmciuc.ro\/dr-kelemen-jozsef-patologiai-napok\/","og_locale":"hu_HU","og_type":"article","og_title":"Dr. Kelemen J\u00f3zsef Patol\u00f3giai Napok - Cs\u00edkszeredai Megyei S\u00fcrg\u0151ss\u00e9gi K\u00f3rh\u00e1z","og_description":"Orvosok, asszisztensek, biol\u00f3gusok vettek r\u00e9szt p\u00e9nteken \u00e9s szombaton a Cs\u00edkszeredai Megyei S\u00fcrg\u0151ss\u00e9gi K\u00f3rh\u00e1zban lezajlott Dr. Kelemen J\u00f3zsef Patol\u00f3giai Napokon. A Hargita Megye Tan\u00e1csa \u00e1ltal m\u0171k\u00f6dtetett k\u00f3rh\u00e1zban, a Dr. Kelemen J\u00f3zsefr\u0151l elnevezett szakk\u00f6nyvt\u00e1rban p\u00e9ntek d\u00e9lben tartott\u00e1k a rendezv\u00e9ny megnyit\u00f3j\u00e1t. Dr. Konr\u00e1d Judit, a k\u00f3rh\u00e1z menedzsere k\u00f6sz\u00f6nt\u0151j\u00e9ben azt mondta, fontosnak tartj\u00e1k, hogy mik\u00f6zben a k\u00f3rh\u00e1z jelen\u00e9r\u0151l \u00e9s&hellip;","og_url":"https:\/\/spitalmciuc.ro\/dr-kelemen-jozsef-patologiai-napok\/","og_site_name":"Cs\u00edkszeredai Megyei S\u00fcrg\u0151ss\u00e9gi K\u00f3rh\u00e1z","article_published_time":"2019-10-21T08:20:20+00:00","article_modified_time":"2022-03-02T07:49:26+00:00","og_image":[{"width":1555,"height":1037,"url":"https:\/\/spitalmciuc.ro\/wp-content\/uploads\/2019\/10\/PatKonf2.jpg","type":"image\/jpeg"}],"twitter_card":"summary_large_image","twitter_misc":{"Szerz\u0151:":"Milik Szil\u00e1rd","Becs\u00fclt olvas\u00e1si id\u0151":"5 perc"},"schema":{"@context":"https:\/\/schema.org","@graph":[{"@type":"Organization","@id":"https:\/\/spitalmciuc.ro\/#organization","name":"Spitalul Jude\u0163ean de Urgen\u0163\u0103 Miercurea Ciuc","url":"https:\/\/spitalmciuc.ro\/","sameAs":[],"logo":{"@type":"ImageObject","@id":"https:\/\/spitalmciuc.ro\/#logo","inLanguage":"hu","url":"https:\/\/spitalmciuc.ro\/wp-content\/uploads\/2022\/02\/logo-spital-ro-60.jpg","contentUrl":"https:\/\/spitalmciuc.ro\/wp-content\/uploads\/2022\/02\/logo-spital-ro-60.jpg","width":198,"height":60,"caption":"Spitalul Jude\u0163ean de Urgen\u0163\u0103 Miercurea Ciuc"},"image":{"@id":"https:\/\/spitalmciuc.ro\/#logo"}},{"@type":"WebSite","@id":"https:\/\/spitalmciuc.ro\/#website","url":"https:\/\/spitalmciuc.ro\/","name":"Cs\u00edkszeredai Megyei S\u00fcrg\u0151ss\u00e9gi K\u00f3rh\u00e1z","description":"","publisher":{"@id":"https:\/\/spitalmciuc.ro\/#organization"},"potentialAction":[{"@type":"SearchAction","target":{"@type":"EntryPoint","urlTemplate":"https:\/\/spitalmciuc.ro\/?s={search_term_string}"},"query-input":"required name=search_term_string"}],"inLanguage":"hu"},{"@type":"ImageObject","@id":"https:\/\/spitalmciuc.ro\/dr-kelemen-jozsef-patologiai-napok\/#primaryimage","inLanguage":"hu","url":"https:\/\/spitalmciuc.ro\/wp-content\/uploads\/2019\/10\/PatKonf2.jpg","contentUrl":"https:\/\/spitalmciuc.ro\/wp-content\/uploads\/2019\/10\/PatKonf2.jpg","width":1555,"height":1037,"caption":"PatKonf2"},{"@type":"WebPage","@id":"https:\/\/spitalmciuc.ro\/dr-kelemen-jozsef-patologiai-napok\/#webpage","url":"https:\/\/spitalmciuc.ro\/dr-kelemen-jozsef-patologiai-napok\/","name":"Dr. Kelemen J\u00f3zsef Patol\u00f3giai Napok - Cs\u00edkszeredai Megyei S\u00fcrg\u0151ss\u00e9gi K\u00f3rh\u00e1z","isPartOf":{"@id":"https:\/\/spitalmciuc.ro\/#website"},"primaryImageOfPage":{"@id":"https:\/\/spitalmciuc.ro\/dr-kelemen-jozsef-patologiai-napok\/#primaryimage"},"datePublished":"2019-10-21T08:20:20+00:00","dateModified":"2022-03-02T07:49:26+00:00","breadcrumb":{"@id":"https:\/\/spitalmciuc.ro\/dr-kelemen-jozsef-patologiai-napok\/#breadcrumb"},"inLanguage":"hu","potentialAction":[{"@type":"ReadAction","target":["https:\/\/spitalmciuc.ro\/dr-kelemen-jozsef-patologiai-napok\/"]}]},{"@type":"BreadcrumbList","@id":"https:\/\/spitalmciuc.ro\/dr-kelemen-jozsef-patologiai-napok\/#breadcrumb","itemListElement":[{"@type":"ListItem","position":1,"name":"Kezd\u0151lap","item":"https:\/\/spitalmciuc.ro\/hu\/"},{"@type":"ListItem","position":2,"name":"Dr. Kelemen J\u00f3zsef Patol\u00f3giai Napok"}]},{"@type":"Article","@id":"https:\/\/spitalmciuc.ro\/dr-kelemen-jozsef-patologiai-napok\/#article","isPartOf":{"@id":"https:\/\/spitalmciuc.ro\/dr-kelemen-jozsef-patologiai-napok\/#webpage"},"author":{"@id":"https:\/\/spitalmciuc.ro\/#\/schema\/person\/20ea297ab07e8f4d1689dfe252e34174"},"headline":"Dr. Kelemen J\u00f3zsef Patol\u00f3giai Napok","datePublished":"2019-10-21T08:20:20+00:00","dateModified":"2022-03-02T07:49:26+00:00","mainEntityOfPage":{"@id":"https:\/\/spitalmciuc.ro\/dr-kelemen-jozsef-patologiai-napok\/#webpage"},"wordCount":1061,"publisher":{"@id":"https:\/\/spitalmciuc.ro\/#organization"},"image":{"@id":"https:\/\/spitalmciuc.ro\/dr-kelemen-jozsef-patologiai-napok\/#primaryimage"},"thumbnailUrl":"https:\/\/spitalmciuc.ro\/wp-content\/uploads\/2019\/10\/PatKonf2.jpg","inLanguage":"hu"},{"@type":"Person","@id":"https:\/\/spitalmciuc.ro\/#\/schema\/person\/20ea297ab07e8f4d1689dfe252e34174","name":"Milik Szil\u00e1rd","url":"https:\/\/spitalmciuc.ro\/hu\/author\/szilard\/"}]}},"_links":{"self":[{"href":"https:\/\/spitalmciuc.ro\/hu\/wp-json\/wp\/v2\/posts\/5185"}],"collection":[{"href":"https:\/\/spitalmciuc.ro\/hu\/wp-json\/wp\/v2\/posts"}],"about":[{"href":"https:\/\/spitalmciuc.ro\/hu\/wp-json\/wp\/v2\/types\/post"}],"author":[{"embeddable":true,"href":"https:\/\/spitalmciuc.ro\/hu\/wp-json\/wp\/v2\/users\/11"}],"replies":[{"embeddable":true,"href":"https:\/\/spitalmciuc.ro\/hu\/wp-json\/wp\/v2\/comments?post=5185"}],"version-history":[{"count":1,"href":"https:\/\/spitalmciuc.ro\/hu\/wp-json\/wp\/v2\/posts\/5185\/revisions"}],"predecessor-version":[{"id":6584,"href":"https:\/\/spitalmciuc.ro\/hu\/wp-json\/wp\/v2\/posts\/5185\/revisions\/6584"}],"wp:featuredmedia":[{"embeddable":true,"href":"https:\/\/spitalmciuc.ro\/hu\/wp-json\/wp\/v2\/media\/5182"}],"wp:attachment":[{"href":"https:\/\/spitalmciuc.ro\/hu\/wp-json\/wp\/v2\/media?parent=5185"}],"wp:term":[{"taxonomy":"category","embeddable":true,"href":"https:\/\/spitalmciuc.ro\/hu\/wp-json\/wp\/v2\/categories?post=5185"},{"taxonomy":"post_tag","embeddable":true,"href":"https:\/\/spitalmciuc.ro\/hu\/wp-json\/wp\/v2\/tags?post=5185"}],"curies":[{"name":"wp","href":"https:\/\/api.w.org\/{rel}","templated":true}]}}