{"id":5181,"date":"2019-10-21T08:05:44","date_gmt":"2019-10-21T08:05:44","guid":{"rendered":"https:\/\/spital.creative-solutions.ro\/index.php\/fokozodo-visszafordithatatlan-feledekenyseg\/"},"modified":"2022-03-02T07:49:27","modified_gmt":"2022-03-02T07:49:27","slug":"fokozodo-visszafordithatatlan-feledekenyseg","status":"publish","type":"post","link":"https:\/\/spitalmciuc.ro\/hu\/fokozodo-visszafordithatatlan-feledekenyseg\/","title":{"rendered":"Fokoz\u00f3d\u00f3, visszaford\u00edthatatlan feled\u00e9kenys\u00e9g"},"content":{"rendered":"<p style=\"text-align: justify;\">Szeptember 21.-e az Alzheimer-k\u00f3r vil\u00e1gnapja volt, ezt k\u00f6vet\u0151 h\u00e9ten vil\u00e1gszerte sz\u00e1mos rendezv\u00e9nyen h\u00edvt\u00e1k fel a figyelmet a betegs\u00e9gre, k\u00f6vetkezm\u00e9nyeire. Az id\u0151skori elbutul\u00e1sk\u00e9nt is emlegetett betegs\u00e9g nem gy\u00f3gy\u00edthat\u00f3, \u00e9s a fokozatos le\u00e9p\u00fcl\u00e9s, amivel j\u00e1r, hatalmas terhet r\u00f3 a beteg hozz\u00e1tartoz\u00f3ira is. Mit kell tudni err\u0151l a k\u00f3rr\u00f3l, mikor menj\u00fcnk orvoshoz \u00e9s mit tehet\u00fcnk a megel\u0151z\u00e9s \u00e9rdek\u00e9ben \u2013 a Hargita N\u00e9p\u00e9ben dr. Dobos Gy\u00f6ngyv\u00e9r neurol\u00f3gus szakorvossal besz\u00e9lgettek.<\/p>\n<p><a href=\"https:\/\/hargitanepe.eu\/beszelgetes-dr-dobos-gyongyver-neurologus-szakorvossal-fokozodo-visszafordithatatlan-feledekenyseg\/\">https:\/\/hargitanepe.eu\/beszelgetes-dr-dobos-gyongyver-neurologus-szakorvossal-fokozodo-visszafordithatatlan-feledekenyseg\/<\/a><\/p>\n","protected":false},"excerpt":{"rendered":"<p>Szeptember 21.-e az Alzheimer-k\u00f3r vil\u00e1gnapja volt, ezt k\u00f6vet\u0151 h\u00e9ten vil\u00e1gszerte sz\u00e1mos rendezv\u00e9nyen h\u00edvt\u00e1k fel a figyelmet a betegs\u00e9gre, k\u00f6vetkezm\u00e9nyeire. Az id\u0151skori elbutul\u00e1sk\u00e9nt is emlegetett betegs\u00e9g nem gy\u00f3gy\u00edthat\u00f3, \u00e9s a fokozatos le\u00e9p\u00fcl\u00e9s, amivel j\u00e1r, hatalmas terhet r\u00f3 a beteg hozz\u00e1tartoz\u00f3ira is. Mit kell tudni err\u0151l a k\u00f3rr\u00f3l, mikor menj\u00fcnk orvoshoz \u00e9s mit tehet\u00fcnk a megel\u0151z\u00e9s \u00e9rdek\u00e9ben&hellip;<\/p>\n","protected":false},"author":11,"featured_media":0,"comment_status":"closed","ping_status":"closed","sticky":false,"template":"","format":"standard","meta":[],"categories":[],"tags":[],"yoast_head":"<!-- This site is optimized with the Yoast SEO plugin v18.3 - https:\/\/yoast.com\/wordpress\/plugins\/seo\/ -->\n<title>Fokoz\u00f3d\u00f3, visszaford\u00edthatatlan feled\u00e9kenys\u00e9g - Cs\u00edkszeredai Megyei S\u00fcrg\u0151ss\u00e9gi K\u00f3rh\u00e1z<\/title>\n<meta name=\"robots\" content=\"index, follow, max-snippet:-1, max-image-preview:large, max-video-preview:-1\" \/>\n<link rel=\"canonical\" href=\"https:\/\/spitalmciuc.ro\/fokozodo-visszafordithatatlan-feledekenyseg\/\" \/>\n<meta property=\"og:locale\" content=\"hu_HU\" \/>\n<meta property=\"og:type\" content=\"article\" \/>\n<meta property=\"og:title\" content=\"Fokoz\u00f3d\u00f3, visszaford\u00edthatatlan feled\u00e9kenys\u00e9g - Cs\u00edkszeredai Megyei S\u00fcrg\u0151ss\u00e9gi K\u00f3rh\u00e1z\" \/>\n<meta property=\"og:description\" content=\"Szeptember 21.-e az Alzheimer-k\u00f3r vil\u00e1gnapja volt, ezt k\u00f6vet\u0151 h\u00e9ten vil\u00e1gszerte sz\u00e1mos rendezv\u00e9nyen h\u00edvt\u00e1k fel a figyelmet a betegs\u00e9gre, k\u00f6vetkezm\u00e9nyeire. Az id\u0151skori elbutul\u00e1sk\u00e9nt is emlegetett betegs\u00e9g nem gy\u00f3gy\u00edthat\u00f3, \u00e9s a fokozatos le\u00e9p\u00fcl\u00e9s, amivel j\u00e1r, hatalmas terhet r\u00f3 a beteg hozz\u00e1tartoz\u00f3ira is. Mit kell tudni err\u0151l a k\u00f3rr\u00f3l, mikor menj\u00fcnk orvoshoz \u00e9s mit tehet\u00fcnk a megel\u0151z\u00e9s \u00e9rdek\u00e9ben&hellip;\" \/>\n<meta property=\"og:url\" content=\"https:\/\/spitalmciuc.ro\/fokozodo-visszafordithatatlan-feledekenyseg\/\" \/>\n<meta property=\"og:site_name\" content=\"Cs\u00edkszeredai Megyei S\u00fcrg\u0151ss\u00e9gi K\u00f3rh\u00e1z\" \/>\n<meta property=\"article:published_time\" content=\"2019-10-21T08:05:44+00:00\" \/>\n<meta property=\"article:modified_time\" content=\"2022-03-02T07:49:27+00:00\" \/>\n<meta name=\"twitter:card\" content=\"summary_large_image\" \/>\n<meta name=\"twitter:label1\" content=\"Szerz\u0151:\" \/>\n\t<meta name=\"twitter:data1\" content=\"Milik Szil\u00e1rd\" \/>\n\t<meta name=\"twitter:label2\" content=\"Becs\u00fclt olvas\u00e1si id\u0151\" \/>\n\t<meta name=\"twitter:data2\" content=\"1 perc\" \/>\n<script type=\"application\/ld+json\" class=\"yoast-schema-graph\">{\"@context\":\"https:\/\/schema.org\",\"@graph\":[{\"@type\":\"Organization\",\"@id\":\"https:\/\/spitalmciuc.ro\/#organization\",\"name\":\"Spitalul Jude\u0163ean de Urgen\u0163\u0103 Miercurea Ciuc\",\"url\":\"https:\/\/spitalmciuc.ro\/\",\"sameAs\":[],\"logo\":{\"@type\":\"ImageObject\",\"@id\":\"https:\/\/spitalmciuc.ro\/#logo\",\"inLanguage\":\"hu\",\"url\":\"https:\/\/spitalmciuc.ro\/wp-content\/uploads\/2022\/02\/logo-spital-ro-60.jpg\",\"contentUrl\":\"https:\/\/spitalmciuc.ro\/wp-content\/uploads\/2022\/02\/logo-spital-ro-60.jpg\",\"width\":198,\"height\":60,\"caption\":\"Spitalul Jude\u0163ean de Urgen\u0163\u0103 Miercurea Ciuc\"},\"image\":{\"@id\":\"https:\/\/spitalmciuc.ro\/#logo\"}},{\"@type\":\"WebSite\",\"@id\":\"https:\/\/spitalmciuc.ro\/#website\",\"url\":\"https:\/\/spitalmciuc.ro\/\",\"name\":\"Cs\u00edkszeredai Megyei S\u00fcrg\u0151ss\u00e9gi K\u00f3rh\u00e1z\",\"description\":\"\",\"publisher\":{\"@id\":\"https:\/\/spitalmciuc.ro\/#organization\"},\"potentialAction\":[{\"@type\":\"SearchAction\",\"target\":{\"@type\":\"EntryPoint\",\"urlTemplate\":\"https:\/\/spitalmciuc.ro\/?s={search_term_string}\"},\"query-input\":\"required name=search_term_string\"}],\"inLanguage\":\"hu\"},{\"@type\":\"WebPage\",\"@id\":\"https:\/\/spitalmciuc.ro\/fokozodo-visszafordithatatlan-feledekenyseg\/#webpage\",\"url\":\"https:\/\/spitalmciuc.ro\/fokozodo-visszafordithatatlan-feledekenyseg\/\",\"name\":\"Fokoz\u00f3d\u00f3, visszaford\u00edthatatlan feled\u00e9kenys\u00e9g - Cs\u00edkszeredai Megyei S\u00fcrg\u0151ss\u00e9gi K\u00f3rh\u00e1z\",\"isPartOf\":{\"@id\":\"https:\/\/spitalmciuc.ro\/#website\"},\"datePublished\":\"2019-10-21T08:05:44+00:00\",\"dateModified\":\"2022-03-02T07:49:27+00:00\",\"breadcrumb\":{\"@id\":\"https:\/\/spitalmciuc.ro\/fokozodo-visszafordithatatlan-feledekenyseg\/#breadcrumb\"},\"inLanguage\":\"hu\",\"potentialAction\":[{\"@type\":\"ReadAction\",\"target\":[\"https:\/\/spitalmciuc.ro\/fokozodo-visszafordithatatlan-feledekenyseg\/\"]}]},{\"@type\":\"BreadcrumbList\",\"@id\":\"https:\/\/spitalmciuc.ro\/fokozodo-visszafordithatatlan-feledekenyseg\/#breadcrumb\",\"itemListElement\":[{\"@type\":\"ListItem\",\"position\":1,\"name\":\"Kezd\u0151lap\",\"item\":\"https:\/\/spitalmciuc.ro\/hu\/\"},{\"@type\":\"ListItem\",\"position\":2,\"name\":\"Fokoz\u00f3d\u00f3, visszaford\u00edthatatlan feled\u00e9kenys\u00e9g\"}]},{\"@type\":\"Article\",\"@id\":\"https:\/\/spitalmciuc.ro\/fokozodo-visszafordithatatlan-feledekenyseg\/#article\",\"isPartOf\":{\"@id\":\"https:\/\/spitalmciuc.ro\/fokozodo-visszafordithatatlan-feledekenyseg\/#webpage\"},\"author\":{\"@id\":\"https:\/\/spitalmciuc.ro\/#\/schema\/person\/20ea297ab07e8f4d1689dfe252e34174\"},\"headline\":\"Fokoz\u00f3d\u00f3, visszaford\u00edthatatlan feled\u00e9kenys\u00e9g\",\"datePublished\":\"2019-10-21T08:05:44+00:00\",\"dateModified\":\"2022-03-02T07:49:27+00:00\",\"mainEntityOfPage\":{\"@id\":\"https:\/\/spitalmciuc.ro\/fokozodo-visszafordithatatlan-feledekenyseg\/#webpage\"},\"wordCount\":113,\"publisher\":{\"@id\":\"https:\/\/spitalmciuc.ro\/#organization\"},\"inLanguage\":\"hu\"},{\"@type\":\"Person\",\"@id\":\"https:\/\/spitalmciuc.ro\/#\/schema\/person\/20ea297ab07e8f4d1689dfe252e34174\",\"name\":\"Milik Szil\u00e1rd\",\"url\":\"https:\/\/spitalmciuc.ro\/hu\/author\/szilard\/\"}]}<\/script>\n<!-- \/ Yoast SEO plugin. -->","yoast_head_json":{"title":"Fokoz\u00f3d\u00f3, visszaford\u00edthatatlan feled\u00e9kenys\u00e9g - Cs\u00edkszeredai Megyei S\u00fcrg\u0151ss\u00e9gi K\u00f3rh\u00e1z","robots":{"index":"index","follow":"follow","max-snippet":"max-snippet:-1","max-image-preview":"max-image-preview:large","max-video-preview":"max-video-preview:-1"},"canonical":"https:\/\/spitalmciuc.ro\/fokozodo-visszafordithatatlan-feledekenyseg\/","og_locale":"hu_HU","og_type":"article","og_title":"Fokoz\u00f3d\u00f3, visszaford\u00edthatatlan feled\u00e9kenys\u00e9g - Cs\u00edkszeredai Megyei S\u00fcrg\u0151ss\u00e9gi K\u00f3rh\u00e1z","og_description":"Szeptember 21.-e az Alzheimer-k\u00f3r vil\u00e1gnapja volt, ezt k\u00f6vet\u0151 h\u00e9ten vil\u00e1gszerte sz\u00e1mos rendezv\u00e9nyen h\u00edvt\u00e1k fel a figyelmet a betegs\u00e9gre, k\u00f6vetkezm\u00e9nyeire. Az id\u0151skori elbutul\u00e1sk\u00e9nt is emlegetett betegs\u00e9g nem gy\u00f3gy\u00edthat\u00f3, \u00e9s a fokozatos le\u00e9p\u00fcl\u00e9s, amivel j\u00e1r, hatalmas terhet r\u00f3 a beteg hozz\u00e1tartoz\u00f3ira is. Mit kell tudni err\u0151l a k\u00f3rr\u00f3l, mikor menj\u00fcnk orvoshoz \u00e9s mit tehet\u00fcnk a megel\u0151z\u00e9s \u00e9rdek\u00e9ben&hellip;","og_url":"https:\/\/spitalmciuc.ro\/fokozodo-visszafordithatatlan-feledekenyseg\/","og_site_name":"Cs\u00edkszeredai Megyei S\u00fcrg\u0151ss\u00e9gi K\u00f3rh\u00e1z","article_published_time":"2019-10-21T08:05:44+00:00","article_modified_time":"2022-03-02T07:49:27+00:00","twitter_card":"summary_large_image","twitter_misc":{"Szerz\u0151:":"Milik Szil\u00e1rd","Becs\u00fclt olvas\u00e1si id\u0151":"1 perc"},"schema":{"@context":"https:\/\/schema.org","@graph":[{"@type":"Organization","@id":"https:\/\/spitalmciuc.ro\/#organization","name":"Spitalul Jude\u0163ean de Urgen\u0163\u0103 Miercurea Ciuc","url":"https:\/\/spitalmciuc.ro\/","sameAs":[],"logo":{"@type":"ImageObject","@id":"https:\/\/spitalmciuc.ro\/#logo","inLanguage":"hu","url":"https:\/\/spitalmciuc.ro\/wp-content\/uploads\/2022\/02\/logo-spital-ro-60.jpg","contentUrl":"https:\/\/spitalmciuc.ro\/wp-content\/uploads\/2022\/02\/logo-spital-ro-60.jpg","width":198,"height":60,"caption":"Spitalul Jude\u0163ean de Urgen\u0163\u0103 Miercurea Ciuc"},"image":{"@id":"https:\/\/spitalmciuc.ro\/#logo"}},{"@type":"WebSite","@id":"https:\/\/spitalmciuc.ro\/#website","url":"https:\/\/spitalmciuc.ro\/","name":"Cs\u00edkszeredai Megyei S\u00fcrg\u0151ss\u00e9gi K\u00f3rh\u00e1z","description":"","publisher":{"@id":"https:\/\/spitalmciuc.ro\/#organization"},"potentialAction":[{"@type":"SearchAction","target":{"@type":"EntryPoint","urlTemplate":"https:\/\/spitalmciuc.ro\/?s={search_term_string}"},"query-input":"required name=search_term_string"}],"inLanguage":"hu"},{"@type":"WebPage","@id":"https:\/\/spitalmciuc.ro\/fokozodo-visszafordithatatlan-feledekenyseg\/#webpage","url":"https:\/\/spitalmciuc.ro\/fokozodo-visszafordithatatlan-feledekenyseg\/","name":"Fokoz\u00f3d\u00f3, visszaford\u00edthatatlan feled\u00e9kenys\u00e9g - Cs\u00edkszeredai Megyei S\u00fcrg\u0151ss\u00e9gi K\u00f3rh\u00e1z","isPartOf":{"@id":"https:\/\/spitalmciuc.ro\/#website"},"datePublished":"2019-10-21T08:05:44+00:00","dateModified":"2022-03-02T07:49:27+00:00","breadcrumb":{"@id":"https:\/\/spitalmciuc.ro\/fokozodo-visszafordithatatlan-feledekenyseg\/#breadcrumb"},"inLanguage":"hu","potentialAction":[{"@type":"ReadAction","target":["https:\/\/spitalmciuc.ro\/fokozodo-visszafordithatatlan-feledekenyseg\/"]}]},{"@type":"BreadcrumbList","@id":"https:\/\/spitalmciuc.ro\/fokozodo-visszafordithatatlan-feledekenyseg\/#breadcrumb","itemListElement":[{"@type":"ListItem","position":1,"name":"Kezd\u0151lap","item":"https:\/\/spitalmciuc.ro\/hu\/"},{"@type":"ListItem","position":2,"name":"Fokoz\u00f3d\u00f3, visszaford\u00edthatatlan feled\u00e9kenys\u00e9g"}]},{"@type":"Article","@id":"https:\/\/spitalmciuc.ro\/fokozodo-visszafordithatatlan-feledekenyseg\/#article","isPartOf":{"@id":"https:\/\/spitalmciuc.ro\/fokozodo-visszafordithatatlan-feledekenyseg\/#webpage"},"author":{"@id":"https:\/\/spitalmciuc.ro\/#\/schema\/person\/20ea297ab07e8f4d1689dfe252e34174"},"headline":"Fokoz\u00f3d\u00f3, visszaford\u00edthatatlan feled\u00e9kenys\u00e9g","datePublished":"2019-10-21T08:05:44+00:00","dateModified":"2022-03-02T07:49:27+00:00","mainEntityOfPage":{"@id":"https:\/\/spitalmciuc.ro\/fokozodo-visszafordithatatlan-feledekenyseg\/#webpage"},"wordCount":113,"publisher":{"@id":"https:\/\/spitalmciuc.ro\/#organization"},"inLanguage":"hu"},{"@type":"Person","@id":"https:\/\/spitalmciuc.ro\/#\/schema\/person\/20ea297ab07e8f4d1689dfe252e34174","name":"Milik Szil\u00e1rd","url":"https:\/\/spitalmciuc.ro\/hu\/author\/szilard\/"}]}},"_links":{"self":[{"href":"https:\/\/spitalmciuc.ro\/hu\/wp-json\/wp\/v2\/posts\/5181"}],"collection":[{"href":"https:\/\/spitalmciuc.ro\/hu\/wp-json\/wp\/v2\/posts"}],"about":[{"href":"https:\/\/spitalmciuc.ro\/hu\/wp-json\/wp\/v2\/types\/post"}],"author":[{"embeddable":true,"href":"https:\/\/spitalmciuc.ro\/hu\/wp-json\/wp\/v2\/users\/11"}],"replies":[{"embeddable":true,"href":"https:\/\/spitalmciuc.ro\/hu\/wp-json\/wp\/v2\/comments?post=5181"}],"version-history":[{"count":1,"href":"https:\/\/spitalmciuc.ro\/hu\/wp-json\/wp\/v2\/posts\/5181\/revisions"}],"predecessor-version":[{"id":6585,"href":"https:\/\/spitalmciuc.ro\/hu\/wp-json\/wp\/v2\/posts\/5181\/revisions\/6585"}],"wp:attachment":[{"href":"https:\/\/spitalmciuc.ro\/hu\/wp-json\/wp\/v2\/media?parent=5181"}],"wp:term":[{"taxonomy":"category","embeddable":true,"href":"https:\/\/spitalmciuc.ro\/hu\/wp-json\/wp\/v2\/categories?post=5181"},{"taxonomy":"post_tag","embeddable":true,"href":"https:\/\/spitalmciuc.ro\/hu\/wp-json\/wp\/v2\/tags?post=5181"}],"curies":[{"name":"wp","href":"https:\/\/api.w.org\/{rel}","templated":true}]}}