{"id":5088,"date":"2019-10-09T09:11:46","date_gmt":"2019-10-09T09:11:46","guid":{"rendered":"https:\/\/spital.creative-solutions.ro\/index.php\/szivbol-szolo-szavak-az-egeszseguegyi-ellatasban\/"},"modified":"2022-03-02T07:49:27","modified_gmt":"2022-03-02T07:49:27","slug":"szivbol-szolo-szavak-az-egeszseguegyi-ellatasban","status":"publish","type":"post","link":"https:\/\/spitalmciuc.ro\/hu\/szivbol-szolo-szavak-az-egeszseguegyi-ellatasban\/","title":{"rendered":"Sz\u00edvb\u0151l sz\u00f3l\u00f3 szavak az eg\u00e9szs\u00e9g\u00fcgyi ell\u00e1t\u00e1sban"},"content":{"rendered":"<p style=\"text-align: justify;\">A Cs\u00edkszeredai Megyei S\u00fcrg\u0151ss\u00e9gi K\u00f3rh\u00e1z 26 f\u0151s k\u00fcld\u00f6tts\u00e9ge vett r\u00e9szt a Szatm\u00e1rn\u00e9metiben okt\u00f3ber 3-4-\u00e9n lezajlott Beteggondoz\u00e1s Orsz\u00e1gos Konferenci\u00e1n, amelyen ez\u00fattal a <em>Kommunik\u00e1ci\u00f3 szerepe a beteggondoz\u00e1sban \u2013 avagy a sz\u00edvb\u0151l sz\u00f3l\u00f3 szavak m\u0171v\u00e9szete c\u00edmmel zajlottak el\u0151ad\u00e1sok. Dr. Konr\u00e1d Judit k\u00f3rh\u00e1zmenedzser szerint sz\u00e1mos olyan gyakorlattal ismerkedtek meg, amit a mindennapi eg\u00e9szs\u00e9g\u00fcgyi ell\u00e1t\u00e1sban itthon is alkalmazniuk kell.\u00a0\u00a0\u00a0\u00a0 <\/em><\/p>\n<p style=\"text-align: justify;\"><img decoding=\"async\" loading=\"lazy\" class=\" size-full wp-image-5085\" src=\"https:\/\/spitalmciuc.ro\/wp-content\/uploads\/2019\/10\/szatmarikonf.jpg\" alt=\"\" width=\"400\" height=\"300\" srcset=\"https:\/\/spitalmciuc.ro\/wp-content\/uploads\/2019\/10\/szatmarikonf.jpg 1440w, https:\/\/spitalmciuc.ro\/wp-content\/uploads\/2019\/10\/szatmarikonf-300x225.jpg 300w, https:\/\/spitalmciuc.ro\/wp-content\/uploads\/2019\/10\/szatmarikonf-1024x768.jpg 1024w, https:\/\/spitalmciuc.ro\/wp-content\/uploads\/2019\/10\/szatmarikonf-768x576.jpg 768w\" sizes=\"(max-width: 400px) 100vw, 400px\" \/><\/p>\n<p style=\"text-align: justify;\">A Szatm\u00e1r Megyei S\u00fcrg\u0151ss\u00e9gi K\u00f3rh\u00e1z, a Szatm\u00e1r Megyei Tan\u00e1cs, a Rom\u00e1niai \u00c1ltal\u00e1nos Orvosi Asszisztensek, Sz\u00fcl\u00e9szn\u0151k \u00e9s Orvosi Asszisztensek Rendje (OAMGMAMR) szatm\u00e1ri kirendelts\u00e9g\u00e9nek \u00e9s a Gabriel Krisztian Egyes\u00fclet partners\u00e9g\u00e9ben szervezt\u00e9k meg imm\u00e1r m\u00e1sodik alkalommal Szatm\u00e1rn\u00e9metiben a\u00a0<strong>Beteggondoz\u00e1s Orsz\u00e1gos Konferenci\u00e1t<\/strong>, amelynek idei t\u00e9m\u00e1ja a\u00a0<em>Kommunik\u00e1ci\u00f3 szerepe a beteggondoz\u00e1sban \u2013 avagy a sz\u00edvb\u0151l sz\u00f3l\u00f3 szavak m\u0171v\u00e9szete<\/em>\u00a0volt. A Szatm\u00e1r megyei \u00f6nkorm\u00e1nyzat besz\u00e1mol\u00f3ja szerint az orsz\u00e1gos rendezv\u00e9nyen t\u00f6bb mint 300 rom\u00e1niai \u00e9s k\u00fclf\u00f6ldi eg\u00e9szs\u00e9g\u00fcgyi dolgoz\u00f3, 5 k\u00f3rh\u00e1zigazgat\u00f3, 6 \u00e1pol\u00e1si igazgat\u00f3, 15 orvos vett r\u00e9szt, illetve tartott el\u0151ad\u00e1st. A hallgat\u00f3s\u00e1g r\u00e9sze volt az a 26 f\u0151s cs\u00edkszeredai k\u00fcld\u00f6tts\u00e9g is, amelynek asszisztensek, f\u0151asszisztensek mellett Dr. Konr\u00e1d Judit, a Cs\u00edkszeredai Megyei S\u00fcrg\u0151ss\u00e9gi K\u00f3rh\u00e1z menedzsere \u00e9s Szekeres Ildik\u00f3 \u00e1pol\u00e1si igazgat\u00f3 is tagja volt, ugyanakkor \u00e9rdekes el\u0151ad\u00e1st tartott a rendezv\u00e9nyen dr. Sergiu S\u00eengeorzan, az int\u00e9zm\u00e9ny bels\u0151 k\u00f3rh\u00e1zi fert\u0151z\u00e9seket megel\u0151z\u0151 oszt\u00e1ly\u00e1nak vezet\u0151je is. Dr. Konr\u00e1d Judit \u00fagy v\u00e9li, annak, hogy a konferenci\u00e1n ennyien r\u00e9szt vettek a cs\u00edkszeredai k\u00f3rh\u00e1zb\u00f3l, csapat\u00e9p\u00edt\u0151 hozad\u00e9ka is van, emellett jelzi, hogy van ig\u00e9ny a tanul\u00e1sra, az \u00faj ismeretekre. Jelenl\u00e9t\u00e9vel \u00e9s az \u00e1pol\u00e1si igazgat\u00f3 jelenl\u00e9t\u00e9vel ennek k\u00edv\u00e1ntak s\u00falyt adni, hisz \u2013 mint amint a rendezv\u00e9nyen r\u00e9sztvev\u0151 Sorina Pintea eg\u00e9szs\u00e9g\u00fcgyi miniszter is kiemelte \u2013 nemcsak az asszisztensek, hanem az eg\u00e9szs\u00e9g\u00fcgyi int\u00e9zm\u00e9nyek vezet\u0151i is kell jelezz\u00e9k, hogy mennyire fontos a t\u00e1rgyalt tematika. \u201eSokat besz\u00e9l\u00fcnk arr\u00f3l, hogy el kell ind\u00edtani Cs\u00edkszered\u00e1ban a fels\u0151fok\u00fa asszisztensk\u00e9pz\u00e9st, de nem szabad elfeledkezni a m\u00e1r dolgoz\u00f3 eg\u00e9szs\u00e9g\u00fcgyi szem\u00e9lyzet k\u00e9pz\u00e9s\u00e9r\u0151l sem. Id\u00e9n \u00e9s a k\u00f6vetkez\u0151 h\u00f3napokban is els\u0151dleges lesz ez. Nemcsak az asszisztensek ismereteinek, hanem szakmai \u00f6nbizalm\u00e1nak szintj\u00e9t is n\u00f6velni kell, erre nagy sz\u00fcks\u00e9g van az orvos-asszisztens k\u00f6z\u00f6tti p\u00e1rbesz\u00e9d jav\u00edt\u00e1sa \u00e9rdek\u00e9ben is\u201d \u2013 mutatott r\u00e1 dr. Konr\u00e1d Judit.<\/p>\n<p style=\"text-align: justify;\">\u00a0<\/p>\n<p style=\"text-align: justify;\">Kommunik\u00e1ci\u00f3 \u00e9s bizalom<\/p>\n<p style=\"text-align: justify;\">\u00a0<\/p>\n<p style=\"text-align: justify;\">A szatm\u00e1rn\u00e9meti rendezv\u00e9ny f\u0151 t\u00e9m\u00e1ja a kommunik\u00e1ci\u00f3 volt, amint a szervez\u0151k felvezett\u00e9k, a p\u00e1rbesz\u00e9d jelent\u0151s t\u00e9nyez\u0151 a beteggondoz\u00e1sban, a p\u00e1cienseknek sz\u00fcks\u00e9g\u00fck van arra, hogy megfelel\u0151en hallgass\u00e1k meg \u0151ket \u00e9s feltehess\u00e9k a k\u00e9rd\u00e9seiket. A konferencia sz\u00e1mos el\u0151ad\u00e1sa sz\u00f3lt az ide\u00e1lis orvos-beteg, asszisztens-beteg p\u00e1rbesz\u00e9d kialak\u00edt\u00e1s\u00e1nak metodol\u00f3gi\u00e1j\u00e1r\u00f3l. A konferencia d\u00edszvend\u00e9gk\u00e9nt Sorina Pintea eg\u00e9szs\u00e9g\u00fcgyi miniszter azt mondta, m<strong>entalit\u00e1sv\u00e1lt\u00e1sra van sz\u00fcks\u00e9g ahhoz, hogy javuljon a kommunik\u00e1ci\u00f3 az eg\u00e9szs\u00e9g\u00fcgyi dolgoz\u00f3k \u00e9s betegek k\u00f6z\u00f6tt. Dr. Konr\u00e1d Judit szerint a kommunik\u00e1ci\u00f3 els\u0151dleges fontoss\u00e1g\u00fa a beteg bizalma kialak\u00edt\u00e1s\u00e1nak szempontj\u00e1b\u00f3l. \u201eAz els\u0151 l\u00e9p\u00e9s ebben a bemutatkoz\u00e1s. Apr\u00f3s\u00e1gnak t\u0171nhet, de ha az asszisztens bemutatkozik az oszt\u00e1lyra ker\u00fcl\u0151 betegeknek, azt\u00e1n megmutatja, hogy a k\u00f3rteremben hol az \u00e1gya, hol a f\u00fcrd\u0151szoba, elmondja, hogy h\u00edvj\u00e1k a t\u00f6bbi beteget, ismerteti a bels\u0151 rendszab\u00e1lyzatot, akkor az m\u00e1r megalapozza a bizalmi kapcsolat kialakul\u00e1s\u00e1t, az a beteg k\u00e9s\u0151bb ehhez az asszisztenshez fordul, ha probl\u00e9m\u00e1ja van, vagy akkor is, ha p\u00e9ld\u00e1ul az orvosnak felejtett el megmondani valamit. Mindenk\u00e9ppen be fogjuk vezetni a k\u00f3rh\u00e1zban, hogy ezt az els\u0151 l\u00e9p\u00e9st az asszisztensek megtegy\u00e9k a betegek ir\u00e1ny\u00e1ba\u201d \u2013 \u00f6sszegezte dr. Konr\u00e1d Judit. Hozz\u00e1tette, a mindennapi gyakorlatban az asszisztensek gyakran elfelejtik, hogy egyik els\u0151dleges feladatuk a betegekkel val\u00f3 kommunik\u00e1ci\u00f3, \u00edgy az \u00fajonnan alkalmazott szem\u00e9lyzet sem ezt saj\u00e1t\u00edtja el, ez\u00e9rt fogj\u00e1k ezt int\u00e9zm\u00e9nyi szinten b\u00e1tor\u00edtani. <\/strong><\/p>\n<p style=\"text-align: justify;\"><strong>\u00a0<\/strong><\/p>\n<p style=\"text-align: justify;\"><strong>Megval\u00f3s\u00edthat\u00f3 p\u00e9ld\u00e1k<\/strong><\/p>\n<p style=\"text-align: justify;\"><strong>\u00a0<\/strong><\/p>\n<p style=\"text-align: justify;\"><strong>Szekeres Ildik\u00f3, a cs\u00edkszeredai k\u00f3rh\u00e1z \u00e1pol\u00e1si igazgat\u00f3ja kiemelte, a csapaton bel\u00fcli kommunik\u00e1ci\u00f3 jav\u00edt\u00e1s\u00e1ra is sz\u00e1mos haszn\u00e1lhat\u00f3 \u00f6tletet ismertek meg, ugyanakkor konfliktuskezel\u0151, probl\u00e9mamegold\u00f3 ismereteket saj\u00e1t\u00edtottak el. \u201eAz egyik el\u0151ad\u00f3 azt mondta, egyszer k\u00e9r\u00fcnk eln\u00e9z\u00e9st, ha nem siker\u00fcl valami, ha m\u00e1sodszor is bocs\u00e1natot k\u00e9r\u00fcnk ugyanaz\u00e9rt, akkor bizony\u00e1ra nem oldottuk meg a probl\u00e9m\u00e1t\u201d \u2013 p\u00e9ld\u00e1zta. Az \u00e1pol\u00e1si igazgat\u00f3 szerint ugyanakkor a most megismert angliai mint\u00e1ra a cs\u00edkszeredai k\u00f3rh\u00e1zban is megszervezhet\u0151 a reklam\u00e1ci\u00f3s iroda, ahol az ell\u00e1t\u00e1s min\u0151s\u00e9g\u00e9nek jav\u00edt\u00e1sa \u00e9rdek\u00e9ben k\u00f3rh\u00e1zi alkalmazott, illetve esetlegesen a betegszervezetek k\u00e9pvisel\u0151je fogadja \u00e9s vizsg\u00e1lja ki a betegek panaszait.\u00a0\u00a0\u00a0\u00a0\u00a0\u00a0\u00a0\u00a0\u00a0 <\/strong><\/p>\n<p style=\"text-align: justify;\"><strong>\u00a0<\/strong><\/p>\n<p style=\"text-align: justify;\"><strong><em>A cikk megjelent a Hargita N\u00e9pe napilap 2019. okt\u00f3ber 9-i sz\u00e1m\u00e1ban<\/em><\/strong><\/p>\n<p style=\"text-align: justify;\">\u00a0<\/p>\n","protected":false},"excerpt":{"rendered":"<p>A Cs\u00edkszeredai Megyei S\u00fcrg\u0151ss\u00e9gi K\u00f3rh\u00e1z 26 f\u0151s k\u00fcld\u00f6tts\u00e9ge vett r\u00e9szt a Szatm\u00e1rn\u00e9metiben okt\u00f3ber 3-4-\u00e9n lezajlott Beteggondoz\u00e1s Orsz\u00e1gos Konferenci\u00e1n, amelyen ez\u00fattal a Kommunik\u00e1ci\u00f3 szerepe a beteggondoz\u00e1sban \u2013 avagy a sz\u00edvb\u0151l sz\u00f3l\u00f3 szavak m\u0171v\u00e9szete c\u00edmmel zajlottak el\u0151ad\u00e1sok. Dr. Konr\u00e1d Judit k\u00f3rh\u00e1zmenedzser szerint sz\u00e1mos olyan gyakorlattal ismerkedtek meg, amit a mindennapi eg\u00e9szs\u00e9g\u00fcgyi ell\u00e1t\u00e1sban itthon is alkalmazniuk kell.\u00a0\u00a0\u00a0\u00a0 A&hellip;<\/p>\n","protected":false},"author":11,"featured_media":5085,"comment_status":"closed","ping_status":"closed","sticky":false,"template":"","format":"standard","meta":[],"categories":[],"tags":[],"yoast_head":"<!-- This site is optimized with the Yoast SEO plugin v18.3 - https:\/\/yoast.com\/wordpress\/plugins\/seo\/ -->\n<title>Sz\u00edvb\u0151l sz\u00f3l\u00f3 szavak az eg\u00e9szs\u00e9g\u00fcgyi ell\u00e1t\u00e1sban - Cs\u00edkszeredai Megyei S\u00fcrg\u0151ss\u00e9gi K\u00f3rh\u00e1z<\/title>\n<meta name=\"robots\" content=\"index, follow, max-snippet:-1, max-image-preview:large, max-video-preview:-1\" \/>\n<link rel=\"canonical\" href=\"https:\/\/spitalmciuc.ro\/szivbol-szolo-szavak-az-egeszseguegyi-ellatasban\/\" \/>\n<meta property=\"og:locale\" content=\"hu_HU\" \/>\n<meta property=\"og:type\" content=\"article\" \/>\n<meta property=\"og:title\" content=\"Sz\u00edvb\u0151l sz\u00f3l\u00f3 szavak az eg\u00e9szs\u00e9g\u00fcgyi ell\u00e1t\u00e1sban - Cs\u00edkszeredai Megyei S\u00fcrg\u0151ss\u00e9gi K\u00f3rh\u00e1z\" \/>\n<meta property=\"og:description\" content=\"A Cs\u00edkszeredai Megyei S\u00fcrg\u0151ss\u00e9gi K\u00f3rh\u00e1z 26 f\u0151s k\u00fcld\u00f6tts\u00e9ge vett r\u00e9szt a Szatm\u00e1rn\u00e9metiben okt\u00f3ber 3-4-\u00e9n lezajlott Beteggondoz\u00e1s Orsz\u00e1gos Konferenci\u00e1n, amelyen ez\u00fattal a Kommunik\u00e1ci\u00f3 szerepe a beteggondoz\u00e1sban \u2013 avagy a sz\u00edvb\u0151l sz\u00f3l\u00f3 szavak m\u0171v\u00e9szete c\u00edmmel zajlottak el\u0151ad\u00e1sok. Dr. Konr\u00e1d Judit k\u00f3rh\u00e1zmenedzser szerint sz\u00e1mos olyan gyakorlattal ismerkedtek meg, amit a mindennapi eg\u00e9szs\u00e9g\u00fcgyi ell\u00e1t\u00e1sban itthon is alkalmazniuk kell.\u00a0\u00a0\u00a0\u00a0 A&hellip;\" \/>\n<meta property=\"og:url\" content=\"https:\/\/spitalmciuc.ro\/szivbol-szolo-szavak-az-egeszseguegyi-ellatasban\/\" \/>\n<meta property=\"og:site_name\" content=\"Cs\u00edkszeredai Megyei S\u00fcrg\u0151ss\u00e9gi K\u00f3rh\u00e1z\" \/>\n<meta property=\"article:published_time\" content=\"2019-10-09T09:11:46+00:00\" \/>\n<meta property=\"article:modified_time\" content=\"2022-03-02T07:49:27+00:00\" \/>\n<meta property=\"og:image\" content=\"https:\/\/spitalmciuc.ro\/wp-content\/uploads\/2019\/10\/szatmarikonf.jpg\" \/>\n\t<meta property=\"og:image:width\" content=\"1440\" \/>\n\t<meta property=\"og:image:height\" content=\"1080\" \/>\n\t<meta property=\"og:image:type\" content=\"image\/jpeg\" \/>\n<meta name=\"twitter:card\" content=\"summary_large_image\" \/>\n<meta name=\"twitter:label1\" content=\"Szerz\u0151:\" \/>\n\t<meta name=\"twitter:data1\" content=\"Milik Szil\u00e1rd\" \/>\n\t<meta name=\"twitter:label2\" content=\"Becs\u00fclt olvas\u00e1si id\u0151\" \/>\n\t<meta name=\"twitter:data2\" content=\"5 perc\" \/>\n<script type=\"application\/ld+json\" class=\"yoast-schema-graph\">{\"@context\":\"https:\/\/schema.org\",\"@graph\":[{\"@type\":\"Organization\",\"@id\":\"https:\/\/spitalmciuc.ro\/#organization\",\"name\":\"Spitalul Jude\u0163ean de Urgen\u0163\u0103 Miercurea Ciuc\",\"url\":\"https:\/\/spitalmciuc.ro\/\",\"sameAs\":[],\"logo\":{\"@type\":\"ImageObject\",\"@id\":\"https:\/\/spitalmciuc.ro\/#logo\",\"inLanguage\":\"hu\",\"url\":\"https:\/\/spitalmciuc.ro\/wp-content\/uploads\/2022\/02\/logo-spital-ro-60.jpg\",\"contentUrl\":\"https:\/\/spitalmciuc.ro\/wp-content\/uploads\/2022\/02\/logo-spital-ro-60.jpg\",\"width\":198,\"height\":60,\"caption\":\"Spitalul Jude\u0163ean de Urgen\u0163\u0103 Miercurea Ciuc\"},\"image\":{\"@id\":\"https:\/\/spitalmciuc.ro\/#logo\"}},{\"@type\":\"WebSite\",\"@id\":\"https:\/\/spitalmciuc.ro\/#website\",\"url\":\"https:\/\/spitalmciuc.ro\/\",\"name\":\"Cs\u00edkszeredai Megyei S\u00fcrg\u0151ss\u00e9gi K\u00f3rh\u00e1z\",\"description\":\"\",\"publisher\":{\"@id\":\"https:\/\/spitalmciuc.ro\/#organization\"},\"potentialAction\":[{\"@type\":\"SearchAction\",\"target\":{\"@type\":\"EntryPoint\",\"urlTemplate\":\"https:\/\/spitalmciuc.ro\/?s={search_term_string}\"},\"query-input\":\"required name=search_term_string\"}],\"inLanguage\":\"hu\"},{\"@type\":\"ImageObject\",\"@id\":\"https:\/\/spitalmciuc.ro\/szivbol-szolo-szavak-az-egeszseguegyi-ellatasban\/#primaryimage\",\"inLanguage\":\"hu\",\"url\":\"https:\/\/spitalmciuc.ro\/wp-content\/uploads\/2019\/10\/szatmarikonf.jpg\",\"contentUrl\":\"https:\/\/spitalmciuc.ro\/wp-content\/uploads\/2019\/10\/szatmarikonf.jpg\",\"width\":1440,\"height\":1080},{\"@type\":\"WebPage\",\"@id\":\"https:\/\/spitalmciuc.ro\/szivbol-szolo-szavak-az-egeszseguegyi-ellatasban\/#webpage\",\"url\":\"https:\/\/spitalmciuc.ro\/szivbol-szolo-szavak-az-egeszseguegyi-ellatasban\/\",\"name\":\"Sz\u00edvb\u0151l sz\u00f3l\u00f3 szavak az eg\u00e9szs\u00e9g\u00fcgyi ell\u00e1t\u00e1sban - Cs\u00edkszeredai Megyei S\u00fcrg\u0151ss\u00e9gi K\u00f3rh\u00e1z\",\"isPartOf\":{\"@id\":\"https:\/\/spitalmciuc.ro\/#website\"},\"primaryImageOfPage\":{\"@id\":\"https:\/\/spitalmciuc.ro\/szivbol-szolo-szavak-az-egeszseguegyi-ellatasban\/#primaryimage\"},\"datePublished\":\"2019-10-09T09:11:46+00:00\",\"dateModified\":\"2022-03-02T07:49:27+00:00\",\"breadcrumb\":{\"@id\":\"https:\/\/spitalmciuc.ro\/szivbol-szolo-szavak-az-egeszseguegyi-ellatasban\/#breadcrumb\"},\"inLanguage\":\"hu\",\"potentialAction\":[{\"@type\":\"ReadAction\",\"target\":[\"https:\/\/spitalmciuc.ro\/szivbol-szolo-szavak-az-egeszseguegyi-ellatasban\/\"]}]},{\"@type\":\"BreadcrumbList\",\"@id\":\"https:\/\/spitalmciuc.ro\/szivbol-szolo-szavak-az-egeszseguegyi-ellatasban\/#breadcrumb\",\"itemListElement\":[{\"@type\":\"ListItem\",\"position\":1,\"name\":\"Kezd\u0151lap\",\"item\":\"https:\/\/spitalmciuc.ro\/hu\/\"},{\"@type\":\"ListItem\",\"position\":2,\"name\":\"Sz\u00edvb\u0151l sz\u00f3l\u00f3 szavak az eg\u00e9szs\u00e9g\u00fcgyi ell\u00e1t\u00e1sban\"}]},{\"@type\":\"Article\",\"@id\":\"https:\/\/spitalmciuc.ro\/szivbol-szolo-szavak-az-egeszseguegyi-ellatasban\/#article\",\"isPartOf\":{\"@id\":\"https:\/\/spitalmciuc.ro\/szivbol-szolo-szavak-az-egeszseguegyi-ellatasban\/#webpage\"},\"author\":{\"@id\":\"https:\/\/spitalmciuc.ro\/#\/schema\/person\/20ea297ab07e8f4d1689dfe252e34174\"},\"headline\":\"Sz\u00edvb\u0151l sz\u00f3l\u00f3 szavak az eg\u00e9szs\u00e9g\u00fcgyi ell\u00e1t\u00e1sban\",\"datePublished\":\"2019-10-09T09:11:46+00:00\",\"dateModified\":\"2022-03-02T07:49:27+00:00\",\"mainEntityOfPage\":{\"@id\":\"https:\/\/spitalmciuc.ro\/szivbol-szolo-szavak-az-egeszseguegyi-ellatasban\/#webpage\"},\"wordCount\":986,\"publisher\":{\"@id\":\"https:\/\/spitalmciuc.ro\/#organization\"},\"image\":{\"@id\":\"https:\/\/spitalmciuc.ro\/szivbol-szolo-szavak-az-egeszseguegyi-ellatasban\/#primaryimage\"},\"thumbnailUrl\":\"https:\/\/spitalmciuc.ro\/wp-content\/uploads\/2019\/10\/szatmarikonf.jpg\",\"inLanguage\":\"hu\"},{\"@type\":\"Person\",\"@id\":\"https:\/\/spitalmciuc.ro\/#\/schema\/person\/20ea297ab07e8f4d1689dfe252e34174\",\"name\":\"Milik Szil\u00e1rd\",\"url\":\"https:\/\/spitalmciuc.ro\/hu\/author\/szilard\/\"}]}<\/script>\n<!-- \/ Yoast SEO plugin. -->","yoast_head_json":{"title":"Sz\u00edvb\u0151l sz\u00f3l\u00f3 szavak az eg\u00e9szs\u00e9g\u00fcgyi ell\u00e1t\u00e1sban - Cs\u00edkszeredai Megyei S\u00fcrg\u0151ss\u00e9gi K\u00f3rh\u00e1z","robots":{"index":"index","follow":"follow","max-snippet":"max-snippet:-1","max-image-preview":"max-image-preview:large","max-video-preview":"max-video-preview:-1"},"canonical":"https:\/\/spitalmciuc.ro\/szivbol-szolo-szavak-az-egeszseguegyi-ellatasban\/","og_locale":"hu_HU","og_type":"article","og_title":"Sz\u00edvb\u0151l sz\u00f3l\u00f3 szavak az eg\u00e9szs\u00e9g\u00fcgyi ell\u00e1t\u00e1sban - Cs\u00edkszeredai Megyei S\u00fcrg\u0151ss\u00e9gi K\u00f3rh\u00e1z","og_description":"A Cs\u00edkszeredai Megyei S\u00fcrg\u0151ss\u00e9gi K\u00f3rh\u00e1z 26 f\u0151s k\u00fcld\u00f6tts\u00e9ge vett r\u00e9szt a Szatm\u00e1rn\u00e9metiben okt\u00f3ber 3-4-\u00e9n lezajlott Beteggondoz\u00e1s Orsz\u00e1gos Konferenci\u00e1n, amelyen ez\u00fattal a Kommunik\u00e1ci\u00f3 szerepe a beteggondoz\u00e1sban \u2013 avagy a sz\u00edvb\u0151l sz\u00f3l\u00f3 szavak m\u0171v\u00e9szete c\u00edmmel zajlottak el\u0151ad\u00e1sok. Dr. Konr\u00e1d Judit k\u00f3rh\u00e1zmenedzser szerint sz\u00e1mos olyan gyakorlattal ismerkedtek meg, amit a mindennapi eg\u00e9szs\u00e9g\u00fcgyi ell\u00e1t\u00e1sban itthon is alkalmazniuk kell.\u00a0\u00a0\u00a0\u00a0 A&hellip;","og_url":"https:\/\/spitalmciuc.ro\/szivbol-szolo-szavak-az-egeszseguegyi-ellatasban\/","og_site_name":"Cs\u00edkszeredai Megyei S\u00fcrg\u0151ss\u00e9gi K\u00f3rh\u00e1z","article_published_time":"2019-10-09T09:11:46+00:00","article_modified_time":"2022-03-02T07:49:27+00:00","og_image":[{"width":1440,"height":1080,"url":"https:\/\/spitalmciuc.ro\/wp-content\/uploads\/2019\/10\/szatmarikonf.jpg","type":"image\/jpeg"}],"twitter_card":"summary_large_image","twitter_misc":{"Szerz\u0151:":"Milik Szil\u00e1rd","Becs\u00fclt olvas\u00e1si id\u0151":"5 perc"},"schema":{"@context":"https:\/\/schema.org","@graph":[{"@type":"Organization","@id":"https:\/\/spitalmciuc.ro\/#organization","name":"Spitalul Jude\u0163ean de Urgen\u0163\u0103 Miercurea Ciuc","url":"https:\/\/spitalmciuc.ro\/","sameAs":[],"logo":{"@type":"ImageObject","@id":"https:\/\/spitalmciuc.ro\/#logo","inLanguage":"hu","url":"https:\/\/spitalmciuc.ro\/wp-content\/uploads\/2022\/02\/logo-spital-ro-60.jpg","contentUrl":"https:\/\/spitalmciuc.ro\/wp-content\/uploads\/2022\/02\/logo-spital-ro-60.jpg","width":198,"height":60,"caption":"Spitalul Jude\u0163ean de Urgen\u0163\u0103 Miercurea Ciuc"},"image":{"@id":"https:\/\/spitalmciuc.ro\/#logo"}},{"@type":"WebSite","@id":"https:\/\/spitalmciuc.ro\/#website","url":"https:\/\/spitalmciuc.ro\/","name":"Cs\u00edkszeredai Megyei S\u00fcrg\u0151ss\u00e9gi K\u00f3rh\u00e1z","description":"","publisher":{"@id":"https:\/\/spitalmciuc.ro\/#organization"},"potentialAction":[{"@type":"SearchAction","target":{"@type":"EntryPoint","urlTemplate":"https:\/\/spitalmciuc.ro\/?s={search_term_string}"},"query-input":"required name=search_term_string"}],"inLanguage":"hu"},{"@type":"ImageObject","@id":"https:\/\/spitalmciuc.ro\/szivbol-szolo-szavak-az-egeszseguegyi-ellatasban\/#primaryimage","inLanguage":"hu","url":"https:\/\/spitalmciuc.ro\/wp-content\/uploads\/2019\/10\/szatmarikonf.jpg","contentUrl":"https:\/\/spitalmciuc.ro\/wp-content\/uploads\/2019\/10\/szatmarikonf.jpg","width":1440,"height":1080},{"@type":"WebPage","@id":"https:\/\/spitalmciuc.ro\/szivbol-szolo-szavak-az-egeszseguegyi-ellatasban\/#webpage","url":"https:\/\/spitalmciuc.ro\/szivbol-szolo-szavak-az-egeszseguegyi-ellatasban\/","name":"Sz\u00edvb\u0151l sz\u00f3l\u00f3 szavak az eg\u00e9szs\u00e9g\u00fcgyi ell\u00e1t\u00e1sban - Cs\u00edkszeredai Megyei S\u00fcrg\u0151ss\u00e9gi K\u00f3rh\u00e1z","isPartOf":{"@id":"https:\/\/spitalmciuc.ro\/#website"},"primaryImageOfPage":{"@id":"https:\/\/spitalmciuc.ro\/szivbol-szolo-szavak-az-egeszseguegyi-ellatasban\/#primaryimage"},"datePublished":"2019-10-09T09:11:46+00:00","dateModified":"2022-03-02T07:49:27+00:00","breadcrumb":{"@id":"https:\/\/spitalmciuc.ro\/szivbol-szolo-szavak-az-egeszseguegyi-ellatasban\/#breadcrumb"},"inLanguage":"hu","potentialAction":[{"@type":"ReadAction","target":["https:\/\/spitalmciuc.ro\/szivbol-szolo-szavak-az-egeszseguegyi-ellatasban\/"]}]},{"@type":"BreadcrumbList","@id":"https:\/\/spitalmciuc.ro\/szivbol-szolo-szavak-az-egeszseguegyi-ellatasban\/#breadcrumb","itemListElement":[{"@type":"ListItem","position":1,"name":"Kezd\u0151lap","item":"https:\/\/spitalmciuc.ro\/hu\/"},{"@type":"ListItem","position":2,"name":"Sz\u00edvb\u0151l sz\u00f3l\u00f3 szavak az eg\u00e9szs\u00e9g\u00fcgyi ell\u00e1t\u00e1sban"}]},{"@type":"Article","@id":"https:\/\/spitalmciuc.ro\/szivbol-szolo-szavak-az-egeszseguegyi-ellatasban\/#article","isPartOf":{"@id":"https:\/\/spitalmciuc.ro\/szivbol-szolo-szavak-az-egeszseguegyi-ellatasban\/#webpage"},"author":{"@id":"https:\/\/spitalmciuc.ro\/#\/schema\/person\/20ea297ab07e8f4d1689dfe252e34174"},"headline":"Sz\u00edvb\u0151l sz\u00f3l\u00f3 szavak az eg\u00e9szs\u00e9g\u00fcgyi ell\u00e1t\u00e1sban","datePublished":"2019-10-09T09:11:46+00:00","dateModified":"2022-03-02T07:49:27+00:00","mainEntityOfPage":{"@id":"https:\/\/spitalmciuc.ro\/szivbol-szolo-szavak-az-egeszseguegyi-ellatasban\/#webpage"},"wordCount":986,"publisher":{"@id":"https:\/\/spitalmciuc.ro\/#organization"},"image":{"@id":"https:\/\/spitalmciuc.ro\/szivbol-szolo-szavak-az-egeszseguegyi-ellatasban\/#primaryimage"},"thumbnailUrl":"https:\/\/spitalmciuc.ro\/wp-content\/uploads\/2019\/10\/szatmarikonf.jpg","inLanguage":"hu"},{"@type":"Person","@id":"https:\/\/spitalmciuc.ro\/#\/schema\/person\/20ea297ab07e8f4d1689dfe252e34174","name":"Milik Szil\u00e1rd","url":"https:\/\/spitalmciuc.ro\/hu\/author\/szilard\/"}]}},"_links":{"self":[{"href":"https:\/\/spitalmciuc.ro\/hu\/wp-json\/wp\/v2\/posts\/5088"}],"collection":[{"href":"https:\/\/spitalmciuc.ro\/hu\/wp-json\/wp\/v2\/posts"}],"about":[{"href":"https:\/\/spitalmciuc.ro\/hu\/wp-json\/wp\/v2\/types\/post"}],"author":[{"embeddable":true,"href":"https:\/\/spitalmciuc.ro\/hu\/wp-json\/wp\/v2\/users\/11"}],"replies":[{"embeddable":true,"href":"https:\/\/spitalmciuc.ro\/hu\/wp-json\/wp\/v2\/comments?post=5088"}],"version-history":[{"count":1,"href":"https:\/\/spitalmciuc.ro\/hu\/wp-json\/wp\/v2\/posts\/5088\/revisions"}],"predecessor-version":[{"id":6590,"href":"https:\/\/spitalmciuc.ro\/hu\/wp-json\/wp\/v2\/posts\/5088\/revisions\/6590"}],"wp:featuredmedia":[{"embeddable":true,"href":"https:\/\/spitalmciuc.ro\/hu\/wp-json\/wp\/v2\/media\/5085"}],"wp:attachment":[{"href":"https:\/\/spitalmciuc.ro\/hu\/wp-json\/wp\/v2\/media?parent=5088"}],"wp:term":[{"taxonomy":"category","embeddable":true,"href":"https:\/\/spitalmciuc.ro\/hu\/wp-json\/wp\/v2\/categories?post=5088"},{"taxonomy":"post_tag","embeddable":true,"href":"https:\/\/spitalmciuc.ro\/hu\/wp-json\/wp\/v2\/tags?post=5088"}],"curies":[{"name":"wp","href":"https:\/\/api.w.org\/{rel}","templated":true}]}}