{"id":5080,"date":"2019-09-26T07:36:59","date_gmt":"2019-09-26T07:36:59","guid":{"rendered":"https:\/\/spital.creative-solutions.ro\/index.php\/egy-raklapnyi-segitseg-a-csikszeredai-korhazban-kezelt-gyermekeknek\/"},"modified":"2022-03-02T07:49:27","modified_gmt":"2022-03-02T07:49:27","slug":"egy-raklapnyi-segitseg-a-csikszeredai-korhazban-kezelt-gyermekeknek","status":"publish","type":"post","link":"https:\/\/spitalmciuc.ro\/hu\/egy-raklapnyi-segitseg-a-csikszeredai-korhazban-kezelt-gyermekeknek\/","title":{"rendered":"Egy raklapnyi seg\u00edts\u00e9g a cs\u00edkszeredai k\u00f3rh\u00e1zban kezelt gyermekeknek"},"content":{"rendered":"<p style=\"text-align: justify;\"><strong>Jelent\u0151s adom\u00e1nyt adott \u00e1t szerd\u00e1n, 2019. szeptember 25-\u00e9n a Lions Club Bucure\u0219ti Decan Egyes\u00fclet a Hargita Megye Tan\u00e1csa \u00e1ltal m\u0171k\u00f6dtetett Cs\u00edkszeredai Megyei S\u00fcrg\u0151ss\u00e9gi K\u00f3rh\u00e1znak.<\/strong><\/p>\n<p><strong><img decoding=\"async\" loading=\"lazy\" class=\" alignleft size-full wp-image-5077\" style=\"margin: 10px; float: left;\" src=\"https:\/\/spitalmciuc.ro\/wp-content\/uploads\/2019\/09\/Lions_adomany-scaled.jpg\" alt=\"\" width=\"400\" height=\"300\" srcset=\"https:\/\/spitalmciuc.ro\/wp-content\/uploads\/2019\/09\/Lions_adomany-scaled.jpg 2560w, https:\/\/spitalmciuc.ro\/wp-content\/uploads\/2019\/09\/Lions_adomany-300x225.jpg 300w, https:\/\/spitalmciuc.ro\/wp-content\/uploads\/2019\/09\/Lions_adomany-1024x768.jpg 1024w, https:\/\/spitalmciuc.ro\/wp-content\/uploads\/2019\/09\/Lions_adomany-768x576.jpg 768w, https:\/\/spitalmciuc.ro\/wp-content\/uploads\/2019\/09\/Lions_adomany-1536x1152.jpg 1536w, https:\/\/spitalmciuc.ro\/wp-content\/uploads\/2019\/09\/Lions_adomany-2048x1536.jpg 2048w\" sizes=\"(max-width: 400px) 100vw, 400px\" \/><\/strong><\/p>\n<p style=\"text-align: justify;\">Az 1700 \u00fcvegnyi, egy raklapnyi Hipp gyermek\u00e9telt a k\u00f3rh\u00e1z konyh\u00e1j\u00e1nak rakt\u00e1r\u00e1ban helyezt\u00e9k el \u00e9s a gyermekoszt\u00e1lyon kezelt kicsik \u00e9lelmez\u00e9s\u00e9ben fogj\u00e1k haszn\u00e1lni. A Lions Club szervezetek szerte\u00e1gaz\u00f3 j\u00f3t\u00e9konys\u00e1gi tev\u00e9kenys\u00e9g\u00e9r\u0151l az \u00e1tad\u00e1s alkalm\u00e1val Cristina Neagu \u00e9s Radu Ilinca \u00f6nk\u00e9ntesek besz\u00e9ltek. Mint kider\u00fclt, a megy\u00e9ben nincs m\u00e9g szervezet\u00fck, de tiszteletbeli Lions Club tag T\u00f3falvi \u00c9va olimpikon s\u00edl\u00f6v\u0151, cs\u00edkszeredai \u00f6nkorm\u00e1nyzati k\u00e9pvisel\u0151, aki r\u00e9v\u00e9n Cs\u00edkszered\u00e1ba is jutott a t\u00e1mogat\u00e1sb\u00f3l. Az adom\u00e1ny\u00e9rt k\u00f6sz\u00f6net\u00e9t fejezte ki a k\u00f3rh\u00e1z vezet\u0151s\u00e9ge, a gyermekoszt\u00e1ly orvosai \u00e9s f\u0151asszisztense, az ez alkalommal kialakult besz\u00e9lget\u00e9s sor\u00e1n pedig tov\u00e1bbi lehets\u00e9ges egy\u00fcttm\u0171k\u00f6d\u00e9si projektek is k\u00f6rvonalaz\u00f3dtak.<\/p>\n<p style=\"text-align: justify;\">&nbsp;<\/p>\n","protected":false},"excerpt":{"rendered":"<p>Jelent\u0151s adom\u00e1nyt adott \u00e1t szerd\u00e1n, 2019. szeptember 25-\u00e9n a Lions Club Bucure\u0219ti Decan Egyes\u00fclet a Hargita Megye Tan\u00e1csa \u00e1ltal m\u0171k\u00f6dtetett Cs\u00edkszeredai Megyei S\u00fcrg\u0151ss\u00e9gi K\u00f3rh\u00e1znak. Az 1700 \u00fcvegnyi, egy raklapnyi Hipp gyermek\u00e9telt a k\u00f3rh\u00e1z konyh\u00e1j\u00e1nak rakt\u00e1r\u00e1ban helyezt\u00e9k el \u00e9s a gyermekoszt\u00e1lyon kezelt kicsik \u00e9lelmez\u00e9s\u00e9ben fogj\u00e1k haszn\u00e1lni. A Lions Club szervezetek szerte\u00e1gaz\u00f3 j\u00f3t\u00e9konys\u00e1gi tev\u00e9kenys\u00e9g\u00e9r\u0151l az \u00e1tad\u00e1s alkalm\u00e1val&hellip;<\/p>\n","protected":false},"author":11,"featured_media":5077,"comment_status":"closed","ping_status":"closed","sticky":false,"template":"","format":"standard","meta":[],"categories":[],"tags":[],"yoast_head":"<!-- This site is optimized with the Yoast SEO plugin v18.3 - https:\/\/yoast.com\/wordpress\/plugins\/seo\/ -->\n<title>Egy raklapnyi seg\u00edts\u00e9g a cs\u00edkszeredai k\u00f3rh\u00e1zban kezelt gyermekeknek - Cs\u00edkszeredai Megyei S\u00fcrg\u0151ss\u00e9gi K\u00f3rh\u00e1z<\/title>\n<meta name=\"robots\" content=\"index, follow, max-snippet:-1, max-image-preview:large, max-video-preview:-1\" \/>\n<link rel=\"canonical\" href=\"https:\/\/spitalmciuc.ro\/egy-raklapnyi-segitseg-a-csikszeredai-korhazban-kezelt-gyermekeknek\/\" \/>\n<meta property=\"og:locale\" content=\"hu_HU\" \/>\n<meta property=\"og:type\" content=\"article\" \/>\n<meta property=\"og:title\" content=\"Egy raklapnyi seg\u00edts\u00e9g a cs\u00edkszeredai k\u00f3rh\u00e1zban kezelt gyermekeknek - Cs\u00edkszeredai Megyei S\u00fcrg\u0151ss\u00e9gi K\u00f3rh\u00e1z\" \/>\n<meta property=\"og:description\" content=\"Jelent\u0151s adom\u00e1nyt adott \u00e1t szerd\u00e1n, 2019. szeptember 25-\u00e9n a Lions Club Bucure\u0219ti Decan Egyes\u00fclet a Hargita Megye Tan\u00e1csa \u00e1ltal m\u0171k\u00f6dtetett Cs\u00edkszeredai Megyei S\u00fcrg\u0151ss\u00e9gi K\u00f3rh\u00e1znak. Az 1700 \u00fcvegnyi, egy raklapnyi Hipp gyermek\u00e9telt a k\u00f3rh\u00e1z konyh\u00e1j\u00e1nak rakt\u00e1r\u00e1ban helyezt\u00e9k el \u00e9s a gyermekoszt\u00e1lyon kezelt kicsik \u00e9lelmez\u00e9s\u00e9ben fogj\u00e1k haszn\u00e1lni. A Lions Club szervezetek szerte\u00e1gaz\u00f3 j\u00f3t\u00e9konys\u00e1gi tev\u00e9kenys\u00e9g\u00e9r\u0151l az \u00e1tad\u00e1s alkalm\u00e1val&hellip;\" \/>\n<meta property=\"og:url\" content=\"https:\/\/spitalmciuc.ro\/egy-raklapnyi-segitseg-a-csikszeredai-korhazban-kezelt-gyermekeknek\/\" \/>\n<meta property=\"og:site_name\" content=\"Cs\u00edkszeredai Megyei S\u00fcrg\u0151ss\u00e9gi K\u00f3rh\u00e1z\" \/>\n<meta property=\"article:published_time\" content=\"2019-09-26T07:36:59+00:00\" \/>\n<meta property=\"article:modified_time\" content=\"2022-03-02T07:49:27+00:00\" \/>\n<meta property=\"og:image\" content=\"https:\/\/spitalmciuc.ro\/wp-content\/uploads\/2019\/09\/Lions_adomany-scaled.jpg\" \/>\n\t<meta property=\"og:image:width\" content=\"2560\" \/>\n\t<meta property=\"og:image:height\" content=\"1920\" \/>\n\t<meta property=\"og:image:type\" content=\"image\/jpeg\" \/>\n<meta name=\"twitter:card\" content=\"summary_large_image\" \/>\n<meta name=\"twitter:label1\" content=\"Szerz\u0151:\" \/>\n\t<meta name=\"twitter:data1\" content=\"Milik Szil\u00e1rd\" \/>\n\t<meta name=\"twitter:label2\" content=\"Becs\u00fclt olvas\u00e1si id\u0151\" \/>\n\t<meta name=\"twitter:data2\" content=\"1 perc\" \/>\n<script type=\"application\/ld+json\" class=\"yoast-schema-graph\">{\"@context\":\"https:\/\/schema.org\",\"@graph\":[{\"@type\":\"Organization\",\"@id\":\"https:\/\/spitalmciuc.ro\/#organization\",\"name\":\"Spitalul Jude\u0163ean de Urgen\u0163\u0103 Miercurea Ciuc\",\"url\":\"https:\/\/spitalmciuc.ro\/\",\"sameAs\":[],\"logo\":{\"@type\":\"ImageObject\",\"@id\":\"https:\/\/spitalmciuc.ro\/#logo\",\"inLanguage\":\"hu\",\"url\":\"https:\/\/spitalmciuc.ro\/wp-content\/uploads\/2022\/02\/logo-spital-ro-60.jpg\",\"contentUrl\":\"https:\/\/spitalmciuc.ro\/wp-content\/uploads\/2022\/02\/logo-spital-ro-60.jpg\",\"width\":198,\"height\":60,\"caption\":\"Spitalul Jude\u0163ean de Urgen\u0163\u0103 Miercurea Ciuc\"},\"image\":{\"@id\":\"https:\/\/spitalmciuc.ro\/#logo\"}},{\"@type\":\"WebSite\",\"@id\":\"https:\/\/spitalmciuc.ro\/#website\",\"url\":\"https:\/\/spitalmciuc.ro\/\",\"name\":\"Cs\u00edkszeredai Megyei S\u00fcrg\u0151ss\u00e9gi K\u00f3rh\u00e1z\",\"description\":\"\",\"publisher\":{\"@id\":\"https:\/\/spitalmciuc.ro\/#organization\"},\"potentialAction\":[{\"@type\":\"SearchAction\",\"target\":{\"@type\":\"EntryPoint\",\"urlTemplate\":\"https:\/\/spitalmciuc.ro\/?s={search_term_string}\"},\"query-input\":\"required name=search_term_string\"}],\"inLanguage\":\"hu\"},{\"@type\":\"ImageObject\",\"@id\":\"https:\/\/spitalmciuc.ro\/egy-raklapnyi-segitseg-a-csikszeredai-korhazban-kezelt-gyermekeknek\/#primaryimage\",\"inLanguage\":\"hu\",\"url\":\"https:\/\/spitalmciuc.ro\/wp-content\/uploads\/2019\/09\/Lions_adomany-scaled.jpg\",\"contentUrl\":\"https:\/\/spitalmciuc.ro\/wp-content\/uploads\/2019\/09\/Lions_adomany-scaled.jpg\",\"width\":2560,\"height\":1920},{\"@type\":\"WebPage\",\"@id\":\"https:\/\/spitalmciuc.ro\/egy-raklapnyi-segitseg-a-csikszeredai-korhazban-kezelt-gyermekeknek\/#webpage\",\"url\":\"https:\/\/spitalmciuc.ro\/egy-raklapnyi-segitseg-a-csikszeredai-korhazban-kezelt-gyermekeknek\/\",\"name\":\"Egy raklapnyi seg\u00edts\u00e9g a cs\u00edkszeredai k\u00f3rh\u00e1zban kezelt gyermekeknek - Cs\u00edkszeredai Megyei S\u00fcrg\u0151ss\u00e9gi K\u00f3rh\u00e1z\",\"isPartOf\":{\"@id\":\"https:\/\/spitalmciuc.ro\/#website\"},\"primaryImageOfPage\":{\"@id\":\"https:\/\/spitalmciuc.ro\/egy-raklapnyi-segitseg-a-csikszeredai-korhazban-kezelt-gyermekeknek\/#primaryimage\"},\"datePublished\":\"2019-09-26T07:36:59+00:00\",\"dateModified\":\"2022-03-02T07:49:27+00:00\",\"breadcrumb\":{\"@id\":\"https:\/\/spitalmciuc.ro\/egy-raklapnyi-segitseg-a-csikszeredai-korhazban-kezelt-gyermekeknek\/#breadcrumb\"},\"inLanguage\":\"hu\",\"potentialAction\":[{\"@type\":\"ReadAction\",\"target\":[\"https:\/\/spitalmciuc.ro\/egy-raklapnyi-segitseg-a-csikszeredai-korhazban-kezelt-gyermekeknek\/\"]}]},{\"@type\":\"BreadcrumbList\",\"@id\":\"https:\/\/spitalmciuc.ro\/egy-raklapnyi-segitseg-a-csikszeredai-korhazban-kezelt-gyermekeknek\/#breadcrumb\",\"itemListElement\":[{\"@type\":\"ListItem\",\"position\":1,\"name\":\"Kezd\u0151lap\",\"item\":\"https:\/\/spitalmciuc.ro\/hu\/\"},{\"@type\":\"ListItem\",\"position\":2,\"name\":\"Egy raklapnyi seg\u00edts\u00e9g a cs\u00edkszeredai k\u00f3rh\u00e1zban kezelt gyermekeknek\"}]},{\"@type\":\"Article\",\"@id\":\"https:\/\/spitalmciuc.ro\/egy-raklapnyi-segitseg-a-csikszeredai-korhazban-kezelt-gyermekeknek\/#article\",\"isPartOf\":{\"@id\":\"https:\/\/spitalmciuc.ro\/egy-raklapnyi-segitseg-a-csikszeredai-korhazban-kezelt-gyermekeknek\/#webpage\"},\"author\":{\"@id\":\"https:\/\/spitalmciuc.ro\/#\/schema\/person\/20ea297ab07e8f4d1689dfe252e34174\"},\"headline\":\"Egy raklapnyi seg\u00edts\u00e9g a cs\u00edkszeredai k\u00f3rh\u00e1zban kezelt gyermekeknek\",\"datePublished\":\"2019-09-26T07:36:59+00:00\",\"dateModified\":\"2022-03-02T07:49:27+00:00\",\"mainEntityOfPage\":{\"@id\":\"https:\/\/spitalmciuc.ro\/egy-raklapnyi-segitseg-a-csikszeredai-korhazban-kezelt-gyermekeknek\/#webpage\"},\"wordCount\":205,\"publisher\":{\"@id\":\"https:\/\/spitalmciuc.ro\/#organization\"},\"image\":{\"@id\":\"https:\/\/spitalmciuc.ro\/egy-raklapnyi-segitseg-a-csikszeredai-korhazban-kezelt-gyermekeknek\/#primaryimage\"},\"thumbnailUrl\":\"https:\/\/spitalmciuc.ro\/wp-content\/uploads\/2019\/09\/Lions_adomany-scaled.jpg\",\"inLanguage\":\"hu\"},{\"@type\":\"Person\",\"@id\":\"https:\/\/spitalmciuc.ro\/#\/schema\/person\/20ea297ab07e8f4d1689dfe252e34174\",\"name\":\"Milik Szil\u00e1rd\",\"url\":\"https:\/\/spitalmciuc.ro\/hu\/author\/szilard\/\"}]}<\/script>\n<!-- \/ Yoast SEO plugin. -->","yoast_head_json":{"title":"Egy raklapnyi seg\u00edts\u00e9g a cs\u00edkszeredai k\u00f3rh\u00e1zban kezelt gyermekeknek - Cs\u00edkszeredai Megyei S\u00fcrg\u0151ss\u00e9gi K\u00f3rh\u00e1z","robots":{"index":"index","follow":"follow","max-snippet":"max-snippet:-1","max-image-preview":"max-image-preview:large","max-video-preview":"max-video-preview:-1"},"canonical":"https:\/\/spitalmciuc.ro\/egy-raklapnyi-segitseg-a-csikszeredai-korhazban-kezelt-gyermekeknek\/","og_locale":"hu_HU","og_type":"article","og_title":"Egy raklapnyi seg\u00edts\u00e9g a cs\u00edkszeredai k\u00f3rh\u00e1zban kezelt gyermekeknek - Cs\u00edkszeredai Megyei S\u00fcrg\u0151ss\u00e9gi K\u00f3rh\u00e1z","og_description":"Jelent\u0151s adom\u00e1nyt adott \u00e1t szerd\u00e1n, 2019. szeptember 25-\u00e9n a Lions Club Bucure\u0219ti Decan Egyes\u00fclet a Hargita Megye Tan\u00e1csa \u00e1ltal m\u0171k\u00f6dtetett Cs\u00edkszeredai Megyei S\u00fcrg\u0151ss\u00e9gi K\u00f3rh\u00e1znak. Az 1700 \u00fcvegnyi, egy raklapnyi Hipp gyermek\u00e9telt a k\u00f3rh\u00e1z konyh\u00e1j\u00e1nak rakt\u00e1r\u00e1ban helyezt\u00e9k el \u00e9s a gyermekoszt\u00e1lyon kezelt kicsik \u00e9lelmez\u00e9s\u00e9ben fogj\u00e1k haszn\u00e1lni. A Lions Club szervezetek szerte\u00e1gaz\u00f3 j\u00f3t\u00e9konys\u00e1gi tev\u00e9kenys\u00e9g\u00e9r\u0151l az \u00e1tad\u00e1s alkalm\u00e1val&hellip;","og_url":"https:\/\/spitalmciuc.ro\/egy-raklapnyi-segitseg-a-csikszeredai-korhazban-kezelt-gyermekeknek\/","og_site_name":"Cs\u00edkszeredai Megyei S\u00fcrg\u0151ss\u00e9gi K\u00f3rh\u00e1z","article_published_time":"2019-09-26T07:36:59+00:00","article_modified_time":"2022-03-02T07:49:27+00:00","og_image":[{"width":2560,"height":1920,"url":"https:\/\/spitalmciuc.ro\/wp-content\/uploads\/2019\/09\/Lions_adomany-scaled.jpg","type":"image\/jpeg"}],"twitter_card":"summary_large_image","twitter_misc":{"Szerz\u0151:":"Milik Szil\u00e1rd","Becs\u00fclt olvas\u00e1si id\u0151":"1 perc"},"schema":{"@context":"https:\/\/schema.org","@graph":[{"@type":"Organization","@id":"https:\/\/spitalmciuc.ro\/#organization","name":"Spitalul Jude\u0163ean de Urgen\u0163\u0103 Miercurea Ciuc","url":"https:\/\/spitalmciuc.ro\/","sameAs":[],"logo":{"@type":"ImageObject","@id":"https:\/\/spitalmciuc.ro\/#logo","inLanguage":"hu","url":"https:\/\/spitalmciuc.ro\/wp-content\/uploads\/2022\/02\/logo-spital-ro-60.jpg","contentUrl":"https:\/\/spitalmciuc.ro\/wp-content\/uploads\/2022\/02\/logo-spital-ro-60.jpg","width":198,"height":60,"caption":"Spitalul Jude\u0163ean de Urgen\u0163\u0103 Miercurea Ciuc"},"image":{"@id":"https:\/\/spitalmciuc.ro\/#logo"}},{"@type":"WebSite","@id":"https:\/\/spitalmciuc.ro\/#website","url":"https:\/\/spitalmciuc.ro\/","name":"Cs\u00edkszeredai Megyei S\u00fcrg\u0151ss\u00e9gi K\u00f3rh\u00e1z","description":"","publisher":{"@id":"https:\/\/spitalmciuc.ro\/#organization"},"potentialAction":[{"@type":"SearchAction","target":{"@type":"EntryPoint","urlTemplate":"https:\/\/spitalmciuc.ro\/?s={search_term_string}"},"query-input":"required name=search_term_string"}],"inLanguage":"hu"},{"@type":"ImageObject","@id":"https:\/\/spitalmciuc.ro\/egy-raklapnyi-segitseg-a-csikszeredai-korhazban-kezelt-gyermekeknek\/#primaryimage","inLanguage":"hu","url":"https:\/\/spitalmciuc.ro\/wp-content\/uploads\/2019\/09\/Lions_adomany-scaled.jpg","contentUrl":"https:\/\/spitalmciuc.ro\/wp-content\/uploads\/2019\/09\/Lions_adomany-scaled.jpg","width":2560,"height":1920},{"@type":"WebPage","@id":"https:\/\/spitalmciuc.ro\/egy-raklapnyi-segitseg-a-csikszeredai-korhazban-kezelt-gyermekeknek\/#webpage","url":"https:\/\/spitalmciuc.ro\/egy-raklapnyi-segitseg-a-csikszeredai-korhazban-kezelt-gyermekeknek\/","name":"Egy raklapnyi seg\u00edts\u00e9g a cs\u00edkszeredai k\u00f3rh\u00e1zban kezelt gyermekeknek - Cs\u00edkszeredai Megyei S\u00fcrg\u0151ss\u00e9gi K\u00f3rh\u00e1z","isPartOf":{"@id":"https:\/\/spitalmciuc.ro\/#website"},"primaryImageOfPage":{"@id":"https:\/\/spitalmciuc.ro\/egy-raklapnyi-segitseg-a-csikszeredai-korhazban-kezelt-gyermekeknek\/#primaryimage"},"datePublished":"2019-09-26T07:36:59+00:00","dateModified":"2022-03-02T07:49:27+00:00","breadcrumb":{"@id":"https:\/\/spitalmciuc.ro\/egy-raklapnyi-segitseg-a-csikszeredai-korhazban-kezelt-gyermekeknek\/#breadcrumb"},"inLanguage":"hu","potentialAction":[{"@type":"ReadAction","target":["https:\/\/spitalmciuc.ro\/egy-raklapnyi-segitseg-a-csikszeredai-korhazban-kezelt-gyermekeknek\/"]}]},{"@type":"BreadcrumbList","@id":"https:\/\/spitalmciuc.ro\/egy-raklapnyi-segitseg-a-csikszeredai-korhazban-kezelt-gyermekeknek\/#breadcrumb","itemListElement":[{"@type":"ListItem","position":1,"name":"Kezd\u0151lap","item":"https:\/\/spitalmciuc.ro\/hu\/"},{"@type":"ListItem","position":2,"name":"Egy raklapnyi seg\u00edts\u00e9g a cs\u00edkszeredai k\u00f3rh\u00e1zban kezelt gyermekeknek"}]},{"@type":"Article","@id":"https:\/\/spitalmciuc.ro\/egy-raklapnyi-segitseg-a-csikszeredai-korhazban-kezelt-gyermekeknek\/#article","isPartOf":{"@id":"https:\/\/spitalmciuc.ro\/egy-raklapnyi-segitseg-a-csikszeredai-korhazban-kezelt-gyermekeknek\/#webpage"},"author":{"@id":"https:\/\/spitalmciuc.ro\/#\/schema\/person\/20ea297ab07e8f4d1689dfe252e34174"},"headline":"Egy raklapnyi seg\u00edts\u00e9g a cs\u00edkszeredai k\u00f3rh\u00e1zban kezelt gyermekeknek","datePublished":"2019-09-26T07:36:59+00:00","dateModified":"2022-03-02T07:49:27+00:00","mainEntityOfPage":{"@id":"https:\/\/spitalmciuc.ro\/egy-raklapnyi-segitseg-a-csikszeredai-korhazban-kezelt-gyermekeknek\/#webpage"},"wordCount":205,"publisher":{"@id":"https:\/\/spitalmciuc.ro\/#organization"},"image":{"@id":"https:\/\/spitalmciuc.ro\/egy-raklapnyi-segitseg-a-csikszeredai-korhazban-kezelt-gyermekeknek\/#primaryimage"},"thumbnailUrl":"https:\/\/spitalmciuc.ro\/wp-content\/uploads\/2019\/09\/Lions_adomany-scaled.jpg","inLanguage":"hu"},{"@type":"Person","@id":"https:\/\/spitalmciuc.ro\/#\/schema\/person\/20ea297ab07e8f4d1689dfe252e34174","name":"Milik Szil\u00e1rd","url":"https:\/\/spitalmciuc.ro\/hu\/author\/szilard\/"}]}},"_links":{"self":[{"href":"https:\/\/spitalmciuc.ro\/hu\/wp-json\/wp\/v2\/posts\/5080"}],"collection":[{"href":"https:\/\/spitalmciuc.ro\/hu\/wp-json\/wp\/v2\/posts"}],"about":[{"href":"https:\/\/spitalmciuc.ro\/hu\/wp-json\/wp\/v2\/types\/post"}],"author":[{"embeddable":true,"href":"https:\/\/spitalmciuc.ro\/hu\/wp-json\/wp\/v2\/users\/11"}],"replies":[{"embeddable":true,"href":"https:\/\/spitalmciuc.ro\/hu\/wp-json\/wp\/v2\/comments?post=5080"}],"version-history":[{"count":1,"href":"https:\/\/spitalmciuc.ro\/hu\/wp-json\/wp\/v2\/posts\/5080\/revisions"}],"predecessor-version":[{"id":6591,"href":"https:\/\/spitalmciuc.ro\/hu\/wp-json\/wp\/v2\/posts\/5080\/revisions\/6591"}],"wp:featuredmedia":[{"embeddable":true,"href":"https:\/\/spitalmciuc.ro\/hu\/wp-json\/wp\/v2\/media\/5077"}],"wp:attachment":[{"href":"https:\/\/spitalmciuc.ro\/hu\/wp-json\/wp\/v2\/media?parent=5080"}],"wp:term":[{"taxonomy":"category","embeddable":true,"href":"https:\/\/spitalmciuc.ro\/hu\/wp-json\/wp\/v2\/categories?post=5080"},{"taxonomy":"post_tag","embeddable":true,"href":"https:\/\/spitalmciuc.ro\/hu\/wp-json\/wp\/v2\/tags?post=5080"}],"curies":[{"name":"wp","href":"https:\/\/api.w.org\/{rel}","templated":true}]}}