{"id":5068,"date":"2019-09-20T07:40:48","date_gmt":"2019-09-20T07:40:48","guid":{"rendered":"https:\/\/spital.creative-solutions.ro\/index.php\/nagyobb-figyelem-a-betegek-biztonsagara\/"},"modified":"2022-03-02T07:49:27","modified_gmt":"2022-03-02T07:49:27","slug":"nagyobb-figyelem-a-betegek-biztonsagara","status":"publish","type":"post","link":"https:\/\/spitalmciuc.ro\/hu\/nagyobb-figyelem-a-betegek-biztonsagara\/","title":{"rendered":"Nagyobb figyelem a betegek biztons\u00e1g\u00e1ra"},"content":{"rendered":"<p style=\"text-align: justify;\"><strong>Id\u00e9n els\u0151 alkalommal hirdette meg az Eg\u00e9szs\u00e9g\u00fcgyi Vil\u00e1gszervezet (WHO) a Betegbiztons\u00e1g Vil\u00e1gnapj\u00e1t szeptember 17-re.&nbsp; Rom\u00e1ni\u00e1ban az Eg\u00e9szs\u00e9g\u00fcgyi Min\u0151s\u00e9gmenedzsment Orsz\u00e1gos Hat\u00f3s\u00e1ga a Betegbiztons\u00e1g Het\u00e9nek nyilv\u00e1n\u00edtotta a szeptember 16-20 k\u00f6z\u00f6tti id\u0151szakot \u00e9s k\u00f3rh\u00e1zakban, eg\u00e9szs\u00e9g\u00fcgyi int\u00e9zm\u00e9nyekben igyekeznek felh\u00edvni a figyelmet a betegek biztons\u00e1g\u00e1nak fontoss\u00e1g\u00e1ra, az erre vonatkoz\u00f3 el\u0151\u00edr\u00e1sok betart\u00e1s\u00e1ra. A figyelemfelkelt\u0151 akci\u00f3k r\u00e9szek\u00e9nt orsz\u00e1gszerte t\u00f6bb k\u00f6z\u00e9p\u00fcletet is narancss\u00e1rga sz\u00ednnel vil\u00e1g\u00edtottak meg.<\/strong><\/p>\n<p style=\"text-align: justify;\"><img decoding=\"async\" loading=\"lazy\" class=\" alignleft size-full wp-image-5065\" style=\"margin: 10px; float: left;\" src=\"https:\/\/spitalmciuc.ro\/wp-content\/uploads\/2019\/09\/logo-3.png\" alt=\"logo 3\" width=\"400\" height=\"165\" srcset=\"https:\/\/spitalmciuc.ro\/wp-content\/uploads\/2019\/09\/logo-3.png 479w, https:\/\/spitalmciuc.ro\/wp-content\/uploads\/2019\/09\/logo-3-300x123.png 300w\" sizes=\"(max-width: 400px) 100vw, 400px\" \/>\u201cVil\u00e1gszinten az eg\u00e9szs\u00e9g\u00fcgyi ell\u00e1t\u00e1s sor\u00e1n minden tizedik beteget \u00e9r valamilyen k\u00e1rosod\u00e1s, olyan nemk\u00edv\u00e1natos esem\u00e9ny, amelynek 66 sz\u00e1zal\u00e9ka elker\u00fclhet\u0151 lenne. R\u00e1ad\u00e1sul ezek az ell\u00e1t\u00e1ssal \u00f6sszef\u00fcgg\u0151 betegs\u00e9gek, fert\u0151z\u00e9sek olyan sokszor okoznak s\u00falyos sz\u00f6v\u0151dm\u00e9nyeket, illetve hal\u00e1loz\u00e1st, hogy beker\u00fcltek a 10 leggyakoribb hal\u00e1lok, illetve fogyat\u00e9koss\u00e1got okoz\u00f3 t\u00e9nyez\u0151 k\u00f6z\u00e9\u201d \u2013 \u00f6sszegezt\u00e9k a Magyar Orvosi Kamara honlapj\u00e1n. A WHO statisztik\u00e1ja szerint az eg\u00e9szs\u00e9g\u00fcgyi ell\u00e1t\u00e1ssal kapcsolatos k\u00e1rosod\u00e1sok nagyon elt\u00e9r\u0151ek lehetnek az egyes orsz\u00e1gok \u00e9s ell\u00e1t\u00e1si szintek k\u00f6z\u00f6tt. A rom\u00e1niai Eg\u00e9szs\u00e9g\u00fcgyi Min\u0151s\u00e9gmenedzsment Orsz\u00e1gos Hat\u00f3s\u00e1ga azt emelte ki, a gyeng\u00e9n \u00e9s k\u00f6zepesen fejlett orsz\u00e1gokban a WHO adatai szerint \u00e9vente 134 milli\u00f3, az eg\u00e9szs\u00e9g\u00fcgyi ell\u00e1t\u00e1ssal kapcsolatos nemk\u00edv\u00e1natos esem\u00e9ny t\u00f6rt\u00e9nik, a vil\u00e1gszerte alapell\u00e1t\u00e1sban \u00e9s j\u00e1r\u00f3betegell\u00e1t\u00e1sban r\u00e9szes\u00fcl\u0151k k\u00f6z\u00fcl minden t\u00edz emberb\u0151l n\u00e9gyet \u00e9r egy ilyen nemk\u00edv\u00e1natos esem\u00e9ny. Az Eg\u00e9szs\u00e9g\u00fcgyi Vil\u00e1gszervezet szerint az ilyen nemk\u00edv\u00e1natos, az eg\u00e9szs\u00e9g\u00fcgyi ell\u00e1t\u00e1ssal kapcsolatos esem\u00e9nyek k\u00f6z\u00e9 tartoznak p\u00e9ld\u00e1ul a nem biztons\u00e1gos \u00e9s hib\u00e1s gy\u00f3gyszeres kezel\u00e9sek, a helytelen vagy k\u00e9s\u0151i diagn\u00f3zisok, a k\u00f3rh\u00e1zi bels\u0151 fert\u0151z\u00e9sek, a seb\u00e9szeti beavatkoz\u00e1sok vagy a kezel\u00e9sek sor\u00e1n ad\u00f3d\u00f3 komplik\u00e1ci\u00f3k.<\/p>\n<p style=\"text-align: justify;\">A Betegbiztons\u00e1g Vil\u00e1gnapj\u00e1hoz kapcsol\u00f3d\u00f3 felh\u00edv\u00e1sra a Cs\u00edkszeredai Megyei S\u00fcrg\u0151ss\u00e9gi K\u00f3rh\u00e1z is v\u00e1laszolt: a k\u00f3rh\u00e1zi oszt\u00e1lyok t\u00e1j\u00e9koztat\u00f3 anyagokat kaptak \u00e9s minden oszt\u00e1ly hirdet\u0151t\u00e1bl\u00e1j\u00e1ra nyomtatott form\u00e1ban is \u2013 a vil\u00e1gnap narancss\u00e1rga sz\u00edn\u00e9vel jel\u00f6lve \u2013 felker\u00fcltek a vil\u00e1gnappal kapcsolatos inform\u00e1ci\u00f3k.<\/p>\n<p style=\"text-align: justify;\">Dr. Konr\u00e1d Judit, a k\u00f3rh\u00e1z menedzsere a vil\u00e1gnap alkalm\u00e1val azt mondta, a betegek ell\u00e1t\u00e1sa \u00e9s gy\u00f3gykezel\u00e9se mellett az eg\u00e9szs\u00e9g\u00fcgyi ell\u00e1t\u00e1s biztons\u00e1ga is els\u0151rend\u0171 fontoss\u00e1g\u00fa a Hargita Megye Tan\u00e1csa \u00e1ltal m\u0171k\u00f6dtetett Cs\u00edkszeredai Megyei S\u00fcrg\u0151ss\u00e9gi K\u00f3rh\u00e1z sz\u00e1m\u00e1ra. A k\u00f3rh\u00e1zi bels\u0151 fert\u0151z\u00e9sek megel\u0151z\u00e9s\u00e9re eddig is kiemelten figyelt\u00fcnk \u00e9s igyeksz\u00fcnk kiterjeszteni ezt a figyelmet az ell\u00e1t\u00e1ssal kapcsolatos \u00f6sszes nemk\u00edv\u00e1natos esem\u00e9ny megel\u0151z\u00e9s\u00e9re \u2013 mutatott r\u00e1. Felsorolta, rendszeres k\u00e9pz\u00e9seken hangs\u00falyozz\u00e1k a k\u00fcl\u00f6nb\u00f6z\u0151 kezel\u00e9si elj\u00e1r\u00e1sok betart\u00e1s\u00e1nak fontoss\u00e1g\u00e1t, az id\u00e9n a k\u00f3rh\u00e1zba ker\u00fcl\u0151 \u00fajabb diagnosztikai eszk\u00f6z\u00f6k is a r\u00e9sz\u00e9t k\u00e9pezik a biztons\u00e1gosabb betegell\u00e1t\u00e1snak, egy h\u00f3napja pedig bevezett\u00e9k a nemk\u00edv\u00e1natos esem\u00e9nyek k\u00f6vet\u00e9s\u00e9t, elemz\u00e9s\u00e9t is. Ugyanakkor t\u00f6bb, a k\u00f3rh\u00e1zi munka megszervezes\u00e9t \u00e9rint\u0151 int\u00e9zked\u00e9s is a biztons\u00e1got c\u00e9lozza. A k\u00f3rh\u00e1zi alkalmazottak p\u00e9ld\u00e1ul \u00faj kit\u0171z\u0151k r\u00e9v\u00e9n azonos\u00edthat\u00f3k, \u00faj eszk\u00f6zsz\u00e1ll\u00edt\u00f3 kiskocsik beszerz\u00e9s\u00e9t kezdt\u00e9k el a gy\u00f3gyszerek, az orvosi eszk\u00f6z\u00f6k sz\u00e1ll\u00edt\u00e1s\u00e1ra \u00e9s a k\u00f3rh\u00e1zba val\u00f3 bel\u00e9p\u00e9st is ellen\u0151rizhet\u0151bb\u00e9 fogj\u00e1k tenni.<\/p>\n<p style=\"text-align: justify;\">Cs\u00edkszereda, 2019.09.20<\/p>\n","protected":false},"excerpt":{"rendered":"<p>Id\u00e9n els\u0151 alkalommal hirdette meg az Eg\u00e9szs\u00e9g\u00fcgyi Vil\u00e1gszervezet (WHO) a Betegbiztons\u00e1g Vil\u00e1gnapj\u00e1t szeptember 17-re.&nbsp; Rom\u00e1ni\u00e1ban az Eg\u00e9szs\u00e9g\u00fcgyi Min\u0151s\u00e9gmenedzsment Orsz\u00e1gos Hat\u00f3s\u00e1ga a Betegbiztons\u00e1g Het\u00e9nek nyilv\u00e1n\u00edtotta a szeptember 16-20 k\u00f6z\u00f6tti id\u0151szakot \u00e9s k\u00f3rh\u00e1zakban, eg\u00e9szs\u00e9g\u00fcgyi int\u00e9zm\u00e9nyekben igyekeznek felh\u00edvni a figyelmet a betegek biztons\u00e1g\u00e1nak fontoss\u00e1g\u00e1ra, az erre vonatkoz\u00f3 el\u0151\u00edr\u00e1sok betart\u00e1s\u00e1ra. A figyelemfelkelt\u0151 akci\u00f3k r\u00e9szek\u00e9nt orsz\u00e1gszerte t\u00f6bb k\u00f6z\u00e9p\u00fcletet is narancss\u00e1rga&hellip;<\/p>\n","protected":false},"author":11,"featured_media":5065,"comment_status":"closed","ping_status":"closed","sticky":false,"template":"","format":"standard","meta":[],"categories":[],"tags":[],"yoast_head":"<!-- This site is optimized with the Yoast SEO plugin v18.3 - https:\/\/yoast.com\/wordpress\/plugins\/seo\/ -->\n<title>Nagyobb figyelem a betegek biztons\u00e1g\u00e1ra - Cs\u00edkszeredai Megyei S\u00fcrg\u0151ss\u00e9gi K\u00f3rh\u00e1z<\/title>\n<meta name=\"robots\" content=\"index, follow, max-snippet:-1, max-image-preview:large, max-video-preview:-1\" \/>\n<link rel=\"canonical\" href=\"https:\/\/spitalmciuc.ro\/nagyobb-figyelem-a-betegek-biztonsagara\/\" \/>\n<meta property=\"og:locale\" content=\"hu_HU\" \/>\n<meta property=\"og:type\" content=\"article\" \/>\n<meta property=\"og:title\" content=\"Nagyobb figyelem a betegek biztons\u00e1g\u00e1ra - Cs\u00edkszeredai Megyei S\u00fcrg\u0151ss\u00e9gi K\u00f3rh\u00e1z\" \/>\n<meta property=\"og:description\" content=\"Id\u00e9n els\u0151 alkalommal hirdette meg az Eg\u00e9szs\u00e9g\u00fcgyi Vil\u00e1gszervezet (WHO) a Betegbiztons\u00e1g Vil\u00e1gnapj\u00e1t szeptember 17-re.&nbsp; Rom\u00e1ni\u00e1ban az Eg\u00e9szs\u00e9g\u00fcgyi Min\u0151s\u00e9gmenedzsment Orsz\u00e1gos Hat\u00f3s\u00e1ga a Betegbiztons\u00e1g Het\u00e9nek nyilv\u00e1n\u00edtotta a szeptember 16-20 k\u00f6z\u00f6tti id\u0151szakot \u00e9s k\u00f3rh\u00e1zakban, eg\u00e9szs\u00e9g\u00fcgyi int\u00e9zm\u00e9nyekben igyekeznek felh\u00edvni a figyelmet a betegek biztons\u00e1g\u00e1nak fontoss\u00e1g\u00e1ra, az erre vonatkoz\u00f3 el\u0151\u00edr\u00e1sok betart\u00e1s\u00e1ra. A figyelemfelkelt\u0151 akci\u00f3k r\u00e9szek\u00e9nt orsz\u00e1gszerte t\u00f6bb k\u00f6z\u00e9p\u00fcletet is narancss\u00e1rga&hellip;\" \/>\n<meta property=\"og:url\" content=\"https:\/\/spitalmciuc.ro\/nagyobb-figyelem-a-betegek-biztonsagara\/\" \/>\n<meta property=\"og:site_name\" content=\"Cs\u00edkszeredai Megyei S\u00fcrg\u0151ss\u00e9gi K\u00f3rh\u00e1z\" \/>\n<meta property=\"article:published_time\" content=\"2019-09-20T07:40:48+00:00\" \/>\n<meta property=\"article:modified_time\" content=\"2022-03-02T07:49:27+00:00\" \/>\n<meta property=\"og:image\" content=\"https:\/\/spitalmciuc.ro\/wp-content\/uploads\/2019\/09\/logo-3.png\" \/>\n\t<meta property=\"og:image:width\" content=\"479\" \/>\n\t<meta property=\"og:image:height\" content=\"197\" \/>\n\t<meta property=\"og:image:type\" content=\"image\/png\" \/>\n<meta name=\"twitter:card\" content=\"summary_large_image\" \/>\n<meta name=\"twitter:label1\" content=\"Szerz\u0151:\" \/>\n\t<meta name=\"twitter:data1\" content=\"Milik Szil\u00e1rd\" \/>\n\t<meta name=\"twitter:label2\" content=\"Becs\u00fclt olvas\u00e1si id\u0151\" \/>\n\t<meta name=\"twitter:data2\" content=\"4 perc\" \/>\n<script type=\"application\/ld+json\" class=\"yoast-schema-graph\">{\"@context\":\"https:\/\/schema.org\",\"@graph\":[{\"@type\":\"Organization\",\"@id\":\"https:\/\/spitalmciuc.ro\/#organization\",\"name\":\"Spitalul Jude\u0163ean de Urgen\u0163\u0103 Miercurea Ciuc\",\"url\":\"https:\/\/spitalmciuc.ro\/\",\"sameAs\":[],\"logo\":{\"@type\":\"ImageObject\",\"@id\":\"https:\/\/spitalmciuc.ro\/#logo\",\"inLanguage\":\"hu\",\"url\":\"https:\/\/spitalmciuc.ro\/wp-content\/uploads\/2022\/02\/logo-spital-ro-60.jpg\",\"contentUrl\":\"https:\/\/spitalmciuc.ro\/wp-content\/uploads\/2022\/02\/logo-spital-ro-60.jpg\",\"width\":198,\"height\":60,\"caption\":\"Spitalul Jude\u0163ean de Urgen\u0163\u0103 Miercurea Ciuc\"},\"image\":{\"@id\":\"https:\/\/spitalmciuc.ro\/#logo\"}},{\"@type\":\"WebSite\",\"@id\":\"https:\/\/spitalmciuc.ro\/#website\",\"url\":\"https:\/\/spitalmciuc.ro\/\",\"name\":\"Cs\u00edkszeredai Megyei S\u00fcrg\u0151ss\u00e9gi K\u00f3rh\u00e1z\",\"description\":\"\",\"publisher\":{\"@id\":\"https:\/\/spitalmciuc.ro\/#organization\"},\"potentialAction\":[{\"@type\":\"SearchAction\",\"target\":{\"@type\":\"EntryPoint\",\"urlTemplate\":\"https:\/\/spitalmciuc.ro\/?s={search_term_string}\"},\"query-input\":\"required name=search_term_string\"}],\"inLanguage\":\"hu\"},{\"@type\":\"ImageObject\",\"@id\":\"https:\/\/spitalmciuc.ro\/nagyobb-figyelem-a-betegek-biztonsagara\/#primaryimage\",\"inLanguage\":\"hu\",\"url\":\"https:\/\/spitalmciuc.ro\/wp-content\/uploads\/2019\/09\/logo-3.png\",\"contentUrl\":\"https:\/\/spitalmciuc.ro\/wp-content\/uploads\/2019\/09\/logo-3.png\",\"width\":479,\"height\":197,\"caption\":\"logo 3\"},{\"@type\":\"WebPage\",\"@id\":\"https:\/\/spitalmciuc.ro\/nagyobb-figyelem-a-betegek-biztonsagara\/#webpage\",\"url\":\"https:\/\/spitalmciuc.ro\/nagyobb-figyelem-a-betegek-biztonsagara\/\",\"name\":\"Nagyobb figyelem a betegek biztons\u00e1g\u00e1ra - Cs\u00edkszeredai Megyei S\u00fcrg\u0151ss\u00e9gi K\u00f3rh\u00e1z\",\"isPartOf\":{\"@id\":\"https:\/\/spitalmciuc.ro\/#website\"},\"primaryImageOfPage\":{\"@id\":\"https:\/\/spitalmciuc.ro\/nagyobb-figyelem-a-betegek-biztonsagara\/#primaryimage\"},\"datePublished\":\"2019-09-20T07:40:48+00:00\",\"dateModified\":\"2022-03-02T07:49:27+00:00\",\"breadcrumb\":{\"@id\":\"https:\/\/spitalmciuc.ro\/nagyobb-figyelem-a-betegek-biztonsagara\/#breadcrumb\"},\"inLanguage\":\"hu\",\"potentialAction\":[{\"@type\":\"ReadAction\",\"target\":[\"https:\/\/spitalmciuc.ro\/nagyobb-figyelem-a-betegek-biztonsagara\/\"]}]},{\"@type\":\"BreadcrumbList\",\"@id\":\"https:\/\/spitalmciuc.ro\/nagyobb-figyelem-a-betegek-biztonsagara\/#breadcrumb\",\"itemListElement\":[{\"@type\":\"ListItem\",\"position\":1,\"name\":\"Kezd\u0151lap\",\"item\":\"https:\/\/spitalmciuc.ro\/hu\/\"},{\"@type\":\"ListItem\",\"position\":2,\"name\":\"Nagyobb figyelem a betegek biztons\u00e1g\u00e1ra\"}]},{\"@type\":\"Article\",\"@id\":\"https:\/\/spitalmciuc.ro\/nagyobb-figyelem-a-betegek-biztonsagara\/#article\",\"isPartOf\":{\"@id\":\"https:\/\/spitalmciuc.ro\/nagyobb-figyelem-a-betegek-biztonsagara\/#webpage\"},\"author\":{\"@id\":\"https:\/\/spitalmciuc.ro\/#\/schema\/person\/20ea297ab07e8f4d1689dfe252e34174\"},\"headline\":\"Nagyobb figyelem a betegek biztons\u00e1g\u00e1ra\",\"datePublished\":\"2019-09-20T07:40:48+00:00\",\"dateModified\":\"2022-03-02T07:49:27+00:00\",\"mainEntityOfPage\":{\"@id\":\"https:\/\/spitalmciuc.ro\/nagyobb-figyelem-a-betegek-biztonsagara\/#webpage\"},\"wordCount\":719,\"publisher\":{\"@id\":\"https:\/\/spitalmciuc.ro\/#organization\"},\"image\":{\"@id\":\"https:\/\/spitalmciuc.ro\/nagyobb-figyelem-a-betegek-biztonsagara\/#primaryimage\"},\"thumbnailUrl\":\"https:\/\/spitalmciuc.ro\/wp-content\/uploads\/2019\/09\/logo-3.png\",\"inLanguage\":\"hu\"},{\"@type\":\"Person\",\"@id\":\"https:\/\/spitalmciuc.ro\/#\/schema\/person\/20ea297ab07e8f4d1689dfe252e34174\",\"name\":\"Milik Szil\u00e1rd\",\"url\":\"https:\/\/spitalmciuc.ro\/hu\/author\/szilard\/\"}]}<\/script>\n<!-- \/ Yoast SEO plugin. -->","yoast_head_json":{"title":"Nagyobb figyelem a betegek biztons\u00e1g\u00e1ra - Cs\u00edkszeredai Megyei S\u00fcrg\u0151ss\u00e9gi K\u00f3rh\u00e1z","robots":{"index":"index","follow":"follow","max-snippet":"max-snippet:-1","max-image-preview":"max-image-preview:large","max-video-preview":"max-video-preview:-1"},"canonical":"https:\/\/spitalmciuc.ro\/nagyobb-figyelem-a-betegek-biztonsagara\/","og_locale":"hu_HU","og_type":"article","og_title":"Nagyobb figyelem a betegek biztons\u00e1g\u00e1ra - Cs\u00edkszeredai Megyei S\u00fcrg\u0151ss\u00e9gi K\u00f3rh\u00e1z","og_description":"Id\u00e9n els\u0151 alkalommal hirdette meg az Eg\u00e9szs\u00e9g\u00fcgyi Vil\u00e1gszervezet (WHO) a Betegbiztons\u00e1g Vil\u00e1gnapj\u00e1t szeptember 17-re.&nbsp; Rom\u00e1ni\u00e1ban az Eg\u00e9szs\u00e9g\u00fcgyi Min\u0151s\u00e9gmenedzsment Orsz\u00e1gos Hat\u00f3s\u00e1ga a Betegbiztons\u00e1g Het\u00e9nek nyilv\u00e1n\u00edtotta a szeptember 16-20 k\u00f6z\u00f6tti id\u0151szakot \u00e9s k\u00f3rh\u00e1zakban, eg\u00e9szs\u00e9g\u00fcgyi int\u00e9zm\u00e9nyekben igyekeznek felh\u00edvni a figyelmet a betegek biztons\u00e1g\u00e1nak fontoss\u00e1g\u00e1ra, az erre vonatkoz\u00f3 el\u0151\u00edr\u00e1sok betart\u00e1s\u00e1ra. A figyelemfelkelt\u0151 akci\u00f3k r\u00e9szek\u00e9nt orsz\u00e1gszerte t\u00f6bb k\u00f6z\u00e9p\u00fcletet is narancss\u00e1rga&hellip;","og_url":"https:\/\/spitalmciuc.ro\/nagyobb-figyelem-a-betegek-biztonsagara\/","og_site_name":"Cs\u00edkszeredai Megyei S\u00fcrg\u0151ss\u00e9gi K\u00f3rh\u00e1z","article_published_time":"2019-09-20T07:40:48+00:00","article_modified_time":"2022-03-02T07:49:27+00:00","og_image":[{"width":479,"height":197,"url":"https:\/\/spitalmciuc.ro\/wp-content\/uploads\/2019\/09\/logo-3.png","type":"image\/png"}],"twitter_card":"summary_large_image","twitter_misc":{"Szerz\u0151:":"Milik Szil\u00e1rd","Becs\u00fclt olvas\u00e1si id\u0151":"4 perc"},"schema":{"@context":"https:\/\/schema.org","@graph":[{"@type":"Organization","@id":"https:\/\/spitalmciuc.ro\/#organization","name":"Spitalul Jude\u0163ean de Urgen\u0163\u0103 Miercurea Ciuc","url":"https:\/\/spitalmciuc.ro\/","sameAs":[],"logo":{"@type":"ImageObject","@id":"https:\/\/spitalmciuc.ro\/#logo","inLanguage":"hu","url":"https:\/\/spitalmciuc.ro\/wp-content\/uploads\/2022\/02\/logo-spital-ro-60.jpg","contentUrl":"https:\/\/spitalmciuc.ro\/wp-content\/uploads\/2022\/02\/logo-spital-ro-60.jpg","width":198,"height":60,"caption":"Spitalul Jude\u0163ean de Urgen\u0163\u0103 Miercurea Ciuc"},"image":{"@id":"https:\/\/spitalmciuc.ro\/#logo"}},{"@type":"WebSite","@id":"https:\/\/spitalmciuc.ro\/#website","url":"https:\/\/spitalmciuc.ro\/","name":"Cs\u00edkszeredai Megyei S\u00fcrg\u0151ss\u00e9gi K\u00f3rh\u00e1z","description":"","publisher":{"@id":"https:\/\/spitalmciuc.ro\/#organization"},"potentialAction":[{"@type":"SearchAction","target":{"@type":"EntryPoint","urlTemplate":"https:\/\/spitalmciuc.ro\/?s={search_term_string}"},"query-input":"required name=search_term_string"}],"inLanguage":"hu"},{"@type":"ImageObject","@id":"https:\/\/spitalmciuc.ro\/nagyobb-figyelem-a-betegek-biztonsagara\/#primaryimage","inLanguage":"hu","url":"https:\/\/spitalmciuc.ro\/wp-content\/uploads\/2019\/09\/logo-3.png","contentUrl":"https:\/\/spitalmciuc.ro\/wp-content\/uploads\/2019\/09\/logo-3.png","width":479,"height":197,"caption":"logo 3"},{"@type":"WebPage","@id":"https:\/\/spitalmciuc.ro\/nagyobb-figyelem-a-betegek-biztonsagara\/#webpage","url":"https:\/\/spitalmciuc.ro\/nagyobb-figyelem-a-betegek-biztonsagara\/","name":"Nagyobb figyelem a betegek biztons\u00e1g\u00e1ra - Cs\u00edkszeredai Megyei S\u00fcrg\u0151ss\u00e9gi K\u00f3rh\u00e1z","isPartOf":{"@id":"https:\/\/spitalmciuc.ro\/#website"},"primaryImageOfPage":{"@id":"https:\/\/spitalmciuc.ro\/nagyobb-figyelem-a-betegek-biztonsagara\/#primaryimage"},"datePublished":"2019-09-20T07:40:48+00:00","dateModified":"2022-03-02T07:49:27+00:00","breadcrumb":{"@id":"https:\/\/spitalmciuc.ro\/nagyobb-figyelem-a-betegek-biztonsagara\/#breadcrumb"},"inLanguage":"hu","potentialAction":[{"@type":"ReadAction","target":["https:\/\/spitalmciuc.ro\/nagyobb-figyelem-a-betegek-biztonsagara\/"]}]},{"@type":"BreadcrumbList","@id":"https:\/\/spitalmciuc.ro\/nagyobb-figyelem-a-betegek-biztonsagara\/#breadcrumb","itemListElement":[{"@type":"ListItem","position":1,"name":"Kezd\u0151lap","item":"https:\/\/spitalmciuc.ro\/hu\/"},{"@type":"ListItem","position":2,"name":"Nagyobb figyelem a betegek biztons\u00e1g\u00e1ra"}]},{"@type":"Article","@id":"https:\/\/spitalmciuc.ro\/nagyobb-figyelem-a-betegek-biztonsagara\/#article","isPartOf":{"@id":"https:\/\/spitalmciuc.ro\/nagyobb-figyelem-a-betegek-biztonsagara\/#webpage"},"author":{"@id":"https:\/\/spitalmciuc.ro\/#\/schema\/person\/20ea297ab07e8f4d1689dfe252e34174"},"headline":"Nagyobb figyelem a betegek biztons\u00e1g\u00e1ra","datePublished":"2019-09-20T07:40:48+00:00","dateModified":"2022-03-02T07:49:27+00:00","mainEntityOfPage":{"@id":"https:\/\/spitalmciuc.ro\/nagyobb-figyelem-a-betegek-biztonsagara\/#webpage"},"wordCount":719,"publisher":{"@id":"https:\/\/spitalmciuc.ro\/#organization"},"image":{"@id":"https:\/\/spitalmciuc.ro\/nagyobb-figyelem-a-betegek-biztonsagara\/#primaryimage"},"thumbnailUrl":"https:\/\/spitalmciuc.ro\/wp-content\/uploads\/2019\/09\/logo-3.png","inLanguage":"hu"},{"@type":"Person","@id":"https:\/\/spitalmciuc.ro\/#\/schema\/person\/20ea297ab07e8f4d1689dfe252e34174","name":"Milik Szil\u00e1rd","url":"https:\/\/spitalmciuc.ro\/hu\/author\/szilard\/"}]}},"_links":{"self":[{"href":"https:\/\/spitalmciuc.ro\/hu\/wp-json\/wp\/v2\/posts\/5068"}],"collection":[{"href":"https:\/\/spitalmciuc.ro\/hu\/wp-json\/wp\/v2\/posts"}],"about":[{"href":"https:\/\/spitalmciuc.ro\/hu\/wp-json\/wp\/v2\/types\/post"}],"author":[{"embeddable":true,"href":"https:\/\/spitalmciuc.ro\/hu\/wp-json\/wp\/v2\/users\/11"}],"replies":[{"embeddable":true,"href":"https:\/\/spitalmciuc.ro\/hu\/wp-json\/wp\/v2\/comments?post=5068"}],"version-history":[{"count":1,"href":"https:\/\/spitalmciuc.ro\/hu\/wp-json\/wp\/v2\/posts\/5068\/revisions"}],"predecessor-version":[{"id":6596,"href":"https:\/\/spitalmciuc.ro\/hu\/wp-json\/wp\/v2\/posts\/5068\/revisions\/6596"}],"wp:featuredmedia":[{"embeddable":true,"href":"https:\/\/spitalmciuc.ro\/hu\/wp-json\/wp\/v2\/media\/5065"}],"wp:attachment":[{"href":"https:\/\/spitalmciuc.ro\/hu\/wp-json\/wp\/v2\/media?parent=5068"}],"wp:term":[{"taxonomy":"category","embeddable":true,"href":"https:\/\/spitalmciuc.ro\/hu\/wp-json\/wp\/v2\/categories?post=5068"},{"taxonomy":"post_tag","embeddable":true,"href":"https:\/\/spitalmciuc.ro\/hu\/wp-json\/wp\/v2\/tags?post=5068"}],"curies":[{"name":"wp","href":"https:\/\/api.w.org\/{rel}","templated":true}]}}