{"id":5014,"date":"2019-08-27T08:53:01","date_gmt":"2019-08-27T08:53:01","guid":{"rendered":"https:\/\/spital.creative-solutions.ro\/index.php\/szueleszeti-konferencia-a-biztonsagosabb-szuelesert-szueletesert\/"},"modified":"2022-03-02T07:51:40","modified_gmt":"2022-03-02T07:51:40","slug":"szueleszeti-konferencia-a-biztonsagosabb-szuelesert-szueletesert","status":"publish","type":"post","link":"https:\/\/spitalmciuc.ro\/hu\/szueleszeti-konferencia-a-biztonsagosabb-szuelesert-szueletesert\/","title":{"rendered":"Sz\u00fcl\u00e9szeti konferencia a biztons\u00e1gosabb sz\u00fcl\u00e9s\u00e9rt, sz\u00fclet\u00e9s\u00e9rt"},"content":{"rendered":"<p style=\"text-align: justify;\">Csal\u00e1dorvosok, sz\u00fcl\u00e9sz-n\u0151gy\u00f3gy\u00e1sz szakorvosok, eg\u00e9szs\u00e9g\u00fcgyi asszisztensek, sz\u00fcl\u00e9szn\u0151k sz\u00e1m\u00e1ra szervez sz\u00fcl\u00e9szeti konferenci\u00e1t augusztus 29-31 k\u00f6z\u00f6tt Cs\u00edkszered\u00e1ban a Cs\u00edkszeredai Megyei S\u00fcrg\u0151ss\u00e9gi K\u00f3rh\u00e1z, a magyarorsz\u00e1gi Magyar Sz\u00fcl\u00e9szn\u0151k Egyes\u00fclete \u00e9s a Mindent a N\u0151k\u00e9rt Alap\u00edtv\u00e1ny, partners\u00e9gben Hargita Megye Tan\u00e1cs\u00e1val, a Hargita Megyei Orvosi Koll\u00e9giummal \u00e9s a Rom\u00e1niai \u00c1ltal\u00e1nos Orvosi Asszisztensek, Sz\u00fcl\u00e9szn\u0151k \u00e9s Orvosi Asszisztensek Rendje megyei szervezet\u00e9vel.<\/p>\n<p style=\"text-align: justify;\">A Jakab Antal H\u00e1zban zajl\u00f3 rendezv\u00e9nyen rom\u00e1niai \u00e9s magyarorsz\u00e1gi egyetemi tan\u00e1rok, sz\u00fcl\u00e9sz-n\u0151gy\u00f3gy\u00e1sz orvosok, sz\u00fcl\u00e9szn\u0151k tartanak el\u0151ad\u00e1sokat a v\u00e1rand\u00f3sgondoz\u00e1s, a sz\u00fcl\u0151 n\u0151 \u2013 sz\u00fcl\u00e9szn\u0151 \u2013 orvos k\u00f6z\u00f6tti kommunik\u00e1ci\u00f3, a sz\u00fcl\u0151szobai negat\u00edv szuggeszti\u00f3k, a 21-ik sz\u00e1zadi klasszikus sz\u00fcl\u00e9szet, a k\u00e9s\u0151i gyermekv\u00e1llal\u00e1s, a magzati \u00e1llapotdiagnosztika, a sz\u00fcl\u00e9szeti protokollok, illetve a g\u00e1tv\u00e9delem \u00e9s a v\u00edzben sz\u00fcl\u00e9s t\u00e9mak\u00f6reiben.<\/p>\n<p style=\"text-align: justify;\">Az augusztus 29-i, cs\u00fct\u00f6rt\u00f6k\u00f6n 15 \u00f3rakor kezd\u0151d\u0151 el\u0151ad\u00e1sokat a csal\u00e1dorvosok \u00e9s asszisztenseik, v\u00e9d\u0151n\u0151k sz\u00e1m\u00e1ra a k\u00f6vetkez\u0151 t\u00e9m\u00e1k k\u00f6r\u00e9 csoportos\u00edtott\u00e1k: v\u00e1rand\u00f3sgondoz\u00e1s, gyermek\u00e1gyas id\u0151szak probl\u00e9m\u00e1i, a csal\u00e1dorvos-sz\u00fcl\u00e9sz kapcsolattart\u00e1s, a v\u00e9d\u0151n\u0151i h\u00e1l\u00f3zat \u00fajj\u00e1sz\u00fclet\u00e9se. A p\u00e9nteken reggel kilenct\u0151l k\u00e9s\u0151 d\u00e9lut\u00e1nig zajl\u00f3, illetve a szombaton reggel kilenckor kezd\u0151d\u0151 \u00e9s d\u00e9lben v\u00e9gz\u0151d\u0151 tov\u00e1bbi el\u0151ad\u00e1sok \u2013 a sz\u00fcl\u0151 n\u0151k jogair\u00f3l, a sz\u00fcl\u00e9szn\u0151i \u00f6n\u00e1ll\u00f3s\u00e1gr\u00f3l, a klasszikus sz\u00fcl\u00e9szet j\u00f6v\u0151k\u00e9p\u00e9r\u0151l, vaj\u00fad\u00e1s alatti magzati \u00e1llapotdiagnosztik\u00e1r\u00f3l, sz\u00fcl\u00e9svezet\u00e9si aj\u00e1nl\u00e1sokr\u00f3l \u2013 t\u00f6bbnyire a sz\u00fcl\u00e9sz-n\u0151gy\u00f3gy\u00e1sz orvosoknak \u00e9s asszisztenseknek, sz\u00fcl\u00e9szn\u0151knek sz\u00f3lnak.<\/p>\n<p style=\"text-align: justify;\">A rendezv\u00e9ny megnyit\u00f3j\u00e1t cs\u00fct\u00f6rt\u00f6k\u00f6n 18 \u00f3rakor tartj\u00e1k.<\/p>\n<p style=\"text-align: justify;\">A konferencia keret\u00e9ben p\u00e9nteken 10,30 \u00f3rakor bemutatj\u00e1k Prof. Dr. Varga Katalin A sz\u00fcl\u00e9s \u00e9s sz\u00fclet\u00e9s min\u0151s\u00e9ge a perinat\u00e1lis tudom\u00e1nyok megk\u00f6zel\u00edt\u00e9s\u00e9ben c\u00edm\u0171 k\u00f6nyv\u00e9t.<\/p>\n<p style=\"text-align: justify;\">A szakemberek sz\u00e1m\u00e1ra akkredit\u00e1lt rendezv\u00e9nyt els\u0151 alkalommal szervezik meg Sz\u00e9kelyf\u00f6ld\u00f6n, azzal a c\u00e9llal, hogy v\u00e1laszoljanak a csal\u00e1d- \u00e9s bababar\u00e1t sz\u00fcl\u00e9szetek ir\u00e1nti n\u00f6vekv\u0151 t\u00e1rsadalmi ig\u00e9nyre, ismertess\u00e9k a szakemberekkel a csal\u00e1dbar\u00e1t \u00e9s ugyanakkor min\u00e9l biztons\u00e1gosabb sz\u00fcl\u00e9sre t\u00f6reked\u0151 leg\u00fajabb szakmai aj\u00e1nl\u00e1sokat.<\/p>\n<p style=\"text-align: justify;\">A rendezv\u00e9ny magyar nyelven zajlik, rom\u00e1n nyelv\u0171 ford\u00edt\u00e1ssal. A konferenci\u00e1r\u00f3l tov\u00e1bbi inform\u00e1ci\u00f3k tal\u00e1lhat\u00f3k a Sz\u00fcl\u00e9szeti konferencia \/ Conferin\u021b\u0103 de obstetric\u0103 elnevez\u00e9s\u0171 Facebook-esem\u00e9ny alatt. Ugyanott k\u00f6vethet\u0151 a rendezv\u00e9ny programja is.&nbsp;<\/p>\n<p style=\"text-align: justify;\">Az el\u0151ad\u00e1sok a nagyk\u00f6z\u00f6ns\u00e9g sz\u00e1m\u00e1ra is nyitottak.<\/p>\n","protected":false},"excerpt":{"rendered":"<p>Csal\u00e1dorvosok, sz\u00fcl\u00e9sz-n\u0151gy\u00f3gy\u00e1sz szakorvosok, eg\u00e9szs\u00e9g\u00fcgyi asszisztensek, sz\u00fcl\u00e9szn\u0151k sz\u00e1m\u00e1ra szervez sz\u00fcl\u00e9szeti konferenci\u00e1t augusztus 29-31 k\u00f6z\u00f6tt Cs\u00edkszered\u00e1ban a Cs\u00edkszeredai Megyei S\u00fcrg\u0151ss\u00e9gi K\u00f3rh\u00e1z, a magyarorsz\u00e1gi Magyar Sz\u00fcl\u00e9szn\u0151k Egyes\u00fclete \u00e9s a Mindent a N\u0151k\u00e9rt Alap\u00edtv\u00e1ny, partners\u00e9gben Hargita Megye Tan\u00e1cs\u00e1val, a Hargita Megyei Orvosi Koll\u00e9giummal \u00e9s a Rom\u00e1niai \u00c1ltal\u00e1nos Orvosi Asszisztensek, Sz\u00fcl\u00e9szn\u0151k \u00e9s Orvosi Asszisztensek Rendje megyei szervezet\u00e9vel. A Jakab Antal&hellip;<\/p>\n","protected":false},"author":11,"featured_media":0,"comment_status":"closed","ping_status":"closed","sticky":false,"template":"","format":"standard","meta":[],"categories":[],"tags":[],"yoast_head":"<!-- This site is optimized with the Yoast SEO plugin v18.3 - https:\/\/yoast.com\/wordpress\/plugins\/seo\/ -->\n<title>Sz\u00fcl\u00e9szeti konferencia a biztons\u00e1gosabb sz\u00fcl\u00e9s\u00e9rt, sz\u00fclet\u00e9s\u00e9rt - Cs\u00edkszeredai Megyei S\u00fcrg\u0151ss\u00e9gi K\u00f3rh\u00e1z<\/title>\n<meta name=\"robots\" content=\"index, follow, max-snippet:-1, max-image-preview:large, max-video-preview:-1\" \/>\n<link rel=\"canonical\" href=\"https:\/\/spitalmciuc.ro\/szueleszeti-konferencia-a-biztonsagosabb-szuelesert-szueletesert\/\" \/>\n<meta property=\"og:locale\" content=\"hu_HU\" \/>\n<meta property=\"og:type\" content=\"article\" \/>\n<meta property=\"og:title\" content=\"Sz\u00fcl\u00e9szeti konferencia a biztons\u00e1gosabb sz\u00fcl\u00e9s\u00e9rt, sz\u00fclet\u00e9s\u00e9rt - Cs\u00edkszeredai Megyei S\u00fcrg\u0151ss\u00e9gi K\u00f3rh\u00e1z\" \/>\n<meta property=\"og:description\" content=\"Csal\u00e1dorvosok, sz\u00fcl\u00e9sz-n\u0151gy\u00f3gy\u00e1sz szakorvosok, eg\u00e9szs\u00e9g\u00fcgyi asszisztensek, sz\u00fcl\u00e9szn\u0151k sz\u00e1m\u00e1ra szervez sz\u00fcl\u00e9szeti konferenci\u00e1t augusztus 29-31 k\u00f6z\u00f6tt Cs\u00edkszered\u00e1ban a Cs\u00edkszeredai Megyei S\u00fcrg\u0151ss\u00e9gi K\u00f3rh\u00e1z, a magyarorsz\u00e1gi Magyar Sz\u00fcl\u00e9szn\u0151k Egyes\u00fclete \u00e9s a Mindent a N\u0151k\u00e9rt Alap\u00edtv\u00e1ny, partners\u00e9gben Hargita Megye Tan\u00e1cs\u00e1val, a Hargita Megyei Orvosi Koll\u00e9giummal \u00e9s a Rom\u00e1niai \u00c1ltal\u00e1nos Orvosi Asszisztensek, Sz\u00fcl\u00e9szn\u0151k \u00e9s Orvosi Asszisztensek Rendje megyei szervezet\u00e9vel. A Jakab Antal&hellip;\" \/>\n<meta property=\"og:url\" content=\"https:\/\/spitalmciuc.ro\/szueleszeti-konferencia-a-biztonsagosabb-szuelesert-szueletesert\/\" \/>\n<meta property=\"og:site_name\" content=\"Cs\u00edkszeredai Megyei S\u00fcrg\u0151ss\u00e9gi K\u00f3rh\u00e1z\" \/>\n<meta property=\"article:published_time\" content=\"2019-08-27T08:53:01+00:00\" \/>\n<meta property=\"article:modified_time\" content=\"2022-03-02T07:51:40+00:00\" \/>\n<meta name=\"twitter:card\" content=\"summary_large_image\" \/>\n<meta name=\"twitter:label1\" content=\"Szerz\u0151:\" \/>\n\t<meta name=\"twitter:data1\" content=\"Milik Szil\u00e1rd\" \/>\n\t<meta name=\"twitter:label2\" content=\"Becs\u00fclt olvas\u00e1si id\u0151\" \/>\n\t<meta name=\"twitter:data2\" content=\"3 perc\" \/>\n<script type=\"application\/ld+json\" class=\"yoast-schema-graph\">{\"@context\":\"https:\/\/schema.org\",\"@graph\":[{\"@type\":\"Organization\",\"@id\":\"https:\/\/spitalmciuc.ro\/#organization\",\"name\":\"Spitalul Jude\u0163ean de Urgen\u0163\u0103 Miercurea Ciuc\",\"url\":\"https:\/\/spitalmciuc.ro\/\",\"sameAs\":[],\"logo\":{\"@type\":\"ImageObject\",\"@id\":\"https:\/\/spitalmciuc.ro\/#logo\",\"inLanguage\":\"hu\",\"url\":\"https:\/\/spitalmciuc.ro\/wp-content\/uploads\/2022\/02\/logo-spital-ro-60.jpg\",\"contentUrl\":\"https:\/\/spitalmciuc.ro\/wp-content\/uploads\/2022\/02\/logo-spital-ro-60.jpg\",\"width\":198,\"height\":60,\"caption\":\"Spitalul Jude\u0163ean de Urgen\u0163\u0103 Miercurea Ciuc\"},\"image\":{\"@id\":\"https:\/\/spitalmciuc.ro\/#logo\"}},{\"@type\":\"WebSite\",\"@id\":\"https:\/\/spitalmciuc.ro\/#website\",\"url\":\"https:\/\/spitalmciuc.ro\/\",\"name\":\"Cs\u00edkszeredai Megyei S\u00fcrg\u0151ss\u00e9gi K\u00f3rh\u00e1z\",\"description\":\"\",\"publisher\":{\"@id\":\"https:\/\/spitalmciuc.ro\/#organization\"},\"potentialAction\":[{\"@type\":\"SearchAction\",\"target\":{\"@type\":\"EntryPoint\",\"urlTemplate\":\"https:\/\/spitalmciuc.ro\/?s={search_term_string}\"},\"query-input\":\"required name=search_term_string\"}],\"inLanguage\":\"hu\"},{\"@type\":\"WebPage\",\"@id\":\"https:\/\/spitalmciuc.ro\/szueleszeti-konferencia-a-biztonsagosabb-szuelesert-szueletesert\/#webpage\",\"url\":\"https:\/\/spitalmciuc.ro\/szueleszeti-konferencia-a-biztonsagosabb-szuelesert-szueletesert\/\",\"name\":\"Sz\u00fcl\u00e9szeti konferencia a biztons\u00e1gosabb sz\u00fcl\u00e9s\u00e9rt, sz\u00fclet\u00e9s\u00e9rt - Cs\u00edkszeredai Megyei S\u00fcrg\u0151ss\u00e9gi K\u00f3rh\u00e1z\",\"isPartOf\":{\"@id\":\"https:\/\/spitalmciuc.ro\/#website\"},\"datePublished\":\"2019-08-27T08:53:01+00:00\",\"dateModified\":\"2022-03-02T07:51:40+00:00\",\"breadcrumb\":{\"@id\":\"https:\/\/spitalmciuc.ro\/szueleszeti-konferencia-a-biztonsagosabb-szuelesert-szueletesert\/#breadcrumb\"},\"inLanguage\":\"hu\",\"potentialAction\":[{\"@type\":\"ReadAction\",\"target\":[\"https:\/\/spitalmciuc.ro\/szueleszeti-konferencia-a-biztonsagosabb-szuelesert-szueletesert\/\"]}]},{\"@type\":\"BreadcrumbList\",\"@id\":\"https:\/\/spitalmciuc.ro\/szueleszeti-konferencia-a-biztonsagosabb-szuelesert-szueletesert\/#breadcrumb\",\"itemListElement\":[{\"@type\":\"ListItem\",\"position\":1,\"name\":\"Kezd\u0151lap\",\"item\":\"https:\/\/spitalmciuc.ro\/hu\/\"},{\"@type\":\"ListItem\",\"position\":2,\"name\":\"Sz\u00fcl\u00e9szeti konferencia a biztons\u00e1gosabb sz\u00fcl\u00e9s\u00e9rt, sz\u00fclet\u00e9s\u00e9rt\"}]},{\"@type\":\"Article\",\"@id\":\"https:\/\/spitalmciuc.ro\/szueleszeti-konferencia-a-biztonsagosabb-szuelesert-szueletesert\/#article\",\"isPartOf\":{\"@id\":\"https:\/\/spitalmciuc.ro\/szueleszeti-konferencia-a-biztonsagosabb-szuelesert-szueletesert\/#webpage\"},\"author\":{\"@id\":\"https:\/\/spitalmciuc.ro\/#\/schema\/person\/20ea297ab07e8f4d1689dfe252e34174\"},\"headline\":\"Sz\u00fcl\u00e9szeti konferencia a biztons\u00e1gosabb sz\u00fcl\u00e9s\u00e9rt, sz\u00fclet\u00e9s\u00e9rt\",\"datePublished\":\"2019-08-27T08:53:01+00:00\",\"dateModified\":\"2022-03-02T07:51:40+00:00\",\"mainEntityOfPage\":{\"@id\":\"https:\/\/spitalmciuc.ro\/szueleszeti-konferencia-a-biztonsagosabb-szuelesert-szueletesert\/#webpage\"},\"wordCount\":546,\"publisher\":{\"@id\":\"https:\/\/spitalmciuc.ro\/#organization\"},\"inLanguage\":\"hu\"},{\"@type\":\"Person\",\"@id\":\"https:\/\/spitalmciuc.ro\/#\/schema\/person\/20ea297ab07e8f4d1689dfe252e34174\",\"name\":\"Milik Szil\u00e1rd\",\"url\":\"https:\/\/spitalmciuc.ro\/hu\/author\/szilard\/\"}]}<\/script>\n<!-- \/ Yoast SEO plugin. -->","yoast_head_json":{"title":"Sz\u00fcl\u00e9szeti konferencia a biztons\u00e1gosabb sz\u00fcl\u00e9s\u00e9rt, sz\u00fclet\u00e9s\u00e9rt - Cs\u00edkszeredai Megyei S\u00fcrg\u0151ss\u00e9gi K\u00f3rh\u00e1z","robots":{"index":"index","follow":"follow","max-snippet":"max-snippet:-1","max-image-preview":"max-image-preview:large","max-video-preview":"max-video-preview:-1"},"canonical":"https:\/\/spitalmciuc.ro\/szueleszeti-konferencia-a-biztonsagosabb-szuelesert-szueletesert\/","og_locale":"hu_HU","og_type":"article","og_title":"Sz\u00fcl\u00e9szeti konferencia a biztons\u00e1gosabb sz\u00fcl\u00e9s\u00e9rt, sz\u00fclet\u00e9s\u00e9rt - Cs\u00edkszeredai Megyei S\u00fcrg\u0151ss\u00e9gi K\u00f3rh\u00e1z","og_description":"Csal\u00e1dorvosok, sz\u00fcl\u00e9sz-n\u0151gy\u00f3gy\u00e1sz szakorvosok, eg\u00e9szs\u00e9g\u00fcgyi asszisztensek, sz\u00fcl\u00e9szn\u0151k sz\u00e1m\u00e1ra szervez sz\u00fcl\u00e9szeti konferenci\u00e1t augusztus 29-31 k\u00f6z\u00f6tt Cs\u00edkszered\u00e1ban a Cs\u00edkszeredai Megyei S\u00fcrg\u0151ss\u00e9gi K\u00f3rh\u00e1z, a magyarorsz\u00e1gi Magyar Sz\u00fcl\u00e9szn\u0151k Egyes\u00fclete \u00e9s a Mindent a N\u0151k\u00e9rt Alap\u00edtv\u00e1ny, partners\u00e9gben Hargita Megye Tan\u00e1cs\u00e1val, a Hargita Megyei Orvosi Koll\u00e9giummal \u00e9s a Rom\u00e1niai \u00c1ltal\u00e1nos Orvosi Asszisztensek, Sz\u00fcl\u00e9szn\u0151k \u00e9s Orvosi Asszisztensek Rendje megyei szervezet\u00e9vel. A Jakab Antal&hellip;","og_url":"https:\/\/spitalmciuc.ro\/szueleszeti-konferencia-a-biztonsagosabb-szuelesert-szueletesert\/","og_site_name":"Cs\u00edkszeredai Megyei S\u00fcrg\u0151ss\u00e9gi K\u00f3rh\u00e1z","article_published_time":"2019-08-27T08:53:01+00:00","article_modified_time":"2022-03-02T07:51:40+00:00","twitter_card":"summary_large_image","twitter_misc":{"Szerz\u0151:":"Milik Szil\u00e1rd","Becs\u00fclt olvas\u00e1si id\u0151":"3 perc"},"schema":{"@context":"https:\/\/schema.org","@graph":[{"@type":"Organization","@id":"https:\/\/spitalmciuc.ro\/#organization","name":"Spitalul Jude\u0163ean de Urgen\u0163\u0103 Miercurea Ciuc","url":"https:\/\/spitalmciuc.ro\/","sameAs":[],"logo":{"@type":"ImageObject","@id":"https:\/\/spitalmciuc.ro\/#logo","inLanguage":"hu","url":"https:\/\/spitalmciuc.ro\/wp-content\/uploads\/2022\/02\/logo-spital-ro-60.jpg","contentUrl":"https:\/\/spitalmciuc.ro\/wp-content\/uploads\/2022\/02\/logo-spital-ro-60.jpg","width":198,"height":60,"caption":"Spitalul Jude\u0163ean de Urgen\u0163\u0103 Miercurea Ciuc"},"image":{"@id":"https:\/\/spitalmciuc.ro\/#logo"}},{"@type":"WebSite","@id":"https:\/\/spitalmciuc.ro\/#website","url":"https:\/\/spitalmciuc.ro\/","name":"Cs\u00edkszeredai Megyei S\u00fcrg\u0151ss\u00e9gi K\u00f3rh\u00e1z","description":"","publisher":{"@id":"https:\/\/spitalmciuc.ro\/#organization"},"potentialAction":[{"@type":"SearchAction","target":{"@type":"EntryPoint","urlTemplate":"https:\/\/spitalmciuc.ro\/?s={search_term_string}"},"query-input":"required name=search_term_string"}],"inLanguage":"hu"},{"@type":"WebPage","@id":"https:\/\/spitalmciuc.ro\/szueleszeti-konferencia-a-biztonsagosabb-szuelesert-szueletesert\/#webpage","url":"https:\/\/spitalmciuc.ro\/szueleszeti-konferencia-a-biztonsagosabb-szuelesert-szueletesert\/","name":"Sz\u00fcl\u00e9szeti konferencia a biztons\u00e1gosabb sz\u00fcl\u00e9s\u00e9rt, sz\u00fclet\u00e9s\u00e9rt - Cs\u00edkszeredai Megyei S\u00fcrg\u0151ss\u00e9gi K\u00f3rh\u00e1z","isPartOf":{"@id":"https:\/\/spitalmciuc.ro\/#website"},"datePublished":"2019-08-27T08:53:01+00:00","dateModified":"2022-03-02T07:51:40+00:00","breadcrumb":{"@id":"https:\/\/spitalmciuc.ro\/szueleszeti-konferencia-a-biztonsagosabb-szuelesert-szueletesert\/#breadcrumb"},"inLanguage":"hu","potentialAction":[{"@type":"ReadAction","target":["https:\/\/spitalmciuc.ro\/szueleszeti-konferencia-a-biztonsagosabb-szuelesert-szueletesert\/"]}]},{"@type":"BreadcrumbList","@id":"https:\/\/spitalmciuc.ro\/szueleszeti-konferencia-a-biztonsagosabb-szuelesert-szueletesert\/#breadcrumb","itemListElement":[{"@type":"ListItem","position":1,"name":"Kezd\u0151lap","item":"https:\/\/spitalmciuc.ro\/hu\/"},{"@type":"ListItem","position":2,"name":"Sz\u00fcl\u00e9szeti konferencia a biztons\u00e1gosabb sz\u00fcl\u00e9s\u00e9rt, sz\u00fclet\u00e9s\u00e9rt"}]},{"@type":"Article","@id":"https:\/\/spitalmciuc.ro\/szueleszeti-konferencia-a-biztonsagosabb-szuelesert-szueletesert\/#article","isPartOf":{"@id":"https:\/\/spitalmciuc.ro\/szueleszeti-konferencia-a-biztonsagosabb-szuelesert-szueletesert\/#webpage"},"author":{"@id":"https:\/\/spitalmciuc.ro\/#\/schema\/person\/20ea297ab07e8f4d1689dfe252e34174"},"headline":"Sz\u00fcl\u00e9szeti konferencia a biztons\u00e1gosabb sz\u00fcl\u00e9s\u00e9rt, sz\u00fclet\u00e9s\u00e9rt","datePublished":"2019-08-27T08:53:01+00:00","dateModified":"2022-03-02T07:51:40+00:00","mainEntityOfPage":{"@id":"https:\/\/spitalmciuc.ro\/szueleszeti-konferencia-a-biztonsagosabb-szuelesert-szueletesert\/#webpage"},"wordCount":546,"publisher":{"@id":"https:\/\/spitalmciuc.ro\/#organization"},"inLanguage":"hu"},{"@type":"Person","@id":"https:\/\/spitalmciuc.ro\/#\/schema\/person\/20ea297ab07e8f4d1689dfe252e34174","name":"Milik Szil\u00e1rd","url":"https:\/\/spitalmciuc.ro\/hu\/author\/szilard\/"}]}},"_links":{"self":[{"href":"https:\/\/spitalmciuc.ro\/hu\/wp-json\/wp\/v2\/posts\/5014"}],"collection":[{"href":"https:\/\/spitalmciuc.ro\/hu\/wp-json\/wp\/v2\/posts"}],"about":[{"href":"https:\/\/spitalmciuc.ro\/hu\/wp-json\/wp\/v2\/types\/post"}],"author":[{"embeddable":true,"href":"https:\/\/spitalmciuc.ro\/hu\/wp-json\/wp\/v2\/users\/11"}],"replies":[{"embeddable":true,"href":"https:\/\/spitalmciuc.ro\/hu\/wp-json\/wp\/v2\/comments?post=5014"}],"version-history":[{"count":1,"href":"https:\/\/spitalmciuc.ro\/hu\/wp-json\/wp\/v2\/posts\/5014\/revisions"}],"predecessor-version":[{"id":6606,"href":"https:\/\/spitalmciuc.ro\/hu\/wp-json\/wp\/v2\/posts\/5014\/revisions\/6606"}],"wp:attachment":[{"href":"https:\/\/spitalmciuc.ro\/hu\/wp-json\/wp\/v2\/media?parent=5014"}],"wp:term":[{"taxonomy":"category","embeddable":true,"href":"https:\/\/spitalmciuc.ro\/hu\/wp-json\/wp\/v2\/categories?post=5014"},{"taxonomy":"post_tag","embeddable":true,"href":"https:\/\/spitalmciuc.ro\/hu\/wp-json\/wp\/v2\/tags?post=5014"}],"curies":[{"name":"wp","href":"https:\/\/api.w.org\/{rel}","templated":true}]}}