{"id":4950,"date":"2019-08-06T07:32:13","date_gmt":"2019-08-06T07:32:13","guid":{"rendered":"https:\/\/spital.creative-solutions.ro\/index.php\/termeszetes-es-teljes-erteku-taplalek-az-anyatej\/"},"modified":"2022-03-02T07:51:40","modified_gmt":"2022-03-02T07:51:40","slug":"termeszetes-es-teljes-erteku-taplalek-az-anyatej","status":"publish","type":"post","link":"https:\/\/spitalmciuc.ro\/hu\/termeszetes-es-teljes-erteku-taplalek-az-anyatej\/","title":{"rendered":"Term\u00e9szetes \u00e9s teljes \u00e9rt\u00e9k\u0171 t\u00e1pl\u00e1l\u00e9k: az anyatej"},"content":{"rendered":"<p style=\"text-align: justify;\"><strong>Besz\u00e9lget\u00e9s dr. F\u00fcst\u00f6s Annam\u00e1ria \u00fajsz\u00fcl\u00f6ttgy\u00f3gy\u00e1sz szakorvossal a Hargita N\u00e9p\u00e9ben<br \/><\/strong><\/p>\n<p style=\"text-align: justify;\">Augusztus elseje volt az anyatejes t\u00e1pl\u00e1l\u00e1s vil\u00e1gnapja, a h\u00f3nap els\u0151 het\u00e9ben pedig a Szoptat\u00e1s Vil\u00e1ghet\u00e9t tartj\u00e1k, azzal a c\u00e9llal, hogy min\u00e9l nagyobb figyelem vet\u00fclj\u00f6n a szoptat\u00e1sra. B\u00e1r sok sz\u00f3 esik arr\u00f3l, hogy mennyire fontos \u00e9s milyen eg\u00e9szs\u00e9ges az anyatej \u00e9s az anyatejes t\u00e1pl\u00e1l\u00e1s, a statisztik\u00e1k szerint Rom\u00e1ni\u00e1ban csak k\u00f6zel 13 sz\u00e1zal\u00e9k a f\u00e9l \u00e9vesen kiz\u00e1r\u00f3lagosan szoptatott kisbab\u00e1k ar\u00e1nya &#8211; mondta el dr. F\u00fcst\u00f6s Annam\u00e1ria, a Cs\u00edkszeredai Megyei S\u00fcrg\u0151ss\u00e9gi K\u00f3rh\u00e1z \u00fajsz\u00fcl\u00f6ttgy\u00f3gy\u00e1szati oszt\u00e1ly\u00e1nak vezet\u0151je.<\/p>\n<p style=\"text-align: justify;\">A teljes cikk a k\u00f6vetkez\u0151 linken olvashat\u00f3:&nbsp;&nbsp;&nbsp;&nbsp;&nbsp;<\/p>\n<p style=\"text-align: justify;\"><a href=\"https:\/\/hargitanepe.eu\/termeszetes-es-teljes-erteku-taplalek-az-anyatej\/\">https:\/\/hargitanepe.eu\/termeszetes-es-teljes-erteku-taplalek-az-anyatej\/<\/a><\/p>\n<p>(forr\u00e1s: Hargita N\u00e9pe)<\/p>\n","protected":false},"excerpt":{"rendered":"<p>Besz\u00e9lget\u00e9s dr. F\u00fcst\u00f6s Annam\u00e1ria \u00fajsz\u00fcl\u00f6ttgy\u00f3gy\u00e1sz szakorvossal a Hargita N\u00e9p\u00e9ben Augusztus elseje volt az anyatejes t\u00e1pl\u00e1l\u00e1s vil\u00e1gnapja, a h\u00f3nap els\u0151 het\u00e9ben pedig a Szoptat\u00e1s Vil\u00e1ghet\u00e9t tartj\u00e1k, azzal a c\u00e9llal, hogy min\u00e9l nagyobb figyelem vet\u00fclj\u00f6n a szoptat\u00e1sra. B\u00e1r sok sz\u00f3 esik arr\u00f3l, hogy mennyire fontos \u00e9s milyen eg\u00e9szs\u00e9ges az anyatej \u00e9s az anyatejes t\u00e1pl\u00e1l\u00e1s, a statisztik\u00e1k szerint&hellip;<\/p>\n","protected":false},"author":11,"featured_media":0,"comment_status":"closed","ping_status":"closed","sticky":false,"template":"","format":"standard","meta":[],"categories":[],"tags":[],"yoast_head":"<!-- This site is optimized with the Yoast SEO plugin v18.3 - https:\/\/yoast.com\/wordpress\/plugins\/seo\/ -->\n<title>Term\u00e9szetes \u00e9s teljes \u00e9rt\u00e9k\u0171 t\u00e1pl\u00e1l\u00e9k: az anyatej - Cs\u00edkszeredai Megyei S\u00fcrg\u0151ss\u00e9gi K\u00f3rh\u00e1z<\/title>\n<meta name=\"robots\" content=\"index, follow, max-snippet:-1, max-image-preview:large, max-video-preview:-1\" \/>\n<link rel=\"canonical\" href=\"https:\/\/spitalmciuc.ro\/termeszetes-es-teljes-erteku-taplalek-az-anyatej\/\" \/>\n<meta property=\"og:locale\" content=\"hu_HU\" \/>\n<meta property=\"og:type\" content=\"article\" \/>\n<meta property=\"og:title\" content=\"Term\u00e9szetes \u00e9s teljes \u00e9rt\u00e9k\u0171 t\u00e1pl\u00e1l\u00e9k: az anyatej - Cs\u00edkszeredai Megyei S\u00fcrg\u0151ss\u00e9gi K\u00f3rh\u00e1z\" \/>\n<meta property=\"og:description\" content=\"Besz\u00e9lget\u00e9s dr. F\u00fcst\u00f6s Annam\u00e1ria \u00fajsz\u00fcl\u00f6ttgy\u00f3gy\u00e1sz szakorvossal a Hargita N\u00e9p\u00e9ben Augusztus elseje volt az anyatejes t\u00e1pl\u00e1l\u00e1s vil\u00e1gnapja, a h\u00f3nap els\u0151 het\u00e9ben pedig a Szoptat\u00e1s Vil\u00e1ghet\u00e9t tartj\u00e1k, azzal a c\u00e9llal, hogy min\u00e9l nagyobb figyelem vet\u00fclj\u00f6n a szoptat\u00e1sra. B\u00e1r sok sz\u00f3 esik arr\u00f3l, hogy mennyire fontos \u00e9s milyen eg\u00e9szs\u00e9ges az anyatej \u00e9s az anyatejes t\u00e1pl\u00e1l\u00e1s, a statisztik\u00e1k szerint&hellip;\" \/>\n<meta property=\"og:url\" content=\"https:\/\/spitalmciuc.ro\/termeszetes-es-teljes-erteku-taplalek-az-anyatej\/\" \/>\n<meta property=\"og:site_name\" content=\"Cs\u00edkszeredai Megyei S\u00fcrg\u0151ss\u00e9gi K\u00f3rh\u00e1z\" \/>\n<meta property=\"article:published_time\" content=\"2019-08-06T07:32:13+00:00\" \/>\n<meta property=\"article:modified_time\" content=\"2022-03-02T07:51:40+00:00\" \/>\n<meta name=\"twitter:card\" content=\"summary_large_image\" \/>\n<meta name=\"twitter:label1\" content=\"Szerz\u0151:\" \/>\n\t<meta name=\"twitter:data1\" content=\"Milik Szil\u00e1rd\" \/>\n\t<meta name=\"twitter:label2\" content=\"Becs\u00fclt olvas\u00e1si id\u0151\" \/>\n\t<meta name=\"twitter:data2\" content=\"1 perc\" \/>\n<script type=\"application\/ld+json\" class=\"yoast-schema-graph\">{\"@context\":\"https:\/\/schema.org\",\"@graph\":[{\"@type\":\"Organization\",\"@id\":\"https:\/\/spitalmciuc.ro\/#organization\",\"name\":\"Spitalul Jude\u0163ean de Urgen\u0163\u0103 Miercurea Ciuc\",\"url\":\"https:\/\/spitalmciuc.ro\/\",\"sameAs\":[],\"logo\":{\"@type\":\"ImageObject\",\"@id\":\"https:\/\/spitalmciuc.ro\/#logo\",\"inLanguage\":\"hu\",\"url\":\"https:\/\/spitalmciuc.ro\/wp-content\/uploads\/2022\/02\/logo-spital-ro-60.jpg\",\"contentUrl\":\"https:\/\/spitalmciuc.ro\/wp-content\/uploads\/2022\/02\/logo-spital-ro-60.jpg\",\"width\":198,\"height\":60,\"caption\":\"Spitalul Jude\u0163ean de Urgen\u0163\u0103 Miercurea Ciuc\"},\"image\":{\"@id\":\"https:\/\/spitalmciuc.ro\/#logo\"}},{\"@type\":\"WebSite\",\"@id\":\"https:\/\/spitalmciuc.ro\/#website\",\"url\":\"https:\/\/spitalmciuc.ro\/\",\"name\":\"Cs\u00edkszeredai Megyei S\u00fcrg\u0151ss\u00e9gi K\u00f3rh\u00e1z\",\"description\":\"\",\"publisher\":{\"@id\":\"https:\/\/spitalmciuc.ro\/#organization\"},\"potentialAction\":[{\"@type\":\"SearchAction\",\"target\":{\"@type\":\"EntryPoint\",\"urlTemplate\":\"https:\/\/spitalmciuc.ro\/?s={search_term_string}\"},\"query-input\":\"required name=search_term_string\"}],\"inLanguage\":\"hu\"},{\"@type\":\"WebPage\",\"@id\":\"https:\/\/spitalmciuc.ro\/termeszetes-es-teljes-erteku-taplalek-az-anyatej\/#webpage\",\"url\":\"https:\/\/spitalmciuc.ro\/termeszetes-es-teljes-erteku-taplalek-az-anyatej\/\",\"name\":\"Term\u00e9szetes \u00e9s teljes \u00e9rt\u00e9k\u0171 t\u00e1pl\u00e1l\u00e9k: az anyatej - Cs\u00edkszeredai Megyei S\u00fcrg\u0151ss\u00e9gi K\u00f3rh\u00e1z\",\"isPartOf\":{\"@id\":\"https:\/\/spitalmciuc.ro\/#website\"},\"datePublished\":\"2019-08-06T07:32:13+00:00\",\"dateModified\":\"2022-03-02T07:51:40+00:00\",\"breadcrumb\":{\"@id\":\"https:\/\/spitalmciuc.ro\/termeszetes-es-teljes-erteku-taplalek-az-anyatej\/#breadcrumb\"},\"inLanguage\":\"hu\",\"potentialAction\":[{\"@type\":\"ReadAction\",\"target\":[\"https:\/\/spitalmciuc.ro\/termeszetes-es-teljes-erteku-taplalek-az-anyatej\/\"]}]},{\"@type\":\"BreadcrumbList\",\"@id\":\"https:\/\/spitalmciuc.ro\/termeszetes-es-teljes-erteku-taplalek-az-anyatej\/#breadcrumb\",\"itemListElement\":[{\"@type\":\"ListItem\",\"position\":1,\"name\":\"Kezd\u0151lap\",\"item\":\"https:\/\/spitalmciuc.ro\/hu\/\"},{\"@type\":\"ListItem\",\"position\":2,\"name\":\"Term\u00e9szetes \u00e9s teljes \u00e9rt\u00e9k\u0171 t\u00e1pl\u00e1l\u00e9k: az anyatej\"}]},{\"@type\":\"Article\",\"@id\":\"https:\/\/spitalmciuc.ro\/termeszetes-es-teljes-erteku-taplalek-az-anyatej\/#article\",\"isPartOf\":{\"@id\":\"https:\/\/spitalmciuc.ro\/termeszetes-es-teljes-erteku-taplalek-az-anyatej\/#webpage\"},\"author\":{\"@id\":\"https:\/\/spitalmciuc.ro\/#\/schema\/person\/20ea297ab07e8f4d1689dfe252e34174\"},\"headline\":\"Term\u00e9szetes \u00e9s teljes \u00e9rt\u00e9k\u0171 t\u00e1pl\u00e1l\u00e9k: az anyatej\",\"datePublished\":\"2019-08-06T07:32:13+00:00\",\"dateModified\":\"2022-03-02T07:51:40+00:00\",\"mainEntityOfPage\":{\"@id\":\"https:\/\/spitalmciuc.ro\/termeszetes-es-teljes-erteku-taplalek-az-anyatej\/#webpage\"},\"wordCount\":174,\"publisher\":{\"@id\":\"https:\/\/spitalmciuc.ro\/#organization\"},\"inLanguage\":\"hu\"},{\"@type\":\"Person\",\"@id\":\"https:\/\/spitalmciuc.ro\/#\/schema\/person\/20ea297ab07e8f4d1689dfe252e34174\",\"name\":\"Milik Szil\u00e1rd\",\"url\":\"https:\/\/spitalmciuc.ro\/hu\/author\/szilard\/\"}]}<\/script>\n<!-- \/ Yoast SEO plugin. -->","yoast_head_json":{"title":"Term\u00e9szetes \u00e9s teljes \u00e9rt\u00e9k\u0171 t\u00e1pl\u00e1l\u00e9k: az anyatej - Cs\u00edkszeredai Megyei S\u00fcrg\u0151ss\u00e9gi K\u00f3rh\u00e1z","robots":{"index":"index","follow":"follow","max-snippet":"max-snippet:-1","max-image-preview":"max-image-preview:large","max-video-preview":"max-video-preview:-1"},"canonical":"https:\/\/spitalmciuc.ro\/termeszetes-es-teljes-erteku-taplalek-az-anyatej\/","og_locale":"hu_HU","og_type":"article","og_title":"Term\u00e9szetes \u00e9s teljes \u00e9rt\u00e9k\u0171 t\u00e1pl\u00e1l\u00e9k: az anyatej - Cs\u00edkszeredai Megyei S\u00fcrg\u0151ss\u00e9gi K\u00f3rh\u00e1z","og_description":"Besz\u00e9lget\u00e9s dr. F\u00fcst\u00f6s Annam\u00e1ria \u00fajsz\u00fcl\u00f6ttgy\u00f3gy\u00e1sz szakorvossal a Hargita N\u00e9p\u00e9ben Augusztus elseje volt az anyatejes t\u00e1pl\u00e1l\u00e1s vil\u00e1gnapja, a h\u00f3nap els\u0151 het\u00e9ben pedig a Szoptat\u00e1s Vil\u00e1ghet\u00e9t tartj\u00e1k, azzal a c\u00e9llal, hogy min\u00e9l nagyobb figyelem vet\u00fclj\u00f6n a szoptat\u00e1sra. B\u00e1r sok sz\u00f3 esik arr\u00f3l, hogy mennyire fontos \u00e9s milyen eg\u00e9szs\u00e9ges az anyatej \u00e9s az anyatejes t\u00e1pl\u00e1l\u00e1s, a statisztik\u00e1k szerint&hellip;","og_url":"https:\/\/spitalmciuc.ro\/termeszetes-es-teljes-erteku-taplalek-az-anyatej\/","og_site_name":"Cs\u00edkszeredai Megyei S\u00fcrg\u0151ss\u00e9gi K\u00f3rh\u00e1z","article_published_time":"2019-08-06T07:32:13+00:00","article_modified_time":"2022-03-02T07:51:40+00:00","twitter_card":"summary_large_image","twitter_misc":{"Szerz\u0151:":"Milik Szil\u00e1rd","Becs\u00fclt olvas\u00e1si id\u0151":"1 perc"},"schema":{"@context":"https:\/\/schema.org","@graph":[{"@type":"Organization","@id":"https:\/\/spitalmciuc.ro\/#organization","name":"Spitalul Jude\u0163ean de Urgen\u0163\u0103 Miercurea Ciuc","url":"https:\/\/spitalmciuc.ro\/","sameAs":[],"logo":{"@type":"ImageObject","@id":"https:\/\/spitalmciuc.ro\/#logo","inLanguage":"hu","url":"https:\/\/spitalmciuc.ro\/wp-content\/uploads\/2022\/02\/logo-spital-ro-60.jpg","contentUrl":"https:\/\/spitalmciuc.ro\/wp-content\/uploads\/2022\/02\/logo-spital-ro-60.jpg","width":198,"height":60,"caption":"Spitalul Jude\u0163ean de Urgen\u0163\u0103 Miercurea Ciuc"},"image":{"@id":"https:\/\/spitalmciuc.ro\/#logo"}},{"@type":"WebSite","@id":"https:\/\/spitalmciuc.ro\/#website","url":"https:\/\/spitalmciuc.ro\/","name":"Cs\u00edkszeredai Megyei S\u00fcrg\u0151ss\u00e9gi K\u00f3rh\u00e1z","description":"","publisher":{"@id":"https:\/\/spitalmciuc.ro\/#organization"},"potentialAction":[{"@type":"SearchAction","target":{"@type":"EntryPoint","urlTemplate":"https:\/\/spitalmciuc.ro\/?s={search_term_string}"},"query-input":"required name=search_term_string"}],"inLanguage":"hu"},{"@type":"WebPage","@id":"https:\/\/spitalmciuc.ro\/termeszetes-es-teljes-erteku-taplalek-az-anyatej\/#webpage","url":"https:\/\/spitalmciuc.ro\/termeszetes-es-teljes-erteku-taplalek-az-anyatej\/","name":"Term\u00e9szetes \u00e9s teljes \u00e9rt\u00e9k\u0171 t\u00e1pl\u00e1l\u00e9k: az anyatej - Cs\u00edkszeredai Megyei S\u00fcrg\u0151ss\u00e9gi K\u00f3rh\u00e1z","isPartOf":{"@id":"https:\/\/spitalmciuc.ro\/#website"},"datePublished":"2019-08-06T07:32:13+00:00","dateModified":"2022-03-02T07:51:40+00:00","breadcrumb":{"@id":"https:\/\/spitalmciuc.ro\/termeszetes-es-teljes-erteku-taplalek-az-anyatej\/#breadcrumb"},"inLanguage":"hu","potentialAction":[{"@type":"ReadAction","target":["https:\/\/spitalmciuc.ro\/termeszetes-es-teljes-erteku-taplalek-az-anyatej\/"]}]},{"@type":"BreadcrumbList","@id":"https:\/\/spitalmciuc.ro\/termeszetes-es-teljes-erteku-taplalek-az-anyatej\/#breadcrumb","itemListElement":[{"@type":"ListItem","position":1,"name":"Kezd\u0151lap","item":"https:\/\/spitalmciuc.ro\/hu\/"},{"@type":"ListItem","position":2,"name":"Term\u00e9szetes \u00e9s teljes \u00e9rt\u00e9k\u0171 t\u00e1pl\u00e1l\u00e9k: az anyatej"}]},{"@type":"Article","@id":"https:\/\/spitalmciuc.ro\/termeszetes-es-teljes-erteku-taplalek-az-anyatej\/#article","isPartOf":{"@id":"https:\/\/spitalmciuc.ro\/termeszetes-es-teljes-erteku-taplalek-az-anyatej\/#webpage"},"author":{"@id":"https:\/\/spitalmciuc.ro\/#\/schema\/person\/20ea297ab07e8f4d1689dfe252e34174"},"headline":"Term\u00e9szetes \u00e9s teljes \u00e9rt\u00e9k\u0171 t\u00e1pl\u00e1l\u00e9k: az anyatej","datePublished":"2019-08-06T07:32:13+00:00","dateModified":"2022-03-02T07:51:40+00:00","mainEntityOfPage":{"@id":"https:\/\/spitalmciuc.ro\/termeszetes-es-teljes-erteku-taplalek-az-anyatej\/#webpage"},"wordCount":174,"publisher":{"@id":"https:\/\/spitalmciuc.ro\/#organization"},"inLanguage":"hu"},{"@type":"Person","@id":"https:\/\/spitalmciuc.ro\/#\/schema\/person\/20ea297ab07e8f4d1689dfe252e34174","name":"Milik Szil\u00e1rd","url":"https:\/\/spitalmciuc.ro\/hu\/author\/szilard\/"}]}},"_links":{"self":[{"href":"https:\/\/spitalmciuc.ro\/hu\/wp-json\/wp\/v2\/posts\/4950"}],"collection":[{"href":"https:\/\/spitalmciuc.ro\/hu\/wp-json\/wp\/v2\/posts"}],"about":[{"href":"https:\/\/spitalmciuc.ro\/hu\/wp-json\/wp\/v2\/types\/post"}],"author":[{"embeddable":true,"href":"https:\/\/spitalmciuc.ro\/hu\/wp-json\/wp\/v2\/users\/11"}],"replies":[{"embeddable":true,"href":"https:\/\/spitalmciuc.ro\/hu\/wp-json\/wp\/v2\/comments?post=4950"}],"version-history":[{"count":1,"href":"https:\/\/spitalmciuc.ro\/hu\/wp-json\/wp\/v2\/posts\/4950\/revisions"}],"predecessor-version":[{"id":6614,"href":"https:\/\/spitalmciuc.ro\/hu\/wp-json\/wp\/v2\/posts\/4950\/revisions\/6614"}],"wp:attachment":[{"href":"https:\/\/spitalmciuc.ro\/hu\/wp-json\/wp\/v2\/media?parent=4950"}],"wp:term":[{"taxonomy":"category","embeddable":true,"href":"https:\/\/spitalmciuc.ro\/hu\/wp-json\/wp\/v2\/categories?post=4950"},{"taxonomy":"post_tag","embeddable":true,"href":"https:\/\/spitalmciuc.ro\/hu\/wp-json\/wp\/v2\/tags?post=4950"}],"curies":[{"name":"wp","href":"https:\/\/api.w.org\/{rel}","templated":true}]}}