{"id":4948,"date":"2019-08-06T07:15:13","date_gmt":"2019-08-06T07:15:13","guid":{"rendered":"https:\/\/spital.creative-solutions.ro\/index.php\/ujabb-orvoslakast-epittet-hargita-megye-tanacsa\/"},"modified":"2022-03-02T07:51:40","modified_gmt":"2022-03-02T07:51:40","slug":"ujabb-orvoslakast-epittet-hargita-megye-tanacsa","status":"publish","type":"post","link":"https:\/\/spitalmciuc.ro\/hu\/ujabb-orvoslakast-epittet-hargita-megye-tanacsa\/","title":{"rendered":"\u00dajabb orvoslak\u00e1st \u00e9p\u00edttet Hargita Megye Tan\u00e1csa"},"content":{"rendered":"<p style=\"text-align: justify;\"><strong><img decoding=\"async\" loading=\"lazy\" class=\" alignleft size-full wp-image-4945\" style=\"margin: 10px; float: left;\" src=\"https:\/\/spitalmciuc.ro\/wp-content\/uploads\/2019\/08\/Orvoslaksok.jpg\" alt=\"Orvoslaksok\" width=\"400\" height=\"267\" srcset=\"https:\/\/spitalmciuc.ro\/wp-content\/uploads\/2019\/08\/Orvoslaksok.jpg 2000w, https:\/\/spitalmciuc.ro\/wp-content\/uploads\/2019\/08\/Orvoslaksok-300x200.jpg 300w, https:\/\/spitalmciuc.ro\/wp-content\/uploads\/2019\/08\/Orvoslaksok-1024x683.jpg 1024w, https:\/\/spitalmciuc.ro\/wp-content\/uploads\/2019\/08\/Orvoslaksok-768x512.jpg 768w, https:\/\/spitalmciuc.ro\/wp-content\/uploads\/2019\/08\/Orvoslaksok-1536x1025.jpg 1536w\" sizes=\"(max-width: 400px) 100vw, 400px\" \/>Al\u00e1\u00edrta Hargita Megye Tan\u00e1csa \u00e9s a k\u00f6zbeszerz\u00e9st elnyer\u0151 cs\u00edkszeredai sz\u00e9khely\u0171 Tectum Company Rt. azt a szerz\u0151d\u00e9st, amelynek \u00e9rtelm\u00e9ben megtervezik \u00e9s meg\u00e9p\u00edtik az \u00f6t\u00f6dik, n\u00e9gy szolg\u00e1lati lak\u00e1snak otthont ad\u00f3 \u00e9p\u00fcletet a Cs\u00edkszeredai Megyei S\u00fcrg\u0151ss\u00e9gi K\u00f3rh\u00e1z k\u00f6zel\u00e9ben.<\/strong><\/p>\n<p style=\"text-align: justify;\">Hargita Megye Tan\u00e1csa azon dolgozik, hogy a fiatal szakemberek sz\u00e1m\u00e1ra vonz\u00f3 k\u00f6rnyezetet teremtsen, hogy min\u00e9l t\u00f6bb orvos tudjon elhelyezkedni Cs\u00edkszered\u00e1ban. Az \u0151 szak\u00e9rtelm\u00fck \u00e9s munk\u00e1juk elengedhetetlen ahhoz, hogy a jelenlegi s\u00fcrg\u0151ss\u00e9gi k\u00f3rh\u00e1zat region\u00e1lis klinik\u00e1v\u00e1 alak\u00edts\u00e1k &#8211; hangzott el a jelenlegi orvoslak\u00e1sok k\u00f6zel\u00e9ben h\u00e9tf\u0151n megszervezett sajt\u00f3nyilv\u00e1nos szerz\u0151d\u00e9sk\u00f6t\u00e9sen.<\/p>\n<p style=\"text-align: justify;\">A negyedik orvoslak\u00e1st tavaly m\u00e1rciusban adt\u00e1k \u00e1t Cs\u00edkszered\u00e1ba k\u00f6lt\u00f6z\u00f6tt, fiatal szakemberek sz\u00e1m\u00e1ra: n\u00e9gy orvos \u00e9s csal\u00e1dja b\u00e9rli kedvezm\u00e9nyes felt\u00e9telek mellett az \u00e9p\u00fclet n\u00e9gy lakr\u00e9sz\u00e9t.&nbsp;A mostani beruh\u00e1z\u00e1s 1 100 ezer lejb\u0151l val\u00f3sul meg \u2013 az \u00f6sszeget a k\u00f3rh\u00e1zat m\u0171k\u00f6dtet\u0151 Hargita Megye Tan\u00e1csa a saj\u00e1t k\u00f6lts\u00e9gvet\u00e9s\u00e9b\u0151l k\u00fcl\u00f6n\u00edtette el. A munk\u00e1latok v\u00e1rhat\u00f3an novemberben kezd\u0151dnek, a teljes kivitelez\u00e9si id\u0151 t\u00edz h\u00f3nap \u2013 k\u00f6z\u00f6lte a megyei \u00f6nkorm\u00e1nyzat sajt\u00f3irod\u00e1ja.<\/p>\n","protected":false},"excerpt":{"rendered":"<p>Al\u00e1\u00edrta Hargita Megye Tan\u00e1csa \u00e9s a k\u00f6zbeszerz\u00e9st elnyer\u0151 cs\u00edkszeredai sz\u00e9khely\u0171 Tectum Company Rt. azt a szerz\u0151d\u00e9st, amelynek \u00e9rtelm\u00e9ben megtervezik \u00e9s meg\u00e9p\u00edtik az \u00f6t\u00f6dik, n\u00e9gy szolg\u00e1lati lak\u00e1snak otthont ad\u00f3 \u00e9p\u00fcletet a Cs\u00edkszeredai Megyei S\u00fcrg\u0151ss\u00e9gi K\u00f3rh\u00e1z k\u00f6zel\u00e9ben. Hargita Megye Tan\u00e1csa azon dolgozik, hogy a fiatal szakemberek sz\u00e1m\u00e1ra vonz\u00f3 k\u00f6rnyezetet teremtsen, hogy min\u00e9l t\u00f6bb orvos tudjon elhelyezkedni Cs\u00edkszered\u00e1ban.&hellip;<\/p>\n","protected":false},"author":11,"featured_media":4945,"comment_status":"closed","ping_status":"closed","sticky":false,"template":"","format":"standard","meta":[],"categories":[],"tags":[],"yoast_head":"<!-- This site is optimized with the Yoast SEO plugin v18.3 - https:\/\/yoast.com\/wordpress\/plugins\/seo\/ -->\n<title>\u00dajabb orvoslak\u00e1st \u00e9p\u00edttet Hargita Megye Tan\u00e1csa - Cs\u00edkszeredai Megyei S\u00fcrg\u0151ss\u00e9gi K\u00f3rh\u00e1z<\/title>\n<meta name=\"robots\" content=\"index, follow, max-snippet:-1, max-image-preview:large, max-video-preview:-1\" \/>\n<link rel=\"canonical\" href=\"https:\/\/spitalmciuc.ro\/ujabb-orvoslakast-epittet-hargita-megye-tanacsa\/\" \/>\n<meta property=\"og:locale\" content=\"hu_HU\" \/>\n<meta property=\"og:type\" content=\"article\" \/>\n<meta property=\"og:title\" content=\"\u00dajabb orvoslak\u00e1st \u00e9p\u00edttet Hargita Megye Tan\u00e1csa - Cs\u00edkszeredai Megyei S\u00fcrg\u0151ss\u00e9gi K\u00f3rh\u00e1z\" \/>\n<meta property=\"og:description\" content=\"Al\u00e1\u00edrta Hargita Megye Tan\u00e1csa \u00e9s a k\u00f6zbeszerz\u00e9st elnyer\u0151 cs\u00edkszeredai sz\u00e9khely\u0171 Tectum Company Rt. azt a szerz\u0151d\u00e9st, amelynek \u00e9rtelm\u00e9ben megtervezik \u00e9s meg\u00e9p\u00edtik az \u00f6t\u00f6dik, n\u00e9gy szolg\u00e1lati lak\u00e1snak otthont ad\u00f3 \u00e9p\u00fcletet a Cs\u00edkszeredai Megyei S\u00fcrg\u0151ss\u00e9gi K\u00f3rh\u00e1z k\u00f6zel\u00e9ben. Hargita Megye Tan\u00e1csa azon dolgozik, hogy a fiatal szakemberek sz\u00e1m\u00e1ra vonz\u00f3 k\u00f6rnyezetet teremtsen, hogy min\u00e9l t\u00f6bb orvos tudjon elhelyezkedni Cs\u00edkszered\u00e1ban.&hellip;\" \/>\n<meta property=\"og:url\" content=\"https:\/\/spitalmciuc.ro\/ujabb-orvoslakast-epittet-hargita-megye-tanacsa\/\" \/>\n<meta property=\"og:site_name\" content=\"Cs\u00edkszeredai Megyei S\u00fcrg\u0151ss\u00e9gi K\u00f3rh\u00e1z\" \/>\n<meta property=\"article:published_time\" content=\"2019-08-06T07:15:13+00:00\" \/>\n<meta property=\"article:modified_time\" content=\"2022-03-02T07:51:40+00:00\" \/>\n<meta property=\"og:image\" content=\"https:\/\/spitalmciuc.ro\/wp-content\/uploads\/2019\/08\/Orvoslaksok.jpg\" \/>\n\t<meta property=\"og:image:width\" content=\"2000\" \/>\n\t<meta property=\"og:image:height\" content=\"1334\" \/>\n\t<meta property=\"og:image:type\" content=\"image\/jpeg\" \/>\n<meta name=\"twitter:card\" content=\"summary_large_image\" \/>\n<meta name=\"twitter:label1\" content=\"Szerz\u0151:\" \/>\n\t<meta name=\"twitter:data1\" content=\"Milik Szil\u00e1rd\" \/>\n\t<meta name=\"twitter:label2\" content=\"Becs\u00fclt olvas\u00e1si id\u0151\" \/>\n\t<meta name=\"twitter:data2\" content=\"1 perc\" \/>\n<script type=\"application\/ld+json\" class=\"yoast-schema-graph\">{\"@context\":\"https:\/\/schema.org\",\"@graph\":[{\"@type\":\"Organization\",\"@id\":\"https:\/\/spitalmciuc.ro\/#organization\",\"name\":\"Spitalul Jude\u0163ean de Urgen\u0163\u0103 Miercurea Ciuc\",\"url\":\"https:\/\/spitalmciuc.ro\/\",\"sameAs\":[],\"logo\":{\"@type\":\"ImageObject\",\"@id\":\"https:\/\/spitalmciuc.ro\/#logo\",\"inLanguage\":\"hu\",\"url\":\"https:\/\/spitalmciuc.ro\/wp-content\/uploads\/2022\/02\/logo-spital-ro-60.jpg\",\"contentUrl\":\"https:\/\/spitalmciuc.ro\/wp-content\/uploads\/2022\/02\/logo-spital-ro-60.jpg\",\"width\":198,\"height\":60,\"caption\":\"Spitalul Jude\u0163ean de Urgen\u0163\u0103 Miercurea Ciuc\"},\"image\":{\"@id\":\"https:\/\/spitalmciuc.ro\/#logo\"}},{\"@type\":\"WebSite\",\"@id\":\"https:\/\/spitalmciuc.ro\/#website\",\"url\":\"https:\/\/spitalmciuc.ro\/\",\"name\":\"Cs\u00edkszeredai Megyei S\u00fcrg\u0151ss\u00e9gi K\u00f3rh\u00e1z\",\"description\":\"\",\"publisher\":{\"@id\":\"https:\/\/spitalmciuc.ro\/#organization\"},\"potentialAction\":[{\"@type\":\"SearchAction\",\"target\":{\"@type\":\"EntryPoint\",\"urlTemplate\":\"https:\/\/spitalmciuc.ro\/?s={search_term_string}\"},\"query-input\":\"required name=search_term_string\"}],\"inLanguage\":\"hu\"},{\"@type\":\"ImageObject\",\"@id\":\"https:\/\/spitalmciuc.ro\/ujabb-orvoslakast-epittet-hargita-megye-tanacsa\/#primaryimage\",\"inLanguage\":\"hu\",\"url\":\"https:\/\/spitalmciuc.ro\/wp-content\/uploads\/2019\/08\/Orvoslaksok.jpg\",\"contentUrl\":\"https:\/\/spitalmciuc.ro\/wp-content\/uploads\/2019\/08\/Orvoslaksok.jpg\",\"width\":2000,\"height\":1334,\"caption\":\"Orvoslaksok\"},{\"@type\":\"WebPage\",\"@id\":\"https:\/\/spitalmciuc.ro\/ujabb-orvoslakast-epittet-hargita-megye-tanacsa\/#webpage\",\"url\":\"https:\/\/spitalmciuc.ro\/ujabb-orvoslakast-epittet-hargita-megye-tanacsa\/\",\"name\":\"\u00dajabb orvoslak\u00e1st \u00e9p\u00edttet Hargita Megye Tan\u00e1csa - Cs\u00edkszeredai Megyei S\u00fcrg\u0151ss\u00e9gi K\u00f3rh\u00e1z\",\"isPartOf\":{\"@id\":\"https:\/\/spitalmciuc.ro\/#website\"},\"primaryImageOfPage\":{\"@id\":\"https:\/\/spitalmciuc.ro\/ujabb-orvoslakast-epittet-hargita-megye-tanacsa\/#primaryimage\"},\"datePublished\":\"2019-08-06T07:15:13+00:00\",\"dateModified\":\"2022-03-02T07:51:40+00:00\",\"breadcrumb\":{\"@id\":\"https:\/\/spitalmciuc.ro\/ujabb-orvoslakast-epittet-hargita-megye-tanacsa\/#breadcrumb\"},\"inLanguage\":\"hu\",\"potentialAction\":[{\"@type\":\"ReadAction\",\"target\":[\"https:\/\/spitalmciuc.ro\/ujabb-orvoslakast-epittet-hargita-megye-tanacsa\/\"]}]},{\"@type\":\"BreadcrumbList\",\"@id\":\"https:\/\/spitalmciuc.ro\/ujabb-orvoslakast-epittet-hargita-megye-tanacsa\/#breadcrumb\",\"itemListElement\":[{\"@type\":\"ListItem\",\"position\":1,\"name\":\"Kezd\u0151lap\",\"item\":\"https:\/\/spitalmciuc.ro\/hu\/\"},{\"@type\":\"ListItem\",\"position\":2,\"name\":\"\u00dajabb orvoslak\u00e1st \u00e9p\u00edttet Hargita Megye Tan\u00e1csa\"}]},{\"@type\":\"Article\",\"@id\":\"https:\/\/spitalmciuc.ro\/ujabb-orvoslakast-epittet-hargita-megye-tanacsa\/#article\",\"isPartOf\":{\"@id\":\"https:\/\/spitalmciuc.ro\/ujabb-orvoslakast-epittet-hargita-megye-tanacsa\/#webpage\"},\"author\":{\"@id\":\"https:\/\/spitalmciuc.ro\/#\/schema\/person\/20ea297ab07e8f4d1689dfe252e34174\"},\"headline\":\"\u00dajabb orvoslak\u00e1st \u00e9p\u00edttet Hargita Megye Tan\u00e1csa\",\"datePublished\":\"2019-08-06T07:15:13+00:00\",\"dateModified\":\"2022-03-02T07:51:40+00:00\",\"mainEntityOfPage\":{\"@id\":\"https:\/\/spitalmciuc.ro\/ujabb-orvoslakast-epittet-hargita-megye-tanacsa\/#webpage\"},\"wordCount\":254,\"publisher\":{\"@id\":\"https:\/\/spitalmciuc.ro\/#organization\"},\"image\":{\"@id\":\"https:\/\/spitalmciuc.ro\/ujabb-orvoslakast-epittet-hargita-megye-tanacsa\/#primaryimage\"},\"thumbnailUrl\":\"https:\/\/spitalmciuc.ro\/wp-content\/uploads\/2019\/08\/Orvoslaksok.jpg\",\"inLanguage\":\"hu\"},{\"@type\":\"Person\",\"@id\":\"https:\/\/spitalmciuc.ro\/#\/schema\/person\/20ea297ab07e8f4d1689dfe252e34174\",\"name\":\"Milik Szil\u00e1rd\",\"url\":\"https:\/\/spitalmciuc.ro\/hu\/author\/szilard\/\"}]}<\/script>\n<!-- \/ Yoast SEO plugin. -->","yoast_head_json":{"title":"\u00dajabb orvoslak\u00e1st \u00e9p\u00edttet Hargita Megye Tan\u00e1csa - Cs\u00edkszeredai Megyei S\u00fcrg\u0151ss\u00e9gi K\u00f3rh\u00e1z","robots":{"index":"index","follow":"follow","max-snippet":"max-snippet:-1","max-image-preview":"max-image-preview:large","max-video-preview":"max-video-preview:-1"},"canonical":"https:\/\/spitalmciuc.ro\/ujabb-orvoslakast-epittet-hargita-megye-tanacsa\/","og_locale":"hu_HU","og_type":"article","og_title":"\u00dajabb orvoslak\u00e1st \u00e9p\u00edttet Hargita Megye Tan\u00e1csa - Cs\u00edkszeredai Megyei S\u00fcrg\u0151ss\u00e9gi K\u00f3rh\u00e1z","og_description":"Al\u00e1\u00edrta Hargita Megye Tan\u00e1csa \u00e9s a k\u00f6zbeszerz\u00e9st elnyer\u0151 cs\u00edkszeredai sz\u00e9khely\u0171 Tectum Company Rt. azt a szerz\u0151d\u00e9st, amelynek \u00e9rtelm\u00e9ben megtervezik \u00e9s meg\u00e9p\u00edtik az \u00f6t\u00f6dik, n\u00e9gy szolg\u00e1lati lak\u00e1snak otthont ad\u00f3 \u00e9p\u00fcletet a Cs\u00edkszeredai Megyei S\u00fcrg\u0151ss\u00e9gi K\u00f3rh\u00e1z k\u00f6zel\u00e9ben. Hargita Megye Tan\u00e1csa azon dolgozik, hogy a fiatal szakemberek sz\u00e1m\u00e1ra vonz\u00f3 k\u00f6rnyezetet teremtsen, hogy min\u00e9l t\u00f6bb orvos tudjon elhelyezkedni Cs\u00edkszered\u00e1ban.&hellip;","og_url":"https:\/\/spitalmciuc.ro\/ujabb-orvoslakast-epittet-hargita-megye-tanacsa\/","og_site_name":"Cs\u00edkszeredai Megyei S\u00fcrg\u0151ss\u00e9gi K\u00f3rh\u00e1z","article_published_time":"2019-08-06T07:15:13+00:00","article_modified_time":"2022-03-02T07:51:40+00:00","og_image":[{"width":2000,"height":1334,"url":"https:\/\/spitalmciuc.ro\/wp-content\/uploads\/2019\/08\/Orvoslaksok.jpg","type":"image\/jpeg"}],"twitter_card":"summary_large_image","twitter_misc":{"Szerz\u0151:":"Milik Szil\u00e1rd","Becs\u00fclt olvas\u00e1si id\u0151":"1 perc"},"schema":{"@context":"https:\/\/schema.org","@graph":[{"@type":"Organization","@id":"https:\/\/spitalmciuc.ro\/#organization","name":"Spitalul Jude\u0163ean de Urgen\u0163\u0103 Miercurea Ciuc","url":"https:\/\/spitalmciuc.ro\/","sameAs":[],"logo":{"@type":"ImageObject","@id":"https:\/\/spitalmciuc.ro\/#logo","inLanguage":"hu","url":"https:\/\/spitalmciuc.ro\/wp-content\/uploads\/2022\/02\/logo-spital-ro-60.jpg","contentUrl":"https:\/\/spitalmciuc.ro\/wp-content\/uploads\/2022\/02\/logo-spital-ro-60.jpg","width":198,"height":60,"caption":"Spitalul Jude\u0163ean de Urgen\u0163\u0103 Miercurea Ciuc"},"image":{"@id":"https:\/\/spitalmciuc.ro\/#logo"}},{"@type":"WebSite","@id":"https:\/\/spitalmciuc.ro\/#website","url":"https:\/\/spitalmciuc.ro\/","name":"Cs\u00edkszeredai Megyei S\u00fcrg\u0151ss\u00e9gi K\u00f3rh\u00e1z","description":"","publisher":{"@id":"https:\/\/spitalmciuc.ro\/#organization"},"potentialAction":[{"@type":"SearchAction","target":{"@type":"EntryPoint","urlTemplate":"https:\/\/spitalmciuc.ro\/?s={search_term_string}"},"query-input":"required name=search_term_string"}],"inLanguage":"hu"},{"@type":"ImageObject","@id":"https:\/\/spitalmciuc.ro\/ujabb-orvoslakast-epittet-hargita-megye-tanacsa\/#primaryimage","inLanguage":"hu","url":"https:\/\/spitalmciuc.ro\/wp-content\/uploads\/2019\/08\/Orvoslaksok.jpg","contentUrl":"https:\/\/spitalmciuc.ro\/wp-content\/uploads\/2019\/08\/Orvoslaksok.jpg","width":2000,"height":1334,"caption":"Orvoslaksok"},{"@type":"WebPage","@id":"https:\/\/spitalmciuc.ro\/ujabb-orvoslakast-epittet-hargita-megye-tanacsa\/#webpage","url":"https:\/\/spitalmciuc.ro\/ujabb-orvoslakast-epittet-hargita-megye-tanacsa\/","name":"\u00dajabb orvoslak\u00e1st \u00e9p\u00edttet Hargita Megye Tan\u00e1csa - Cs\u00edkszeredai Megyei S\u00fcrg\u0151ss\u00e9gi K\u00f3rh\u00e1z","isPartOf":{"@id":"https:\/\/spitalmciuc.ro\/#website"},"primaryImageOfPage":{"@id":"https:\/\/spitalmciuc.ro\/ujabb-orvoslakast-epittet-hargita-megye-tanacsa\/#primaryimage"},"datePublished":"2019-08-06T07:15:13+00:00","dateModified":"2022-03-02T07:51:40+00:00","breadcrumb":{"@id":"https:\/\/spitalmciuc.ro\/ujabb-orvoslakast-epittet-hargita-megye-tanacsa\/#breadcrumb"},"inLanguage":"hu","potentialAction":[{"@type":"ReadAction","target":["https:\/\/spitalmciuc.ro\/ujabb-orvoslakast-epittet-hargita-megye-tanacsa\/"]}]},{"@type":"BreadcrumbList","@id":"https:\/\/spitalmciuc.ro\/ujabb-orvoslakast-epittet-hargita-megye-tanacsa\/#breadcrumb","itemListElement":[{"@type":"ListItem","position":1,"name":"Kezd\u0151lap","item":"https:\/\/spitalmciuc.ro\/hu\/"},{"@type":"ListItem","position":2,"name":"\u00dajabb orvoslak\u00e1st \u00e9p\u00edttet Hargita Megye Tan\u00e1csa"}]},{"@type":"Article","@id":"https:\/\/spitalmciuc.ro\/ujabb-orvoslakast-epittet-hargita-megye-tanacsa\/#article","isPartOf":{"@id":"https:\/\/spitalmciuc.ro\/ujabb-orvoslakast-epittet-hargita-megye-tanacsa\/#webpage"},"author":{"@id":"https:\/\/spitalmciuc.ro\/#\/schema\/person\/20ea297ab07e8f4d1689dfe252e34174"},"headline":"\u00dajabb orvoslak\u00e1st \u00e9p\u00edttet Hargita Megye Tan\u00e1csa","datePublished":"2019-08-06T07:15:13+00:00","dateModified":"2022-03-02T07:51:40+00:00","mainEntityOfPage":{"@id":"https:\/\/spitalmciuc.ro\/ujabb-orvoslakast-epittet-hargita-megye-tanacsa\/#webpage"},"wordCount":254,"publisher":{"@id":"https:\/\/spitalmciuc.ro\/#organization"},"image":{"@id":"https:\/\/spitalmciuc.ro\/ujabb-orvoslakast-epittet-hargita-megye-tanacsa\/#primaryimage"},"thumbnailUrl":"https:\/\/spitalmciuc.ro\/wp-content\/uploads\/2019\/08\/Orvoslaksok.jpg","inLanguage":"hu"},{"@type":"Person","@id":"https:\/\/spitalmciuc.ro\/#\/schema\/person\/20ea297ab07e8f4d1689dfe252e34174","name":"Milik Szil\u00e1rd","url":"https:\/\/spitalmciuc.ro\/hu\/author\/szilard\/"}]}},"_links":{"self":[{"href":"https:\/\/spitalmciuc.ro\/hu\/wp-json\/wp\/v2\/posts\/4948"}],"collection":[{"href":"https:\/\/spitalmciuc.ro\/hu\/wp-json\/wp\/v2\/posts"}],"about":[{"href":"https:\/\/spitalmciuc.ro\/hu\/wp-json\/wp\/v2\/types\/post"}],"author":[{"embeddable":true,"href":"https:\/\/spitalmciuc.ro\/hu\/wp-json\/wp\/v2\/users\/11"}],"replies":[{"embeddable":true,"href":"https:\/\/spitalmciuc.ro\/hu\/wp-json\/wp\/v2\/comments?post=4948"}],"version-history":[{"count":1,"href":"https:\/\/spitalmciuc.ro\/hu\/wp-json\/wp\/v2\/posts\/4948\/revisions"}],"predecessor-version":[{"id":6615,"href":"https:\/\/spitalmciuc.ro\/hu\/wp-json\/wp\/v2\/posts\/4948\/revisions\/6615"}],"wp:featuredmedia":[{"embeddable":true,"href":"https:\/\/spitalmciuc.ro\/hu\/wp-json\/wp\/v2\/media\/4945"}],"wp:attachment":[{"href":"https:\/\/spitalmciuc.ro\/hu\/wp-json\/wp\/v2\/media?parent=4948"}],"wp:term":[{"taxonomy":"category","embeddable":true,"href":"https:\/\/spitalmciuc.ro\/hu\/wp-json\/wp\/v2\/categories?post=4948"},{"taxonomy":"post_tag","embeddable":true,"href":"https:\/\/spitalmciuc.ro\/hu\/wp-json\/wp\/v2\/tags?post=4948"}],"curies":[{"name":"wp","href":"https:\/\/api.w.org\/{rel}","templated":true}]}}