{"id":4541,"date":"2019-06-26T13:34:27","date_gmt":"2019-06-26T13:34:27","guid":{"rendered":"https:\/\/spital.creative-solutions.ro\/index.php\/csikszeredai-korhaznapok\/"},"modified":"2022-03-02T07:51:41","modified_gmt":"2022-03-02T07:51:41","slug":"csikszeredai-korhaznapok","status":"publish","type":"post","link":"https:\/\/spitalmciuc.ro\/hu\/csikszeredai-korhaznapok\/","title":{"rendered":"Cs\u00edkszeredai K\u00f3rh\u00e1znapok"},"content":{"rendered":"<p style=\"text-align: justify;\"><strong>J\u00falius 5-7-e k\u00f6z\u00f6tt zajlanak a III. Cs\u00edkszeredai K\u00f3rh\u00e1znapok. N\u00e9gy orsz\u00e1g egyetemi k\u00f6zpontjaiban dolgoz\u00f3 professzorok mutatj\u00e1k be az orvosl\u00e1s \u00fajdons\u00e1gait \u00e9s t\u00e9rs\u00e9gbeli orvosok ismertetik munk\u00e1juk tudom\u00e1nyos eredm\u00e9nyeit Cs\u00edkszered\u00e1ban.<\/strong><\/p>\n<p style=\"text-align: justify;\">A Cs\u00edkszeredai Megyei S\u00fcrg\u0151ss\u00e9gi K\u00f3rh\u00e1z, a Sapientia Erd\u00e9lyi Magyar Tudom\u00e1nyegyetem, Hargita Megye Tan\u00e1csa \u00e9s a Hargita Megyei Orvosi Koll\u00e9gium \u00e1ltal a Sapientia cs\u00edkszeredai kar\u00e1n szervezett rendezv\u00e9nyre szeretettel v\u00e1rjuk az orvosokat, asszisztenseket. Rohan\u00f3, stresszel tel\u00edtett mindennapjainkban egyre nagyobb az ig\u00e9ny az orvosl\u00e1ssal, eg\u00e9szs\u00e9ges \u00e9letm\u00f3ddal kapcsolatos inform\u00e1ci\u00f3k ir\u00e1nt, az el\u0151ad\u00e1sokra ez\u00e9rt sz\u00edvesen l\u00e1tjuk a nagyk\u00f6z\u00f6ns\u00e9get is.<\/p>\n<p style=\"text-align: justify;\"><a href=\"https:\/\/spitalmciuc.ro\/wp-content\/uploads\/2019\/06\/program-kn-HU.pdf\" target=\"_blank\" rel=\"noopener noreferrer\">A rendezv\u00e9ny programja itt olvashat\u00f3.<\/a><\/p>\n<p style=\"text-align: justify;\"><img decoding=\"async\" loading=\"lazy\" class=\"pull-left size-full wp-image-4535\" src=\"https:\/\/spitalmciuc.ro\/wp-content\/uploads\/2019\/06\/Tamogatoink-HU.jpg\" alt=\"\" width=\"1700\" height=\"2200\" srcset=\"https:\/\/spitalmciuc.ro\/wp-content\/uploads\/2019\/06\/Tamogatoink-HU.jpg 1700w, https:\/\/spitalmciuc.ro\/wp-content\/uploads\/2019\/06\/Tamogatoink-HU-232x300.jpg 232w, https:\/\/spitalmciuc.ro\/wp-content\/uploads\/2019\/06\/Tamogatoink-HU-791x1024.jpg 791w, https:\/\/spitalmciuc.ro\/wp-content\/uploads\/2019\/06\/Tamogatoink-HU-768x994.jpg 768w, https:\/\/spitalmciuc.ro\/wp-content\/uploads\/2019\/06\/Tamogatoink-HU-1187x1536.jpg 1187w, https:\/\/spitalmciuc.ro\/wp-content\/uploads\/2019\/06\/Tamogatoink-HU-1583x2048.jpg 1583w\" sizes=\"(max-width: 1700px) 100vw, 1700px\" \/><\/p>\n","protected":false},"excerpt":{"rendered":"<p>J\u00falius 5-7-e k\u00f6z\u00f6tt zajlanak a III. Cs\u00edkszeredai K\u00f3rh\u00e1znapok. N\u00e9gy orsz\u00e1g egyetemi k\u00f6zpontjaiban dolgoz\u00f3 professzorok mutatj\u00e1k be az orvosl\u00e1s \u00fajdons\u00e1gait \u00e9s t\u00e9rs\u00e9gbeli orvosok ismertetik munk\u00e1juk tudom\u00e1nyos eredm\u00e9nyeit Cs\u00edkszered\u00e1ban. A Cs\u00edkszeredai Megyei S\u00fcrg\u0151ss\u00e9gi K\u00f3rh\u00e1z, a Sapientia Erd\u00e9lyi Magyar Tudom\u00e1nyegyetem, Hargita Megye Tan\u00e1csa \u00e9s a Hargita Megyei Orvosi Koll\u00e9gium \u00e1ltal a Sapientia cs\u00edkszeredai kar\u00e1n szervezett rendezv\u00e9nyre szeretettel v\u00e1rjuk&hellip;<\/p>\n","protected":false},"author":11,"featured_media":4535,"comment_status":"closed","ping_status":"closed","sticky":false,"template":"","format":"standard","meta":[],"categories":[],"tags":[],"yoast_head":"<!-- This site is optimized with the Yoast SEO plugin v18.3 - https:\/\/yoast.com\/wordpress\/plugins\/seo\/ -->\n<title>Cs\u00edkszeredai K\u00f3rh\u00e1znapok - Cs\u00edkszeredai Megyei S\u00fcrg\u0151ss\u00e9gi K\u00f3rh\u00e1z<\/title>\n<meta name=\"robots\" content=\"index, follow, max-snippet:-1, max-image-preview:large, max-video-preview:-1\" \/>\n<link rel=\"canonical\" href=\"https:\/\/spitalmciuc.ro\/csikszeredai-korhaznapok\/\" \/>\n<meta property=\"og:locale\" content=\"hu_HU\" \/>\n<meta property=\"og:type\" content=\"article\" \/>\n<meta property=\"og:title\" content=\"Cs\u00edkszeredai K\u00f3rh\u00e1znapok - Cs\u00edkszeredai Megyei S\u00fcrg\u0151ss\u00e9gi K\u00f3rh\u00e1z\" \/>\n<meta property=\"og:description\" content=\"J\u00falius 5-7-e k\u00f6z\u00f6tt zajlanak a III. Cs\u00edkszeredai K\u00f3rh\u00e1znapok. N\u00e9gy orsz\u00e1g egyetemi k\u00f6zpontjaiban dolgoz\u00f3 professzorok mutatj\u00e1k be az orvosl\u00e1s \u00fajdons\u00e1gait \u00e9s t\u00e9rs\u00e9gbeli orvosok ismertetik munk\u00e1juk tudom\u00e1nyos eredm\u00e9nyeit Cs\u00edkszered\u00e1ban. A Cs\u00edkszeredai Megyei S\u00fcrg\u0151ss\u00e9gi K\u00f3rh\u00e1z, a Sapientia Erd\u00e9lyi Magyar Tudom\u00e1nyegyetem, Hargita Megye Tan\u00e1csa \u00e9s a Hargita Megyei Orvosi Koll\u00e9gium \u00e1ltal a Sapientia cs\u00edkszeredai kar\u00e1n szervezett rendezv\u00e9nyre szeretettel v\u00e1rjuk&hellip;\" \/>\n<meta property=\"og:url\" content=\"https:\/\/spitalmciuc.ro\/csikszeredai-korhaznapok\/\" \/>\n<meta property=\"og:site_name\" content=\"Cs\u00edkszeredai Megyei S\u00fcrg\u0151ss\u00e9gi K\u00f3rh\u00e1z\" \/>\n<meta property=\"article:published_time\" content=\"2019-06-26T13:34:27+00:00\" \/>\n<meta property=\"article:modified_time\" content=\"2022-03-02T07:51:41+00:00\" \/>\n<meta property=\"og:image\" content=\"https:\/\/spitalmciuc.ro\/wp-content\/uploads\/2019\/06\/Tamogatoink-HU.jpg\" \/>\n\t<meta property=\"og:image:width\" content=\"1700\" \/>\n\t<meta property=\"og:image:height\" content=\"2200\" \/>\n\t<meta property=\"og:image:type\" content=\"image\/jpeg\" \/>\n<meta name=\"twitter:card\" content=\"summary_large_image\" \/>\n<meta name=\"twitter:label1\" content=\"Szerz\u0151:\" \/>\n\t<meta name=\"twitter:data1\" content=\"Milik Szil\u00e1rd\" \/>\n\t<meta name=\"twitter:label2\" content=\"Becs\u00fclt olvas\u00e1si id\u0151\" \/>\n\t<meta name=\"twitter:data2\" content=\"1 perc\" \/>\n<script type=\"application\/ld+json\" class=\"yoast-schema-graph\">{\"@context\":\"https:\/\/schema.org\",\"@graph\":[{\"@type\":\"Organization\",\"@id\":\"https:\/\/spitalmciuc.ro\/#organization\",\"name\":\"Spitalul Jude\u0163ean de Urgen\u0163\u0103 Miercurea Ciuc\",\"url\":\"https:\/\/spitalmciuc.ro\/\",\"sameAs\":[],\"logo\":{\"@type\":\"ImageObject\",\"@id\":\"https:\/\/spitalmciuc.ro\/#logo\",\"inLanguage\":\"hu\",\"url\":\"https:\/\/spitalmciuc.ro\/wp-content\/uploads\/2022\/02\/logo-spital-ro-60.jpg\",\"contentUrl\":\"https:\/\/spitalmciuc.ro\/wp-content\/uploads\/2022\/02\/logo-spital-ro-60.jpg\",\"width\":198,\"height\":60,\"caption\":\"Spitalul Jude\u0163ean de Urgen\u0163\u0103 Miercurea Ciuc\"},\"image\":{\"@id\":\"https:\/\/spitalmciuc.ro\/#logo\"}},{\"@type\":\"WebSite\",\"@id\":\"https:\/\/spitalmciuc.ro\/#website\",\"url\":\"https:\/\/spitalmciuc.ro\/\",\"name\":\"Cs\u00edkszeredai Megyei S\u00fcrg\u0151ss\u00e9gi K\u00f3rh\u00e1z\",\"description\":\"\",\"publisher\":{\"@id\":\"https:\/\/spitalmciuc.ro\/#organization\"},\"potentialAction\":[{\"@type\":\"SearchAction\",\"target\":{\"@type\":\"EntryPoint\",\"urlTemplate\":\"https:\/\/spitalmciuc.ro\/?s={search_term_string}\"},\"query-input\":\"required name=search_term_string\"}],\"inLanguage\":\"hu\"},{\"@type\":\"ImageObject\",\"@id\":\"https:\/\/spitalmciuc.ro\/csikszeredai-korhaznapok\/#primaryimage\",\"inLanguage\":\"hu\",\"url\":\"https:\/\/spitalmciuc.ro\/wp-content\/uploads\/2019\/06\/Tamogatoink-HU.jpg\",\"contentUrl\":\"https:\/\/spitalmciuc.ro\/wp-content\/uploads\/2019\/06\/Tamogatoink-HU.jpg\",\"width\":1700,\"height\":2200},{\"@type\":\"WebPage\",\"@id\":\"https:\/\/spitalmciuc.ro\/csikszeredai-korhaznapok\/#webpage\",\"url\":\"https:\/\/spitalmciuc.ro\/csikszeredai-korhaznapok\/\",\"name\":\"Cs\u00edkszeredai K\u00f3rh\u00e1znapok - Cs\u00edkszeredai Megyei S\u00fcrg\u0151ss\u00e9gi K\u00f3rh\u00e1z\",\"isPartOf\":{\"@id\":\"https:\/\/spitalmciuc.ro\/#website\"},\"primaryImageOfPage\":{\"@id\":\"https:\/\/spitalmciuc.ro\/csikszeredai-korhaznapok\/#primaryimage\"},\"datePublished\":\"2019-06-26T13:34:27+00:00\",\"dateModified\":\"2022-03-02T07:51:41+00:00\",\"breadcrumb\":{\"@id\":\"https:\/\/spitalmciuc.ro\/csikszeredai-korhaznapok\/#breadcrumb\"},\"inLanguage\":\"hu\",\"potentialAction\":[{\"@type\":\"ReadAction\",\"target\":[\"https:\/\/spitalmciuc.ro\/csikszeredai-korhaznapok\/\"]}]},{\"@type\":\"BreadcrumbList\",\"@id\":\"https:\/\/spitalmciuc.ro\/csikszeredai-korhaznapok\/#breadcrumb\",\"itemListElement\":[{\"@type\":\"ListItem\",\"position\":1,\"name\":\"Kezd\u0151lap\",\"item\":\"https:\/\/spitalmciuc.ro\/hu\/\"},{\"@type\":\"ListItem\",\"position\":2,\"name\":\"Cs\u00edkszeredai K\u00f3rh\u00e1znapok\"}]},{\"@type\":\"Article\",\"@id\":\"https:\/\/spitalmciuc.ro\/csikszeredai-korhaznapok\/#article\",\"isPartOf\":{\"@id\":\"https:\/\/spitalmciuc.ro\/csikszeredai-korhaznapok\/#webpage\"},\"author\":{\"@id\":\"https:\/\/spitalmciuc.ro\/#\/schema\/person\/20ea297ab07e8f4d1689dfe252e34174\"},\"headline\":\"Cs\u00edkszeredai K\u00f3rh\u00e1znapok\",\"datePublished\":\"2019-06-26T13:34:27+00:00\",\"dateModified\":\"2022-03-02T07:51:41+00:00\",\"mainEntityOfPage\":{\"@id\":\"https:\/\/spitalmciuc.ro\/csikszeredai-korhaznapok\/#webpage\"},\"wordCount\":143,\"publisher\":{\"@id\":\"https:\/\/spitalmciuc.ro\/#organization\"},\"image\":{\"@id\":\"https:\/\/spitalmciuc.ro\/csikszeredai-korhaznapok\/#primaryimage\"},\"thumbnailUrl\":\"https:\/\/spitalmciuc.ro\/wp-content\/uploads\/2019\/06\/Tamogatoink-HU.jpg\",\"inLanguage\":\"hu\"},{\"@type\":\"Person\",\"@id\":\"https:\/\/spitalmciuc.ro\/#\/schema\/person\/20ea297ab07e8f4d1689dfe252e34174\",\"name\":\"Milik Szil\u00e1rd\",\"url\":\"https:\/\/spitalmciuc.ro\/hu\/author\/szilard\/\"}]}<\/script>\n<!-- \/ Yoast SEO plugin. -->","yoast_head_json":{"title":"Cs\u00edkszeredai K\u00f3rh\u00e1znapok - Cs\u00edkszeredai Megyei S\u00fcrg\u0151ss\u00e9gi K\u00f3rh\u00e1z","robots":{"index":"index","follow":"follow","max-snippet":"max-snippet:-1","max-image-preview":"max-image-preview:large","max-video-preview":"max-video-preview:-1"},"canonical":"https:\/\/spitalmciuc.ro\/csikszeredai-korhaznapok\/","og_locale":"hu_HU","og_type":"article","og_title":"Cs\u00edkszeredai K\u00f3rh\u00e1znapok - Cs\u00edkszeredai Megyei S\u00fcrg\u0151ss\u00e9gi K\u00f3rh\u00e1z","og_description":"J\u00falius 5-7-e k\u00f6z\u00f6tt zajlanak a III. Cs\u00edkszeredai K\u00f3rh\u00e1znapok. N\u00e9gy orsz\u00e1g egyetemi k\u00f6zpontjaiban dolgoz\u00f3 professzorok mutatj\u00e1k be az orvosl\u00e1s \u00fajdons\u00e1gait \u00e9s t\u00e9rs\u00e9gbeli orvosok ismertetik munk\u00e1juk tudom\u00e1nyos eredm\u00e9nyeit Cs\u00edkszered\u00e1ban. A Cs\u00edkszeredai Megyei S\u00fcrg\u0151ss\u00e9gi K\u00f3rh\u00e1z, a Sapientia Erd\u00e9lyi Magyar Tudom\u00e1nyegyetem, Hargita Megye Tan\u00e1csa \u00e9s a Hargita Megyei Orvosi Koll\u00e9gium \u00e1ltal a Sapientia cs\u00edkszeredai kar\u00e1n szervezett rendezv\u00e9nyre szeretettel v\u00e1rjuk&hellip;","og_url":"https:\/\/spitalmciuc.ro\/csikszeredai-korhaznapok\/","og_site_name":"Cs\u00edkszeredai Megyei S\u00fcrg\u0151ss\u00e9gi K\u00f3rh\u00e1z","article_published_time":"2019-06-26T13:34:27+00:00","article_modified_time":"2022-03-02T07:51:41+00:00","og_image":[{"width":1700,"height":2200,"url":"https:\/\/spitalmciuc.ro\/wp-content\/uploads\/2019\/06\/Tamogatoink-HU.jpg","type":"image\/jpeg"}],"twitter_card":"summary_large_image","twitter_misc":{"Szerz\u0151:":"Milik Szil\u00e1rd","Becs\u00fclt olvas\u00e1si id\u0151":"1 perc"},"schema":{"@context":"https:\/\/schema.org","@graph":[{"@type":"Organization","@id":"https:\/\/spitalmciuc.ro\/#organization","name":"Spitalul Jude\u0163ean de Urgen\u0163\u0103 Miercurea Ciuc","url":"https:\/\/spitalmciuc.ro\/","sameAs":[],"logo":{"@type":"ImageObject","@id":"https:\/\/spitalmciuc.ro\/#logo","inLanguage":"hu","url":"https:\/\/spitalmciuc.ro\/wp-content\/uploads\/2022\/02\/logo-spital-ro-60.jpg","contentUrl":"https:\/\/spitalmciuc.ro\/wp-content\/uploads\/2022\/02\/logo-spital-ro-60.jpg","width":198,"height":60,"caption":"Spitalul Jude\u0163ean de Urgen\u0163\u0103 Miercurea Ciuc"},"image":{"@id":"https:\/\/spitalmciuc.ro\/#logo"}},{"@type":"WebSite","@id":"https:\/\/spitalmciuc.ro\/#website","url":"https:\/\/spitalmciuc.ro\/","name":"Cs\u00edkszeredai Megyei S\u00fcrg\u0151ss\u00e9gi K\u00f3rh\u00e1z","description":"","publisher":{"@id":"https:\/\/spitalmciuc.ro\/#organization"},"potentialAction":[{"@type":"SearchAction","target":{"@type":"EntryPoint","urlTemplate":"https:\/\/spitalmciuc.ro\/?s={search_term_string}"},"query-input":"required name=search_term_string"}],"inLanguage":"hu"},{"@type":"ImageObject","@id":"https:\/\/spitalmciuc.ro\/csikszeredai-korhaznapok\/#primaryimage","inLanguage":"hu","url":"https:\/\/spitalmciuc.ro\/wp-content\/uploads\/2019\/06\/Tamogatoink-HU.jpg","contentUrl":"https:\/\/spitalmciuc.ro\/wp-content\/uploads\/2019\/06\/Tamogatoink-HU.jpg","width":1700,"height":2200},{"@type":"WebPage","@id":"https:\/\/spitalmciuc.ro\/csikszeredai-korhaznapok\/#webpage","url":"https:\/\/spitalmciuc.ro\/csikszeredai-korhaznapok\/","name":"Cs\u00edkszeredai K\u00f3rh\u00e1znapok - Cs\u00edkszeredai Megyei S\u00fcrg\u0151ss\u00e9gi K\u00f3rh\u00e1z","isPartOf":{"@id":"https:\/\/spitalmciuc.ro\/#website"},"primaryImageOfPage":{"@id":"https:\/\/spitalmciuc.ro\/csikszeredai-korhaznapok\/#primaryimage"},"datePublished":"2019-06-26T13:34:27+00:00","dateModified":"2022-03-02T07:51:41+00:00","breadcrumb":{"@id":"https:\/\/spitalmciuc.ro\/csikszeredai-korhaznapok\/#breadcrumb"},"inLanguage":"hu","potentialAction":[{"@type":"ReadAction","target":["https:\/\/spitalmciuc.ro\/csikszeredai-korhaznapok\/"]}]},{"@type":"BreadcrumbList","@id":"https:\/\/spitalmciuc.ro\/csikszeredai-korhaznapok\/#breadcrumb","itemListElement":[{"@type":"ListItem","position":1,"name":"Kezd\u0151lap","item":"https:\/\/spitalmciuc.ro\/hu\/"},{"@type":"ListItem","position":2,"name":"Cs\u00edkszeredai K\u00f3rh\u00e1znapok"}]},{"@type":"Article","@id":"https:\/\/spitalmciuc.ro\/csikszeredai-korhaznapok\/#article","isPartOf":{"@id":"https:\/\/spitalmciuc.ro\/csikszeredai-korhaznapok\/#webpage"},"author":{"@id":"https:\/\/spitalmciuc.ro\/#\/schema\/person\/20ea297ab07e8f4d1689dfe252e34174"},"headline":"Cs\u00edkszeredai K\u00f3rh\u00e1znapok","datePublished":"2019-06-26T13:34:27+00:00","dateModified":"2022-03-02T07:51:41+00:00","mainEntityOfPage":{"@id":"https:\/\/spitalmciuc.ro\/csikszeredai-korhaznapok\/#webpage"},"wordCount":143,"publisher":{"@id":"https:\/\/spitalmciuc.ro\/#organization"},"image":{"@id":"https:\/\/spitalmciuc.ro\/csikszeredai-korhaznapok\/#primaryimage"},"thumbnailUrl":"https:\/\/spitalmciuc.ro\/wp-content\/uploads\/2019\/06\/Tamogatoink-HU.jpg","inLanguage":"hu"},{"@type":"Person","@id":"https:\/\/spitalmciuc.ro\/#\/schema\/person\/20ea297ab07e8f4d1689dfe252e34174","name":"Milik Szil\u00e1rd","url":"https:\/\/spitalmciuc.ro\/hu\/author\/szilard\/"}]}},"_links":{"self":[{"href":"https:\/\/spitalmciuc.ro\/hu\/wp-json\/wp\/v2\/posts\/4541"}],"collection":[{"href":"https:\/\/spitalmciuc.ro\/hu\/wp-json\/wp\/v2\/posts"}],"about":[{"href":"https:\/\/spitalmciuc.ro\/hu\/wp-json\/wp\/v2\/types\/post"}],"author":[{"embeddable":true,"href":"https:\/\/spitalmciuc.ro\/hu\/wp-json\/wp\/v2\/users\/11"}],"replies":[{"embeddable":true,"href":"https:\/\/spitalmciuc.ro\/hu\/wp-json\/wp\/v2\/comments?post=4541"}],"version-history":[{"count":1,"href":"https:\/\/spitalmciuc.ro\/hu\/wp-json\/wp\/v2\/posts\/4541\/revisions"}],"predecessor-version":[{"id":6626,"href":"https:\/\/spitalmciuc.ro\/hu\/wp-json\/wp\/v2\/posts\/4541\/revisions\/6626"}],"wp:featuredmedia":[{"embeddable":true,"href":"https:\/\/spitalmciuc.ro\/hu\/wp-json\/wp\/v2\/media\/4535"}],"wp:attachment":[{"href":"https:\/\/spitalmciuc.ro\/hu\/wp-json\/wp\/v2\/media?parent=4541"}],"wp:term":[{"taxonomy":"category","embeddable":true,"href":"https:\/\/spitalmciuc.ro\/hu\/wp-json\/wp\/v2\/categories?post=4541"},{"taxonomy":"post_tag","embeddable":true,"href":"https:\/\/spitalmciuc.ro\/hu\/wp-json\/wp\/v2\/tags?post=4541"}],"curies":[{"name":"wp","href":"https:\/\/api.w.org\/{rel}","templated":true}]}}