{"id":4532,"date":"2019-06-12T11:40:55","date_gmt":"2019-06-12T11:40:55","guid":{"rendered":"https:\/\/spital.creative-solutions.ro\/index.php\/gerincstabilizacios-mutetek-csikszeredaban\/"},"modified":"2022-03-02T08:11:11","modified_gmt":"2022-03-02T08:11:11","slug":"gerincstabilizacios-mutetek-csikszeredaban","status":"publish","type":"post","link":"https:\/\/spitalmciuc.ro\/hu\/gerincstabilizacios-mutetek-csikszeredaban\/","title":{"rendered":"Gerincstabiliz\u00e1ci\u00f3s m\u0171t\u00e9tek Cs\u00edkszered\u00e1ban"},"content":{"rendered":"<p style=\"text-align: justify;\"><strong>Hargita \u00e9s Kov\u00e1szna megyei premierk\u00e9nt h\u00e1rom gerincstabiliz\u00e1ci\u00f3s m\u0171t\u00e9tet v\u00e9geztek az elm\u00falt h\u00f3napban a Cs\u00edkszeredai Megyei S\u00fcrg\u0151ss\u00e9gi K\u00f3rh\u00e1zban. A tit\u00e1nium eszk\u00f6z\u00f6k be\u00fcltet\u00e9s\u00e9t felt\u00e9telez\u0151 beavatkoz\u00e1sokat folytatj\u00e1k az int\u00e9zm\u00e9nyben \u00e9s rem\u00e9lik, hogy id\u0151vel az erre vonatkoz\u00f3 orsz\u00e1gos eg\u00e9szs\u00e9g\u00fcgyi programok keret\u00e9ben kaphatj\u00e1k meg r\u00e1juk a megfelel\u0151 finansz\u00edroz\u00e1st.<\/strong><\/p>\n<p style=\"text-align: justify;\"><img decoding=\"async\" loading=\"lazy\" class=\" alignleft size-full wp-image-4529\" style=\"margin: 10px; float: left;\" src=\"https:\/\/spitalmciuc.ro\/wp-content\/uploads\/2019\/06\/SajtoGerinc.2-scaled.jpg\" alt=\"SajtoGerinc.2\" width=\"400\" height=\"235\" srcset=\"https:\/\/spitalmciuc.ro\/wp-content\/uploads\/2019\/06\/SajtoGerinc.2-scaled.jpg 2560w, https:\/\/spitalmciuc.ro\/wp-content\/uploads\/2019\/06\/SajtoGerinc.2-300x176.jpg 300w, https:\/\/spitalmciuc.ro\/wp-content\/uploads\/2019\/06\/SajtoGerinc.2-1024x602.jpg 1024w, https:\/\/spitalmciuc.ro\/wp-content\/uploads\/2019\/06\/SajtoGerinc.2-768x451.jpg 768w, https:\/\/spitalmciuc.ro\/wp-content\/uploads\/2019\/06\/SajtoGerinc.2-1536x902.jpg 1536w, https:\/\/spitalmciuc.ro\/wp-content\/uploads\/2019\/06\/SajtoGerinc.2-2048x1203.jpg 2048w\" sizes=\"(max-width: 400px) 100vw, 400px\" \/>\u201eK\u00f3rh\u00e1zunk fejl\u0151d\u00e9s\u00e9r\u0151l sokat besz\u00e9l\u00fcnk az elm\u00falt id\u0151szakban, az ilyen esem\u00e9nyek pedig, mint a mai is, bizony\u00edtj\u00e1k is az el\u0151rel\u00e9p\u00e9st: \u00f6r\u00f6mmel adunk h\u00edrt arr\u00f3l, hogy a gerincstabiliz\u00e1ci\u00f3s m\u0171t\u00e9tet, amely\u00e9rt kor\u00e1bban m\u00e1shov\u00e1 kellett utazzanak a betegek, most m\u00e1r n\u00e1lunk is ig\u00e9nybe lehet venni\u201d \u2013 mondta dr. Konr\u00e1d Judit, a Cs\u00edkszeredai Megyei S\u00fcrg\u0151ss\u00e9gi K\u00f3rh\u00e1z menedzsere a k\u00f3rh\u00e1z k\u00f6nyvt\u00e1rterm\u00e9ben j\u00fanius 11-\u00e9n megszervezett sajt\u00f3t\u00e1j\u00e9koztat\u00f3n.<\/p>\n<p style=\"text-align: justify;\">Az int\u00e9zm\u00e9nyfenntart\u00f3 Hargita Megye Tan\u00e1csa eln\u00f6ke, Borboly Csaba kifejtette, az k\u00f3rh\u00e1z vezet\u0151s\u00e9ge elm\u00falt \u00e9vekben v\u00e9gzett munk\u00e1j\u00e1nak a visszaigazol\u00e1sa is, hogy a k\u00f6r\u00fclm\u00e9nyek lehet\u0151v\u00e9 teszik ilyen jelleg\u0171 m\u0171t\u00e9tek elv\u00e9gz\u00e9s\u00e9t, ugyanakkor elh\u00edvatott, j\u00f3 szakemberek is kellenek ahhoz, hogy a fejleszt\u00e9seket kamatoztass\u00e1k. A megyei tan\u00e1cs eln\u00f6ke hozz\u00e1tette, \u00f6r\u00f6mtelibb lenne ez a siker, ha az \u00faj \u2013 r\u00e9g\u00f3ta \u00e9p\u00edt\u00e9s alatt \u00e1ll\u00f3 \u2013 m\u0171t\u0151blokkban v\u00e9gezhett\u00e9k volna el ezeket a m\u0171t\u00e9teket. \u201eB\u00edzom benne, hogy a sokadik, j\u00fanius 18-\u00e1n lej\u00e1r\u00f3 ki\u00edr\u00e1st k\u00f6vet\u0151en, ha a t\u00f6rv\u00e9nyek \u00e9s el\u0151\u00edr\u00e1sok ism\u00e9t nem v\u00e1ltoznak, siker\u00fcl befejezni az \u00faj m\u0171t\u0151blokkot\u201d \u2013 mondta Borboly Csaba.<\/p>\n<p style=\"text-align: justify;\">Dr. Solti Norbert idegseb\u00e9sz szakorvos, a k\u00f3rh\u00e1z idegseb\u00e9szeti r\u00e9szleg\u00e9nek vezet\u0151je azt mondta el, r\u00e9gi terv\u00fck v\u00e1lt val\u00f3ra a gerincstabiliz\u00e1ci\u00f3s m\u0171t\u00e9tekkel, egy \u00e9ve m\u00e9g nem is gondolt\u00e1k volna, hogy siker\u00fcl a sz\u00fcks\u00e9ges anyagokat beszerezni \u00e9s a m\u0171t\u00e9teket elv\u00e9gezni. \u201eHargita \u00e9s Kov\u00e1szna megy\u00e9ben ezek a m\u0171t\u00e9tek eddig nem zajlottak, a betegeket egyetemi k\u00f6zpontokba k\u00fcldt\u00fck, ahol a kr\u00f3nikus betegek sz\u00e1m\u00e1ra h\u00e9t-nyolc h\u00f3napos v\u00e1r\u00f3list\u00e1k is vannak. Eddig h\u00e1rom ilyen beavatkoz\u00e1st v\u00e9gezt\u00fcnk \u00e9s a napokban lesz a k\u00f6vetkez\u0151\u201d \u2013 ismertette a szakember. Kifejtette, dr\u00e1ga beavatkoz\u00e1sokr\u00f3l van sz\u00f3, az egy m\u0171t\u00e9t sor\u00e1n be\u00fcltet\u00e9sre ker\u00fcl\u0151 tit\u00e1nium eszk\u00f6z\u00f6k legal\u00e1bb \u00f6tsz\u00e1z eur\u00f3ba ker\u00fclnek. Rem\u00e9lik, hogy megfelel\u0151 sz\u00e1m\u00fa elv\u00e9gzett m\u0171t\u00e9t ut\u00e1n a k\u00f3rh\u00e1z is r\u00e9szese lehet az erre vonatkoz\u00f3 orsz\u00e1gos eg\u00e9szs\u00e9g\u00fcgyi programoknak, \u00edgy k\u00f6zvetlen finansz\u00edroz\u00e1s \u00e9rkezhet a beavatkoz\u00e1sokra a szakt\u00e1rc\u00e1t\u00f3l. Ha az megval\u00f3sulna, akkor az ilyenkor haszn\u00e1latos eszk\u00f6zt\u00e1r is hosszabb t\u00e1vra a k\u00f3rh\u00e1zba ker\u00fclhetne, jelenleg ugyanis a sz\u00fcks\u00e9ges m\u0171szerszettet esetenk\u00e9nt post\u00e1zza a szakc\u00e9g a k\u00f3rh\u00e1zhoz.&nbsp;&nbsp;&nbsp;&nbsp;&nbsp;<\/p>\n<p style=\"text-align: justify;\">A gerincstabiliz\u00e1ci\u00f3s m\u0171t\u00e9teket dr. Hajducsi \u00d6rs idegseb\u00e9sz szakorvos v\u00e9gezte, az assziszt\u00e1l\u00f3 dr. Solti Norbert mellett dr. Gy\u00f6rfi Gy\u00f6rgy \u00e9s dr. Bartha Istv\u00e1n altat\u00f3orvosok seg\u00e9dlet\u00e9vel.&nbsp;&nbsp;<\/p>\n<p style=\"text-align: justify;\">Dr. Hajducsi \u00d6rs kifejtette, eddig egy gerinct\u00f6r\u00e9s \u00e9s k\u00e9t csigolyacs\u00fasz\u00e1s eset\u00e9ben alkalmazt\u00e1k ezt a m\u0171t\u00e9ti technik\u00e1t, egy Kov\u00e1szna \u00e9s k\u00e9t Hargita megyei beteget m\u0171t\u00f6ttek meg sikeresen. Az idegseb\u00e9sz k\u00f6sz\u00f6net\u00e9t fejezte ki a k\u00f3rh\u00e1z vezet\u0151s\u00e9g\u00e9nek \u00e9s a megyei \u00f6nkorm\u00e1nyzatnak az\u00e9rt, hogy ezek a dr\u00e1ga m\u0171t\u00e9tek elkezd\u0151dhettek \u00e9s rem\u00e9ny\u00e9t fejezte ki, hogy tov\u00e1bbra is lesz anyagi fedezete ennek az elj\u00e1r\u00e1snak, hisz nagy ig\u00e9ny van ezekre a m\u0171t\u00e9tekre. Mint elhangzott, az\u00e9rt is fontos, hogy ezt a beavatkoz\u00e1st el tudj\u00e1k v\u00e9gezni Cs\u00edkszered\u00e1ban, mert egy gerinct\u00f6r\u00e9st szenvedett beteget min\u00e9l kevesebbet kellene m\u0171t\u00e9t el\u0151tt mozgatni, ha azonban egy egyetemi k\u00f6zpontba kell elsz\u00e1ll\u00edtani, akkor ez hosszas utaztat\u00e1st felt\u00e9telez.&nbsp;&nbsp;<\/p>\n","protected":false},"excerpt":{"rendered":"<p>Hargita \u00e9s Kov\u00e1szna megyei premierk\u00e9nt h\u00e1rom gerincstabiliz\u00e1ci\u00f3s m\u0171t\u00e9tet v\u00e9geztek az elm\u00falt h\u00f3napban a Cs\u00edkszeredai Megyei S\u00fcrg\u0151ss\u00e9gi K\u00f3rh\u00e1zban. A tit\u00e1nium eszk\u00f6z\u00f6k be\u00fcltet\u00e9s\u00e9t felt\u00e9telez\u0151 beavatkoz\u00e1sokat folytatj\u00e1k az int\u00e9zm\u00e9nyben \u00e9s rem\u00e9lik, hogy id\u0151vel az erre vonatkoz\u00f3 orsz\u00e1gos eg\u00e9szs\u00e9g\u00fcgyi programok keret\u00e9ben kaphatj\u00e1k meg r\u00e1juk a megfelel\u0151 finansz\u00edroz\u00e1st. \u201eK\u00f3rh\u00e1zunk fejl\u0151d\u00e9s\u00e9r\u0151l sokat besz\u00e9l\u00fcnk az elm\u00falt id\u0151szakban, az ilyen esem\u00e9nyek pedig, mint&hellip;<\/p>\n","protected":false},"author":11,"featured_media":4529,"comment_status":"closed","ping_status":"closed","sticky":false,"template":"","format":"standard","meta":[],"categories":[],"tags":[],"yoast_head":"<!-- This site is optimized with the Yoast SEO plugin v18.3 - https:\/\/yoast.com\/wordpress\/plugins\/seo\/ -->\n<title>Gerincstabiliz\u00e1ci\u00f3s m\u0171t\u00e9tek Cs\u00edkszered\u00e1ban - Cs\u00edkszeredai Megyei S\u00fcrg\u0151ss\u00e9gi K\u00f3rh\u00e1z<\/title>\n<meta name=\"robots\" content=\"index, follow, max-snippet:-1, max-image-preview:large, max-video-preview:-1\" \/>\n<link rel=\"canonical\" href=\"https:\/\/spitalmciuc.ro\/gerincstabilizacios-mutetek-csikszeredaban\/\" \/>\n<meta property=\"og:locale\" content=\"hu_HU\" \/>\n<meta property=\"og:type\" content=\"article\" \/>\n<meta property=\"og:title\" content=\"Gerincstabiliz\u00e1ci\u00f3s m\u0171t\u00e9tek Cs\u00edkszered\u00e1ban - Cs\u00edkszeredai Megyei S\u00fcrg\u0151ss\u00e9gi K\u00f3rh\u00e1z\" \/>\n<meta property=\"og:description\" content=\"Hargita \u00e9s Kov\u00e1szna megyei premierk\u00e9nt h\u00e1rom gerincstabiliz\u00e1ci\u00f3s m\u0171t\u00e9tet v\u00e9geztek az elm\u00falt h\u00f3napban a Cs\u00edkszeredai Megyei S\u00fcrg\u0151ss\u00e9gi K\u00f3rh\u00e1zban. A tit\u00e1nium eszk\u00f6z\u00f6k be\u00fcltet\u00e9s\u00e9t felt\u00e9telez\u0151 beavatkoz\u00e1sokat folytatj\u00e1k az int\u00e9zm\u00e9nyben \u00e9s rem\u00e9lik, hogy id\u0151vel az erre vonatkoz\u00f3 orsz\u00e1gos eg\u00e9szs\u00e9g\u00fcgyi programok keret\u00e9ben kaphatj\u00e1k meg r\u00e1juk a megfelel\u0151 finansz\u00edroz\u00e1st. \u201eK\u00f3rh\u00e1zunk fejl\u0151d\u00e9s\u00e9r\u0151l sokat besz\u00e9l\u00fcnk az elm\u00falt id\u0151szakban, az ilyen esem\u00e9nyek pedig, mint&hellip;\" \/>\n<meta property=\"og:url\" content=\"https:\/\/spitalmciuc.ro\/gerincstabilizacios-mutetek-csikszeredaban\/\" \/>\n<meta property=\"og:site_name\" content=\"Cs\u00edkszeredai Megyei S\u00fcrg\u0151ss\u00e9gi K\u00f3rh\u00e1z\" \/>\n<meta property=\"article:published_time\" content=\"2019-06-12T11:40:55+00:00\" \/>\n<meta property=\"article:modified_time\" content=\"2022-03-02T08:11:11+00:00\" \/>\n<meta property=\"og:image\" content=\"https:\/\/spitalmciuc.ro\/wp-content\/uploads\/2019\/06\/SajtoGerinc.2-scaled.jpg\" \/>\n\t<meta property=\"og:image:width\" content=\"2560\" \/>\n\t<meta property=\"og:image:height\" content=\"1504\" \/>\n\t<meta property=\"og:image:type\" content=\"image\/jpeg\" \/>\n<meta name=\"twitter:card\" content=\"summary_large_image\" \/>\n<meta name=\"twitter:label1\" content=\"Szerz\u0151:\" \/>\n\t<meta name=\"twitter:data1\" content=\"Milik Szil\u00e1rd\" \/>\n\t<meta name=\"twitter:label2\" content=\"Becs\u00fclt olvas\u00e1si id\u0151\" \/>\n\t<meta name=\"twitter:data2\" content=\"4 perc\" \/>\n<script type=\"application\/ld+json\" class=\"yoast-schema-graph\">{\"@context\":\"https:\/\/schema.org\",\"@graph\":[{\"@type\":\"Organization\",\"@id\":\"https:\/\/spitalmciuc.ro\/#organization\",\"name\":\"Spitalul Jude\u0163ean de Urgen\u0163\u0103 Miercurea Ciuc\",\"url\":\"https:\/\/spitalmciuc.ro\/\",\"sameAs\":[],\"logo\":{\"@type\":\"ImageObject\",\"@id\":\"https:\/\/spitalmciuc.ro\/#logo\",\"inLanguage\":\"hu\",\"url\":\"https:\/\/spitalmciuc.ro\/wp-content\/uploads\/2022\/02\/logo-spital-ro-60.jpg\",\"contentUrl\":\"https:\/\/spitalmciuc.ro\/wp-content\/uploads\/2022\/02\/logo-spital-ro-60.jpg\",\"width\":198,\"height\":60,\"caption\":\"Spitalul Jude\u0163ean de Urgen\u0163\u0103 Miercurea Ciuc\"},\"image\":{\"@id\":\"https:\/\/spitalmciuc.ro\/#logo\"}},{\"@type\":\"WebSite\",\"@id\":\"https:\/\/spitalmciuc.ro\/#website\",\"url\":\"https:\/\/spitalmciuc.ro\/\",\"name\":\"Cs\u00edkszeredai Megyei S\u00fcrg\u0151ss\u00e9gi K\u00f3rh\u00e1z\",\"description\":\"\",\"publisher\":{\"@id\":\"https:\/\/spitalmciuc.ro\/#organization\"},\"potentialAction\":[{\"@type\":\"SearchAction\",\"target\":{\"@type\":\"EntryPoint\",\"urlTemplate\":\"https:\/\/spitalmciuc.ro\/?s={search_term_string}\"},\"query-input\":\"required name=search_term_string\"}],\"inLanguage\":\"hu\"},{\"@type\":\"ImageObject\",\"@id\":\"https:\/\/spitalmciuc.ro\/gerincstabilizacios-mutetek-csikszeredaban\/#primaryimage\",\"inLanguage\":\"hu\",\"url\":\"https:\/\/spitalmciuc.ro\/wp-content\/uploads\/2019\/06\/SajtoGerinc.2-scaled.jpg\",\"contentUrl\":\"https:\/\/spitalmciuc.ro\/wp-content\/uploads\/2019\/06\/SajtoGerinc.2-scaled.jpg\",\"width\":2560,\"height\":1504,\"caption\":\"SajtoGerinc.2\"},{\"@type\":\"WebPage\",\"@id\":\"https:\/\/spitalmciuc.ro\/gerincstabilizacios-mutetek-csikszeredaban\/#webpage\",\"url\":\"https:\/\/spitalmciuc.ro\/gerincstabilizacios-mutetek-csikszeredaban\/\",\"name\":\"Gerincstabiliz\u00e1ci\u00f3s m\u0171t\u00e9tek Cs\u00edkszered\u00e1ban - Cs\u00edkszeredai Megyei S\u00fcrg\u0151ss\u00e9gi K\u00f3rh\u00e1z\",\"isPartOf\":{\"@id\":\"https:\/\/spitalmciuc.ro\/#website\"},\"primaryImageOfPage\":{\"@id\":\"https:\/\/spitalmciuc.ro\/gerincstabilizacios-mutetek-csikszeredaban\/#primaryimage\"},\"datePublished\":\"2019-06-12T11:40:55+00:00\",\"dateModified\":\"2022-03-02T08:11:11+00:00\",\"breadcrumb\":{\"@id\":\"https:\/\/spitalmciuc.ro\/gerincstabilizacios-mutetek-csikszeredaban\/#breadcrumb\"},\"inLanguage\":\"hu\",\"potentialAction\":[{\"@type\":\"ReadAction\",\"target\":[\"https:\/\/spitalmciuc.ro\/gerincstabilizacios-mutetek-csikszeredaban\/\"]}]},{\"@type\":\"BreadcrumbList\",\"@id\":\"https:\/\/spitalmciuc.ro\/gerincstabilizacios-mutetek-csikszeredaban\/#breadcrumb\",\"itemListElement\":[{\"@type\":\"ListItem\",\"position\":1,\"name\":\"Kezd\u0151lap\",\"item\":\"https:\/\/spitalmciuc.ro\/hu\/\"},{\"@type\":\"ListItem\",\"position\":2,\"name\":\"Gerincstabiliz\u00e1ci\u00f3s m\u0171t\u00e9tek Cs\u00edkszered\u00e1ban\"}]},{\"@type\":\"Article\",\"@id\":\"https:\/\/spitalmciuc.ro\/gerincstabilizacios-mutetek-csikszeredaban\/#article\",\"isPartOf\":{\"@id\":\"https:\/\/spitalmciuc.ro\/gerincstabilizacios-mutetek-csikszeredaban\/#webpage\"},\"author\":{\"@id\":\"https:\/\/spitalmciuc.ro\/#\/schema\/person\/20ea297ab07e8f4d1689dfe252e34174\"},\"headline\":\"Gerincstabiliz\u00e1ci\u00f3s m\u0171t\u00e9tek Cs\u00edkszered\u00e1ban\",\"datePublished\":\"2019-06-12T11:40:55+00:00\",\"dateModified\":\"2022-03-02T08:11:11+00:00\",\"mainEntityOfPage\":{\"@id\":\"https:\/\/spitalmciuc.ro\/gerincstabilizacios-mutetek-csikszeredaban\/#webpage\"},\"wordCount\":780,\"publisher\":{\"@id\":\"https:\/\/spitalmciuc.ro\/#organization\"},\"image\":{\"@id\":\"https:\/\/spitalmciuc.ro\/gerincstabilizacios-mutetek-csikszeredaban\/#primaryimage\"},\"thumbnailUrl\":\"https:\/\/spitalmciuc.ro\/wp-content\/uploads\/2019\/06\/SajtoGerinc.2-scaled.jpg\",\"inLanguage\":\"hu\"},{\"@type\":\"Person\",\"@id\":\"https:\/\/spitalmciuc.ro\/#\/schema\/person\/20ea297ab07e8f4d1689dfe252e34174\",\"name\":\"Milik Szil\u00e1rd\",\"url\":\"https:\/\/spitalmciuc.ro\/hu\/author\/szilard\/\"}]}<\/script>\n<!-- \/ Yoast SEO plugin. -->","yoast_head_json":{"title":"Gerincstabiliz\u00e1ci\u00f3s m\u0171t\u00e9tek Cs\u00edkszered\u00e1ban - Cs\u00edkszeredai Megyei S\u00fcrg\u0151ss\u00e9gi K\u00f3rh\u00e1z","robots":{"index":"index","follow":"follow","max-snippet":"max-snippet:-1","max-image-preview":"max-image-preview:large","max-video-preview":"max-video-preview:-1"},"canonical":"https:\/\/spitalmciuc.ro\/gerincstabilizacios-mutetek-csikszeredaban\/","og_locale":"hu_HU","og_type":"article","og_title":"Gerincstabiliz\u00e1ci\u00f3s m\u0171t\u00e9tek Cs\u00edkszered\u00e1ban - Cs\u00edkszeredai Megyei S\u00fcrg\u0151ss\u00e9gi K\u00f3rh\u00e1z","og_description":"Hargita \u00e9s Kov\u00e1szna megyei premierk\u00e9nt h\u00e1rom gerincstabiliz\u00e1ci\u00f3s m\u0171t\u00e9tet v\u00e9geztek az elm\u00falt h\u00f3napban a Cs\u00edkszeredai Megyei S\u00fcrg\u0151ss\u00e9gi K\u00f3rh\u00e1zban. A tit\u00e1nium eszk\u00f6z\u00f6k be\u00fcltet\u00e9s\u00e9t felt\u00e9telez\u0151 beavatkoz\u00e1sokat folytatj\u00e1k az int\u00e9zm\u00e9nyben \u00e9s rem\u00e9lik, hogy id\u0151vel az erre vonatkoz\u00f3 orsz\u00e1gos eg\u00e9szs\u00e9g\u00fcgyi programok keret\u00e9ben kaphatj\u00e1k meg r\u00e1juk a megfelel\u0151 finansz\u00edroz\u00e1st. \u201eK\u00f3rh\u00e1zunk fejl\u0151d\u00e9s\u00e9r\u0151l sokat besz\u00e9l\u00fcnk az elm\u00falt id\u0151szakban, az ilyen esem\u00e9nyek pedig, mint&hellip;","og_url":"https:\/\/spitalmciuc.ro\/gerincstabilizacios-mutetek-csikszeredaban\/","og_site_name":"Cs\u00edkszeredai Megyei S\u00fcrg\u0151ss\u00e9gi K\u00f3rh\u00e1z","article_published_time":"2019-06-12T11:40:55+00:00","article_modified_time":"2022-03-02T08:11:11+00:00","og_image":[{"width":2560,"height":1504,"url":"https:\/\/spitalmciuc.ro\/wp-content\/uploads\/2019\/06\/SajtoGerinc.2-scaled.jpg","type":"image\/jpeg"}],"twitter_card":"summary_large_image","twitter_misc":{"Szerz\u0151:":"Milik Szil\u00e1rd","Becs\u00fclt olvas\u00e1si id\u0151":"4 perc"},"schema":{"@context":"https:\/\/schema.org","@graph":[{"@type":"Organization","@id":"https:\/\/spitalmciuc.ro\/#organization","name":"Spitalul Jude\u0163ean de Urgen\u0163\u0103 Miercurea Ciuc","url":"https:\/\/spitalmciuc.ro\/","sameAs":[],"logo":{"@type":"ImageObject","@id":"https:\/\/spitalmciuc.ro\/#logo","inLanguage":"hu","url":"https:\/\/spitalmciuc.ro\/wp-content\/uploads\/2022\/02\/logo-spital-ro-60.jpg","contentUrl":"https:\/\/spitalmciuc.ro\/wp-content\/uploads\/2022\/02\/logo-spital-ro-60.jpg","width":198,"height":60,"caption":"Spitalul Jude\u0163ean de Urgen\u0163\u0103 Miercurea Ciuc"},"image":{"@id":"https:\/\/spitalmciuc.ro\/#logo"}},{"@type":"WebSite","@id":"https:\/\/spitalmciuc.ro\/#website","url":"https:\/\/spitalmciuc.ro\/","name":"Cs\u00edkszeredai Megyei S\u00fcrg\u0151ss\u00e9gi K\u00f3rh\u00e1z","description":"","publisher":{"@id":"https:\/\/spitalmciuc.ro\/#organization"},"potentialAction":[{"@type":"SearchAction","target":{"@type":"EntryPoint","urlTemplate":"https:\/\/spitalmciuc.ro\/?s={search_term_string}"},"query-input":"required name=search_term_string"}],"inLanguage":"hu"},{"@type":"ImageObject","@id":"https:\/\/spitalmciuc.ro\/gerincstabilizacios-mutetek-csikszeredaban\/#primaryimage","inLanguage":"hu","url":"https:\/\/spitalmciuc.ro\/wp-content\/uploads\/2019\/06\/SajtoGerinc.2-scaled.jpg","contentUrl":"https:\/\/spitalmciuc.ro\/wp-content\/uploads\/2019\/06\/SajtoGerinc.2-scaled.jpg","width":2560,"height":1504,"caption":"SajtoGerinc.2"},{"@type":"WebPage","@id":"https:\/\/spitalmciuc.ro\/gerincstabilizacios-mutetek-csikszeredaban\/#webpage","url":"https:\/\/spitalmciuc.ro\/gerincstabilizacios-mutetek-csikszeredaban\/","name":"Gerincstabiliz\u00e1ci\u00f3s m\u0171t\u00e9tek Cs\u00edkszered\u00e1ban - Cs\u00edkszeredai Megyei S\u00fcrg\u0151ss\u00e9gi K\u00f3rh\u00e1z","isPartOf":{"@id":"https:\/\/spitalmciuc.ro\/#website"},"primaryImageOfPage":{"@id":"https:\/\/spitalmciuc.ro\/gerincstabilizacios-mutetek-csikszeredaban\/#primaryimage"},"datePublished":"2019-06-12T11:40:55+00:00","dateModified":"2022-03-02T08:11:11+00:00","breadcrumb":{"@id":"https:\/\/spitalmciuc.ro\/gerincstabilizacios-mutetek-csikszeredaban\/#breadcrumb"},"inLanguage":"hu","potentialAction":[{"@type":"ReadAction","target":["https:\/\/spitalmciuc.ro\/gerincstabilizacios-mutetek-csikszeredaban\/"]}]},{"@type":"BreadcrumbList","@id":"https:\/\/spitalmciuc.ro\/gerincstabilizacios-mutetek-csikszeredaban\/#breadcrumb","itemListElement":[{"@type":"ListItem","position":1,"name":"Kezd\u0151lap","item":"https:\/\/spitalmciuc.ro\/hu\/"},{"@type":"ListItem","position":2,"name":"Gerincstabiliz\u00e1ci\u00f3s m\u0171t\u00e9tek Cs\u00edkszered\u00e1ban"}]},{"@type":"Article","@id":"https:\/\/spitalmciuc.ro\/gerincstabilizacios-mutetek-csikszeredaban\/#article","isPartOf":{"@id":"https:\/\/spitalmciuc.ro\/gerincstabilizacios-mutetek-csikszeredaban\/#webpage"},"author":{"@id":"https:\/\/spitalmciuc.ro\/#\/schema\/person\/20ea297ab07e8f4d1689dfe252e34174"},"headline":"Gerincstabiliz\u00e1ci\u00f3s m\u0171t\u00e9tek Cs\u00edkszered\u00e1ban","datePublished":"2019-06-12T11:40:55+00:00","dateModified":"2022-03-02T08:11:11+00:00","mainEntityOfPage":{"@id":"https:\/\/spitalmciuc.ro\/gerincstabilizacios-mutetek-csikszeredaban\/#webpage"},"wordCount":780,"publisher":{"@id":"https:\/\/spitalmciuc.ro\/#organization"},"image":{"@id":"https:\/\/spitalmciuc.ro\/gerincstabilizacios-mutetek-csikszeredaban\/#primaryimage"},"thumbnailUrl":"https:\/\/spitalmciuc.ro\/wp-content\/uploads\/2019\/06\/SajtoGerinc.2-scaled.jpg","inLanguage":"hu"},{"@type":"Person","@id":"https:\/\/spitalmciuc.ro\/#\/schema\/person\/20ea297ab07e8f4d1689dfe252e34174","name":"Milik Szil\u00e1rd","url":"https:\/\/spitalmciuc.ro\/hu\/author\/szilard\/"}]}},"_links":{"self":[{"href":"https:\/\/spitalmciuc.ro\/hu\/wp-json\/wp\/v2\/posts\/4532"}],"collection":[{"href":"https:\/\/spitalmciuc.ro\/hu\/wp-json\/wp\/v2\/posts"}],"about":[{"href":"https:\/\/spitalmciuc.ro\/hu\/wp-json\/wp\/v2\/types\/post"}],"author":[{"embeddable":true,"href":"https:\/\/spitalmciuc.ro\/hu\/wp-json\/wp\/v2\/users\/11"}],"replies":[{"embeddable":true,"href":"https:\/\/spitalmciuc.ro\/hu\/wp-json\/wp\/v2\/comments?post=4532"}],"version-history":[{"count":1,"href":"https:\/\/spitalmciuc.ro\/hu\/wp-json\/wp\/v2\/posts\/4532\/revisions"}],"predecessor-version":[{"id":6628,"href":"https:\/\/spitalmciuc.ro\/hu\/wp-json\/wp\/v2\/posts\/4532\/revisions\/6628"}],"wp:featuredmedia":[{"embeddable":true,"href":"https:\/\/spitalmciuc.ro\/hu\/wp-json\/wp\/v2\/media\/4529"}],"wp:attachment":[{"href":"https:\/\/spitalmciuc.ro\/hu\/wp-json\/wp\/v2\/media?parent=4532"}],"wp:term":[{"taxonomy":"category","embeddable":true,"href":"https:\/\/spitalmciuc.ro\/hu\/wp-json\/wp\/v2\/categories?post=4532"},{"taxonomy":"post_tag","embeddable":true,"href":"https:\/\/spitalmciuc.ro\/hu\/wp-json\/wp\/v2\/tags?post=4532"}],"curies":[{"name":"wp","href":"https:\/\/api.w.org\/{rel}","templated":true}]}}