{"id":4520,"date":"2019-06-03T08:13:05","date_gmt":"2019-06-03T08:13:05","guid":{"rendered":"https:\/\/spital.creative-solutions.ro\/index.php\/gyereknap-a-korhazban\/"},"modified":"2022-03-02T08:11:11","modified_gmt":"2022-03-02T08:11:11","slug":"gyereknap-a-korhazban","status":"publish","type":"post","link":"https:\/\/spitalmciuc.ro\/hu\/gyereknap-a-korhazban\/","title":{"rendered":"Gyereknap a k\u00f3rh\u00e1zban"},"content":{"rendered":"<p style=\"text-align: justify;\"><strong><img decoding=\"async\" loading=\"lazy\" class=\" alignleft size-full wp-image-4517\" style=\"margin: 10px; float: left;\" src=\"https:\/\/spitalmciuc.ro\/wp-content\/uploads\/2019\/06\/gyereknap2-scaled.jpg\" alt=\"gyereknap2\" width=\"300\" height=\"225\" srcset=\"https:\/\/spitalmciuc.ro\/wp-content\/uploads\/2019\/06\/gyereknap2-scaled.jpg 2560w, https:\/\/spitalmciuc.ro\/wp-content\/uploads\/2019\/06\/gyereknap2-300x225.jpg 300w, https:\/\/spitalmciuc.ro\/wp-content\/uploads\/2019\/06\/gyereknap2-1024x768.jpg 1024w, https:\/\/spitalmciuc.ro\/wp-content\/uploads\/2019\/06\/gyereknap2-768x576.jpg 768w, https:\/\/spitalmciuc.ro\/wp-content\/uploads\/2019\/06\/gyereknap2-1536x1152.jpg 1536w, https:\/\/spitalmciuc.ro\/wp-content\/uploads\/2019\/06\/gyereknap2-2048x1536.jpg 2048w\" sizes=\"(max-width: 300px) 100vw, 300px\" \/>A Cs\u00edkszeredai Megyei S\u00fcrg\u0151ss\u00e9gi K\u00f3rh\u00e1zban fekv\u0151 gyermekeket l\u00e1togatt\u00e1k \u00e9s aj\u00e1nd\u00e9kozt\u00e1k meg a nemzetk\u00f6zi gyermeknap alkalm\u00e1val p\u00e9nteken, m\u00e1jus 31-\u00e9n a Hargita Megyei Eg\u00e9szs\u00e9gbiztos\u00edt\u00e1si P\u00e9nzt\u00e1r alkalmazottai.<\/strong><\/p>\n<p style=\"text-align: justify;\">A seb\u00e9szeti \u00e9s a gyermekgy\u00f3gy\u00e1szati oszt\u00e1lyon t\u00f6bb kisgyermeknek, illetve sz\u00fcleiknek szereztek meglepet\u00e9st az aj\u00e1nd\u00e9kcsomagokkal \u00e9s lufikkal az eg\u00e9szs\u00e9gbiztos\u00edt\u00f3 p\u00e9nzt\u00e1r munkat\u00e1rsai. Duda Tiham\u00e9r, a p\u00e9nzt\u00e1r igazgat\u00f3ja sz\u00ednes okleveleket is kiosztott a k\u00f3rh\u00e1zban \u00e1polt kicsiknek, ezekkel a n\u00e9vre sz\u00f3l\u00f3 diplom\u00e1kkal ismerve el b\u00e1tors\u00e1gukat. \u201eA gyermeknap alkalm\u00e1val minden gyermeknek j\u00f3l kellene \u00e9reznie mag\u00e1t, aj\u00e1nd\u00e9kokat kellene kapnia \u00e9s sz\u00f3rakoznia kellene. Ilyenkor a feln\u0151ttek is felid\u00e9zik a gyermekkor sz\u00e9p eml\u00e9keit, vagy \u00fajra \u00e1t\u00e9lik azokat egy-egy gyermek szem\u00e9be tekintve\u201d \u2013 \u00edrt\u00e1k a p\u00e9nzt\u00e1r k\u00f6zlem\u00e9ny\u00e9ben.<\/p>\n","protected":false},"excerpt":{"rendered":"<p>A Cs\u00edkszeredai Megyei S\u00fcrg\u0151ss\u00e9gi K\u00f3rh\u00e1zban fekv\u0151 gyermekeket l\u00e1togatt\u00e1k \u00e9s aj\u00e1nd\u00e9kozt\u00e1k meg a nemzetk\u00f6zi gyermeknap alkalm\u00e1val p\u00e9nteken, m\u00e1jus 31-\u00e9n a Hargita Megyei Eg\u00e9szs\u00e9gbiztos\u00edt\u00e1si P\u00e9nzt\u00e1r alkalmazottai. A seb\u00e9szeti \u00e9s a gyermekgy\u00f3gy\u00e1szati oszt\u00e1lyon t\u00f6bb kisgyermeknek, illetve sz\u00fcleiknek szereztek meglepet\u00e9st az aj\u00e1nd\u00e9kcsomagokkal \u00e9s lufikkal az eg\u00e9szs\u00e9gbiztos\u00edt\u00f3 p\u00e9nzt\u00e1r munkat\u00e1rsai. Duda Tiham\u00e9r, a p\u00e9nzt\u00e1r igazgat\u00f3ja sz\u00ednes okleveleket is kiosztott a k\u00f3rh\u00e1zban&hellip;<\/p>\n","protected":false},"author":11,"featured_media":4517,"comment_status":"closed","ping_status":"closed","sticky":false,"template":"","format":"standard","meta":[],"categories":[],"tags":[],"yoast_head":"<!-- This site is optimized with the Yoast SEO plugin v18.3 - https:\/\/yoast.com\/wordpress\/plugins\/seo\/ -->\n<title>Gyereknap a k\u00f3rh\u00e1zban - Cs\u00edkszeredai Megyei S\u00fcrg\u0151ss\u00e9gi K\u00f3rh\u00e1z<\/title>\n<meta name=\"robots\" content=\"index, follow, max-snippet:-1, max-image-preview:large, max-video-preview:-1\" \/>\n<link rel=\"canonical\" href=\"https:\/\/spitalmciuc.ro\/gyereknap-a-korhazban\/\" \/>\n<meta property=\"og:locale\" content=\"hu_HU\" \/>\n<meta property=\"og:type\" content=\"article\" \/>\n<meta property=\"og:title\" content=\"Gyereknap a k\u00f3rh\u00e1zban - Cs\u00edkszeredai Megyei S\u00fcrg\u0151ss\u00e9gi K\u00f3rh\u00e1z\" \/>\n<meta property=\"og:description\" content=\"A Cs\u00edkszeredai Megyei S\u00fcrg\u0151ss\u00e9gi K\u00f3rh\u00e1zban fekv\u0151 gyermekeket l\u00e1togatt\u00e1k \u00e9s aj\u00e1nd\u00e9kozt\u00e1k meg a nemzetk\u00f6zi gyermeknap alkalm\u00e1val p\u00e9nteken, m\u00e1jus 31-\u00e9n a Hargita Megyei Eg\u00e9szs\u00e9gbiztos\u00edt\u00e1si P\u00e9nzt\u00e1r alkalmazottai. A seb\u00e9szeti \u00e9s a gyermekgy\u00f3gy\u00e1szati oszt\u00e1lyon t\u00f6bb kisgyermeknek, illetve sz\u00fcleiknek szereztek meglepet\u00e9st az aj\u00e1nd\u00e9kcsomagokkal \u00e9s lufikkal az eg\u00e9szs\u00e9gbiztos\u00edt\u00f3 p\u00e9nzt\u00e1r munkat\u00e1rsai. Duda Tiham\u00e9r, a p\u00e9nzt\u00e1r igazgat\u00f3ja sz\u00ednes okleveleket is kiosztott a k\u00f3rh\u00e1zban&hellip;\" \/>\n<meta property=\"og:url\" content=\"https:\/\/spitalmciuc.ro\/gyereknap-a-korhazban\/\" \/>\n<meta property=\"og:site_name\" content=\"Cs\u00edkszeredai Megyei S\u00fcrg\u0151ss\u00e9gi K\u00f3rh\u00e1z\" \/>\n<meta property=\"article:published_time\" content=\"2019-06-03T08:13:05+00:00\" \/>\n<meta property=\"article:modified_time\" content=\"2022-03-02T08:11:11+00:00\" \/>\n<meta property=\"og:image\" content=\"https:\/\/spitalmciuc.ro\/wp-content\/uploads\/2019\/06\/gyereknap2-scaled.jpg\" \/>\n\t<meta property=\"og:image:width\" content=\"2560\" \/>\n\t<meta property=\"og:image:height\" content=\"1920\" \/>\n\t<meta property=\"og:image:type\" content=\"image\/jpeg\" \/>\n<meta name=\"twitter:card\" content=\"summary_large_image\" \/>\n<meta name=\"twitter:label1\" content=\"Szerz\u0151:\" \/>\n\t<meta name=\"twitter:data1\" content=\"Milik Szil\u00e1rd\" \/>\n\t<meta name=\"twitter:label2\" content=\"Becs\u00fclt olvas\u00e1si id\u0151\" \/>\n\t<meta name=\"twitter:data2\" content=\"1 perc\" \/>\n<script type=\"application\/ld+json\" class=\"yoast-schema-graph\">{\"@context\":\"https:\/\/schema.org\",\"@graph\":[{\"@type\":\"Organization\",\"@id\":\"https:\/\/spitalmciuc.ro\/#organization\",\"name\":\"Spitalul Jude\u0163ean de Urgen\u0163\u0103 Miercurea Ciuc\",\"url\":\"https:\/\/spitalmciuc.ro\/\",\"sameAs\":[],\"logo\":{\"@type\":\"ImageObject\",\"@id\":\"https:\/\/spitalmciuc.ro\/#logo\",\"inLanguage\":\"hu\",\"url\":\"https:\/\/spitalmciuc.ro\/wp-content\/uploads\/2022\/02\/logo-spital-ro-60.jpg\",\"contentUrl\":\"https:\/\/spitalmciuc.ro\/wp-content\/uploads\/2022\/02\/logo-spital-ro-60.jpg\",\"width\":198,\"height\":60,\"caption\":\"Spitalul Jude\u0163ean de Urgen\u0163\u0103 Miercurea Ciuc\"},\"image\":{\"@id\":\"https:\/\/spitalmciuc.ro\/#logo\"}},{\"@type\":\"WebSite\",\"@id\":\"https:\/\/spitalmciuc.ro\/#website\",\"url\":\"https:\/\/spitalmciuc.ro\/\",\"name\":\"Cs\u00edkszeredai Megyei S\u00fcrg\u0151ss\u00e9gi K\u00f3rh\u00e1z\",\"description\":\"\",\"publisher\":{\"@id\":\"https:\/\/spitalmciuc.ro\/#organization\"},\"potentialAction\":[{\"@type\":\"SearchAction\",\"target\":{\"@type\":\"EntryPoint\",\"urlTemplate\":\"https:\/\/spitalmciuc.ro\/?s={search_term_string}\"},\"query-input\":\"required name=search_term_string\"}],\"inLanguage\":\"hu\"},{\"@type\":\"ImageObject\",\"@id\":\"https:\/\/spitalmciuc.ro\/gyereknap-a-korhazban\/#primaryimage\",\"inLanguage\":\"hu\",\"url\":\"https:\/\/spitalmciuc.ro\/wp-content\/uploads\/2019\/06\/gyereknap2-scaled.jpg\",\"contentUrl\":\"https:\/\/spitalmciuc.ro\/wp-content\/uploads\/2019\/06\/gyereknap2-scaled.jpg\",\"width\":2560,\"height\":1920,\"caption\":\"gyereknap2\"},{\"@type\":\"WebPage\",\"@id\":\"https:\/\/spitalmciuc.ro\/gyereknap-a-korhazban\/#webpage\",\"url\":\"https:\/\/spitalmciuc.ro\/gyereknap-a-korhazban\/\",\"name\":\"Gyereknap a k\u00f3rh\u00e1zban - Cs\u00edkszeredai Megyei S\u00fcrg\u0151ss\u00e9gi K\u00f3rh\u00e1z\",\"isPartOf\":{\"@id\":\"https:\/\/spitalmciuc.ro\/#website\"},\"primaryImageOfPage\":{\"@id\":\"https:\/\/spitalmciuc.ro\/gyereknap-a-korhazban\/#primaryimage\"},\"datePublished\":\"2019-06-03T08:13:05+00:00\",\"dateModified\":\"2022-03-02T08:11:11+00:00\",\"breadcrumb\":{\"@id\":\"https:\/\/spitalmciuc.ro\/gyereknap-a-korhazban\/#breadcrumb\"},\"inLanguage\":\"hu\",\"potentialAction\":[{\"@type\":\"ReadAction\",\"target\":[\"https:\/\/spitalmciuc.ro\/gyereknap-a-korhazban\/\"]}]},{\"@type\":\"BreadcrumbList\",\"@id\":\"https:\/\/spitalmciuc.ro\/gyereknap-a-korhazban\/#breadcrumb\",\"itemListElement\":[{\"@type\":\"ListItem\",\"position\":1,\"name\":\"Kezd\u0151lap\",\"item\":\"https:\/\/spitalmciuc.ro\/hu\/\"},{\"@type\":\"ListItem\",\"position\":2,\"name\":\"Gyereknap a k\u00f3rh\u00e1zban\"}]},{\"@type\":\"Article\",\"@id\":\"https:\/\/spitalmciuc.ro\/gyereknap-a-korhazban\/#article\",\"isPartOf\":{\"@id\":\"https:\/\/spitalmciuc.ro\/gyereknap-a-korhazban\/#webpage\"},\"author\":{\"@id\":\"https:\/\/spitalmciuc.ro\/#\/schema\/person\/20ea297ab07e8f4d1689dfe252e34174\"},\"headline\":\"Gyereknap a k\u00f3rh\u00e1zban\",\"datePublished\":\"2019-06-03T08:13:05+00:00\",\"dateModified\":\"2022-03-02T08:11:11+00:00\",\"mainEntityOfPage\":{\"@id\":\"https:\/\/spitalmciuc.ro\/gyereknap-a-korhazban\/#webpage\"},\"wordCount\":173,\"publisher\":{\"@id\":\"https:\/\/spitalmciuc.ro\/#organization\"},\"image\":{\"@id\":\"https:\/\/spitalmciuc.ro\/gyereknap-a-korhazban\/#primaryimage\"},\"thumbnailUrl\":\"https:\/\/spitalmciuc.ro\/wp-content\/uploads\/2019\/06\/gyereknap2-scaled.jpg\",\"inLanguage\":\"hu\"},{\"@type\":\"Person\",\"@id\":\"https:\/\/spitalmciuc.ro\/#\/schema\/person\/20ea297ab07e8f4d1689dfe252e34174\",\"name\":\"Milik Szil\u00e1rd\",\"url\":\"https:\/\/spitalmciuc.ro\/hu\/author\/szilard\/\"}]}<\/script>\n<!-- \/ Yoast SEO plugin. -->","yoast_head_json":{"title":"Gyereknap a k\u00f3rh\u00e1zban - Cs\u00edkszeredai Megyei S\u00fcrg\u0151ss\u00e9gi K\u00f3rh\u00e1z","robots":{"index":"index","follow":"follow","max-snippet":"max-snippet:-1","max-image-preview":"max-image-preview:large","max-video-preview":"max-video-preview:-1"},"canonical":"https:\/\/spitalmciuc.ro\/gyereknap-a-korhazban\/","og_locale":"hu_HU","og_type":"article","og_title":"Gyereknap a k\u00f3rh\u00e1zban - Cs\u00edkszeredai Megyei S\u00fcrg\u0151ss\u00e9gi K\u00f3rh\u00e1z","og_description":"A Cs\u00edkszeredai Megyei S\u00fcrg\u0151ss\u00e9gi K\u00f3rh\u00e1zban fekv\u0151 gyermekeket l\u00e1togatt\u00e1k \u00e9s aj\u00e1nd\u00e9kozt\u00e1k meg a nemzetk\u00f6zi gyermeknap alkalm\u00e1val p\u00e9nteken, m\u00e1jus 31-\u00e9n a Hargita Megyei Eg\u00e9szs\u00e9gbiztos\u00edt\u00e1si P\u00e9nzt\u00e1r alkalmazottai. A seb\u00e9szeti \u00e9s a gyermekgy\u00f3gy\u00e1szati oszt\u00e1lyon t\u00f6bb kisgyermeknek, illetve sz\u00fcleiknek szereztek meglepet\u00e9st az aj\u00e1nd\u00e9kcsomagokkal \u00e9s lufikkal az eg\u00e9szs\u00e9gbiztos\u00edt\u00f3 p\u00e9nzt\u00e1r munkat\u00e1rsai. Duda Tiham\u00e9r, a p\u00e9nzt\u00e1r igazgat\u00f3ja sz\u00ednes okleveleket is kiosztott a k\u00f3rh\u00e1zban&hellip;","og_url":"https:\/\/spitalmciuc.ro\/gyereknap-a-korhazban\/","og_site_name":"Cs\u00edkszeredai Megyei S\u00fcrg\u0151ss\u00e9gi K\u00f3rh\u00e1z","article_published_time":"2019-06-03T08:13:05+00:00","article_modified_time":"2022-03-02T08:11:11+00:00","og_image":[{"width":2560,"height":1920,"url":"https:\/\/spitalmciuc.ro\/wp-content\/uploads\/2019\/06\/gyereknap2-scaled.jpg","type":"image\/jpeg"}],"twitter_card":"summary_large_image","twitter_misc":{"Szerz\u0151:":"Milik Szil\u00e1rd","Becs\u00fclt olvas\u00e1si id\u0151":"1 perc"},"schema":{"@context":"https:\/\/schema.org","@graph":[{"@type":"Organization","@id":"https:\/\/spitalmciuc.ro\/#organization","name":"Spitalul Jude\u0163ean de Urgen\u0163\u0103 Miercurea Ciuc","url":"https:\/\/spitalmciuc.ro\/","sameAs":[],"logo":{"@type":"ImageObject","@id":"https:\/\/spitalmciuc.ro\/#logo","inLanguage":"hu","url":"https:\/\/spitalmciuc.ro\/wp-content\/uploads\/2022\/02\/logo-spital-ro-60.jpg","contentUrl":"https:\/\/spitalmciuc.ro\/wp-content\/uploads\/2022\/02\/logo-spital-ro-60.jpg","width":198,"height":60,"caption":"Spitalul Jude\u0163ean de Urgen\u0163\u0103 Miercurea Ciuc"},"image":{"@id":"https:\/\/spitalmciuc.ro\/#logo"}},{"@type":"WebSite","@id":"https:\/\/spitalmciuc.ro\/#website","url":"https:\/\/spitalmciuc.ro\/","name":"Cs\u00edkszeredai Megyei S\u00fcrg\u0151ss\u00e9gi K\u00f3rh\u00e1z","description":"","publisher":{"@id":"https:\/\/spitalmciuc.ro\/#organization"},"potentialAction":[{"@type":"SearchAction","target":{"@type":"EntryPoint","urlTemplate":"https:\/\/spitalmciuc.ro\/?s={search_term_string}"},"query-input":"required name=search_term_string"}],"inLanguage":"hu"},{"@type":"ImageObject","@id":"https:\/\/spitalmciuc.ro\/gyereknap-a-korhazban\/#primaryimage","inLanguage":"hu","url":"https:\/\/spitalmciuc.ro\/wp-content\/uploads\/2019\/06\/gyereknap2-scaled.jpg","contentUrl":"https:\/\/spitalmciuc.ro\/wp-content\/uploads\/2019\/06\/gyereknap2-scaled.jpg","width":2560,"height":1920,"caption":"gyereknap2"},{"@type":"WebPage","@id":"https:\/\/spitalmciuc.ro\/gyereknap-a-korhazban\/#webpage","url":"https:\/\/spitalmciuc.ro\/gyereknap-a-korhazban\/","name":"Gyereknap a k\u00f3rh\u00e1zban - Cs\u00edkszeredai Megyei S\u00fcrg\u0151ss\u00e9gi K\u00f3rh\u00e1z","isPartOf":{"@id":"https:\/\/spitalmciuc.ro\/#website"},"primaryImageOfPage":{"@id":"https:\/\/spitalmciuc.ro\/gyereknap-a-korhazban\/#primaryimage"},"datePublished":"2019-06-03T08:13:05+00:00","dateModified":"2022-03-02T08:11:11+00:00","breadcrumb":{"@id":"https:\/\/spitalmciuc.ro\/gyereknap-a-korhazban\/#breadcrumb"},"inLanguage":"hu","potentialAction":[{"@type":"ReadAction","target":["https:\/\/spitalmciuc.ro\/gyereknap-a-korhazban\/"]}]},{"@type":"BreadcrumbList","@id":"https:\/\/spitalmciuc.ro\/gyereknap-a-korhazban\/#breadcrumb","itemListElement":[{"@type":"ListItem","position":1,"name":"Kezd\u0151lap","item":"https:\/\/spitalmciuc.ro\/hu\/"},{"@type":"ListItem","position":2,"name":"Gyereknap a k\u00f3rh\u00e1zban"}]},{"@type":"Article","@id":"https:\/\/spitalmciuc.ro\/gyereknap-a-korhazban\/#article","isPartOf":{"@id":"https:\/\/spitalmciuc.ro\/gyereknap-a-korhazban\/#webpage"},"author":{"@id":"https:\/\/spitalmciuc.ro\/#\/schema\/person\/20ea297ab07e8f4d1689dfe252e34174"},"headline":"Gyereknap a k\u00f3rh\u00e1zban","datePublished":"2019-06-03T08:13:05+00:00","dateModified":"2022-03-02T08:11:11+00:00","mainEntityOfPage":{"@id":"https:\/\/spitalmciuc.ro\/gyereknap-a-korhazban\/#webpage"},"wordCount":173,"publisher":{"@id":"https:\/\/spitalmciuc.ro\/#organization"},"image":{"@id":"https:\/\/spitalmciuc.ro\/gyereknap-a-korhazban\/#primaryimage"},"thumbnailUrl":"https:\/\/spitalmciuc.ro\/wp-content\/uploads\/2019\/06\/gyereknap2-scaled.jpg","inLanguage":"hu"},{"@type":"Person","@id":"https:\/\/spitalmciuc.ro\/#\/schema\/person\/20ea297ab07e8f4d1689dfe252e34174","name":"Milik Szil\u00e1rd","url":"https:\/\/spitalmciuc.ro\/hu\/author\/szilard\/"}]}},"_links":{"self":[{"href":"https:\/\/spitalmciuc.ro\/hu\/wp-json\/wp\/v2\/posts\/4520"}],"collection":[{"href":"https:\/\/spitalmciuc.ro\/hu\/wp-json\/wp\/v2\/posts"}],"about":[{"href":"https:\/\/spitalmciuc.ro\/hu\/wp-json\/wp\/v2\/types\/post"}],"author":[{"embeddable":true,"href":"https:\/\/spitalmciuc.ro\/hu\/wp-json\/wp\/v2\/users\/11"}],"replies":[{"embeddable":true,"href":"https:\/\/spitalmciuc.ro\/hu\/wp-json\/wp\/v2\/comments?post=4520"}],"version-history":[{"count":1,"href":"https:\/\/spitalmciuc.ro\/hu\/wp-json\/wp\/v2\/posts\/4520\/revisions"}],"predecessor-version":[{"id":6630,"href":"https:\/\/spitalmciuc.ro\/hu\/wp-json\/wp\/v2\/posts\/4520\/revisions\/6630"}],"wp:featuredmedia":[{"embeddable":true,"href":"https:\/\/spitalmciuc.ro\/hu\/wp-json\/wp\/v2\/media\/4517"}],"wp:attachment":[{"href":"https:\/\/spitalmciuc.ro\/hu\/wp-json\/wp\/v2\/media?parent=4520"}],"wp:term":[{"taxonomy":"category","embeddable":true,"href":"https:\/\/spitalmciuc.ro\/hu\/wp-json\/wp\/v2\/categories?post=4520"},{"taxonomy":"post_tag","embeddable":true,"href":"https:\/\/spitalmciuc.ro\/hu\/wp-json\/wp\/v2\/tags?post=4520"}],"curies":[{"name":"wp","href":"https:\/\/api.w.org\/{rel}","templated":true}]}}