{"id":4515,"date":"2019-06-03T06:23:57","date_gmt":"2019-06-03T06:23:57","guid":{"rendered":"https:\/\/spital.creative-solutions.ro\/index.php\/elvegeztek-az-elso-trombolizist-a-csikszeredai-megyei-suergossegi-korhazban\/"},"modified":"2022-03-02T08:11:11","modified_gmt":"2022-03-02T08:11:11","slug":"elvegeztek-az-elso-trombolizist-a-csikszeredai-megyei-suergossegi-korhazban","status":"publish","type":"post","link":"https:\/\/spitalmciuc.ro\/hu\/elvegeztek-az-elso-trombolizist-a-csikszeredai-megyei-suergossegi-korhazban\/","title":{"rendered":"Elv\u00e9gezt\u00e9k az els\u0151 trombol\u00edzist\u00a0a Cs\u00edkszeredai Megyei S\u00fcrg\u0151ss\u00e9gi K\u00f3rh\u00e1zban"},"content":{"rendered":"<p style=\"text-align: justify;\"><strong>Kedden, m\u00e1jus 28-\u00e1n reggel elv\u00e9gezt\u00e9k az els\u0151 trombol\u00edzist a Cs\u00edkszeredai Megyei S\u00fcrg\u0151ss\u00e9gi K\u00f3rh\u00e1zban egy 77 \u00e9ves, agyi infarktus t\u00fcneteivel k\u00f3rh\u00e1zba sz\u00e1ll\u00edtott cs\u00edkszeredai f\u00e9rfin. Ezt a beavatkoz\u00e1st Hargita megy\u00e9ben el\u0151sz\u00f6r alkalmazt\u00e1k.<\/strong><\/p>\n<p style=\"text-align: justify;\">\u201eA beteg t\u00fcnetei kedden reggel f\u00e9l nyolckor kezd\u0151dtek, k\u00e9t \u00f3r\u00e1val ezek \u00e9szlel\u00e9se ut\u00e1n ker\u00fclt hozz\u00e1nk teljes f\u00e9loldali b\u00e9nul\u00e1ssal, besz\u00e9dzavarral. Elk\u00e9sz\u00fcltek a&nbsp;sz\u00fcks\u00e9ges el\u0151zetes v\u00e9r- \u00e9s computer tomogr\u00e1fi\u00e1s (CT) vizsg\u00e1latok, amelyek eredm\u00e9nyei, illetve a trombol\u00edzis krit\u00e9riumrendszer\u00e9nek az \u00e1tvizsg\u00e1l\u00e1sa ut\u00e1n \u00fagy d\u00f6nt\u00f6tt\u00fcnk, hogy a beteg megkaphatja a trombolitikumot, amelyet 9 \u00f3ra 40 perckor be is adtunk neki. A trombolitikum intrav\u00e9n\u00e1san alkalmazott v\u00e9rr\u00f6gold\u00f3, amely feloldja azt a r\u00f6g\u00f6t, amely az agyi infarktus eset\u00e9n az elz\u00e1r\u00f3d\u00e1st okozza. Ezt k\u00f6vet\u0151en szigor\u00fa megfigyel\u00e9s k\u00f6vetkezett. A beteg jelenleg mozgatni tudja a l\u00e1b\u00e1t, \u00e9s fel\u00e9p\u00fcl\u00e9se seg\u00edt\u00e9s\u00e9re a gy\u00f3gytorna is elkezd\u0151d\u00f6tt\u201d \u2013 ismertette dr. Dab\u00f3czy M\u00e1ty\u00e1s neurol\u00f3gus szakorvos, a beteg kezel\u0151orvosa.<\/p>\n<p style=\"text-align: justify;\">Az els\u0151 trombol\u00edzishez azt a k\u00e9t adag Actilyse elnevez\u00e9s\u0171 v\u00e9rr\u00f6gold\u00f3 gy\u00f3gyszert haszn\u00e1lt\u00e1k fel, amelyet a Cs\u00edki V\u00e1llalkoz\u00f3k Egyes\u00fclete \u00e9s Magyarorsz\u00e1g Cs\u00edkszeredai F\u0151konzul\u00e1tusa \u00e1ltal tavaly megszervezett j\u00f3t\u00e9konys\u00e1gi Katalin-b\u00e1l adom\u00e1nyaib\u00f3l v\u00e1s\u00e1rolt meg a Hargita Megye Tan\u00e1csa \u00e1ltal fenntartott k\u00f3rh\u00e1z. Az\u00f3ta t\u00f6bb adagot is beszereztek a gy\u00f3gyszerb\u0151l, \u00edgy sz\u00fcks\u00e9g eset\u00e9n a trombol\u00edzis alkalmazhat\u00f3 m\u00e1s betegekn\u00e9l is, akiknek seg\u00edts\u00e9get jelenthet ez az elj\u00e1r\u00e1s. Nem minden agyi infarktust szenvedett beteg sz\u00e1m\u00e1ra jelent ez megold\u00e1st, szigor\u00faan meghat\u00e1rozott, pontos krit\u00e9riumrendszer szab\u00e1lyozza, hogy kin\u00e9l alkalmazhat\u00f3.<\/p>\n<p style=\"text-align: justify;\">Dr. Incze Emese, a Cs\u00edkszeredai Megyei S\u00fcrg\u0151ss\u00e9gi K\u00f3rh\u00e1z ideggy\u00f3gy\u00e1szati oszt\u00e1ly\u00e1nak vezet\u0151je kihangs\u00falyozta, a trombol\u00edzis a s\u00fcrg\u0151ss\u00e9gi, a neurol\u00f3giai \u00e9s a radiol\u00f3giai oszt\u00e1ly szoros egy\u00fcttm\u0171k\u00f6d\u00e9s\u00e9t felt\u00e9telezi. Dr. Konr\u00e1d Judit, a Cs\u00edkszeredai Megyei S\u00fcrg\u0151ss\u00e9gi K\u00f3rh\u00e1z vezet\u0151je \u00f6r\u00f6m\u00e9t fejezte ki, hogy ez az elj\u00e1r\u00e1s m\u00e1r a cs\u00edkszeredai k\u00f3rh\u00e1zban is elv\u00e9gezhet\u0151.<\/p>\n<p style=\"text-align: justify;\">A szakemberek ugyanakkor r\u00e1mutattak, mivel a trombol\u00edzis a t\u00fcnetek megjelen\u00e9se ut\u00e1n legt\u00f6bb 4,5 \u00f3r\u00e1n bel\u00fcl alkalmazhat\u00f3, nagyon fontos s\u00fcrg\u0151sen orvoshoz fordulni az agyi infarktus t\u00fcneteinek \u00e9szlel\u00e9sekor, teh\u00e1t ha hirtelen bek\u00f6vetkez\u0151 er\u0151cs\u00f6kken\u00e9s, besz\u00e9dzavar vagy a besz\u00e9d meg\u00e9rt\u00e9s\u00e9nek zavara, az arcszimetria megv\u00e1ltoz\u00e1sa, er\u0151s fejf\u00e1j\u00e1s, sz\u00e9d\u00fcl\u00e9s, h\u00e1nyinger, h\u00e1ny\u00e1s, a f\u00e9l testfelet \u00e9rint\u0151 zsibbad\u00e1s jelentkezik.<\/p>\n","protected":false},"excerpt":{"rendered":"<p>Kedden, m\u00e1jus 28-\u00e1n reggel elv\u00e9gezt\u00e9k az els\u0151 trombol\u00edzist a Cs\u00edkszeredai Megyei S\u00fcrg\u0151ss\u00e9gi K\u00f3rh\u00e1zban egy 77 \u00e9ves, agyi infarktus t\u00fcneteivel k\u00f3rh\u00e1zba sz\u00e1ll\u00edtott cs\u00edkszeredai f\u00e9rfin. Ezt a beavatkoz\u00e1st Hargita megy\u00e9ben el\u0151sz\u00f6r alkalmazt\u00e1k. \u201eA beteg t\u00fcnetei kedden reggel f\u00e9l nyolckor kezd\u0151dtek, k\u00e9t \u00f3r\u00e1val ezek \u00e9szlel\u00e9se ut\u00e1n ker\u00fclt hozz\u00e1nk teljes f\u00e9loldali b\u00e9nul\u00e1ssal, besz\u00e9dzavarral. Elk\u00e9sz\u00fcltek a&nbsp;sz\u00fcks\u00e9ges el\u0151zetes v\u00e9r- \u00e9s computer&hellip;<\/p>\n","protected":false},"author":11,"featured_media":0,"comment_status":"closed","ping_status":"closed","sticky":false,"template":"","format":"standard","meta":[],"categories":[],"tags":[],"yoast_head":"<!-- This site is optimized with the Yoast SEO plugin v18.3 - https:\/\/yoast.com\/wordpress\/plugins\/seo\/ -->\n<title>Elv\u00e9gezt\u00e9k az els\u0151 trombol\u00edzist\u00a0a Cs\u00edkszeredai Megyei S\u00fcrg\u0151ss\u00e9gi K\u00f3rh\u00e1zban - Cs\u00edkszeredai Megyei S\u00fcrg\u0151ss\u00e9gi K\u00f3rh\u00e1z<\/title>\n<meta name=\"robots\" content=\"index, follow, max-snippet:-1, max-image-preview:large, max-video-preview:-1\" \/>\n<link rel=\"canonical\" href=\"https:\/\/spitalmciuc.ro\/elvegeztek-az-elso-trombolizist-a-csikszeredai-megyei-suergossegi-korhazban\/\" \/>\n<meta property=\"og:locale\" content=\"hu_HU\" \/>\n<meta property=\"og:type\" content=\"article\" \/>\n<meta property=\"og:title\" content=\"Elv\u00e9gezt\u00e9k az els\u0151 trombol\u00edzist\u00a0a Cs\u00edkszeredai Megyei S\u00fcrg\u0151ss\u00e9gi K\u00f3rh\u00e1zban - Cs\u00edkszeredai Megyei S\u00fcrg\u0151ss\u00e9gi K\u00f3rh\u00e1z\" \/>\n<meta property=\"og:description\" content=\"Kedden, m\u00e1jus 28-\u00e1n reggel elv\u00e9gezt\u00e9k az els\u0151 trombol\u00edzist a Cs\u00edkszeredai Megyei S\u00fcrg\u0151ss\u00e9gi K\u00f3rh\u00e1zban egy 77 \u00e9ves, agyi infarktus t\u00fcneteivel k\u00f3rh\u00e1zba sz\u00e1ll\u00edtott cs\u00edkszeredai f\u00e9rfin. Ezt a beavatkoz\u00e1st Hargita megy\u00e9ben el\u0151sz\u00f6r alkalmazt\u00e1k. \u201eA beteg t\u00fcnetei kedden reggel f\u00e9l nyolckor kezd\u0151dtek, k\u00e9t \u00f3r\u00e1val ezek \u00e9szlel\u00e9se ut\u00e1n ker\u00fclt hozz\u00e1nk teljes f\u00e9loldali b\u00e9nul\u00e1ssal, besz\u00e9dzavarral. Elk\u00e9sz\u00fcltek a&nbsp;sz\u00fcks\u00e9ges el\u0151zetes v\u00e9r- \u00e9s computer&hellip;\" \/>\n<meta property=\"og:url\" content=\"https:\/\/spitalmciuc.ro\/elvegeztek-az-elso-trombolizist-a-csikszeredai-megyei-suergossegi-korhazban\/\" \/>\n<meta property=\"og:site_name\" content=\"Cs\u00edkszeredai Megyei S\u00fcrg\u0151ss\u00e9gi K\u00f3rh\u00e1z\" \/>\n<meta property=\"article:published_time\" content=\"2019-06-03T06:23:57+00:00\" \/>\n<meta property=\"article:modified_time\" content=\"2022-03-02T08:11:11+00:00\" \/>\n<meta name=\"twitter:card\" content=\"summary_large_image\" \/>\n<meta name=\"twitter:label1\" content=\"Szerz\u0151:\" \/>\n\t<meta name=\"twitter:data1\" content=\"Milik Szil\u00e1rd\" \/>\n\t<meta name=\"twitter:label2\" content=\"Becs\u00fclt olvas\u00e1si id\u0151\" \/>\n\t<meta name=\"twitter:data2\" content=\"3 perc\" \/>\n<script type=\"application\/ld+json\" class=\"yoast-schema-graph\">{\"@context\":\"https:\/\/schema.org\",\"@graph\":[{\"@type\":\"Organization\",\"@id\":\"https:\/\/spitalmciuc.ro\/#organization\",\"name\":\"Spitalul Jude\u0163ean de Urgen\u0163\u0103 Miercurea Ciuc\",\"url\":\"https:\/\/spitalmciuc.ro\/\",\"sameAs\":[],\"logo\":{\"@type\":\"ImageObject\",\"@id\":\"https:\/\/spitalmciuc.ro\/#logo\",\"inLanguage\":\"hu\",\"url\":\"https:\/\/spitalmciuc.ro\/wp-content\/uploads\/2022\/02\/logo-spital-ro-60.jpg\",\"contentUrl\":\"https:\/\/spitalmciuc.ro\/wp-content\/uploads\/2022\/02\/logo-spital-ro-60.jpg\",\"width\":198,\"height\":60,\"caption\":\"Spitalul Jude\u0163ean de Urgen\u0163\u0103 Miercurea Ciuc\"},\"image\":{\"@id\":\"https:\/\/spitalmciuc.ro\/#logo\"}},{\"@type\":\"WebSite\",\"@id\":\"https:\/\/spitalmciuc.ro\/#website\",\"url\":\"https:\/\/spitalmciuc.ro\/\",\"name\":\"Cs\u00edkszeredai Megyei S\u00fcrg\u0151ss\u00e9gi K\u00f3rh\u00e1z\",\"description\":\"\",\"publisher\":{\"@id\":\"https:\/\/spitalmciuc.ro\/#organization\"},\"potentialAction\":[{\"@type\":\"SearchAction\",\"target\":{\"@type\":\"EntryPoint\",\"urlTemplate\":\"https:\/\/spitalmciuc.ro\/?s={search_term_string}\"},\"query-input\":\"required name=search_term_string\"}],\"inLanguage\":\"hu\"},{\"@type\":\"WebPage\",\"@id\":\"https:\/\/spitalmciuc.ro\/elvegeztek-az-elso-trombolizist-a-csikszeredai-megyei-suergossegi-korhazban\/#webpage\",\"url\":\"https:\/\/spitalmciuc.ro\/elvegeztek-az-elso-trombolizist-a-csikszeredai-megyei-suergossegi-korhazban\/\",\"name\":\"Elv\u00e9gezt\u00e9k az els\u0151 trombol\u00edzist\u00a0a Cs\u00edkszeredai Megyei S\u00fcrg\u0151ss\u00e9gi K\u00f3rh\u00e1zban - Cs\u00edkszeredai Megyei S\u00fcrg\u0151ss\u00e9gi K\u00f3rh\u00e1z\",\"isPartOf\":{\"@id\":\"https:\/\/spitalmciuc.ro\/#website\"},\"datePublished\":\"2019-06-03T06:23:57+00:00\",\"dateModified\":\"2022-03-02T08:11:11+00:00\",\"breadcrumb\":{\"@id\":\"https:\/\/spitalmciuc.ro\/elvegeztek-az-elso-trombolizist-a-csikszeredai-megyei-suergossegi-korhazban\/#breadcrumb\"},\"inLanguage\":\"hu\",\"potentialAction\":[{\"@type\":\"ReadAction\",\"target\":[\"https:\/\/spitalmciuc.ro\/elvegeztek-az-elso-trombolizist-a-csikszeredai-megyei-suergossegi-korhazban\/\"]}]},{\"@type\":\"BreadcrumbList\",\"@id\":\"https:\/\/spitalmciuc.ro\/elvegeztek-az-elso-trombolizist-a-csikszeredai-megyei-suergossegi-korhazban\/#breadcrumb\",\"itemListElement\":[{\"@type\":\"ListItem\",\"position\":1,\"name\":\"Kezd\u0151lap\",\"item\":\"https:\/\/spitalmciuc.ro\/hu\/\"},{\"@type\":\"ListItem\",\"position\":2,\"name\":\"Elv\u00e9gezt\u00e9k az els\u0151 trombol\u00edzist\u00a0a Cs\u00edkszeredai Megyei S\u00fcrg\u0151ss\u00e9gi K\u00f3rh\u00e1zban\"}]},{\"@type\":\"Article\",\"@id\":\"https:\/\/spitalmciuc.ro\/elvegeztek-az-elso-trombolizist-a-csikszeredai-megyei-suergossegi-korhazban\/#article\",\"isPartOf\":{\"@id\":\"https:\/\/spitalmciuc.ro\/elvegeztek-az-elso-trombolizist-a-csikszeredai-megyei-suergossegi-korhazban\/#webpage\"},\"author\":{\"@id\":\"https:\/\/spitalmciuc.ro\/#\/schema\/person\/20ea297ab07e8f4d1689dfe252e34174\"},\"headline\":\"Elv\u00e9gezt\u00e9k az els\u0151 trombol\u00edzist\u00a0a Cs\u00edkszeredai Megyei S\u00fcrg\u0151ss\u00e9gi K\u00f3rh\u00e1zban\",\"datePublished\":\"2019-06-03T06:23:57+00:00\",\"dateModified\":\"2022-03-02T08:11:11+00:00\",\"mainEntityOfPage\":{\"@id\":\"https:\/\/spitalmciuc.ro\/elvegeztek-az-elso-trombolizist-a-csikszeredai-megyei-suergossegi-korhazban\/#webpage\"},\"wordCount\":532,\"publisher\":{\"@id\":\"https:\/\/spitalmciuc.ro\/#organization\"},\"inLanguage\":\"hu\"},{\"@type\":\"Person\",\"@id\":\"https:\/\/spitalmciuc.ro\/#\/schema\/person\/20ea297ab07e8f4d1689dfe252e34174\",\"name\":\"Milik Szil\u00e1rd\",\"url\":\"https:\/\/spitalmciuc.ro\/hu\/author\/szilard\/\"}]}<\/script>\n<!-- \/ Yoast SEO plugin. -->","yoast_head_json":{"title":"Elv\u00e9gezt\u00e9k az els\u0151 trombol\u00edzist\u00a0a Cs\u00edkszeredai Megyei S\u00fcrg\u0151ss\u00e9gi K\u00f3rh\u00e1zban - Cs\u00edkszeredai Megyei S\u00fcrg\u0151ss\u00e9gi K\u00f3rh\u00e1z","robots":{"index":"index","follow":"follow","max-snippet":"max-snippet:-1","max-image-preview":"max-image-preview:large","max-video-preview":"max-video-preview:-1"},"canonical":"https:\/\/spitalmciuc.ro\/elvegeztek-az-elso-trombolizist-a-csikszeredai-megyei-suergossegi-korhazban\/","og_locale":"hu_HU","og_type":"article","og_title":"Elv\u00e9gezt\u00e9k az els\u0151 trombol\u00edzist\u00a0a Cs\u00edkszeredai Megyei S\u00fcrg\u0151ss\u00e9gi K\u00f3rh\u00e1zban - Cs\u00edkszeredai Megyei S\u00fcrg\u0151ss\u00e9gi K\u00f3rh\u00e1z","og_description":"Kedden, m\u00e1jus 28-\u00e1n reggel elv\u00e9gezt\u00e9k az els\u0151 trombol\u00edzist a Cs\u00edkszeredai Megyei S\u00fcrg\u0151ss\u00e9gi K\u00f3rh\u00e1zban egy 77 \u00e9ves, agyi infarktus t\u00fcneteivel k\u00f3rh\u00e1zba sz\u00e1ll\u00edtott cs\u00edkszeredai f\u00e9rfin. Ezt a beavatkoz\u00e1st Hargita megy\u00e9ben el\u0151sz\u00f6r alkalmazt\u00e1k. \u201eA beteg t\u00fcnetei kedden reggel f\u00e9l nyolckor kezd\u0151dtek, k\u00e9t \u00f3r\u00e1val ezek \u00e9szlel\u00e9se ut\u00e1n ker\u00fclt hozz\u00e1nk teljes f\u00e9loldali b\u00e9nul\u00e1ssal, besz\u00e9dzavarral. Elk\u00e9sz\u00fcltek a&nbsp;sz\u00fcks\u00e9ges el\u0151zetes v\u00e9r- \u00e9s computer&hellip;","og_url":"https:\/\/spitalmciuc.ro\/elvegeztek-az-elso-trombolizist-a-csikszeredai-megyei-suergossegi-korhazban\/","og_site_name":"Cs\u00edkszeredai Megyei S\u00fcrg\u0151ss\u00e9gi K\u00f3rh\u00e1z","article_published_time":"2019-06-03T06:23:57+00:00","article_modified_time":"2022-03-02T08:11:11+00:00","twitter_card":"summary_large_image","twitter_misc":{"Szerz\u0151:":"Milik Szil\u00e1rd","Becs\u00fclt olvas\u00e1si id\u0151":"3 perc"},"schema":{"@context":"https:\/\/schema.org","@graph":[{"@type":"Organization","@id":"https:\/\/spitalmciuc.ro\/#organization","name":"Spitalul Jude\u0163ean de Urgen\u0163\u0103 Miercurea Ciuc","url":"https:\/\/spitalmciuc.ro\/","sameAs":[],"logo":{"@type":"ImageObject","@id":"https:\/\/spitalmciuc.ro\/#logo","inLanguage":"hu","url":"https:\/\/spitalmciuc.ro\/wp-content\/uploads\/2022\/02\/logo-spital-ro-60.jpg","contentUrl":"https:\/\/spitalmciuc.ro\/wp-content\/uploads\/2022\/02\/logo-spital-ro-60.jpg","width":198,"height":60,"caption":"Spitalul Jude\u0163ean de Urgen\u0163\u0103 Miercurea Ciuc"},"image":{"@id":"https:\/\/spitalmciuc.ro\/#logo"}},{"@type":"WebSite","@id":"https:\/\/spitalmciuc.ro\/#website","url":"https:\/\/spitalmciuc.ro\/","name":"Cs\u00edkszeredai Megyei S\u00fcrg\u0151ss\u00e9gi K\u00f3rh\u00e1z","description":"","publisher":{"@id":"https:\/\/spitalmciuc.ro\/#organization"},"potentialAction":[{"@type":"SearchAction","target":{"@type":"EntryPoint","urlTemplate":"https:\/\/spitalmciuc.ro\/?s={search_term_string}"},"query-input":"required name=search_term_string"}],"inLanguage":"hu"},{"@type":"WebPage","@id":"https:\/\/spitalmciuc.ro\/elvegeztek-az-elso-trombolizist-a-csikszeredai-megyei-suergossegi-korhazban\/#webpage","url":"https:\/\/spitalmciuc.ro\/elvegeztek-az-elso-trombolizist-a-csikszeredai-megyei-suergossegi-korhazban\/","name":"Elv\u00e9gezt\u00e9k az els\u0151 trombol\u00edzist\u00a0a Cs\u00edkszeredai Megyei S\u00fcrg\u0151ss\u00e9gi K\u00f3rh\u00e1zban - Cs\u00edkszeredai Megyei S\u00fcrg\u0151ss\u00e9gi K\u00f3rh\u00e1z","isPartOf":{"@id":"https:\/\/spitalmciuc.ro\/#website"},"datePublished":"2019-06-03T06:23:57+00:00","dateModified":"2022-03-02T08:11:11+00:00","breadcrumb":{"@id":"https:\/\/spitalmciuc.ro\/elvegeztek-az-elso-trombolizist-a-csikszeredai-megyei-suergossegi-korhazban\/#breadcrumb"},"inLanguage":"hu","potentialAction":[{"@type":"ReadAction","target":["https:\/\/spitalmciuc.ro\/elvegeztek-az-elso-trombolizist-a-csikszeredai-megyei-suergossegi-korhazban\/"]}]},{"@type":"BreadcrumbList","@id":"https:\/\/spitalmciuc.ro\/elvegeztek-az-elso-trombolizist-a-csikszeredai-megyei-suergossegi-korhazban\/#breadcrumb","itemListElement":[{"@type":"ListItem","position":1,"name":"Kezd\u0151lap","item":"https:\/\/spitalmciuc.ro\/hu\/"},{"@type":"ListItem","position":2,"name":"Elv\u00e9gezt\u00e9k az els\u0151 trombol\u00edzist\u00a0a Cs\u00edkszeredai Megyei S\u00fcrg\u0151ss\u00e9gi K\u00f3rh\u00e1zban"}]},{"@type":"Article","@id":"https:\/\/spitalmciuc.ro\/elvegeztek-az-elso-trombolizist-a-csikszeredai-megyei-suergossegi-korhazban\/#article","isPartOf":{"@id":"https:\/\/spitalmciuc.ro\/elvegeztek-az-elso-trombolizist-a-csikszeredai-megyei-suergossegi-korhazban\/#webpage"},"author":{"@id":"https:\/\/spitalmciuc.ro\/#\/schema\/person\/20ea297ab07e8f4d1689dfe252e34174"},"headline":"Elv\u00e9gezt\u00e9k az els\u0151 trombol\u00edzist\u00a0a Cs\u00edkszeredai Megyei S\u00fcrg\u0151ss\u00e9gi K\u00f3rh\u00e1zban","datePublished":"2019-06-03T06:23:57+00:00","dateModified":"2022-03-02T08:11:11+00:00","mainEntityOfPage":{"@id":"https:\/\/spitalmciuc.ro\/elvegeztek-az-elso-trombolizist-a-csikszeredai-megyei-suergossegi-korhazban\/#webpage"},"wordCount":532,"publisher":{"@id":"https:\/\/spitalmciuc.ro\/#organization"},"inLanguage":"hu"},{"@type":"Person","@id":"https:\/\/spitalmciuc.ro\/#\/schema\/person\/20ea297ab07e8f4d1689dfe252e34174","name":"Milik Szil\u00e1rd","url":"https:\/\/spitalmciuc.ro\/hu\/author\/szilard\/"}]}},"_links":{"self":[{"href":"https:\/\/spitalmciuc.ro\/hu\/wp-json\/wp\/v2\/posts\/4515"}],"collection":[{"href":"https:\/\/spitalmciuc.ro\/hu\/wp-json\/wp\/v2\/posts"}],"about":[{"href":"https:\/\/spitalmciuc.ro\/hu\/wp-json\/wp\/v2\/types\/post"}],"author":[{"embeddable":true,"href":"https:\/\/spitalmciuc.ro\/hu\/wp-json\/wp\/v2\/users\/11"}],"replies":[{"embeddable":true,"href":"https:\/\/spitalmciuc.ro\/hu\/wp-json\/wp\/v2\/comments?post=4515"}],"version-history":[{"count":1,"href":"https:\/\/spitalmciuc.ro\/hu\/wp-json\/wp\/v2\/posts\/4515\/revisions"}],"predecessor-version":[{"id":6631,"href":"https:\/\/spitalmciuc.ro\/hu\/wp-json\/wp\/v2\/posts\/4515\/revisions\/6631"}],"wp:attachment":[{"href":"https:\/\/spitalmciuc.ro\/hu\/wp-json\/wp\/v2\/media?parent=4515"}],"wp:term":[{"taxonomy":"category","embeddable":true,"href":"https:\/\/spitalmciuc.ro\/hu\/wp-json\/wp\/v2\/categories?post=4515"},{"taxonomy":"post_tag","embeddable":true,"href":"https:\/\/spitalmciuc.ro\/hu\/wp-json\/wp\/v2\/tags?post=4515"}],"curies":[{"name":"wp","href":"https:\/\/api.w.org\/{rel}","templated":true}]}}