{"id":21061,"date":"2026-09-01T14:11:45","date_gmt":"2026-09-01T11:11:45","guid":{"rendered":"https:\/\/spitalmciuc.ro\/?p=21061"},"modified":"2026-09-01T14:11:45","modified_gmt":"2026-09-01T11:11:45","slug":"allando-tajekoztatas-a-surgossegen","status":"publish","type":"post","link":"https:\/\/spitalmciuc.ro\/hu\/allando-tajekoztatas-a-surgossegen\/","title":{"rendered":"\u00c1lland\u00f3 t\u00e1j\u00e9koztat\u00e1s a s\u00fcrg\u0151ss\u00e9gen"},"content":{"rendered":"<p><strong>P\u00e1cienseink \u00e9s hozz\u00e1tartoz\u00f3ik val\u00f3s idej\u0171 \u00e9s hat\u00e9kony t\u00e1j\u00e9koztat\u00e1s\u00e1t seg\u00edti el\u0151 az a k\u00e9perny\u0151, amit a k\u00f3rh\u00e1zban m\u0171k\u00f6d\u0151 S\u00fcrg\u0151ss\u00e9gi Betegell\u00e1t\u00f3 Egys\u00e9gben szerelt\u00fcnk fel, \u00e9s amelyen a p\u00e1ciensek ell\u00e1t\u00e1s\u00e1nak a folyamata k\u00f6vethet\u0151. <\/strong><\/p>\n<p>&nbsp;<\/p>\n<p>A bej\u00e1rati ajt\u00f3 mellett felszerelt k\u00e9perny\u0151n a p\u00e1ciensek \u00e9s a hozz\u00e1tartoz\u00f3k l\u00e1thatj\u00e1k, hogy a beteget h\u00e1ny \u00f3rakor vett\u00e9k fel az oszt\u00e1lyra, mikor vizsg\u00e1lt\u00e1k meg, milyen ell\u00e1t\u00e1si szintbe sorolt\u00e1k be, mi az ell\u00e1t\u00e1s aktu\u00e1lis helyzete, ki az orvosa, mikor k\u00e9rtek laborat\u00f3riumi vizsg\u00e1latokat, illetve k\u00e9palkot\u00f3 vizsg\u00e1latokat sz\u00e1m\u00e1ra. A szem\u00e9lyis\u00e9gi jogok v\u00e9delme \u00e9rdek\u00e9ben a kivet\u00edt\u0151n csak a p\u00e1ciens nev\u00e9nek a kezd\u0151bet\u0171je olvashat\u00f3.<\/p>\n<p>A k\u00e9perny\u0151 a k\u00f3rh\u00e1zi informatikai rendszer adatait tov\u00e1bb\u00edtja a p\u00e1ciensek \u00e9s a hozz\u00e1tartoz\u00f3k sz\u00e1m\u00e1ra, \u00e9s egy ugyanilyen tal\u00e1lhat\u00f3 a s\u00fcrg\u0151ss\u00e9gi oszt\u00e1ly orvosi szob\u00e1j\u00e1ban is, az ell\u00e1t\u00e1s menet\u00e9nek a k\u00f6vet\u00e9se \u00e9rdek\u00e9ben.<\/p>\n","protected":false},"excerpt":{"rendered":"<p>P\u00e1cienseink \u00e9s hozz\u00e1tartoz\u00f3ik val\u00f3s idej\u0171 \u00e9s hat\u00e9kony t\u00e1j\u00e9koztat\u00e1s\u00e1t seg\u00edti el\u0151 az a k\u00e9perny\u0151, amit a k\u00f3rh\u00e1zban m\u0171k\u00f6d\u0151 S\u00fcrg\u0151ss\u00e9gi Betegell\u00e1t\u00f3 Egys\u00e9gben szerelt\u00fcnk fel, \u00e9s amelyen a p\u00e1ciensek ell\u00e1t\u00e1s\u00e1nak a folyamata k\u00f6vethet\u0151. &nbsp; A bej\u00e1rati ajt\u00f3 mellett felszerelt k\u00e9perny\u0151n a p\u00e1ciensek \u00e9s a hozz\u00e1tartoz\u00f3k l\u00e1thatj\u00e1k, hogy a beteget h\u00e1ny \u00f3rakor vett\u00e9k fel az oszt\u00e1lyra, mikor vizsg\u00e1lt\u00e1k meg,&hellip;<\/p>\n","protected":false},"author":11,"featured_media":21062,"comment_status":"closed","ping_status":"open","sticky":false,"template":"","format":"standard","meta":[],"categories":[28],"tags":[],"yoast_head":"<!-- This site is optimized with the Yoast SEO plugin v18.3 - https:\/\/yoast.com\/wordpress\/plugins\/seo\/ -->\n<title>\u00c1lland\u00f3 t\u00e1j\u00e9koztat\u00e1s a s\u00fcrg\u0151ss\u00e9gen - Cs\u00edkszeredai Megyei S\u00fcrg\u0151ss\u00e9gi K\u00f3rh\u00e1z<\/title>\n<meta name=\"robots\" content=\"index, follow, max-snippet:-1, max-image-preview:large, max-video-preview:-1\" \/>\n<link rel=\"canonical\" href=\"https:\/\/spitalmciuc.ro\/hu\/allando-tajekoztatas-a-surgossegen\/\" \/>\n<meta property=\"og:locale\" content=\"hu_HU\" \/>\n<meta property=\"og:type\" content=\"article\" \/>\n<meta property=\"og:title\" content=\"\u00c1lland\u00f3 t\u00e1j\u00e9koztat\u00e1s a s\u00fcrg\u0151ss\u00e9gen - Cs\u00edkszeredai Megyei S\u00fcrg\u0151ss\u00e9gi K\u00f3rh\u00e1z\" \/>\n<meta property=\"og:description\" content=\"P\u00e1cienseink \u00e9s hozz\u00e1tartoz\u00f3ik val\u00f3s idej\u0171 \u00e9s hat\u00e9kony t\u00e1j\u00e9koztat\u00e1s\u00e1t seg\u00edti el\u0151 az a k\u00e9perny\u0151, amit a k\u00f3rh\u00e1zban m\u0171k\u00f6d\u0151 S\u00fcrg\u0151ss\u00e9gi Betegell\u00e1t\u00f3 Egys\u00e9gben szerelt\u00fcnk fel, \u00e9s amelyen a p\u00e1ciensek ell\u00e1t\u00e1s\u00e1nak a folyamata k\u00f6vethet\u0151. &nbsp; A bej\u00e1rati ajt\u00f3 mellett felszerelt k\u00e9perny\u0151n a p\u00e1ciensek \u00e9s a hozz\u00e1tartoz\u00f3k l\u00e1thatj\u00e1k, hogy a beteget h\u00e1ny \u00f3rakor vett\u00e9k fel az oszt\u00e1lyra, mikor vizsg\u00e1lt\u00e1k meg,&hellip;\" \/>\n<meta property=\"og:url\" content=\"https:\/\/spitalmciuc.ro\/hu\/allando-tajekoztatas-a-surgossegen\/\" \/>\n<meta property=\"og:site_name\" content=\"Cs\u00edkszeredai Megyei S\u00fcrg\u0151ss\u00e9gi K\u00f3rh\u00e1z\" \/>\n<meta property=\"article:published_time\" content=\"2026-09-01T11:11:45+00:00\" \/>\n<meta property=\"og:image\" content=\"https:\/\/spitalmciuc.ro\/wp-content\/uploads\/2026\/09\/WhatsApp-Image-2026-08-19-at-12.33.30-1.jpeg\" \/>\n\t<meta property=\"og:image:width\" content=\"1600\" \/>\n\t<meta property=\"og:image:height\" content=\"1200\" \/>\n\t<meta property=\"og:image:type\" content=\"image\/jpeg\" \/>\n<meta name=\"twitter:card\" content=\"summary_large_image\" \/>\n<meta name=\"twitter:label1\" content=\"Szerz\u0151:\" \/>\n\t<meta name=\"twitter:data1\" content=\"Milik Szil\u00e1rd\" \/>\n\t<meta name=\"twitter:label2\" content=\"Becs\u00fclt olvas\u00e1si id\u0151\" \/>\n\t<meta name=\"twitter:data2\" content=\"1 perc\" \/>\n<script type=\"application\/ld+json\" class=\"yoast-schema-graph\">{\"@context\":\"https:\/\/schema.org\",\"@graph\":[{\"@type\":\"Organization\",\"@id\":\"https:\/\/spitalmciuc.ro\/#organization\",\"name\":\"Spitalul Jude\u0163ean de Urgen\u0163\u0103 Miercurea Ciuc\",\"url\":\"https:\/\/spitalmciuc.ro\/\",\"sameAs\":[],\"logo\":{\"@type\":\"ImageObject\",\"@id\":\"https:\/\/spitalmciuc.ro\/#logo\",\"inLanguage\":\"hu\",\"url\":\"https:\/\/spitalmciuc.ro\/wp-content\/uploads\/2022\/02\/logo-spital-ro-60.jpg\",\"contentUrl\":\"https:\/\/spitalmciuc.ro\/wp-content\/uploads\/2022\/02\/logo-spital-ro-60.jpg\",\"width\":198,\"height\":60,\"caption\":\"Spitalul Jude\u0163ean de Urgen\u0163\u0103 Miercurea Ciuc\"},\"image\":{\"@id\":\"https:\/\/spitalmciuc.ro\/#logo\"}},{\"@type\":\"WebSite\",\"@id\":\"https:\/\/spitalmciuc.ro\/#website\",\"url\":\"https:\/\/spitalmciuc.ro\/\",\"name\":\"Cs\u00edkszeredai Megyei S\u00fcrg\u0151ss\u00e9gi K\u00f3rh\u00e1z\",\"description\":\"\",\"publisher\":{\"@id\":\"https:\/\/spitalmciuc.ro\/#organization\"},\"potentialAction\":[{\"@type\":\"SearchAction\",\"target\":{\"@type\":\"EntryPoint\",\"urlTemplate\":\"https:\/\/spitalmciuc.ro\/?s={search_term_string}\"},\"query-input\":\"required name=search_term_string\"}],\"inLanguage\":\"hu\"},{\"@type\":\"ImageObject\",\"@id\":\"https:\/\/spitalmciuc.ro\/hu\/allando-tajekoztatas-a-surgossegen\/#primaryimage\",\"inLanguage\":\"hu\",\"url\":\"https:\/\/spitalmciuc.ro\/wp-content\/uploads\/2026\/09\/WhatsApp-Image-2026-08-19-at-12.33.30-1.jpeg\",\"contentUrl\":\"https:\/\/spitalmciuc.ro\/wp-content\/uploads\/2026\/09\/WhatsApp-Image-2026-08-19-at-12.33.30-1.jpeg\",\"width\":1600,\"height\":1200},{\"@type\":\"WebPage\",\"@id\":\"https:\/\/spitalmciuc.ro\/hu\/allando-tajekoztatas-a-surgossegen\/#webpage\",\"url\":\"https:\/\/spitalmciuc.ro\/hu\/allando-tajekoztatas-a-surgossegen\/\",\"name\":\"\u00c1lland\u00f3 t\u00e1j\u00e9koztat\u00e1s a s\u00fcrg\u0151ss\u00e9gen - Cs\u00edkszeredai Megyei S\u00fcrg\u0151ss\u00e9gi K\u00f3rh\u00e1z\",\"isPartOf\":{\"@id\":\"https:\/\/spitalmciuc.ro\/#website\"},\"primaryImageOfPage\":{\"@id\":\"https:\/\/spitalmciuc.ro\/hu\/allando-tajekoztatas-a-surgossegen\/#primaryimage\"},\"datePublished\":\"2026-09-01T11:11:45+00:00\",\"dateModified\":\"2026-09-01T11:11:45+00:00\",\"breadcrumb\":{\"@id\":\"https:\/\/spitalmciuc.ro\/hu\/allando-tajekoztatas-a-surgossegen\/#breadcrumb\"},\"inLanguage\":\"hu\",\"potentialAction\":[{\"@type\":\"ReadAction\",\"target\":[\"https:\/\/spitalmciuc.ro\/hu\/allando-tajekoztatas-a-surgossegen\/\"]}]},{\"@type\":\"BreadcrumbList\",\"@id\":\"https:\/\/spitalmciuc.ro\/hu\/allando-tajekoztatas-a-surgossegen\/#breadcrumb\",\"itemListElement\":[{\"@type\":\"ListItem\",\"position\":1,\"name\":\"Kezd\u0151lap\",\"item\":\"https:\/\/spitalmciuc.ro\/hu\/\"},{\"@type\":\"ListItem\",\"position\":2,\"name\":\"\u00c1lland\u00f3 t\u00e1j\u00e9koztat\u00e1s a s\u00fcrg\u0151ss\u00e9gen\"}]},{\"@type\":\"Article\",\"@id\":\"https:\/\/spitalmciuc.ro\/hu\/allando-tajekoztatas-a-surgossegen\/#article\",\"isPartOf\":{\"@id\":\"https:\/\/spitalmciuc.ro\/hu\/allando-tajekoztatas-a-surgossegen\/#webpage\"},\"author\":{\"@id\":\"https:\/\/spitalmciuc.ro\/#\/schema\/person\/20ea297ab07e8f4d1689dfe252e34174\"},\"headline\":\"\u00c1lland\u00f3 t\u00e1j\u00e9koztat\u00e1s a s\u00fcrg\u0151ss\u00e9gen\",\"datePublished\":\"2026-09-01T11:11:45+00:00\",\"dateModified\":\"2026-09-01T11:11:45+00:00\",\"mainEntityOfPage\":{\"@id\":\"https:\/\/spitalmciuc.ro\/hu\/allando-tajekoztatas-a-surgossegen\/#webpage\"},\"wordCount\":215,\"publisher\":{\"@id\":\"https:\/\/spitalmciuc.ro\/#organization\"},\"image\":{\"@id\":\"https:\/\/spitalmciuc.ro\/hu\/allando-tajekoztatas-a-surgossegen\/#primaryimage\"},\"thumbnailUrl\":\"https:\/\/spitalmciuc.ro\/wp-content\/uploads\/2026\/09\/WhatsApp-Image-2026-08-19-at-12.33.30-1.jpeg\",\"articleSection\":[\"H\u00edrek\"],\"inLanguage\":\"hu\"},{\"@type\":\"Person\",\"@id\":\"https:\/\/spitalmciuc.ro\/#\/schema\/person\/20ea297ab07e8f4d1689dfe252e34174\",\"name\":\"Milik Szil\u00e1rd\",\"url\":\"https:\/\/spitalmciuc.ro\/hu\/author\/szilard\/\"}]}<\/script>\n<!-- \/ Yoast SEO plugin. -->","yoast_head_json":{"title":"\u00c1lland\u00f3 t\u00e1j\u00e9koztat\u00e1s a s\u00fcrg\u0151ss\u00e9gen - Cs\u00edkszeredai Megyei S\u00fcrg\u0151ss\u00e9gi K\u00f3rh\u00e1z","robots":{"index":"index","follow":"follow","max-snippet":"max-snippet:-1","max-image-preview":"max-image-preview:large","max-video-preview":"max-video-preview:-1"},"canonical":"https:\/\/spitalmciuc.ro\/hu\/allando-tajekoztatas-a-surgossegen\/","og_locale":"hu_HU","og_type":"article","og_title":"\u00c1lland\u00f3 t\u00e1j\u00e9koztat\u00e1s a s\u00fcrg\u0151ss\u00e9gen - Cs\u00edkszeredai Megyei S\u00fcrg\u0151ss\u00e9gi K\u00f3rh\u00e1z","og_description":"P\u00e1cienseink \u00e9s hozz\u00e1tartoz\u00f3ik val\u00f3s idej\u0171 \u00e9s hat\u00e9kony t\u00e1j\u00e9koztat\u00e1s\u00e1t seg\u00edti el\u0151 az a k\u00e9perny\u0151, amit a k\u00f3rh\u00e1zban m\u0171k\u00f6d\u0151 S\u00fcrg\u0151ss\u00e9gi Betegell\u00e1t\u00f3 Egys\u00e9gben szerelt\u00fcnk fel, \u00e9s amelyen a p\u00e1ciensek ell\u00e1t\u00e1s\u00e1nak a folyamata k\u00f6vethet\u0151. &nbsp; A bej\u00e1rati ajt\u00f3 mellett felszerelt k\u00e9perny\u0151n a p\u00e1ciensek \u00e9s a hozz\u00e1tartoz\u00f3k l\u00e1thatj\u00e1k, hogy a beteget h\u00e1ny \u00f3rakor vett\u00e9k fel az oszt\u00e1lyra, mikor vizsg\u00e1lt\u00e1k meg,&hellip;","og_url":"https:\/\/spitalmciuc.ro\/hu\/allando-tajekoztatas-a-surgossegen\/","og_site_name":"Cs\u00edkszeredai Megyei S\u00fcrg\u0151ss\u00e9gi K\u00f3rh\u00e1z","article_published_time":"2026-09-01T11:11:45+00:00","og_image":[{"width":1600,"height":1200,"url":"https:\/\/spitalmciuc.ro\/wp-content\/uploads\/2026\/09\/WhatsApp-Image-2026-08-19-at-12.33.30-1.jpeg","type":"image\/jpeg"}],"twitter_card":"summary_large_image","twitter_misc":{"Szerz\u0151:":"Milik Szil\u00e1rd","Becs\u00fclt olvas\u00e1si id\u0151":"1 perc"},"schema":{"@context":"https:\/\/schema.org","@graph":[{"@type":"Organization","@id":"https:\/\/spitalmciuc.ro\/#organization","name":"Spitalul Jude\u0163ean de Urgen\u0163\u0103 Miercurea Ciuc","url":"https:\/\/spitalmciuc.ro\/","sameAs":[],"logo":{"@type":"ImageObject","@id":"https:\/\/spitalmciuc.ro\/#logo","inLanguage":"hu","url":"https:\/\/spitalmciuc.ro\/wp-content\/uploads\/2022\/02\/logo-spital-ro-60.jpg","contentUrl":"https:\/\/spitalmciuc.ro\/wp-content\/uploads\/2022\/02\/logo-spital-ro-60.jpg","width":198,"height":60,"caption":"Spitalul Jude\u0163ean de Urgen\u0163\u0103 Miercurea Ciuc"},"image":{"@id":"https:\/\/spitalmciuc.ro\/#logo"}},{"@type":"WebSite","@id":"https:\/\/spitalmciuc.ro\/#website","url":"https:\/\/spitalmciuc.ro\/","name":"Cs\u00edkszeredai Megyei S\u00fcrg\u0151ss\u00e9gi K\u00f3rh\u00e1z","description":"","publisher":{"@id":"https:\/\/spitalmciuc.ro\/#organization"},"potentialAction":[{"@type":"SearchAction","target":{"@type":"EntryPoint","urlTemplate":"https:\/\/spitalmciuc.ro\/?s={search_term_string}"},"query-input":"required name=search_term_string"}],"inLanguage":"hu"},{"@type":"ImageObject","@id":"https:\/\/spitalmciuc.ro\/hu\/allando-tajekoztatas-a-surgossegen\/#primaryimage","inLanguage":"hu","url":"https:\/\/spitalmciuc.ro\/wp-content\/uploads\/2026\/09\/WhatsApp-Image-2026-08-19-at-12.33.30-1.jpeg","contentUrl":"https:\/\/spitalmciuc.ro\/wp-content\/uploads\/2026\/09\/WhatsApp-Image-2026-08-19-at-12.33.30-1.jpeg","width":1600,"height":1200},{"@type":"WebPage","@id":"https:\/\/spitalmciuc.ro\/hu\/allando-tajekoztatas-a-surgossegen\/#webpage","url":"https:\/\/spitalmciuc.ro\/hu\/allando-tajekoztatas-a-surgossegen\/","name":"\u00c1lland\u00f3 t\u00e1j\u00e9koztat\u00e1s a s\u00fcrg\u0151ss\u00e9gen - Cs\u00edkszeredai Megyei S\u00fcrg\u0151ss\u00e9gi K\u00f3rh\u00e1z","isPartOf":{"@id":"https:\/\/spitalmciuc.ro\/#website"},"primaryImageOfPage":{"@id":"https:\/\/spitalmciuc.ro\/hu\/allando-tajekoztatas-a-surgossegen\/#primaryimage"},"datePublished":"2026-09-01T11:11:45+00:00","dateModified":"2026-09-01T11:11:45+00:00","breadcrumb":{"@id":"https:\/\/spitalmciuc.ro\/hu\/allando-tajekoztatas-a-surgossegen\/#breadcrumb"},"inLanguage":"hu","potentialAction":[{"@type":"ReadAction","target":["https:\/\/spitalmciuc.ro\/hu\/allando-tajekoztatas-a-surgossegen\/"]}]},{"@type":"BreadcrumbList","@id":"https:\/\/spitalmciuc.ro\/hu\/allando-tajekoztatas-a-surgossegen\/#breadcrumb","itemListElement":[{"@type":"ListItem","position":1,"name":"Kezd\u0151lap","item":"https:\/\/spitalmciuc.ro\/hu\/"},{"@type":"ListItem","position":2,"name":"\u00c1lland\u00f3 t\u00e1j\u00e9koztat\u00e1s a s\u00fcrg\u0151ss\u00e9gen"}]},{"@type":"Article","@id":"https:\/\/spitalmciuc.ro\/hu\/allando-tajekoztatas-a-surgossegen\/#article","isPartOf":{"@id":"https:\/\/spitalmciuc.ro\/hu\/allando-tajekoztatas-a-surgossegen\/#webpage"},"author":{"@id":"https:\/\/spitalmciuc.ro\/#\/schema\/person\/20ea297ab07e8f4d1689dfe252e34174"},"headline":"\u00c1lland\u00f3 t\u00e1j\u00e9koztat\u00e1s a s\u00fcrg\u0151ss\u00e9gen","datePublished":"2026-09-01T11:11:45+00:00","dateModified":"2026-09-01T11:11:45+00:00","mainEntityOfPage":{"@id":"https:\/\/spitalmciuc.ro\/hu\/allando-tajekoztatas-a-surgossegen\/#webpage"},"wordCount":215,"publisher":{"@id":"https:\/\/spitalmciuc.ro\/#organization"},"image":{"@id":"https:\/\/spitalmciuc.ro\/hu\/allando-tajekoztatas-a-surgossegen\/#primaryimage"},"thumbnailUrl":"https:\/\/spitalmciuc.ro\/wp-content\/uploads\/2026\/09\/WhatsApp-Image-2026-08-19-at-12.33.30-1.jpeg","articleSection":["H\u00edrek"],"inLanguage":"hu"},{"@type":"Person","@id":"https:\/\/spitalmciuc.ro\/#\/schema\/person\/20ea297ab07e8f4d1689dfe252e34174","name":"Milik Szil\u00e1rd","url":"https:\/\/spitalmciuc.ro\/hu\/author\/szilard\/"}]}},"_links":{"self":[{"href":"https:\/\/spitalmciuc.ro\/hu\/wp-json\/wp\/v2\/posts\/21061"}],"collection":[{"href":"https:\/\/spitalmciuc.ro\/hu\/wp-json\/wp\/v2\/posts"}],"about":[{"href":"https:\/\/spitalmciuc.ro\/hu\/wp-json\/wp\/v2\/types\/post"}],"author":[{"embeddable":true,"href":"https:\/\/spitalmciuc.ro\/hu\/wp-json\/wp\/v2\/users\/11"}],"replies":[{"embeddable":true,"href":"https:\/\/spitalmciuc.ro\/hu\/wp-json\/wp\/v2\/comments?post=21061"}],"version-history":[{"count":1,"href":"https:\/\/spitalmciuc.ro\/hu\/wp-json\/wp\/v2\/posts\/21061\/revisions"}],"predecessor-version":[{"id":21064,"href":"https:\/\/spitalmciuc.ro\/hu\/wp-json\/wp\/v2\/posts\/21061\/revisions\/21064"}],"wp:featuredmedia":[{"embeddable":true,"href":"https:\/\/spitalmciuc.ro\/hu\/wp-json\/wp\/v2\/media\/21062"}],"wp:attachment":[{"href":"https:\/\/spitalmciuc.ro\/hu\/wp-json\/wp\/v2\/media?parent=21061"}],"wp:term":[{"taxonomy":"category","embeddable":true,"href":"https:\/\/spitalmciuc.ro\/hu\/wp-json\/wp\/v2\/categories?post=21061"},{"taxonomy":"post_tag","embeddable":true,"href":"https:\/\/spitalmciuc.ro\/hu\/wp-json\/wp\/v2\/tags?post=21061"}],"curies":[{"name":"wp","href":"https:\/\/api.w.org\/{rel}","templated":true}]}}