{"id":15814,"date":"2025-02-04T10:53:11","date_gmt":"2025-02-04T07:53:11","guid":{"rendered":"https:\/\/spitalmciuc.ro\/?p=15814"},"modified":"2025-02-04T10:54:41","modified_gmt":"2025-02-04T07:54:41","slug":"rakellenes2025","status":"publish","type":"post","link":"https:\/\/spitalmciuc.ro\/hu\/rakellenes2025\/","title":{"rendered":"R\u00e1kellenes vil\u00e1gnap 2025: \u00e9rdemes letenni a cigarett\u00e1t!"},"content":{"rendered":"<p>[vc_row][vc_column][vc_column_text]A daganatos megbeteged\u00e9sekkel k\u00fczd\u0151k sz\u00e1ma \u00e9vr\u0151l \u00e9vre emelkedik, k\u00f3rh\u00e1zunkban tavaly 508 \u00faj esetet regisztr\u00e1ltak. Kiemelked\u0151en magas a t\u00fcd\u0151r\u00e1kos esetek sz\u00e1ma. Az al\u00e1bbi vide\u00f3ban err\u0151l oszt meg inform\u00e1ci\u00f3kat Dr. Adrian-Cristian Dobric\u0103 mellkasseb\u00e9sz f\u0151orvos.<\/p>\n<p>A Cs\u00edkszeredai Megyei S\u00fcrg\u0151ss\u00e9gi K\u00f3rh\u00e1z onkol\u00f3giai oszt\u00e1ly\u00e1n 2024-ben 1723 k\u00f3rh\u00e1zi beutal\u00e1s volt, tov\u00e1bbi 1736 p\u00e1cienst napos bennfekv\u00e9s keret\u00e9ben l\u00e1ttak el. A j\u00e1r\u00f3betegrendel\u0151ben 4891 konzult\u00e1ci\u00f3 zajlott le.<\/p>\n<p>A k\u00f3rh\u00e1z onkol\u00f3gus orvosai szerint a leggyakoribb daganatt\u00edpusok n\u0151kn\u00e9l a mellr\u00e1k, f\u00e9rfiakn\u00e1l a t\u00fcd\u0151r\u00e1k, illetve a prosztatar\u00e1k, illetve mindk\u00e9t nem tekintet\u00e9ben gyakori az el\u0151fordul\u00e1sa a vastagb\u00e9lr\u00e1knak.<\/p>\n<p>Febru\u00e1r 4-e a R\u00e1kellenes Vil\u00e1gnap. Dr. Adrian-Cristian Dobric\u0103, k\u00f3rh\u00e1zunk mellkasseb\u00e9sz f\u0151orvosa ez alkalommal a t\u00fcd\u0151r\u00e1kr\u00f3l besz\u00e9l az al\u00e1bbi vide\u00f3ban. Mint r\u00e1mutat, nagyon kev\u00e9s az olyan t\u00fcd\u0151r\u00e1kos eset, amely nincs \u00f6sszef\u00fcgg\u00e9sben a cigarett\u00e1z\u00e1ssal, ez\u00e9rt az els\u0151 l\u00e9p\u00e9s a megel\u0151z\u00e9s \u00e9rdek\u00e9ben a doh\u00e1nyz\u00e1sr\u00f3l val\u00f3 leszok\u00e1s.<\/p>\n<p>\u00c9rdemes tenni a megel\u0151z\u00e9s\u00e9rt, \u00e9rdemes letenni a cigarett\u00e1t!<\/p>\n<p>[\/vc_column_text][\/vc_column][\/vc_row][vc_row][vc_column][vc_video link=&#8221;https:\/\/youtu.be\/TlKOWjN50mw?si=0VEUH66Nuz8cghs7&#8243;][\/vc_column][\/vc_row]<\/p>\n","protected":false},"excerpt":{"rendered":"<p>[vc_row][vc_column][vc_column_text]A daganatos megbeteged\u00e9sekkel k\u00fczd\u0151k sz\u00e1ma \u00e9vr\u0151l \u00e9vre emelkedik, k\u00f3rh\u00e1zunkban tavaly 508 \u00faj esetet regisztr\u00e1ltak. Kiemelked\u0151en magas a t\u00fcd\u0151r\u00e1kos esetek sz\u00e1ma. Az al\u00e1bbi vide\u00f3ban err\u0151l oszt meg inform\u00e1ci\u00f3kat Dr. Adrian-Cristian Dobric\u0103 mellkasseb\u00e9sz f\u0151orvos. A Cs\u00edkszeredai Megyei S\u00fcrg\u0151ss\u00e9gi K\u00f3rh\u00e1z onkol\u00f3giai oszt\u00e1ly\u00e1n 2024-ben 1723 k\u00f3rh\u00e1zi beutal\u00e1s volt, tov\u00e1bbi 1736 p\u00e1cienst napos bennfekv\u00e9s keret\u00e9ben l\u00e1ttak el. A j\u00e1r\u00f3betegrendel\u0151ben 4891&hellip;<\/p>\n","protected":false},"author":11,"featured_media":0,"comment_status":"closed","ping_status":"open","sticky":false,"template":"","format":"standard","meta":[],"categories":[1],"tags":[],"yoast_head":"<!-- This site is optimized with the Yoast SEO plugin v18.3 - https:\/\/yoast.com\/wordpress\/plugins\/seo\/ -->\n<title>R\u00e1kellenes vil\u00e1gnap 2025: \u00e9rdemes letenni a cigarett\u00e1t! - Cs\u00edkszeredai Megyei S\u00fcrg\u0151ss\u00e9gi K\u00f3rh\u00e1z<\/title>\n<meta name=\"robots\" content=\"index, follow, max-snippet:-1, max-image-preview:large, max-video-preview:-1\" \/>\n<link rel=\"canonical\" href=\"https:\/\/spitalmciuc.ro\/hu\/rakellenes2025\/\" \/>\n<meta property=\"og:locale\" content=\"hu_HU\" \/>\n<meta property=\"og:type\" content=\"article\" \/>\n<meta property=\"og:title\" content=\"R\u00e1kellenes vil\u00e1gnap 2025: \u00e9rdemes letenni a cigarett\u00e1t! - Cs\u00edkszeredai Megyei S\u00fcrg\u0151ss\u00e9gi K\u00f3rh\u00e1z\" \/>\n<meta property=\"og:description\" content=\"[vc_row][vc_column][vc_column_text]A daganatos megbeteged\u00e9sekkel k\u00fczd\u0151k sz\u00e1ma \u00e9vr\u0151l \u00e9vre emelkedik, k\u00f3rh\u00e1zunkban tavaly 508 \u00faj esetet regisztr\u00e1ltak. Kiemelked\u0151en magas a t\u00fcd\u0151r\u00e1kos esetek sz\u00e1ma. Az al\u00e1bbi vide\u00f3ban err\u0151l oszt meg inform\u00e1ci\u00f3kat Dr. Adrian-Cristian Dobric\u0103 mellkasseb\u00e9sz f\u0151orvos. A Cs\u00edkszeredai Megyei S\u00fcrg\u0151ss\u00e9gi K\u00f3rh\u00e1z onkol\u00f3giai oszt\u00e1ly\u00e1n 2024-ben 1723 k\u00f3rh\u00e1zi beutal\u00e1s volt, tov\u00e1bbi 1736 p\u00e1cienst napos bennfekv\u00e9s keret\u00e9ben l\u00e1ttak el. A j\u00e1r\u00f3betegrendel\u0151ben 4891&hellip;\" \/>\n<meta property=\"og:url\" content=\"https:\/\/spitalmciuc.ro\/hu\/rakellenes2025\/\" \/>\n<meta property=\"og:site_name\" content=\"Cs\u00edkszeredai Megyei S\u00fcrg\u0151ss\u00e9gi K\u00f3rh\u00e1z\" \/>\n<meta property=\"article:published_time\" content=\"2025-02-04T07:53:11+00:00\" \/>\n<meta property=\"article:modified_time\" content=\"2025-02-04T07:54:41+00:00\" \/>\n<meta name=\"twitter:card\" content=\"summary_large_image\" \/>\n<meta name=\"twitter:label1\" content=\"Szerz\u0151:\" \/>\n\t<meta name=\"twitter:data1\" content=\"Milik Szil\u00e1rd\" \/>\n\t<meta name=\"twitter:label2\" content=\"Becs\u00fclt olvas\u00e1si id\u0151\" \/>\n\t<meta name=\"twitter:data2\" content=\"1 perc\" \/>\n<script type=\"application\/ld+json\" class=\"yoast-schema-graph\">{\"@context\":\"https:\/\/schema.org\",\"@graph\":[{\"@type\":\"Organization\",\"@id\":\"https:\/\/spitalmciuc.ro\/#organization\",\"name\":\"Spitalul Jude\u0163ean de Urgen\u0163\u0103 Miercurea Ciuc\",\"url\":\"https:\/\/spitalmciuc.ro\/\",\"sameAs\":[],\"logo\":{\"@type\":\"ImageObject\",\"@id\":\"https:\/\/spitalmciuc.ro\/#logo\",\"inLanguage\":\"hu\",\"url\":\"https:\/\/spitalmciuc.ro\/wp-content\/uploads\/2022\/02\/logo-spital-ro-60.jpg\",\"contentUrl\":\"https:\/\/spitalmciuc.ro\/wp-content\/uploads\/2022\/02\/logo-spital-ro-60.jpg\",\"width\":198,\"height\":60,\"caption\":\"Spitalul Jude\u0163ean de Urgen\u0163\u0103 Miercurea Ciuc\"},\"image\":{\"@id\":\"https:\/\/spitalmciuc.ro\/#logo\"}},{\"@type\":\"WebSite\",\"@id\":\"https:\/\/spitalmciuc.ro\/#website\",\"url\":\"https:\/\/spitalmciuc.ro\/\",\"name\":\"Cs\u00edkszeredai Megyei S\u00fcrg\u0151ss\u00e9gi K\u00f3rh\u00e1z\",\"description\":\"\",\"publisher\":{\"@id\":\"https:\/\/spitalmciuc.ro\/#organization\"},\"potentialAction\":[{\"@type\":\"SearchAction\",\"target\":{\"@type\":\"EntryPoint\",\"urlTemplate\":\"https:\/\/spitalmciuc.ro\/?s={search_term_string}\"},\"query-input\":\"required name=search_term_string\"}],\"inLanguage\":\"hu\"},{\"@type\":\"WebPage\",\"@id\":\"https:\/\/spitalmciuc.ro\/hu\/rakellenes2025\/#webpage\",\"url\":\"https:\/\/spitalmciuc.ro\/hu\/rakellenes2025\/\",\"name\":\"R\u00e1kellenes vil\u00e1gnap 2025: \u00e9rdemes letenni a cigarett\u00e1t! - Cs\u00edkszeredai Megyei S\u00fcrg\u0151ss\u00e9gi K\u00f3rh\u00e1z\",\"isPartOf\":{\"@id\":\"https:\/\/spitalmciuc.ro\/#website\"},\"datePublished\":\"2025-02-04T07:53:11+00:00\",\"dateModified\":\"2025-02-04T07:54:41+00:00\",\"breadcrumb\":{\"@id\":\"https:\/\/spitalmciuc.ro\/hu\/rakellenes2025\/#breadcrumb\"},\"inLanguage\":\"hu\",\"potentialAction\":[{\"@type\":\"ReadAction\",\"target\":[\"https:\/\/spitalmciuc.ro\/hu\/rakellenes2025\/\"]}]},{\"@type\":\"BreadcrumbList\",\"@id\":\"https:\/\/spitalmciuc.ro\/hu\/rakellenes2025\/#breadcrumb\",\"itemListElement\":[{\"@type\":\"ListItem\",\"position\":1,\"name\":\"Kezd\u0151lap\",\"item\":\"https:\/\/spitalmciuc.ro\/hu\/\"},{\"@type\":\"ListItem\",\"position\":2,\"name\":\"R\u00e1kellenes vil\u00e1gnap 2025: \u00e9rdemes letenni a cigarett\u00e1t!\"}]},{\"@type\":\"Article\",\"@id\":\"https:\/\/spitalmciuc.ro\/hu\/rakellenes2025\/#article\",\"isPartOf\":{\"@id\":\"https:\/\/spitalmciuc.ro\/hu\/rakellenes2025\/#webpage\"},\"author\":{\"@id\":\"https:\/\/spitalmciuc.ro\/#\/schema\/person\/20ea297ab07e8f4d1689dfe252e34174\"},\"headline\":\"R\u00e1kellenes vil\u00e1gnap 2025: \u00e9rdemes letenni a cigarett\u00e1t!\",\"datePublished\":\"2025-02-04T07:53:11+00:00\",\"dateModified\":\"2025-02-04T07:54:41+00:00\",\"mainEntityOfPage\":{\"@id\":\"https:\/\/spitalmciuc.ro\/hu\/rakellenes2025\/#webpage\"},\"wordCount\":271,\"publisher\":{\"@id\":\"https:\/\/spitalmciuc.ro\/#organization\"},\"articleSection\":[\"Uncategorized @hu\"],\"inLanguage\":\"hu\"},{\"@type\":\"Person\",\"@id\":\"https:\/\/spitalmciuc.ro\/#\/schema\/person\/20ea297ab07e8f4d1689dfe252e34174\",\"name\":\"Milik Szil\u00e1rd\",\"url\":\"https:\/\/spitalmciuc.ro\/hu\/author\/szilard\/\"}]}<\/script>\n<!-- \/ Yoast SEO plugin. -->","yoast_head_json":{"title":"R\u00e1kellenes vil\u00e1gnap 2025: \u00e9rdemes letenni a cigarett\u00e1t! - Cs\u00edkszeredai Megyei S\u00fcrg\u0151ss\u00e9gi K\u00f3rh\u00e1z","robots":{"index":"index","follow":"follow","max-snippet":"max-snippet:-1","max-image-preview":"max-image-preview:large","max-video-preview":"max-video-preview:-1"},"canonical":"https:\/\/spitalmciuc.ro\/hu\/rakellenes2025\/","og_locale":"hu_HU","og_type":"article","og_title":"R\u00e1kellenes vil\u00e1gnap 2025: \u00e9rdemes letenni a cigarett\u00e1t! - Cs\u00edkszeredai Megyei S\u00fcrg\u0151ss\u00e9gi K\u00f3rh\u00e1z","og_description":"[vc_row][vc_column][vc_column_text]A daganatos megbeteged\u00e9sekkel k\u00fczd\u0151k sz\u00e1ma \u00e9vr\u0151l \u00e9vre emelkedik, k\u00f3rh\u00e1zunkban tavaly 508 \u00faj esetet regisztr\u00e1ltak. Kiemelked\u0151en magas a t\u00fcd\u0151r\u00e1kos esetek sz\u00e1ma. Az al\u00e1bbi vide\u00f3ban err\u0151l oszt meg inform\u00e1ci\u00f3kat Dr. Adrian-Cristian Dobric\u0103 mellkasseb\u00e9sz f\u0151orvos. A Cs\u00edkszeredai Megyei S\u00fcrg\u0151ss\u00e9gi K\u00f3rh\u00e1z onkol\u00f3giai oszt\u00e1ly\u00e1n 2024-ben 1723 k\u00f3rh\u00e1zi beutal\u00e1s volt, tov\u00e1bbi 1736 p\u00e1cienst napos bennfekv\u00e9s keret\u00e9ben l\u00e1ttak el. A j\u00e1r\u00f3betegrendel\u0151ben 4891&hellip;","og_url":"https:\/\/spitalmciuc.ro\/hu\/rakellenes2025\/","og_site_name":"Cs\u00edkszeredai Megyei S\u00fcrg\u0151ss\u00e9gi K\u00f3rh\u00e1z","article_published_time":"2025-02-04T07:53:11+00:00","article_modified_time":"2025-02-04T07:54:41+00:00","twitter_card":"summary_large_image","twitter_misc":{"Szerz\u0151:":"Milik Szil\u00e1rd","Becs\u00fclt olvas\u00e1si id\u0151":"1 perc"},"schema":{"@context":"https:\/\/schema.org","@graph":[{"@type":"Organization","@id":"https:\/\/spitalmciuc.ro\/#organization","name":"Spitalul Jude\u0163ean de Urgen\u0163\u0103 Miercurea Ciuc","url":"https:\/\/spitalmciuc.ro\/","sameAs":[],"logo":{"@type":"ImageObject","@id":"https:\/\/spitalmciuc.ro\/#logo","inLanguage":"hu","url":"https:\/\/spitalmciuc.ro\/wp-content\/uploads\/2022\/02\/logo-spital-ro-60.jpg","contentUrl":"https:\/\/spitalmciuc.ro\/wp-content\/uploads\/2022\/02\/logo-spital-ro-60.jpg","width":198,"height":60,"caption":"Spitalul Jude\u0163ean de Urgen\u0163\u0103 Miercurea Ciuc"},"image":{"@id":"https:\/\/spitalmciuc.ro\/#logo"}},{"@type":"WebSite","@id":"https:\/\/spitalmciuc.ro\/#website","url":"https:\/\/spitalmciuc.ro\/","name":"Cs\u00edkszeredai Megyei S\u00fcrg\u0151ss\u00e9gi K\u00f3rh\u00e1z","description":"","publisher":{"@id":"https:\/\/spitalmciuc.ro\/#organization"},"potentialAction":[{"@type":"SearchAction","target":{"@type":"EntryPoint","urlTemplate":"https:\/\/spitalmciuc.ro\/?s={search_term_string}"},"query-input":"required name=search_term_string"}],"inLanguage":"hu"},{"@type":"WebPage","@id":"https:\/\/spitalmciuc.ro\/hu\/rakellenes2025\/#webpage","url":"https:\/\/spitalmciuc.ro\/hu\/rakellenes2025\/","name":"R\u00e1kellenes vil\u00e1gnap 2025: \u00e9rdemes letenni a cigarett\u00e1t! - Cs\u00edkszeredai Megyei S\u00fcrg\u0151ss\u00e9gi K\u00f3rh\u00e1z","isPartOf":{"@id":"https:\/\/spitalmciuc.ro\/#website"},"datePublished":"2025-02-04T07:53:11+00:00","dateModified":"2025-02-04T07:54:41+00:00","breadcrumb":{"@id":"https:\/\/spitalmciuc.ro\/hu\/rakellenes2025\/#breadcrumb"},"inLanguage":"hu","potentialAction":[{"@type":"ReadAction","target":["https:\/\/spitalmciuc.ro\/hu\/rakellenes2025\/"]}]},{"@type":"BreadcrumbList","@id":"https:\/\/spitalmciuc.ro\/hu\/rakellenes2025\/#breadcrumb","itemListElement":[{"@type":"ListItem","position":1,"name":"Kezd\u0151lap","item":"https:\/\/spitalmciuc.ro\/hu\/"},{"@type":"ListItem","position":2,"name":"R\u00e1kellenes vil\u00e1gnap 2025: \u00e9rdemes letenni a cigarett\u00e1t!"}]},{"@type":"Article","@id":"https:\/\/spitalmciuc.ro\/hu\/rakellenes2025\/#article","isPartOf":{"@id":"https:\/\/spitalmciuc.ro\/hu\/rakellenes2025\/#webpage"},"author":{"@id":"https:\/\/spitalmciuc.ro\/#\/schema\/person\/20ea297ab07e8f4d1689dfe252e34174"},"headline":"R\u00e1kellenes vil\u00e1gnap 2025: \u00e9rdemes letenni a cigarett\u00e1t!","datePublished":"2025-02-04T07:53:11+00:00","dateModified":"2025-02-04T07:54:41+00:00","mainEntityOfPage":{"@id":"https:\/\/spitalmciuc.ro\/hu\/rakellenes2025\/#webpage"},"wordCount":271,"publisher":{"@id":"https:\/\/spitalmciuc.ro\/#organization"},"articleSection":["Uncategorized @hu"],"inLanguage":"hu"},{"@type":"Person","@id":"https:\/\/spitalmciuc.ro\/#\/schema\/person\/20ea297ab07e8f4d1689dfe252e34174","name":"Milik Szil\u00e1rd","url":"https:\/\/spitalmciuc.ro\/hu\/author\/szilard\/"}]}},"_links":{"self":[{"href":"https:\/\/spitalmciuc.ro\/hu\/wp-json\/wp\/v2\/posts\/15814"}],"collection":[{"href":"https:\/\/spitalmciuc.ro\/hu\/wp-json\/wp\/v2\/posts"}],"about":[{"href":"https:\/\/spitalmciuc.ro\/hu\/wp-json\/wp\/v2\/types\/post"}],"author":[{"embeddable":true,"href":"https:\/\/spitalmciuc.ro\/hu\/wp-json\/wp\/v2\/users\/11"}],"replies":[{"embeddable":true,"href":"https:\/\/spitalmciuc.ro\/hu\/wp-json\/wp\/v2\/comments?post=15814"}],"version-history":[{"count":1,"href":"https:\/\/spitalmciuc.ro\/hu\/wp-json\/wp\/v2\/posts\/15814\/revisions"}],"predecessor-version":[{"id":15815,"href":"https:\/\/spitalmciuc.ro\/hu\/wp-json\/wp\/v2\/posts\/15814\/revisions\/15815"}],"wp:attachment":[{"href":"https:\/\/spitalmciuc.ro\/hu\/wp-json\/wp\/v2\/media?parent=15814"}],"wp:term":[{"taxonomy":"category","embeddable":true,"href":"https:\/\/spitalmciuc.ro\/hu\/wp-json\/wp\/v2\/categories?post=15814"},{"taxonomy":"post_tag","embeddable":true,"href":"https:\/\/spitalmciuc.ro\/hu\/wp-json\/wp\/v2\/tags?post=15814"}],"curies":[{"name":"wp","href":"https:\/\/api.w.org\/{rel}","templated":true}]}}