{"id":13700,"date":"2024-06-17T15:49:52","date_gmt":"2024-06-17T12:49:52","guid":{"rendered":"https:\/\/spitalmciuc.ro\/?p=13700"},"modified":"2024-06-17T16:00:31","modified_gmt":"2024-06-17T13:00:31","slug":"ii-kat","status":"publish","type":"post","link":"https:\/\/spitalmciuc.ro\/hu\/ii-kat\/","title":{"rendered":"II-es kateg\u00f3ri\u00e1ba sorolt\u00e1k be a cs\u00edkszeredai k\u00f3rh\u00e1zat"},"content":{"rendered":"<p>A Cs\u00edkszeredai Megyei S\u00fcrg\u0151ss\u00e9gi K\u00f3rh\u00e1z vezet\u0151s\u00e9ge 2024.06.17-\u00e9n d\u00e9lel\u0151tt sajt\u00f3t\u00e1j\u00e9koztat\u00f3 keret\u00e9ben jelentette be, hogy az int\u00e9zm\u00e9ny megkapta a II-es kateg\u00f3ri\u00e1ba val\u00f3 besorol\u00e1st, magas kompetenci\u00e1j\u00fa k\u00f3rh\u00e1zz\u00e1 min\u0151s\u00edtett\u00e9k.<\/p>\n<p>Prof. Dr. Alexandru Rafila eg\u00e9szs\u00e9g\u00fcgyi miniszter 2024.06.12-\u00e9n \u00edrta al\u00e1 a rendeletet, amely szerint j\u00f3v\u00e1hagyt\u00e1k a Cs\u00edkszeredai Megyei S\u00fcrg\u0151ss\u00e9gi K\u00f3rh\u00e1z II-es kateg\u00f3ri\u00e1ba, magas kompetenci\u00e1j\u00fa k\u00f3rh\u00e1zk\u00e9nt val\u00f3 besorol\u00e1s\u00e1t.<\/p>\n<p>Dr. Konr\u00e1d Judit, a k\u00f3rh\u00e1z menedzsere a h\u00e9tf\u0151i sajt\u00f3t\u00e1j\u00e9koztat\u00f3n elmondta, a kitart\u00e1s, a munka meghozza az eredm\u00e9ny\u00e9t. \u201eA II-es kateg\u00f3ri\u00e1s min\u0151s\u00edt\u00e9ssel egy \u00e1lmunk v\u00e1lt val\u00f3ra, amely\u00e9rt nagyon sokat dolgoztunk. \u00c9s \u00e9p\u00edtkez\u00fcnk tov\u00e1bb, ezt \u00fajabb misszi\u00f3k, c\u00e9lok fogj\u00e1k k\u00f6vetni, k\u00f3rh\u00e1zunk, betegeink \u00e9rdek\u00e9ben. Gratul\u00e1lok \u00e9s k\u00f6sz\u00f6n\u00f6m a k\u00f3rh\u00e1z minden alkalmazottj\u00e1nak, ez mindannyiunk \u00e9rdeme. Ez a min\u0151s\u00edt\u00e9s egy \u00fajabb l\u00e9pcs\u0151fok a klinikai k\u00f3rh\u00e1zi st\u00e1tus fele. Ahogy ezt a l\u00e9p\u00e9st, \u00fagy a k\u00f6vetkez\u0151t is meg fogjuk tenni. Mert voltak, vannak \u00e9s lesznek t\u00e1mogat\u00f3ink, k\u00f6sz\u00f6n\u00f6m mindannyiuk seg\u00edts\u00e9g\u00e9t\u201d \u2013 mondta a menedzser.<\/p>\n<p>Dr. Adrian-Cristian Dobric\u0103, a k\u00f3rh\u00e1z kutat\u00e1si \u00e9s fejleszt\u00e9si igazgat\u00f3ja gratul\u00e1lt a munkak\u00f6z\u00f6ss\u00e9gnek \u00e9s megk\u00f6sz\u00f6nte orvoskoll\u00e9g\u00e1i munk\u00e1j\u00e1t. Mint r\u00e1mutatott, v\u00e9lem\u00e9nye szerint a munka neheze ezut\u00e1n k\u00f6vetkezik, \u00fagy orvosi, mint a menedzsment \u00e9s az int\u00e9zm\u00e9nyfenntart\u00f3 szempontj\u00e1b\u00f3l az egyetemi k\u00f3rh\u00e1z szintj\u00e9re kell emelni az int\u00e9zm\u00e9nyt.<\/p>\n<p>Borboly Csaba, Hargita Megye Tan\u00e1cs\u00e1nak eln\u00f6ke is k\u00f6sz\u00f6net\u00e9t fejezte ki a hossz\u00fa \u00e9s kitart\u00f3 munk\u00e1\u00e9rt, amelyben a megyei tan\u00e1cs is jelent\u0151s r\u00e9szt v\u00e1llalt. \u201eKor\u00e1bban sokan azt mondt\u00e1k, hogy ezek csak t\u00e1voli \u00e1lmok, de mindig az \u00e1lomb\u00f3l lesz val\u00f3s\u00e1g \u00e9s a val\u00f3s\u00e1g ma itt van. K\u00f6sz\u00f6n\u00f6m, hogy hittek benne. P\u00e9ntekt\u0151l m\u00e1r m\u00e1s lig\u00e1ban focizik ez a k\u00f3rh\u00e1z \u00e9s a most el\u00e9rt eredm\u00e9nynek jelent\u0151s hozad\u00e9ka lesz a lakoss\u00e1g fele is. Komplexebb szolg\u00e1ltat\u00e1s, hat\u00e9konyabb ell\u00e1t\u00e1s\u201d \u2013 mondta a megye eln\u00f6ke.<\/p>\n<p>Dr. Tar Gy\u00f6ngyi Hargita megyei tisztif\u0151orvos azt mondta, ez egy fontos l\u00e9p\u00e9s a k\u00f3rh\u00e1z sz\u00e1m\u00e1ra. Kihangs\u00falyozta, a II-es kateg\u00f3ri\u00e1ba val\u00f3 besorol\u00e1s nemcsak elismer\u00e9s \u00e9s nagyobb finansz\u00edroz\u00e1sra ad lehet\u0151s\u00e9get a k\u00f3rh\u00e1znak, hanem k\u00f6telez is: \u201egratul\u00e1lok mindenkinek \u00e9s megk\u00e9rek mindenkit, hogy tekintse mag\u00e1\u00e9nak ezt az eredm\u00e9nyt, \u00e9s egy\u00e9ni szinten \u00fagy dolgozzon nap mint nap, hogy \u00e9rezze ennek a s\u00faly\u00e1t \u00e9s k\u00f6telezetts\u00e9g\u00e9t, \u00fagy dolgozzon, hogy a b\u00fcszkes\u00e9g mellett a betegek el\u00e9gedetts\u00e9ge is a II-es kateg\u00f3ri\u00e1t t\u00fckr\u00f6zze\u201d.<\/p>\n<p>Dr. Vitos Attila orvosigazgat\u00f3 besz\u00e9d\u00e9ben a II-es kateg\u00f3ri\u00e1val j\u00e1r\u00f3 felel\u0151ss\u00e9gre is figyelmeztetett, \u00e9s kihangs\u00falyozta, oda kell figyelni kiemelten az orvosi munka \u00e9s a medik\u00e1lis tev\u00e9kenys\u00e9g min\u0151s\u00e9g\u00e9re.<\/p>\n","protected":false},"excerpt":{"rendered":"<p>A Cs\u00edkszeredai Megyei S\u00fcrg\u0151ss\u00e9gi K\u00f3rh\u00e1z vezet\u0151s\u00e9ge 2024.06.17-\u00e9n d\u00e9lel\u0151tt sajt\u00f3t\u00e1j\u00e9koztat\u00f3 keret\u00e9ben jelentette be, hogy az int\u00e9zm\u00e9ny megkapta a II-es kateg\u00f3ri\u00e1ba val\u00f3 besorol\u00e1st, magas kompetenci\u00e1j\u00fa k\u00f3rh\u00e1zz\u00e1 min\u0151s\u00edtett\u00e9k. Prof. Dr. Alexandru Rafila eg\u00e9szs\u00e9g\u00fcgyi miniszter 2024.06.12-\u00e9n \u00edrta al\u00e1 a rendeletet, amely szerint j\u00f3v\u00e1hagyt\u00e1k a Cs\u00edkszeredai Megyei S\u00fcrg\u0151ss\u00e9gi K\u00f3rh\u00e1z II-es kateg\u00f3ri\u00e1ba, magas kompetenci\u00e1j\u00fa k\u00f3rh\u00e1zk\u00e9nt val\u00f3 besorol\u00e1s\u00e1t. Dr. Konr\u00e1d Judit, a&hellip;<\/p>\n","protected":false},"author":11,"featured_media":13698,"comment_status":"closed","ping_status":"open","sticky":false,"template":"","format":"standard","meta":[],"categories":[28],"tags":[],"yoast_head":"<!-- This site is optimized with the Yoast SEO plugin v18.3 - https:\/\/yoast.com\/wordpress\/plugins\/seo\/ -->\n<title>II-es kateg\u00f3ri\u00e1ba sorolt\u00e1k be a cs\u00edkszeredai k\u00f3rh\u00e1zat - Cs\u00edkszeredai Megyei S\u00fcrg\u0151ss\u00e9gi K\u00f3rh\u00e1z<\/title>\n<meta name=\"robots\" content=\"index, follow, max-snippet:-1, max-image-preview:large, max-video-preview:-1\" \/>\n<link rel=\"canonical\" href=\"https:\/\/spitalmciuc.ro\/hu\/ii-kat\/\" \/>\n<meta property=\"og:locale\" content=\"hu_HU\" \/>\n<meta property=\"og:type\" content=\"article\" \/>\n<meta property=\"og:title\" content=\"II-es kateg\u00f3ri\u00e1ba sorolt\u00e1k be a cs\u00edkszeredai k\u00f3rh\u00e1zat - Cs\u00edkszeredai Megyei S\u00fcrg\u0151ss\u00e9gi K\u00f3rh\u00e1z\" \/>\n<meta property=\"og:description\" content=\"A Cs\u00edkszeredai Megyei S\u00fcrg\u0151ss\u00e9gi K\u00f3rh\u00e1z vezet\u0151s\u00e9ge 2024.06.17-\u00e9n d\u00e9lel\u0151tt sajt\u00f3t\u00e1j\u00e9koztat\u00f3 keret\u00e9ben jelentette be, hogy az int\u00e9zm\u00e9ny megkapta a II-es kateg\u00f3ri\u00e1ba val\u00f3 besorol\u00e1st, magas kompetenci\u00e1j\u00fa k\u00f3rh\u00e1zz\u00e1 min\u0151s\u00edtett\u00e9k. Prof. Dr. Alexandru Rafila eg\u00e9szs\u00e9g\u00fcgyi miniszter 2024.06.12-\u00e9n \u00edrta al\u00e1 a rendeletet, amely szerint j\u00f3v\u00e1hagyt\u00e1k a Cs\u00edkszeredai Megyei S\u00fcrg\u0151ss\u00e9gi K\u00f3rh\u00e1z II-es kateg\u00f3ri\u00e1ba, magas kompetenci\u00e1j\u00fa k\u00f3rh\u00e1zk\u00e9nt val\u00f3 besorol\u00e1s\u00e1t. Dr. Konr\u00e1d Judit, a&hellip;\" \/>\n<meta property=\"og:url\" content=\"https:\/\/spitalmciuc.ro\/hu\/ii-kat\/\" \/>\n<meta property=\"og:site_name\" content=\"Cs\u00edkszeredai Megyei S\u00fcrg\u0151ss\u00e9gi K\u00f3rh\u00e1z\" \/>\n<meta property=\"article:published_time\" content=\"2024-06-17T12:49:52+00:00\" \/>\n<meta property=\"article:modified_time\" content=\"2024-06-17T13:00:31+00:00\" \/>\n<meta property=\"og:image\" content=\"https:\/\/spitalmciuc.ro\/wp-content\/uploads\/2024\/06\/801e08b9-3b45-41d5-aa54-e956038a3846.jpeg\" \/>\n\t<meta property=\"og:image:width\" content=\"1558\" \/>\n\t<meta property=\"og:image:height\" content=\"933\" \/>\n\t<meta property=\"og:image:type\" content=\"image\/jpeg\" \/>\n<meta name=\"twitter:card\" content=\"summary_large_image\" \/>\n<meta name=\"twitter:label1\" content=\"Szerz\u0151:\" \/>\n\t<meta name=\"twitter:data1\" content=\"Milik Szil\u00e1rd\" \/>\n\t<meta name=\"twitter:label2\" content=\"Becs\u00fclt olvas\u00e1si id\u0151\" \/>\n\t<meta name=\"twitter:data2\" content=\"2 perc\" \/>\n<script type=\"application\/ld+json\" class=\"yoast-schema-graph\">{\"@context\":\"https:\/\/schema.org\",\"@graph\":[{\"@type\":\"Organization\",\"@id\":\"https:\/\/spitalmciuc.ro\/#organization\",\"name\":\"Spitalul Jude\u0163ean de Urgen\u0163\u0103 Miercurea Ciuc\",\"url\":\"https:\/\/spitalmciuc.ro\/\",\"sameAs\":[],\"logo\":{\"@type\":\"ImageObject\",\"@id\":\"https:\/\/spitalmciuc.ro\/#logo\",\"inLanguage\":\"hu\",\"url\":\"https:\/\/spitalmciuc.ro\/wp-content\/uploads\/2022\/02\/logo-spital-ro-60.jpg\",\"contentUrl\":\"https:\/\/spitalmciuc.ro\/wp-content\/uploads\/2022\/02\/logo-spital-ro-60.jpg\",\"width\":198,\"height\":60,\"caption\":\"Spitalul Jude\u0163ean de Urgen\u0163\u0103 Miercurea Ciuc\"},\"image\":{\"@id\":\"https:\/\/spitalmciuc.ro\/#logo\"}},{\"@type\":\"WebSite\",\"@id\":\"https:\/\/spitalmciuc.ro\/#website\",\"url\":\"https:\/\/spitalmciuc.ro\/\",\"name\":\"Cs\u00edkszeredai Megyei S\u00fcrg\u0151ss\u00e9gi K\u00f3rh\u00e1z\",\"description\":\"\",\"publisher\":{\"@id\":\"https:\/\/spitalmciuc.ro\/#organization\"},\"potentialAction\":[{\"@type\":\"SearchAction\",\"target\":{\"@type\":\"EntryPoint\",\"urlTemplate\":\"https:\/\/spitalmciuc.ro\/?s={search_term_string}\"},\"query-input\":\"required name=search_term_string\"}],\"inLanguage\":\"hu\"},{\"@type\":\"ImageObject\",\"@id\":\"https:\/\/spitalmciuc.ro\/hu\/ii-kat\/#primaryimage\",\"inLanguage\":\"hu\",\"url\":\"https:\/\/spitalmciuc.ro\/wp-content\/uploads\/2024\/06\/801e08b9-3b45-41d5-aa54-e956038a3846.jpeg\",\"contentUrl\":\"https:\/\/spitalmciuc.ro\/wp-content\/uploads\/2024\/06\/801e08b9-3b45-41d5-aa54-e956038a3846.jpeg\",\"width\":1558,\"height\":933},{\"@type\":\"WebPage\",\"@id\":\"https:\/\/spitalmciuc.ro\/hu\/ii-kat\/#webpage\",\"url\":\"https:\/\/spitalmciuc.ro\/hu\/ii-kat\/\",\"name\":\"II-es kateg\u00f3ri\u00e1ba sorolt\u00e1k be a cs\u00edkszeredai k\u00f3rh\u00e1zat - Cs\u00edkszeredai Megyei S\u00fcrg\u0151ss\u00e9gi K\u00f3rh\u00e1z\",\"isPartOf\":{\"@id\":\"https:\/\/spitalmciuc.ro\/#website\"},\"primaryImageOfPage\":{\"@id\":\"https:\/\/spitalmciuc.ro\/hu\/ii-kat\/#primaryimage\"},\"datePublished\":\"2024-06-17T12:49:52+00:00\",\"dateModified\":\"2024-06-17T13:00:31+00:00\",\"breadcrumb\":{\"@id\":\"https:\/\/spitalmciuc.ro\/hu\/ii-kat\/#breadcrumb\"},\"inLanguage\":\"hu\",\"potentialAction\":[{\"@type\":\"ReadAction\",\"target\":[\"https:\/\/spitalmciuc.ro\/hu\/ii-kat\/\"]}]},{\"@type\":\"BreadcrumbList\",\"@id\":\"https:\/\/spitalmciuc.ro\/hu\/ii-kat\/#breadcrumb\",\"itemListElement\":[{\"@type\":\"ListItem\",\"position\":1,\"name\":\"Kezd\u0151lap\",\"item\":\"https:\/\/spitalmciuc.ro\/hu\/\"},{\"@type\":\"ListItem\",\"position\":2,\"name\":\"II-es kateg\u00f3ri\u00e1ba sorolt\u00e1k be a cs\u00edkszeredai k\u00f3rh\u00e1zat\"}]},{\"@type\":\"Article\",\"@id\":\"https:\/\/spitalmciuc.ro\/hu\/ii-kat\/#article\",\"isPartOf\":{\"@id\":\"https:\/\/spitalmciuc.ro\/hu\/ii-kat\/#webpage\"},\"author\":{\"@id\":\"https:\/\/spitalmciuc.ro\/#\/schema\/person\/20ea297ab07e8f4d1689dfe252e34174\"},\"headline\":\"II-es kateg\u00f3ri\u00e1ba sorolt\u00e1k be a cs\u00edkszeredai k\u00f3rh\u00e1zat\",\"datePublished\":\"2024-06-17T12:49:52+00:00\",\"dateModified\":\"2024-06-17T13:00:31+00:00\",\"mainEntityOfPage\":{\"@id\":\"https:\/\/spitalmciuc.ro\/hu\/ii-kat\/#webpage\"},\"wordCount\":591,\"publisher\":{\"@id\":\"https:\/\/spitalmciuc.ro\/#organization\"},\"image\":{\"@id\":\"https:\/\/spitalmciuc.ro\/hu\/ii-kat\/#primaryimage\"},\"thumbnailUrl\":\"https:\/\/spitalmciuc.ro\/wp-content\/uploads\/2024\/06\/801e08b9-3b45-41d5-aa54-e956038a3846.jpeg\",\"articleSection\":[\"H\u00edrek\"],\"inLanguage\":\"hu\"},{\"@type\":\"Person\",\"@id\":\"https:\/\/spitalmciuc.ro\/#\/schema\/person\/20ea297ab07e8f4d1689dfe252e34174\",\"name\":\"Milik Szil\u00e1rd\",\"url\":\"https:\/\/spitalmciuc.ro\/hu\/author\/szilard\/\"}]}<\/script>\n<!-- \/ Yoast SEO plugin. -->","yoast_head_json":{"title":"II-es kateg\u00f3ri\u00e1ba sorolt\u00e1k be a cs\u00edkszeredai k\u00f3rh\u00e1zat - Cs\u00edkszeredai Megyei S\u00fcrg\u0151ss\u00e9gi K\u00f3rh\u00e1z","robots":{"index":"index","follow":"follow","max-snippet":"max-snippet:-1","max-image-preview":"max-image-preview:large","max-video-preview":"max-video-preview:-1"},"canonical":"https:\/\/spitalmciuc.ro\/hu\/ii-kat\/","og_locale":"hu_HU","og_type":"article","og_title":"II-es kateg\u00f3ri\u00e1ba sorolt\u00e1k be a cs\u00edkszeredai k\u00f3rh\u00e1zat - Cs\u00edkszeredai Megyei S\u00fcrg\u0151ss\u00e9gi K\u00f3rh\u00e1z","og_description":"A Cs\u00edkszeredai Megyei S\u00fcrg\u0151ss\u00e9gi K\u00f3rh\u00e1z vezet\u0151s\u00e9ge 2024.06.17-\u00e9n d\u00e9lel\u0151tt sajt\u00f3t\u00e1j\u00e9koztat\u00f3 keret\u00e9ben jelentette be, hogy az int\u00e9zm\u00e9ny megkapta a II-es kateg\u00f3ri\u00e1ba val\u00f3 besorol\u00e1st, magas kompetenci\u00e1j\u00fa k\u00f3rh\u00e1zz\u00e1 min\u0151s\u00edtett\u00e9k. Prof. Dr. Alexandru Rafila eg\u00e9szs\u00e9g\u00fcgyi miniszter 2024.06.12-\u00e9n \u00edrta al\u00e1 a rendeletet, amely szerint j\u00f3v\u00e1hagyt\u00e1k a Cs\u00edkszeredai Megyei S\u00fcrg\u0151ss\u00e9gi K\u00f3rh\u00e1z II-es kateg\u00f3ri\u00e1ba, magas kompetenci\u00e1j\u00fa k\u00f3rh\u00e1zk\u00e9nt val\u00f3 besorol\u00e1s\u00e1t. Dr. Konr\u00e1d Judit, a&hellip;","og_url":"https:\/\/spitalmciuc.ro\/hu\/ii-kat\/","og_site_name":"Cs\u00edkszeredai Megyei S\u00fcrg\u0151ss\u00e9gi K\u00f3rh\u00e1z","article_published_time":"2024-06-17T12:49:52+00:00","article_modified_time":"2024-06-17T13:00:31+00:00","og_image":[{"width":1558,"height":933,"url":"https:\/\/spitalmciuc.ro\/wp-content\/uploads\/2024\/06\/801e08b9-3b45-41d5-aa54-e956038a3846.jpeg","type":"image\/jpeg"}],"twitter_card":"summary_large_image","twitter_misc":{"Szerz\u0151:":"Milik Szil\u00e1rd","Becs\u00fclt olvas\u00e1si id\u0151":"2 perc"},"schema":{"@context":"https:\/\/schema.org","@graph":[{"@type":"Organization","@id":"https:\/\/spitalmciuc.ro\/#organization","name":"Spitalul Jude\u0163ean de Urgen\u0163\u0103 Miercurea Ciuc","url":"https:\/\/spitalmciuc.ro\/","sameAs":[],"logo":{"@type":"ImageObject","@id":"https:\/\/spitalmciuc.ro\/#logo","inLanguage":"hu","url":"https:\/\/spitalmciuc.ro\/wp-content\/uploads\/2022\/02\/logo-spital-ro-60.jpg","contentUrl":"https:\/\/spitalmciuc.ro\/wp-content\/uploads\/2022\/02\/logo-spital-ro-60.jpg","width":198,"height":60,"caption":"Spitalul Jude\u0163ean de Urgen\u0163\u0103 Miercurea Ciuc"},"image":{"@id":"https:\/\/spitalmciuc.ro\/#logo"}},{"@type":"WebSite","@id":"https:\/\/spitalmciuc.ro\/#website","url":"https:\/\/spitalmciuc.ro\/","name":"Cs\u00edkszeredai Megyei S\u00fcrg\u0151ss\u00e9gi K\u00f3rh\u00e1z","description":"","publisher":{"@id":"https:\/\/spitalmciuc.ro\/#organization"},"potentialAction":[{"@type":"SearchAction","target":{"@type":"EntryPoint","urlTemplate":"https:\/\/spitalmciuc.ro\/?s={search_term_string}"},"query-input":"required name=search_term_string"}],"inLanguage":"hu"},{"@type":"ImageObject","@id":"https:\/\/spitalmciuc.ro\/hu\/ii-kat\/#primaryimage","inLanguage":"hu","url":"https:\/\/spitalmciuc.ro\/wp-content\/uploads\/2024\/06\/801e08b9-3b45-41d5-aa54-e956038a3846.jpeg","contentUrl":"https:\/\/spitalmciuc.ro\/wp-content\/uploads\/2024\/06\/801e08b9-3b45-41d5-aa54-e956038a3846.jpeg","width":1558,"height":933},{"@type":"WebPage","@id":"https:\/\/spitalmciuc.ro\/hu\/ii-kat\/#webpage","url":"https:\/\/spitalmciuc.ro\/hu\/ii-kat\/","name":"II-es kateg\u00f3ri\u00e1ba sorolt\u00e1k be a cs\u00edkszeredai k\u00f3rh\u00e1zat - Cs\u00edkszeredai Megyei S\u00fcrg\u0151ss\u00e9gi K\u00f3rh\u00e1z","isPartOf":{"@id":"https:\/\/spitalmciuc.ro\/#website"},"primaryImageOfPage":{"@id":"https:\/\/spitalmciuc.ro\/hu\/ii-kat\/#primaryimage"},"datePublished":"2024-06-17T12:49:52+00:00","dateModified":"2024-06-17T13:00:31+00:00","breadcrumb":{"@id":"https:\/\/spitalmciuc.ro\/hu\/ii-kat\/#breadcrumb"},"inLanguage":"hu","potentialAction":[{"@type":"ReadAction","target":["https:\/\/spitalmciuc.ro\/hu\/ii-kat\/"]}]},{"@type":"BreadcrumbList","@id":"https:\/\/spitalmciuc.ro\/hu\/ii-kat\/#breadcrumb","itemListElement":[{"@type":"ListItem","position":1,"name":"Kezd\u0151lap","item":"https:\/\/spitalmciuc.ro\/hu\/"},{"@type":"ListItem","position":2,"name":"II-es kateg\u00f3ri\u00e1ba sorolt\u00e1k be a cs\u00edkszeredai k\u00f3rh\u00e1zat"}]},{"@type":"Article","@id":"https:\/\/spitalmciuc.ro\/hu\/ii-kat\/#article","isPartOf":{"@id":"https:\/\/spitalmciuc.ro\/hu\/ii-kat\/#webpage"},"author":{"@id":"https:\/\/spitalmciuc.ro\/#\/schema\/person\/20ea297ab07e8f4d1689dfe252e34174"},"headline":"II-es kateg\u00f3ri\u00e1ba sorolt\u00e1k be a cs\u00edkszeredai k\u00f3rh\u00e1zat","datePublished":"2024-06-17T12:49:52+00:00","dateModified":"2024-06-17T13:00:31+00:00","mainEntityOfPage":{"@id":"https:\/\/spitalmciuc.ro\/hu\/ii-kat\/#webpage"},"wordCount":591,"publisher":{"@id":"https:\/\/spitalmciuc.ro\/#organization"},"image":{"@id":"https:\/\/spitalmciuc.ro\/hu\/ii-kat\/#primaryimage"},"thumbnailUrl":"https:\/\/spitalmciuc.ro\/wp-content\/uploads\/2024\/06\/801e08b9-3b45-41d5-aa54-e956038a3846.jpeg","articleSection":["H\u00edrek"],"inLanguage":"hu"},{"@type":"Person","@id":"https:\/\/spitalmciuc.ro\/#\/schema\/person\/20ea297ab07e8f4d1689dfe252e34174","name":"Milik Szil\u00e1rd","url":"https:\/\/spitalmciuc.ro\/hu\/author\/szilard\/"}]}},"_links":{"self":[{"href":"https:\/\/spitalmciuc.ro\/hu\/wp-json\/wp\/v2\/posts\/13700"}],"collection":[{"href":"https:\/\/spitalmciuc.ro\/hu\/wp-json\/wp\/v2\/posts"}],"about":[{"href":"https:\/\/spitalmciuc.ro\/hu\/wp-json\/wp\/v2\/types\/post"}],"author":[{"embeddable":true,"href":"https:\/\/spitalmciuc.ro\/hu\/wp-json\/wp\/v2\/users\/11"}],"replies":[{"embeddable":true,"href":"https:\/\/spitalmciuc.ro\/hu\/wp-json\/wp\/v2\/comments?post=13700"}],"version-history":[{"count":1,"href":"https:\/\/spitalmciuc.ro\/hu\/wp-json\/wp\/v2\/posts\/13700\/revisions"}],"predecessor-version":[{"id":13701,"href":"https:\/\/spitalmciuc.ro\/hu\/wp-json\/wp\/v2\/posts\/13700\/revisions\/13701"}],"wp:featuredmedia":[{"embeddable":true,"href":"https:\/\/spitalmciuc.ro\/hu\/wp-json\/wp\/v2\/media\/13698"}],"wp:attachment":[{"href":"https:\/\/spitalmciuc.ro\/hu\/wp-json\/wp\/v2\/media?parent=13700"}],"wp:term":[{"taxonomy":"category","embeddable":true,"href":"https:\/\/spitalmciuc.ro\/hu\/wp-json\/wp\/v2\/categories?post=13700"},{"taxonomy":"post_tag","embeddable":true,"href":"https:\/\/spitalmciuc.ro\/hu\/wp-json\/wp\/v2\/tags?post=13700"}],"curies":[{"name":"wp","href":"https:\/\/api.w.org\/{rel}","templated":true}]}}