{"id":11172,"date":"2023-03-29T13:41:24","date_gmt":"2023-03-29T11:41:24","guid":{"rendered":"https:\/\/spitalmciuc.ro\/?p=11172"},"modified":"2025-10-06T13:46:51","modified_gmt":"2025-10-06T10:46:51","slug":"allashirdetes","status":"publish","type":"post","link":"https:\/\/spitalmciuc.ro\/hu\/allashirdetes\/","title":{"rendered":"\u00c1ll\u00e1shirdet\u00e9s &#8211; 2023.04.24.-27. \/ Vizsgakalend\u00e1rium v\u00e1ltoz\u00e1s 2023.05.09.-12."},"content":{"rendered":"<p style=\"text-align: center;\"><strong>HIRDET\u00c9S<\/strong><\/p>\n<p style=\"text-align: center;\"><strong>A Csikszeredai Megyei S\u00fcrg\u0151ss\u00e9gi K\u00f3rh\u00e1z\u00a0 \u00e1ltal meghirdetett \u00fcres \u00e1ll\u00e1sok bet\u00f6lt\u00e9s\u00e9re, meghat\u00e1rozott \u00e9s meghat\u00e1rozatlan id\u0151szakra a versenyvizsga lebonyol\u00edt\u00e1s\u00e1nak id\u0151beli beoszt\u00e1s\u00e1nak v\u00e1ltoz\u00e1sa<\/strong><\/p>\n<p>&nbsp;<\/p>\n<p>&nbsp;<\/p>\n<p>Tekintettel az 1.336\/2022-es sz\u00e1m\u00fa Korm\u00e1nyzati Hat\u00e1rozat 63(1) bekezd\u00e9s\u00e9nek el\u0151\u00edr\u00e1s\u00e1ra<\/p>\n<p><em>Ha objekt\u00edv okokb\u00f3l a versenyvizsga d\u00e1tuma, id\u0151pontja \u00e9s helye nem tarthat\u00f3 be:\u00a0 a versenyvizsg\u00e1t 15 munkanappal elhalasztj\u00e1k a jelen hat\u00e1rozatban meghat\u00e1rozott felt\u00e9telekkel<\/em><\/p>\n<p>&nbsp;<\/p>\n<p>A fent eml\u00edtett jogszab\u00e1ly figyelembev\u00e9tel\u00e9vel a meghirdetett \u00fcres \u00e1ll\u00e1sok bet\u00f6lt\u00e9s\u00e9re, meghat\u00e1rozott \u00e9s meghat\u00e1rozatlan id\u0151szakra a versenyvizsga lebonyol\u00edt\u00e1s\u00e1nak id\u0151beli beoszt\u00e1sa a k\u00f6vetkez\u0151 k\u00e9ppen m\u00f3dusult:<\/p>\n<p>&nbsp;<\/p>\n<p>A versenyvizsga lebonyol\u00edt\u00e1s\u00e1nak id\u0151beli beoszt\u00e1sa:<\/p>\n<ul>\n<li>A jelentkez\u0151k beiratkoz\u00e1si id\u0151szak\u00e1nak befejez\u00e9se 2023. \u00c1prilis 20, 15:00 \u00f3ra;<\/li>\n<li>A beiratkoz\u00e1si\u00a0iratcsom\u00f3k ellen\u0151rz\u00e9s eredm\u00e9nyeinek kif\u00fcggeszt\u00e9se 2023. \u00c1prilis 24, 15:00 \u00f3ra,\u00a0a k\u00f3rh\u00e1z honlapj\u00e1n <a href=\"http:\/\/www.spitalmciuc.ro\">www.spitalmciuc.ro<\/a>, a megyei tan\u00e1cs <a href=\"http:\/\/www.hargitamegye.ro\">www.hargitamegye.ro<\/a>\u00a0honlapj\u00e1n, valamint a k\u00f3rh\u00e1z hirdet\u0151 t\u00e1bl\u00e1j\u00e1n\u00a0tekinthet\u0151k meg;<\/li>\n<li>A beiratkoz\u00e1si\u00a0iratcsom\u00f3k ellen\u0151rz\u00e9s eredm\u00e9nyeinek fellebbez\u00e9se 2023. \u00c1prilis 25, 15:00 \u00f3ra;<\/li>\n<li>A beiratkoz\u00e1si iratcsom\u00f3kkal kapcsolatos fellebbez\u00e9sek eredm\u00e9nyeinek kif\u00fcggeszt\u00e9se 2023. \u00c1prilis 26, 15:00 \u00f3ra, a k\u00f3rh\u00e1z honlapj\u00e1n <a href=\"http:\/\/www.spitalmciuc.ro\">www.spitalmciuc.ro<\/a>, a megyei tan\u00e1cs <a href=\"http:\/\/www.hargitamegye.ro\">www.hargitamegye.ro<\/a>\u00a0honlapj\u00e1n, valamint a k\u00f3rh\u00e1z hirdet\u0151 t\u00e1bl\u00e1j\u00e1n\u00a0tekinthet\u0151k meg;<\/li>\n<li>Az \u00edr\u00e1sbeli pr\u00f3ba lebonyol\u00edt\u00e1sa 2023. M\u00e1jus 9, 10:00 \u00f3ra,\u00a0a Hargita Megyei Tan\u00e1cs sz\u00e9khely\u00e9n, Cs\u00edkszered\u00e1ban, Szabads\u00e1g t\u00e9r 5 sz\u00e1m\u00a0;<\/li>\n<li>Az \u00edr\u00e1sbeli pr\u00f3ba eredm\u00e9nyeinek kif\u00fcggeszt\u00e9se 2023. M\u00e1jus 9, 16:00 \u00f3ra, a k\u00f3rh\u00e1z honlapj\u00e1n <a href=\"http:\/\/www.spitalmciuc.ro\">www.spitalmciuc.ro<\/a>, a megyei tan\u00e1cs <a href=\"http:\/\/www.hargitamegye.ro\">www.hargitamegye.ro<\/a>\u00a0honlapj\u00e1n, valamint a k\u00f3rh\u00e1z hirdet\u0151 t\u00e1bl\u00e1j\u00e1n\u00a0tekinthet\u0151k meg;<\/li>\n<li>Az \u00edr\u00e1sbeli pr\u00f3ba eredm\u00e9nyeinek fellebbez\u00e9se 2023. M\u00e1jus 10, 16:00 \u00f3ra;<\/li>\n<li>Az \u00edr\u00e1sbeli pr\u00f3ba fellebbez\u00e9sek eredm\u00e9nyeinek kif\u00fcggeszt\u00e9se 2023. M\u00e1jus 11, 15:00 \u00f3ra, a k\u00f3rh\u00e1z honlapj\u00e1n <a href=\"http:\/\/www.spitalmciuc.ro\">www.spitalmciuc.ro<\/a>, a megyei tan\u00e1cs <a href=\"http:\/\/www.hargitamegye.ro\">www.hargitamegye.ro<\/a>\u00a0honlapj\u00e1n, valamint a k\u00f3rh\u00e1z hirdet\u0151 t\u00e1bl\u00e1j\u00e1n\u00a0tekinthet\u0151k meg;<\/li>\n<li>Az sz\u00f3beli pr\u00f3ba lebonyol\u00edt\u00e1sa 2023. M\u00e1jus 12, 10:00 \u00f3ra,\u00a0a Hargita Megyei Tan\u00e1cs sz\u00e9khely\u00e9n, Cs\u00edkszered\u00e1ban, Szabads\u00e1g t\u00e9r 5 sz\u00e1m\u00a0;<\/li>\n<li>A sz\u00f3beli pr\u00f3ba eredm\u00e9nyeinek kif\u00fcggeszt\u00e9se 2023. M\u00e1jus 12, 16:00 \u00f3ra,\u00a0a k\u00f3rh\u00e1z honlapj\u00e1n <a href=\"http:\/\/www.spitalmciuc.ro\">www.spitalmciuc.ro<\/a>, a megyei tan\u00e1cs <a href=\"http:\/\/www.hargitamegye.ro\">www.hargitamegye.ro<\/a>\u00a0honlapj\u00e1n, valamint a k\u00f3rh\u00e1z hirdet\u0151 t\u00e1bl\u00e1j\u00e1n\u00a0tekinthet\u0151k meg;<\/li>\n<li>Az sz\u00f3beli pr\u00f3ba eredm\u00e9nyeinek fellebbez\u00e9se 2023. M\u00e1jus 15, 16:00 \u00f3ra;<\/li>\n<li>Az sz\u00f3beli pr\u00f3ba fellebbez\u00e9sek eredm\u00e9nyeinek kif\u00fcggeszt\u00e9se 2023. M\u00e1jus 16, 15:00 \u00f3ra, a k\u00f3rh\u00e1z honlapj\u00e1n <a href=\"http:\/\/www.spitalmciuc.ro\">www.spitalmciuc.ro<\/a>, a megyei tan\u00e1cs <a href=\"http:\/\/www.hargitamegye.ro\">www.hargitamegye.ro<\/a>\u00a0honlapj\u00e1n, valamint a k\u00f3rh\u00e1z hirdet\u0151 t\u00e1bl\u00e1j\u00e1n\u00a0tekinthet\u0151k meg;<\/li>\n<li>A versenyvizsga v\u00e9gleges eredm\u00e9nyeinek kif\u00fcggeszt\u00e9se 2023. M\u00e1jus 17, 15.00 \u00f3ra, a k\u00f3rh\u00e1z honlapj\u00e1n <a href=\"http:\/\/www.spitalmciuc.ro\">www.spitalmciuc.ro<\/a>, a megyei tan\u00e1cs <a href=\"http:\/\/www.hargitamegye.ro\">www.hargitamegye.ro<\/a>\u00a0honlapj\u00e1n, valamint a k\u00f3rh\u00e1z hirdet\u0151 t\u00e1bl\u00e1j\u00e1n\u00a0tekinthet\u0151k meg;<\/li>\n<\/ul>\n<p>&nbsp;<\/p>\n<p>&nbsp;<\/p>\n<p>B\u0151vebb felvil\u00e1gos\u00edt\u00e1s a 0266-324193-as 109-es bels\u0151 telefonsz\u00e1mon.<\/p>\n<p>&nbsp;<\/p>\n<p>&nbsp;<\/p>\n<p style=\"text-align: center;\">K\u00f3rh\u00e1z menedzser,<\/p>\n<p style=\"text-align: center;\">Dr. Konr\u00e1d Judith<\/p>\n<p>&nbsp;<\/p>\n<div class=\"hr-thick\"><\/div>\n<p>&nbsp;<\/p>\n<p>&nbsp;<\/p>\n<p style=\"text-align: center;\"><strong>H\u00edRDET\u00c9S<\/strong><\/p>\n<p style=\"text-align: center;\"><strong>A Cs\u00edkszeredai Megyei S\u00fcrg\u0151ss\u00e9gi K\u00f3rh\u00e1z 2023. \u00c1prilis 24 \u00e9s \u00c1prilis 27 k\u00f6z\u00f6tt versenyvizsg\u00e1t szervez a Hargita Megyei Tan\u00e1cs sz\u00e9khely\u00e9n, Cs\u00edkszered\u00e1ban, Szabads\u00e1g t\u00e9r 5 sz\u00e1m.<\/strong><\/p>\n<p>&nbsp;<\/p>\n<p><strong><em>Meghat\u00e1rozatlan (v\u00e9gleges) id\u0151szakra<\/em><\/strong>, teljes munkaid\u0151re:<\/p>\n<p>&nbsp;<\/p>\n<p><strong>\u00c1ltal\u00e1nos orvosi asszisztens, kezd\u0151t\u0151l f\u0151asszisztensi szakmai fokozatig<\/strong><br \/>\n-1 \u00e1ll\u00e1s az Urol\u00f3giai oszt\u00e1lyra<\/p>\n<p><strong>\u00c1ltal\u00e1nos orvosi asszisztens, kezd\u0151t\u0151l f\u0151asszisztensi szakmai fokozatig<\/strong><br \/>\n-1 \u00e1ll\u00e1s a Seb\u00e9szeti m\u0171t\u0151be<\/p>\n<p><strong>\u00c1ltal\u00e1nos orvosi asszisztens, kezd\u0151t\u0151l f\u0151asszisztensi szakmai fokozatig<\/strong><br \/>\n-1 \u00e1ll\u00e1s a Kardiol\u00f3giai oszt\u00e1lyra<\/p>\n<p><strong>\u00c1ltal\u00e1nos orvosi asszisztens, kezd\u0151t\u0151l f\u0151asszisztensi szakmai fokozatig<\/strong><br \/>\n&#8211; 1 \u00e1ll\u00e1s az Onkol\u00f3giai rendel\u0151be<\/p>\n<p><strong>\u00c1ltal\u00e1nos orvosi asszisztens kezd\u0151t\u0151l-f\u0151asszisztens szakmai fokozatig<\/strong><br \/>\n&#8211; 2 \u00e1ll\u00e1s az Sz\u00fcl\u00e9szet-N\u0151gy\u00f3gy\u00e1szati oszt\u00e1lyra<\/p>\n<p><strong>\u00c1ltal\u00e1nos orvosi asszisztens, kezd\u0151t\u0151l f\u0151asszisztensi szakmai fokozatig<\/strong><br \/>\n&#8211; 2 \u00e1ll\u00e1s az \u00dajsz\u00fcl\u00f6tt oszt\u00e1lyra<\/p>\n<p><strong>\u00c1ltal\u00e1nos orvosi asszisztens kezd\u0151t\u0151l-f\u0151asszisztens szakmai fokozatig<\/strong><br \/>\n&#8211; 1 \u00e1ll\u00e1s a F\u00fcl-Orr-G\u00e9g\u00e9szet Oszt\u00e1lyra<\/p>\n<p><strong>\u00c1ltal\u00e1nos orvosi asszisztens kezd\u0151t\u0151l-f\u0151asszisztens szakmai fokozatig<\/strong><br \/>\n&#8211; 1 \u00e1ll\u00e1s a Steriliz\u00e1l\u00f3 k\u00f6zpontba<\/p>\n<p><strong>\u00c1ltal\u00e1nos orvosi asszisztens kezd\u0151t\u0151l-f\u0151asszisztens szakmai fokozatig<\/strong><br \/>\n&#8211; 1 \u00e1ll\u00e1s a S\u00fcrg\u0151ss\u00e9gi betegell\u00e1t\u00f3 egys\u00e9gbe<\/p>\n<p><strong>\u00c1ltal\u00e1nos orvosi asszisztens kezd\u0151t\u0151l-f\u0151asszisztens szakmai fokozatig<\/strong><br \/>\n&#8211; 1 \u00e1ll\u00e1s a Belgy\u00f3gy\u00e1szati r\u00e9szlegre Szentegyh\u00e1z\u00e1ra<\/p>\n<p><strong>\u00c1ltal\u00e1nos orvosi asszisztens kezd\u0151t\u0151l-f\u0151asszisztens szakmai fokozatig<\/strong><br \/>\n&#8211; 1 \u00e1ll\u00e1s a Gyermekoszt\u00e1lyra<\/p>\n<p><strong>\u00c1ltal\u00e1nos orvosi asszisztens kezd\u0151t\u0151l-f\u0151asszisztens szakmai fokozatig<\/strong><br \/>\n&#8211; 1 \u00e1ll\u00e1s a Gasztroenterol\u00f3giai oszt\u00e1lyra<\/p>\n<p><strong>\u00c1ltal\u00e1nos orvosi asszisztens kezd\u0151t\u0151l-f\u0151asszisztens szakmai fokozatig<\/strong><br \/>\n&#8211; 1 \u00e1ll\u00e1s a Betegfelv\u00e9teli irod\u00e1ba<\/p>\n<p><strong>Sz\u00fcl\u00e9szn\u0151, kezd\u0151t\u0151l fels\u0151fok\u00faszakmai fokozatig<\/strong><br \/>\n-1 \u00e1ll\u00e1s a Sz\u00fcl\u0151szob\u00e1ra<\/p>\n<p><strong>Orvos\u00edrnok-kezd\u0151t\u0151l-fels\u0151 szakmai fokozatig<\/strong><br \/>\n&#8211; 1 \u00e1ll\u00e1s az Orvosi statisztika \u00e9s dokument\u00e1ci\u00f3s oszt\u00e1lyra (Gyermekoszt\u00e1lyra)<\/p>\n<p><strong>Orvos\u00edrnok-kezd\u0151t\u0151l-fels\u0151 szakmai fokozatig<\/strong><br \/>\n&#8211; 1 \u00e1ll\u00e1s az Orvosi statisztika \u00e9s dokument\u00e1ci\u00f3s oszt\u00e1lyra (Rehabilit\u00e1ci\u00f3, fizioter\u00e1pia \u00e9s balneol\u00f3giai oszt\u00e1lyra)<\/p>\n<p><strong>Beteg\u00e1pol\u00f3<\/strong><br \/>\n&#8211; 1 \u00e1ll\u00e1s a Pszichi\u00e1triai oszt\u00e1lyra<\/p>\n<p><strong>Beteg\u00e1pol\u00f3<\/strong><br \/>\n&#8211; 1 \u00e1ll\u00e1s a Gyermekoszt\u00e1lyra<\/p>\n<p><strong>Beteg\u00e1pol\u00f3<\/strong><br \/>\n&#8211; 1 \u00e1ll\u00e1s az Infektol\u00f3giai oszt\u00e1lyra<\/p>\n<p><strong>Takar\u00edt\u00f3<\/strong><br \/>\n&#8211; 1 \u00e1ll\u00e1s a Gyermekoszt\u00e1lyra<\/p>\n<p><strong>Takar\u00edt\u00f3<\/strong><br \/>\n&#8211; 1 \u00e1ll\u00e1s a Kardiol\u00f3giai oszt\u00e1lyra<\/p>\n<p><strong>Takar\u00edt\u00f3<\/strong><br \/>\n&#8211; 1 \u00e1ll\u00e1s a Patol\u00f3giai R\u00e9szlegre<\/p>\n<p><strong>Szakk\u00e9pzett munk\u00e1s-szak\u00e1cs I-t\u0151l IV szakmai fokozatig<\/strong><br \/>\n-1 \u00e1ll\u00e1s Szentegyh\u00e1z\u00e1ra<\/p>\n<p><strong>Szakk\u00e9pzett munk\u00e1s-szak\u00e1cs I-t\u0151l IV szakmai fokozatig<\/strong><br \/>\n-1 \u00e1ll\u00e1s az \u00c9lelmiszer r\u00e9szlegre<\/p>\n<p><strong>Szakreferens, kezd\u0151t\u0151l- szakreferens I szakmai fokozatig<\/strong><br \/>\n&#8211; 1 \u00e1ll\u00e1s a Projektmenedzsment r\u00e9szlegre<\/p>\n<p><strong>Informatikus, kezd\u0151t\u0151l &#8211; I szakmai fokozatig(r\u00f6vidt\u00e1v\u00fa oktat\u00e1s)<\/strong><br \/>\n&#8211; 1 \u00e1ll\u00e1s az Informatikai oszt\u00e1lyra<\/p>\n<p><strong>M\u00e9rn\u00f6k kezd\u0151t\u0151l &#8211; IA szakmai fokozatig<\/strong><br \/>\n&#8211; 1 \u00e1ll\u00e1s a Technikai oszt\u00e1lyra(F.I.R.C.)+(F.I.R.I.S.)<\/p>\n<p>&nbsp;<\/p>\n<p><em><strong>Meghat\u00e1rozott (ideiglenes) id\u0151szakra<\/strong><\/em>, teljes munkaid\u0151re:<\/p>\n<p>&nbsp;<\/p>\n<p><strong>Sz\u00fcl\u00e9szn\u0151, kezd\u0151t\u0151l fels\u0151fok\u00faszakmai fokozatig<\/strong><br \/>\n&#8211; 1 \u00e1ll\u00e1s a Sz\u00fcl\u0151szob\u00e1ra<\/p>\n<p><strong>\u00c1ltal\u00e1nos orvosi asszisztens, kezd\u0151t\u0151l f\u0151asszisztensi szakmai fokozatig<\/strong><br \/>\n&#8211; 2 \u00e1ll\u00e1s az Ideggy\u00f3gy\u00e1szati oszt\u00e1lyra<\/p>\n<p><strong>\u00c1ltal\u00e1nos orvosi asszisztens, kezd\u0151t\u0151l f\u0151asszisztensi szakmai fokozatig<\/strong><br \/>\n&#8211; 1 \u00e1ll\u00e1s az Infektol\u00f3giai oszt\u00e1lyra<\/p>\n<p><strong>\u00c1ltal\u00e1nos orvosi asszisztens, kezd\u0151t\u0151l f\u0151asszisztensi szakmai fokozatig<\/strong><br \/>\n&#8211; 1 \u00e1ll\u00e1s a Seb\u00e9szeti m\u0171t\u0151be<\/p>\n<p><strong>\u00c1ltal\u00e1nos orvosi asszisztens, kezd\u0151t\u0151l f\u0151asszisztensi szakmai fokozatig<\/strong><br \/>\n&#8211; 2 \u00e1ll\u00e1s az Aneszteziol\u00f3gia \u00e9s Intenziv Ter\u00e1pi\u00e1s oszt\u00e1lyra<\/p>\n<p><strong>\u00c1ltal\u00e1nos orvosi asszisztens, kezd\u0151t\u0151l f\u0151asszisztensi szakmai fokozatig<\/strong><br \/>\n&#8211; 2 \u00e1ll\u00e1s az \u00c1ltal\u00e1nos seb\u00e9szeti oszt\u00e1lyra<\/p>\n<p><strong>\u00c1ltal\u00e1nos orvosi asszisztens kezd\u0151t\u0151l-f\u0151asszisztens szakmai fokozatig<\/strong><br \/>\n&#8211; 1 \u00e1ll\u00e1s a Gyermekoszt\u00e1lyra<\/p>\n<p><strong>\u00c1ltal\u00e1nos orvosi asszisztens, kezd\u0151t\u0151l f\u0151asszisztensi szakmai fokozatig<\/strong><br \/>\n&#8211; 2 \u00e1ll\u00e1s az Urol\u00f3giai oszt\u00e1lyra<\/p>\n<p><strong>\u00c1ltal\u00e1nos orvosi asszisztens, kezd\u0151t\u0151l f\u0151asszisztensi szakmai fokozatig<\/strong><br \/>\n&#8211; 1 \u00e1ll\u00e1s az Ortop\u00e9dia-Traumatol\u00f3giai oszt\u00e1lyra<\/p>\n<p><strong>\u00c1ltal\u00e1nos orvosi asszisztens, kezd\u0151t\u0151l f\u0151asszisztensi szakmai fokozatig<\/strong><br \/>\n&#8211; 1 \u00e1ll\u00e1s a Pszichi\u00e1triai oszt\u00e1lyra<\/p>\n<p><strong>\u00c1ltal\u00e1nos orvosi asszisztens kezd\u0151t\u0151l-f\u0151asszisztens szakmai fokozatig<\/strong><br \/>\n&#8211; 1 \u00e1ll\u00e1s a S\u00fcrg\u0151ss\u00e9gi betegell\u00e1t\u00f3 egys\u00e9gbe<\/p>\n<p><strong>\u00c1ltal\u00e1nos orvosi asszisztens kezd\u0151t\u0151l-f\u0151asszisztens szakmai fokozatig<\/strong><br \/>\n&#8211; 2 \u00e1ll\u00e1s a Sz\u00fcl\u00e9szet-N\u0151gy\u00f3gy\u00e1szati m\u0171t\u0151be<\/p>\n<p><strong>\u00c1ltal\u00e1nos orvosi asszisztens, kezd\u0151t\u0151l f\u0151asszisztensi szakmai fokozatig<\/strong><br \/>\n&#8211; 2 \u00e1ll\u00e1s az Orvosi K\u00e9palkot\u00f3 \u00e9s R\u00f6ntgen Laborat\u00f3rium<\/p>\n<p><strong>Orvos\u00edrnok-kezd\u0151t\u0151l-fels\u0151 szakmai fokozatig<\/strong><br \/>\n&#8211; 1 \u00e1ll\u00e1s az Orvosi statisztika \u00e9s dokument\u00e1ci\u00f3s oszt\u00e1lyra(Sz\u00fcl\u00e9szet-N\u0151gy\u00f3gy\u00e1szatra)<\/p>\n<p><strong>Orvos\u00edrnok-kezd\u0151t\u0151l-fels\u0151 szakmai fokozatig<\/strong><br \/>\n&#8211; 1 \u00e1ll\u00e1s az Orvosi statisztika \u00e9s dokument\u00e1ci\u00f3s oszt\u00e1lyra(\u00c1ltal\u00e1nos seb\u00e9szetre)<\/p>\n<p>&nbsp;<\/p>\n<p>Az 1.336\/2022-es sz\u00e1m\u00fa Korm\u00e1nyzati Hat\u00e1rozat \u00e9rtelm\u00e9ben, a meghirdetett \u00e1ll\u00e1sok megp\u00e1ly\u00e1z\u00e1s\u00e1ra a jelentkez\u0151k a k\u00f6vetkez\u0151 \u00e1ltal\u00e1nos felt\u00e9teleket kell teljes\u00edts\u00e9k:<\/p>\n<p>\u2022 rom\u00e1n \u00e1llampolg\u00e1rs\u00e1ggal rendelkezik, Eur\u00f3pai Uni\u00f3hoz vagy az Eur\u00f3pai Gazdas\u00e1gi \u00d6vezethez tartoz\u00f3 orsz\u00e1g \u00e1llampolg\u00e1ra \u00e9s rom\u00e1niai lakhellyel rendelkezik;<br \/>\n\u2022 ismeri a rom\u00e1n nyelvet, sz\u00f3ban \u00e9s \u00edr\u00e1sban egyar\u00e1nt;<br \/>\n\u2022 az 53\/2003 sz\u00e1m\u00fa-Munka T\u00f6rv\u00e9nyk\u00f6nyv el\u0151\u00edr\u00e1sainak megfelel\u0151 munkak\u00e9pess\u00e9g\u0171, a k\u00e9s\u0151bbi v\u00e1ltoztat\u00e1sokkal \u00e9s kieg\u00e9sz\u00edt\u00e9sekkel;<br \/>\n\u2022 az eg\u00e9szs\u00e9gi \u00e1llapota megfelel\u0151 a megp\u00e1ly\u00e1zott \u00e1ll\u00e1s bet\u00f6lt\u00e9s\u00e9re, amit a csal\u00e1dorvos vagy egy illet\u00e9kes eg\u00e9szs\u00e9g\u00fcgyi int\u00e9zm\u00e9ny \u00e1ltal ki\u00e1ll\u00edtott orvosi bizony\u00edtv\u00e1nnyal tud igazolni;<br \/>\n\u2022 megfelel a t\u00f6rv\u00e9ny \u00e1ltal el\u0151\u00edrt tanulm\u00e1nyi v\u00e9gzetts\u00e9ggel, r\u00e9giss\u00e9ggel \u00e9s egy\u00e9b speci\u00e1lis felt\u00e9telekkel a megp\u00e1ly\u00e1zott \u00e1ll\u00e1s bet\u00f6lt\u00e9s\u00e9re;<br \/>\n\u2022 nincsen v\u00e9glegesen el\u00edt\u00e9lve az emberis\u00e9g ellen elk\u00f6vetett, \u00e1llam vagy hivatalos szervek elleni, szolg\u00e1lati vagy szolg\u00e1lattal kapcsolatos, az igazs\u00e1g\u00fcgyi elj\u00e1r\u00e1sok megakad\u00e1lyoz\u00e1sa, csal\u00e1s, korrupci\u00f3s b\u0171ncselekedetek sz\u00e1nd\u00e9kos elk\u00f6vet\u00e9se miatt, ami \u00f6sszef\u00e9rhetetlenn\u00e9 teszi az \u00e1ll\u00e1sban kifejtett tev\u00e9kenys\u00e9g gyakorl\u00e1s\u00e1ra, kiv\u00e9ve azt az esetet, ha rehabilit\u00e1ci\u00f3ban r\u00e9szes\u00fclt;<br \/>\n\u2022 nem t\u00f6lt le b\u00fcntet\u00e9st, eltiltott\u00e1k a szakmai foglalkoz\u00e1shoz val\u00f3 jog gyakorl\u00e1s\u00e1t\u00f3l, a szakmai gyakorl\u00e1snak vagy annak a tev\u00e9kenys\u00e9gnek a gyakorl\u00e1s\u00e1t\u00f3l, amelyre a b\u00fcncselekm\u00e9ny elk\u00f6vet\u00e9se vagy a foglalkoz\u00e1st\u00f3l val\u00f3 eltilt\u00f3 biztons\u00e1gi int\u00e9zked\u00e9st hoztak meg;<br \/>\n\u2022 nem k\u00f6vetett el b\u0171ncselekm\u00e9nyt a 118\/ 2009-es sz\u00e1m\u00fa m\u00f3dos\u00edtott \u00e9s kieg\u00e9sz\u00edtett t\u00f6rv\u00e9ny 1. (2) sz\u00e1m\u00fa cikkelye alapj\u00e1n, amely az egyes szem\u00e9lyek kizs\u00e1km\u00e1nyol\u00e1sa vagy kiskor\u00faak b\u00e1ntalmaz\u00e1sa az Orsz\u00e1gos Nyilv\u00e1ntart\u00e1sra vonatkoz\u00f3 szexu\u00e1lis b\u0171ncselekm\u00e9nyeket elk\u00f6vet\u0151, valamint a 76\/2008 sz\u00e1m\u00fa t\u00f6rv\u00e9ny kieg\u00e9szit\u00e9s\u00e9re az Orsz\u00e1gos B\u00edr\u00f3i Genetikai Adatrendszer m\u0171k\u00f6d\u00e9s\u00e9t \u00e9s szervez\u00e9s\u00e9t szab\u00e1lyozza, a 35. bekezd\u00e9s (1) h) bet\u0171, el\u0151ir\u00e1sa alpaj\u00e1n.<\/p>\n<p>&nbsp;<\/p>\n<p><strong>K\u00fcl\u00f6nleges r\u00e9szv\u00e9teli felt\u00e9telek:<\/strong><\/p>\n<p>1. \u00c1ltal\u00e1nos orvosi asszisztens\/ Sz\u00fcl\u00e9szn\u0151<br \/>\n&#8211; tanulm\u00e1nyok: eg\u00e9szs\u00e9g\u00fcgyi posztl\u00edceum vagy hossz\u00fat\u00e1v\u00fa fels\u0151fok\u00fa v\u00e9gzetts\u00e9g z\u00e1r\u00f3vizsg\u00e1val -\u00e9retts\u00e9gi diplom\u00e1val rendelkezik;<br \/>\n&#8211; az O.A.M.G.M.A.M.R. \u00e1ltal ki\u00e1ll\u00edtott tags\u00e1gi bizonyitv\u00e1nnyal rendelkezik<br \/>\n&#8211; a vizsg\u00e1ra val\u00f3 r\u00e9szv\u00e9telhez az O.A.M.G.M.A.M.R. \u00e1ltal ki\u00e1ll\u00edtott igazol\u00e1ssal rendelkezik,<br \/>\n&#8211; sz\u00e1m\u00edt\u00f3g\u00e9pes ismeretekkel rendelkezik;<br \/>\n&#8211; kommunik\u00e1ci\u00f3s k\u00e9szs\u00e9gekkel rendelkezik;<br \/>\n&#8211; r\u00e9gis\u00e9g a szakm\u00e1ban: nem felt\u00e9tel.<\/p>\n<p>2.Orvos\u00edrnok<br \/>\n&#8211; tanulm\u00e1nyok: \u00e9retts\u00e9gi diploma, sz\u00e1m\u00edt\u00f3g\u00e9pkezel\u0151i szakk\u00e9pes\u00edt\u00e9si bizonylat Word, Excel, stb. programok haszn\u00e1lat\u00e1ra;<br \/>\n&#8211; r\u00e9gis\u00e9g a szakm\u00e1ban: nem felt\u00e9tel<\/p>\n<p>3. Beteg\u00e1pol\u00f3<br \/>\n&#8211; tanulm\u00e1nyok: \u00e1ltal\u00e1nos iskolai diploma vagy igazol\u00e1s, beteg\u00e1pol\u00f3i szakk\u00e9pes\u00edt\u00e9si bizonylat;<br \/>\n&#8211; r\u00e9gis\u00e9g a szakm\u00e1ban: nem felt\u00e9tel<\/p>\n<p>4. Takar\u00edt\u00f3<br \/>\n&#8211; tanulm\u00e1nyok: \u00e1ltal\u00e1nos iskolai diploma vagy igazol\u00e1s;<br \/>\n&#8211; r\u00e9gis\u00e9g a szakm\u00e1ban: nem felt\u00e9tel<\/p>\n<p>5. Szakreferens, kezd\u0151t\u0151l- szakreferens I-IV szakmai fokozatig<br \/>\n&#8211; tanulm\u00e1nyok: Hossz\u00fa t\u00e1v\u00fa fels\u0151fok\u00fa v\u00e9gzetts\u00e9g z\u00e1r\u00f3vizsg\u00e1val;<br \/>\n&#8211; r\u00e9gis\u00e9g a szakm\u00e1ban: nem felt\u00e9tel<\/p>\n<p>6. Szakk\u00e9pzett munk\u00e1s-szak\u00e1cs I-t\u0151l IV szakmai fokozatig<br \/>\n&#8211; tanulm\u00e1nyok: \u00e1ltal\u00e1nos iskolai diploma vagy igazol\u00e1s, szak\u00e1cs szakk\u00e9pes\u00edt\u00e9si bizonylat;<br \/>\n&#8211; r\u00e9gis\u00e9g a szakm\u00e1ban: nem felt\u00e9tel<\/p>\n<p>7. Informatikus, kezd\u0151t\u0151l- I szakmai fokozatig<br \/>\n&#8211; tanulm\u00e1nyok: Informatika r\u00f6vid t\u00e1v\u00fa fels\u0151fok\u00fa v\u00e9gzetts\u00e9g z\u00e1r\u00f3vizsg\u00e1val, adatb\u00e1zis programok, PC m\u0171k\u00f6dtet\u00e9s: Word, Excel;<br \/>\n&#8211; r\u00e9gis\u00e9g a szakm\u00e1ban: nem felt\u00e9tel<\/p>\n<p>8. M\u00e9rn\u00f6k<br \/>\n&#8211; tanulm\u00e1nyok: \u00c9p\u00edt\u00e9szm\u00e9rn\u00f6ki hossz\u00fa t\u00e1v\u00fa fels\u0151fok\u00fa v\u00e9gzetts\u00e9g z\u00e1r\u00f3vizsg\u00e1val- sz\u00e1m\u00edt\u00f3g\u00e9pkezel\u0151i ismeretek Word, Excel;<br \/>\n&#8211; r\u00e9gis\u00e9g a szakm\u00e1ban: nem felt\u00e9tel<\/p>\n<p>&nbsp;<\/p>\n<p><strong>A jelentkez\u00e9si iratcsom\u00f3 a k\u00f6vetez\u0151 dokumentumokat kell tartalmazza:<\/strong><\/p>\n<p>\u2022 beiratkoz\u00e1si k\u00e9r\u00e9st;<br \/>\n\u2022 szem\u00e9lyi igazolv\u00e1ny m\u00e1solat\u00e1t, sz\u00fclet\u00e9si igazolv\u00e1ny m\u00e1solat\u00e1t, esetenk\u00e9nt h\u00e1zass\u00e1gi bizony\u00edtv\u00e1ny m\u00e1solat\u00e1t;<br \/>\n\u2022 tanulm\u00e1nyi v\u00e9gzetts\u00e9g szintj\u00e9t igazol\u00f3 bizonylatokat \u00e9s szakk\u00e9pes\u00edt\u00e9st igazol\u00f3 iratokat, valamint m\u00e1s iratok m\u00e1solatait, amelyek bizony\u00edtj\u00e1k, hogy a jel\u00f6lt szakmai felk\u00e9sz\u00fclts\u00e9g szempontj\u00e1b\u00f3l megfelel az int\u00e9zm\u00e9ny \u00e1ltal meg\u00e1llap\u00edtott k\u00f6vetelm\u00e9nyeknek;<br \/>\n\u2022 munkak\u00f6nyv m\u00e1solatot, vagy esetenk\u00e9nt azokat az igazol\u00e1sokat, amelyek bizony\u00edtj\u00e1k a munkahelyi r\u00e9gis\u00e9get, szakmai r\u00e9gis\u00e9get \u00e9s\/vagy a szakmai k\u00e9pzetts\u00e9gnek megfelel\u0151 r\u00e9gis\u00e9get a 2011. janu\u00e1r 1 ut\u00e1ni id\u0151szakr\u00f3l;<br \/>\n\u2022 Revisal jelent\u00e9st a 2011. janu\u00e1r 1 ut\u00e1ni id\u0151szakr\u00f3l;<br \/>\n\u2022 b\u00fcntetlen el\u0151\u00e9letet bizony\u00edt\u00f3 okiratot, vagy saj\u00e1t felel\u0151ss\u00e9gre tett nyilatkozat;<br \/>\n\u2022 magatart\u00e1si feddets\u00e9get igazol\u00f3 bizony\u00edtv\u00e1ny, amelyb\u0151l kit\u0171nik, hogy nem k\u00f6vetett el szexu\u00e1lis b\u0171ncselekm\u00e9nyt, egyes szem\u00e9lyek vagy kiskor\u00faak ellen;<br \/>\n\u2022 megfelel\u0151 eg\u00e9szs\u00e9gi \u00e1llapotot igazol\u00f3 igazol\u00e1s, amelyet a versenyvizsga id\u0151pontot megel\u0151z\u0151en legt\u00f6bb 6 h\u00f3nappal bocs\u00e1jtott\u00e1k ki, \u00e9rthet\u0151en kell tartalmazza a sz\u00e1mot, d\u00e1tumot, a kibocs\u00e1jt\u00f3 nev\u00e9t \u00e9s funkci\u00f3j\u00e1t;<br \/>\n\u2022 az orvosi asszisztensek r\u00e9sz\u00e9re az O.A.M.G.M.A.M.R. \u00e1ltal kibocs\u00e1jtott tags\u00e1gi bizonylatot;<br \/>\n\u2022 igazol\u00e1st az O.A.M.G.M.A.M.R. r\u00e9sz\u00e9r\u0151l, a vizsg\u00e1ra val\u00f3 r\u00e9szv\u00e9telhez;<br \/>\n\u2022 \u00f6n\u00e9letrajz, eur\u00f3pai modell alapj\u00e1n;<br \/>\n\u2022 nyugt\u00e1t a vizsgad\u00edj befizet\u00e9s\u00e9r\u0151l, amit a k\u00f3rh\u00e1z p\u00e9nzt\u00e1r\u00e1ban kell befizetni;<\/p>\n<p>&nbsp;<\/p>\n<p><strong>A beiratkoz\u00e1si iratcsom\u00f3 v\u00e1logat\u00e1s fellebez\u00e9si hat\u00e1rid\u0151 lej\u00e1rt\u00e1t\u00f3l sz\u00e1m\u00edtott egy munkanapon bel\u00fcl pszihol\u00f3giai \u00e9rt\u00e9kel\u00e9st kell v\u00e9gezzenek azon jelentkez\u0151k, akiknek megfelel a versenyvizsg\u00e1n val\u00f3 r\u00e9szv\u00e9teli felt\u00e9teleknek, a Szem\u00e9lyi K\u00e9pz\u00e9si \u00e9s Szakmai \u00c9rt\u00e9kel\u0151 Iroda \u00e1ltal meghat\u00e1rozott id\u0151szakban. Az id\u0151pontok \u00e9s a pszihol\u00f3giai \u00e9rt\u00e9kel\u00e9s eredm\u00e9nyeinek k\u00f6zl\u00e9se a k\u00f3rh\u00e1z honlapj\u00e1n www.spitalmciuc.ro, a megyei tan\u00e1cs www.hargitamegye.ro honlapj\u00e1n, valamint a k\u00f3rh\u00e1z hirdet\u0151 t\u00e1bl\u00e1j\u00e1n tekinthet\u0151k meg.<\/strong><\/p>\n<p>&nbsp;<\/p>\n<p><strong>A pszichol\u00f3giai \u00e9rt\u00e9kel\u00e9s d\u00edja 70 lej, amelyet az \u00e9rt\u00e9kel\u00e9st megel\u0151z\u0151en kell befizetni, a k\u00f3rh\u00e1z p\u00e9nzt\u00e1r\u00e1ban.<\/strong><\/p>\n<p>&nbsp;<\/p>\n<p><strong>A versenyvizsga lebonyol\u00edt\u00e1s\u00e1nak id\u0151beli beoszt\u00e1sa:<\/strong><\/p>\n<p>\u2022 A jelentkez\u0151k beiratkoz\u00e1si id\u0151szak\u00e1nak befejez\u00e9se 2023. \u00c1prilis 11, 15:00 \u00f3ra;<br \/>\n\u2022 A beiratkoz\u00e1si iratcsom\u00f3k ellen\u0151rz\u00e9s eredm\u00e9nyeinek kif\u00fcggeszt\u00e9se 2023. \u00c1prilis 13, 15:00 \u00f3ra, a k\u00f3rh\u00e1z honlapj\u00e1n www.spitalmciuc.ro, a megyei tan\u00e1cs www.hargitamegye.ro honlapj\u00e1n, valamint a k\u00f3rh\u00e1z hirdet\u0151 t\u00e1bl\u00e1j\u00e1n tekinthet\u0151k meg;<br \/>\n\u2022 A beiratkoz\u00e1si iratcsom\u00f3k ellen\u0151rz\u00e9s eredm\u00e9nyeinek fellebbez\u00e9se 2023. \u00c1prilis 18, 15:00 \u00f3ra;<br \/>\n\u2022 A beiratkoz\u00e1si iratcsom\u00f3kkal kapcsolatos fellebbez\u00e9sek eredm\u00e9nyeinek kif\u00fcggeszt\u00e9se 2023. \u00c1prilis 19, 15:00 \u00f3ra, a k\u00f3rh\u00e1z honlapj\u00e1n www.spitalmciuc.ro, a megyei tan\u00e1cs www.hargitamegye.ro honlapj\u00e1n, valamint a k\u00f3rh\u00e1z hirdet\u0151 t\u00e1bl\u00e1j\u00e1n tekinthet\u0151k meg;<br \/>\n\u2022 Az \u00edr\u00e1sbeli pr\u00f3ba lebonyol\u00edt\u00e1sa 2023. \u00c1prilis 24, 10:00 \u00f3ra, a Hargita Megyei Tan\u00e1cs sz\u00e9khely\u00e9n, Cs\u00edkszered\u00e1ban, Szabads\u00e1g t\u00e9r 5 sz\u00e1m ;<br \/>\n\u2022 Az \u00edr\u00e1sbeli pr\u00f3ba eredm\u00e9nyeinek kif\u00fcggeszt\u00e9se 2023. \u00c1prilis 24, 16:00 \u00f3ra, a k\u00f3rh\u00e1z honlapj\u00e1n www.spitalmciuc.ro, a megyei tan\u00e1cs www.hargitamegye.ro honlapj\u00e1n, valamint a k\u00f3rh\u00e1z hirdet\u0151 t\u00e1bl\u00e1j\u00e1n tekinthet\u0151k meg;<br \/>\n\u2022 Az \u00edr\u00e1sbeli pr\u00f3ba eredm\u00e9nyeinek fellebbez\u00e9se 2023. \u00c1prilis 25, 16:00 \u00f3ra;<br \/>\n\u2022 Az \u00edr\u00e1sbeli pr\u00f3ba fellebbez\u00e9sek eredm\u00e9nyeinek kif\u00fcggeszt\u00e9se 2023. \u00c1prilis 26, 15:00 \u00f3ra, a k\u00f3rh\u00e1z honlapj\u00e1n www.spitalmciuc.ro, a megyei tan\u00e1cs www.hargitamegye.ro honlapj\u00e1n, valamint a k\u00f3rh\u00e1z hirdet\u0151 t\u00e1bl\u00e1j\u00e1n tekinthet\u0151k meg;<br \/>\n\u2022 Az sz\u00f3beli pr\u00f3ba lebonyol\u00edt\u00e1sa 2023. \u00c1prilis 27, 10:00 \u00f3ra, a Hargita Megyei Tan\u00e1cs sz\u00e9khely\u00e9n, Cs\u00edkszered\u00e1ban, Szabads\u00e1g t\u00e9r 5 sz\u00e1m ;<br \/>\n\u2022 A sz\u00f3beli pr\u00f3ba eredm\u00e9nyeinek kif\u00fcggeszt\u00e9se 2023. \u00c1prilis 27, 16:00 \u00f3ra, a k\u00f3rh\u00e1z honlapj\u00e1n www.spitalmciuc.ro, a megyei tan\u00e1cs www.hargitamegye.ro honlapj\u00e1n, valamint a k\u00f3rh\u00e1z hirdet\u0151 t\u00e1bl\u00e1j\u00e1n tekinthet\u0151k meg;<br \/>\n\u2022 Az sz\u00f3beli pr\u00f3ba eredm\u00e9nyeinek fellebbez\u00e9se 2023. \u00c1prilis 28, 16:00 \u00f3ra;<br \/>\n\u2022 Az sz\u00f3beli pr\u00f3ba fellebbez\u00e9sek eredm\u00e9nyeinek kif\u00fcggeszt\u00e9se 2023. M\u00e1jus 2, 15:00 \u00f3ra, a k\u00f3rh\u00e1z honlapj\u00e1n www.spitalmciuc.ro, a megyei tan\u00e1cs www.hargitamegye.ro honlapj\u00e1n, valamint a k\u00f3rh\u00e1z hirdet\u0151 t\u00e1bl\u00e1j\u00e1n tekinthet\u0151k meg;<br \/>\n\u2022 A versenyvizsga v\u00e9gleges eredm\u00e9nyeinek kif\u00fcggeszt\u00e9se 2023. M\u00e1jus 3, 15.00 \u00f3ra, a k\u00f3rh\u00e1z honlapj\u00e1n www.spitalmciuc.ro, a megyei tan\u00e1cs www.hargitamegye.ro honlapj\u00e1n, valamint a k\u00f3rh\u00e1z hirdet\u0151 t\u00e1bl\u00e1j\u00e1n tekinthet\u0151k meg;<\/p>\n<p><strong>A beiratkoz\u00e1si iratcsom\u00f3t (10 munkanap a kif\u00fcggeszt\u00e9st\u0151l sz\u00e1m\u00edtva) 2023. M\u00e1rcius 29 \u00e9s 2023. \u00c1prilis 11-e k\u00f6z\u00f6tt ny\u00fajthatj\u00e1k be, 10:00 \u00e9s 15:00 \u00f3ra k\u00f6z\u00f6tt,<\/strong> a Cs\u00edkszeredai Megyei S\u00fcrg\u0151ss\u00e9gi K\u00f3rh\u00e1z iktat\u00f3j\u00e1ban, a Cs\u00edkszereda, Dr. D\u00e9nes L\u00e1szl\u00f3 utca, 2. sz\u00e1m alatt. Az iratcsom\u00f3nak meg kell felelnie az 1.336\/2022-es sz\u00e1m\u00fa Korm\u00e1nyhat\u00e1rozat el\u0151\u00edr\u00e1sainak.<\/p>\n<p>A beiratkoz\u00e1si iratcsom\u00f3k iktat\u00f3sz\u00e1m alapj\u00e1n azonos\u00edthat\u00f3k az \u00e9rintett szem\u00e9lyek szem\u00e9lyazonoss\u00e1ga v\u00e9delm\u00e9nek \u00e9rdek\u00e9ben.<\/p>\n<p>A beiratkoz\u00e1si lap, a k\u00f6nyv\u00e9szet \u00e9s a versenyvizsga szab\u00e1lyzata a k\u00f3rh\u00e1z iktat\u00f3j\u00e1ban vehet\u0151 \u00e1t, illetve let\u00f6lthet\u0151 a k\u00f3rh\u00e1z honlapj\u00e1r\u00f3l www.spitalmciuc.ro, a megyei tan\u00e1cs honlapj\u00e1r\u00f3l www.hargitamegye.ro, valamint megtekinthet\u0151 a k\u00f3rh\u00e1z hirdet\u0151t\u00e1bl\u00e1j\u00e1n.<\/p>\n<p>Tov\u00e1bbi inform\u00e1ci\u00f3 a Cs\u00edkszeredai Megyei S\u00fcrg\u0151ss\u00e9gi K\u00f3rh\u00e1z Szem\u00e9lyi K\u00e9pz\u00e9si \u00e9s Szakmai \u00c9rt\u00e9kel\u00e9si Irdod\u00e1ban k\u00e9rhet\u0151, vagy a 0266\/324193-as telefonsz\u00e1mon, 109-es bels\u0151n.<\/p>\n<p>&nbsp;<\/p>\n<p style=\"text-align: center;\">Dr. Konr\u00e1d Judith<br \/>\nmenedzser<\/p>\n<p>&nbsp;<\/p>\n<ul>\n<li><strong>Beiratkoz\u00e1si \u0171rlap:<\/strong><\/li>\n<\/ul>\n<p><a href=\"https:\/\/spitalmciuc.ro\/wp-content\/uploads\/2023\/03\/Beiratkozasi-lap.pdf\" target=\"_blank\" rel=\"noopener\">Megnyit\u00e1s<\/a><\/p>\n<ul>\n<li><strong>K\u00f6nyv\u00e9szeti anyagok \u00e9s munkak\u00f6ri le\u00edr\u00e1sok:<\/strong><\/li>\n<\/ul>\n<p><a href=\"https:\/\/spitalmciuc.ro\/wp-content\/uploads\/2023\/03\/Konyveszet-24.-27.04.2023.zip\" target=\"_blank\" rel=\"noopener\">K\u00f6nyv\u00e9szet<\/a><br \/>\n<a href=\"https:\/\/spitalmciuc.ro\/wp-content\/uploads\/2023\/05\/Bibliografie-brancardier-anatomie-patologica.pdf\" target=\"_blank\" rel=\"noopener\">K\u00f6nyv\u00e9szet Patol\u00f3gia, k\u00f3rsz\u00f6vettan, k\u00f3rbonctan<\/a><br \/>\n<a href=\"https:\/\/spitalmciuc.ro\/wp-content\/uploads\/2023\/03\/Munakakori-leiras-24.-27.04.2023.zip\" target=\"_blank\" rel=\"noopener\">Munkak\u00f6ri le\u00edr\u00e1s<\/a><br \/>\n<a href=\"https:\/\/spitalmciuc.ro\/wp-content\/uploads\/2023\/03\/Versenyvizsga-metodologia.pdf\" target=\"_blank\" rel=\"noopener\">M\u00f3dszertan<\/a><\/p>\n<ul>\n<li><strong>Dosszi\u00e9k kiv\u00e1logat\u00e1sa:<\/strong><\/li>\n<\/ul>\n<p><a href=\"https:\/\/spitalmciuc.ro\/wp-content\/uploads\/2023\/04\/Select.dosarelor-09.05.2023-2.pdf\" target=\"_blank\" rel=\"noopener\">Megnyit\u00e1s<\/a><\/p>\n<ul>\n<li><strong>Fel\u00fclb\u00edr\u00e1l\u00e1si eredm\u00e9ny:<\/strong><\/li>\n<\/ul>\n<p><a href=\"https:\/\/spitalmciuc.ro\/wp-content\/uploads\/2023\/04\/rezultat-contestatii_2023_04_27_15_35_45_766.pdf\" target=\"_blank\" rel=\"noopener\">Megnyit\u00e1s<\/a><\/p>\n<ul>\n<li><strong>Pszichol\u00f3giai vizsga:<\/strong><\/li>\n<\/ul>\n<p><a href=\"https:\/\/spitalmciuc.ro\/wp-content\/uploads\/2023\/05\/Programare-evaluare-psihologica-09.05.2023\u201012.05.2023.pdf\" target=\"_blank\" rel=\"noopener\">Megnyit\u00e1s<\/a><\/p>\n<ul>\n<li><strong>Pszichol\u00f3giai vizsga eredm\u00e9ny:<\/strong><\/li>\n<\/ul>\n<p><a href=\"https:\/\/spitalmciuc.ro\/wp-content\/uploads\/2023\/05\/Pszichologia-vizsga-eredmeny-04.05.2023.pdf\" target=\"_blank\" rel=\"noopener\">Megnyit\u00e1s<\/a><\/p>\n<ul>\n<li><strong>\u00cdr\u00e1sbeli vizsga eredm\u00e9nyei:<\/strong><\/li>\n<\/ul>\n<p><a href=\"https:\/\/spitalmciuc.ro\/wp-content\/uploads\/2023\/03\/proba-scrisa-09.05.2023-12.05.2023.pdf\" target=\"_blank\" rel=\"noopener\">Megnyit\u00e1s<\/a><\/p>\n<ul>\n<li><strong>Sz\u00f3beli vizsga eredm\u00e9nyei:<\/strong><\/li>\n<\/ul>\n<p><a href=\"https:\/\/spitalmciuc.ro\/wp-content\/uploads\/2023\/05\/Tabel-proba-interviu-fara-nume-09.05.2023.pdf\" target=\"_blank\" rel=\"noopener\">Megnyit\u00e1s<\/a><\/p>\n<ul>\n<li><strong>V\u00e9gleges eredm\u00e9nyek:<\/strong><\/li>\n<\/ul>\n<p><a href=\"https:\/\/spitalmciuc.ro\/wp-content\/uploads\/2023\/05\/Tabel-concurs-final-fara-nume-09.05.2023-.pdf\" target=\"_blank\" rel=\"noopener\">Megnyit\u00e1s<\/a><\/p>\n","protected":false},"excerpt":{"rendered":"<p>HIRDET\u00c9S A Csikszeredai Megyei S\u00fcrg\u0151ss\u00e9gi K\u00f3rh\u00e1z\u00a0 \u00e1ltal meghirdetett \u00fcres \u00e1ll\u00e1sok bet\u00f6lt\u00e9s\u00e9re, meghat\u00e1rozott \u00e9s meghat\u00e1rozatlan id\u0151szakra a versenyvizsga lebonyol\u00edt\u00e1s\u00e1nak id\u0151beli beoszt\u00e1s\u00e1nak v\u00e1ltoz\u00e1sa &nbsp; &nbsp; Tekintettel az 1.336\/2022-es sz\u00e1m\u00fa Korm\u00e1nyzati Hat\u00e1rozat 63(1) bekezd\u00e9s\u00e9nek el\u0151\u00edr\u00e1s\u00e1ra Ha objekt\u00edv okokb\u00f3l a versenyvizsga d\u00e1tuma, id\u0151pontja \u00e9s helye nem tarthat\u00f3 be:\u00a0 a versenyvizsg\u00e1t 15 munkanappal elhalasztj\u00e1k a jelen hat\u00e1rozatban meghat\u00e1rozott felt\u00e9telekkel &nbsp;&hellip;<\/p>\n","protected":false},"author":11,"featured_media":0,"comment_status":"closed","ping_status":"open","sticky":false,"template":"","format":"standard","meta":[],"categories":[30],"tags":[],"yoast_head":"<!-- This site is optimized with the Yoast SEO plugin v18.3 - https:\/\/yoast.com\/wordpress\/plugins\/seo\/ -->\n<title>\u00c1ll\u00e1shirdet\u00e9s - 2023.04.24.-27. \/ Vizsgakalend\u00e1rium v\u00e1ltoz\u00e1s 2023.05.09.-12. - Cs\u00edkszeredai Megyei S\u00fcrg\u0151ss\u00e9gi K\u00f3rh\u00e1z<\/title>\n<meta name=\"robots\" content=\"index, follow, max-snippet:-1, max-image-preview:large, max-video-preview:-1\" \/>\n<link rel=\"canonical\" href=\"https:\/\/spitalmciuc.ro\/hu\/allashirdetes\/\" \/>\n<meta property=\"og:locale\" content=\"hu_HU\" \/>\n<meta property=\"og:type\" content=\"article\" \/>\n<meta property=\"og:title\" content=\"\u00c1ll\u00e1shirdet\u00e9s - 2023.04.24.-27. \/ Vizsgakalend\u00e1rium v\u00e1ltoz\u00e1s 2023.05.09.-12. - Cs\u00edkszeredai Megyei S\u00fcrg\u0151ss\u00e9gi K\u00f3rh\u00e1z\" \/>\n<meta property=\"og:description\" content=\"HIRDET\u00c9S A Csikszeredai Megyei S\u00fcrg\u0151ss\u00e9gi K\u00f3rh\u00e1z\u00a0 \u00e1ltal meghirdetett \u00fcres \u00e1ll\u00e1sok bet\u00f6lt\u00e9s\u00e9re, meghat\u00e1rozott \u00e9s meghat\u00e1rozatlan id\u0151szakra a versenyvizsga lebonyol\u00edt\u00e1s\u00e1nak id\u0151beli beoszt\u00e1s\u00e1nak v\u00e1ltoz\u00e1sa &nbsp; &nbsp; Tekintettel az 1.336\/2022-es sz\u00e1m\u00fa Korm\u00e1nyzati Hat\u00e1rozat 63(1) bekezd\u00e9s\u00e9nek el\u0151\u00edr\u00e1s\u00e1ra Ha objekt\u00edv okokb\u00f3l a versenyvizsga d\u00e1tuma, id\u0151pontja \u00e9s helye nem tarthat\u00f3 be:\u00a0 a versenyvizsg\u00e1t 15 munkanappal elhalasztj\u00e1k a jelen hat\u00e1rozatban meghat\u00e1rozott felt\u00e9telekkel &nbsp;&hellip;\" \/>\n<meta property=\"og:url\" content=\"https:\/\/spitalmciuc.ro\/hu\/allashirdetes\/\" \/>\n<meta property=\"og:site_name\" content=\"Cs\u00edkszeredai Megyei S\u00fcrg\u0151ss\u00e9gi K\u00f3rh\u00e1z\" \/>\n<meta property=\"article:published_time\" content=\"2023-03-29T11:41:24+00:00\" \/>\n<meta property=\"article:modified_time\" content=\"2025-10-06T10:46:51+00:00\" \/>\n<meta name=\"twitter:card\" content=\"summary_large_image\" \/>\n<meta name=\"twitter:label1\" content=\"Szerz\u0151:\" \/>\n\t<meta name=\"twitter:data1\" content=\"Milik Szil\u00e1rd\" \/>\n\t<meta name=\"twitter:label2\" content=\"Becs\u00fclt olvas\u00e1si id\u0151\" \/>\n\t<meta name=\"twitter:data2\" content=\"9 perc\" \/>\n<script type=\"application\/ld+json\" class=\"yoast-schema-graph\">{\"@context\":\"https:\/\/schema.org\",\"@graph\":[{\"@type\":\"Organization\",\"@id\":\"https:\/\/spitalmciuc.ro\/#organization\",\"name\":\"Spitalul Jude\u0163ean de Urgen\u0163\u0103 Miercurea Ciuc\",\"url\":\"https:\/\/spitalmciuc.ro\/\",\"sameAs\":[],\"logo\":{\"@type\":\"ImageObject\",\"@id\":\"https:\/\/spitalmciuc.ro\/#logo\",\"inLanguage\":\"hu\",\"url\":\"https:\/\/spitalmciuc.ro\/wp-content\/uploads\/2022\/02\/logo-spital-ro-60.jpg\",\"contentUrl\":\"https:\/\/spitalmciuc.ro\/wp-content\/uploads\/2022\/02\/logo-spital-ro-60.jpg\",\"width\":198,\"height\":60,\"caption\":\"Spitalul Jude\u0163ean de Urgen\u0163\u0103 Miercurea Ciuc\"},\"image\":{\"@id\":\"https:\/\/spitalmciuc.ro\/#logo\"}},{\"@type\":\"WebSite\",\"@id\":\"https:\/\/spitalmciuc.ro\/#website\",\"url\":\"https:\/\/spitalmciuc.ro\/\",\"name\":\"Cs\u00edkszeredai Megyei S\u00fcrg\u0151ss\u00e9gi K\u00f3rh\u00e1z\",\"description\":\"\",\"publisher\":{\"@id\":\"https:\/\/spitalmciuc.ro\/#organization\"},\"potentialAction\":[{\"@type\":\"SearchAction\",\"target\":{\"@type\":\"EntryPoint\",\"urlTemplate\":\"https:\/\/spitalmciuc.ro\/?s={search_term_string}\"},\"query-input\":\"required name=search_term_string\"}],\"inLanguage\":\"hu\"},{\"@type\":\"WebPage\",\"@id\":\"https:\/\/spitalmciuc.ro\/hu\/allashirdetes\/#webpage\",\"url\":\"https:\/\/spitalmciuc.ro\/hu\/allashirdetes\/\",\"name\":\"\u00c1ll\u00e1shirdet\u00e9s - 2023.04.24.-27. \/ Vizsgakalend\u00e1rium v\u00e1ltoz\u00e1s 2023.05.09.-12. - Cs\u00edkszeredai Megyei S\u00fcrg\u0151ss\u00e9gi K\u00f3rh\u00e1z\",\"isPartOf\":{\"@id\":\"https:\/\/spitalmciuc.ro\/#website\"},\"datePublished\":\"2023-03-29T11:41:24+00:00\",\"dateModified\":\"2025-10-06T10:46:51+00:00\",\"breadcrumb\":{\"@id\":\"https:\/\/spitalmciuc.ro\/hu\/allashirdetes\/#breadcrumb\"},\"inLanguage\":\"hu\",\"potentialAction\":[{\"@type\":\"ReadAction\",\"target\":[\"https:\/\/spitalmciuc.ro\/hu\/allashirdetes\/\"]}]},{\"@type\":\"BreadcrumbList\",\"@id\":\"https:\/\/spitalmciuc.ro\/hu\/allashirdetes\/#breadcrumb\",\"itemListElement\":[{\"@type\":\"ListItem\",\"position\":1,\"name\":\"Kezd\u0151lap\",\"item\":\"https:\/\/spitalmciuc.ro\/hu\/\"},{\"@type\":\"ListItem\",\"position\":2,\"name\":\"\u00c1ll\u00e1shirdet\u00e9s &#8211; 2023.04.24.-27. \/ Vizsgakalend\u00e1rium v\u00e1ltoz\u00e1s 2023.05.09.-12.\"}]},{\"@type\":\"Article\",\"@id\":\"https:\/\/spitalmciuc.ro\/hu\/allashirdetes\/#article\",\"isPartOf\":{\"@id\":\"https:\/\/spitalmciuc.ro\/hu\/allashirdetes\/#webpage\"},\"author\":{\"@id\":\"https:\/\/spitalmciuc.ro\/#\/schema\/person\/20ea297ab07e8f4d1689dfe252e34174\"},\"headline\":\"\u00c1ll\u00e1shirdet\u00e9s &#8211; 2023.04.24.-27. \/ Vizsgakalend\u00e1rium v\u00e1ltoz\u00e1s 2023.05.09.-12.\",\"datePublished\":\"2023-03-29T11:41:24+00:00\",\"dateModified\":\"2025-10-06T10:46:51+00:00\",\"mainEntityOfPage\":{\"@id\":\"https:\/\/spitalmciuc.ro\/hu\/allashirdetes\/#webpage\"},\"wordCount\":3344,\"publisher\":{\"@id\":\"https:\/\/spitalmciuc.ro\/#organization\"},\"articleSection\":[\"\u00c1ll\u00e1sh\u00edrdet\u00e9sek\"],\"inLanguage\":\"hu\"},{\"@type\":\"Person\",\"@id\":\"https:\/\/spitalmciuc.ro\/#\/schema\/person\/20ea297ab07e8f4d1689dfe252e34174\",\"name\":\"Milik Szil\u00e1rd\",\"url\":\"https:\/\/spitalmciuc.ro\/hu\/author\/szilard\/\"}]}<\/script>\n<!-- \/ Yoast SEO plugin. -->","yoast_head_json":{"title":"\u00c1ll\u00e1shirdet\u00e9s - 2023.04.24.-27. \/ Vizsgakalend\u00e1rium v\u00e1ltoz\u00e1s 2023.05.09.-12. - Cs\u00edkszeredai Megyei S\u00fcrg\u0151ss\u00e9gi K\u00f3rh\u00e1z","robots":{"index":"index","follow":"follow","max-snippet":"max-snippet:-1","max-image-preview":"max-image-preview:large","max-video-preview":"max-video-preview:-1"},"canonical":"https:\/\/spitalmciuc.ro\/hu\/allashirdetes\/","og_locale":"hu_HU","og_type":"article","og_title":"\u00c1ll\u00e1shirdet\u00e9s - 2023.04.24.-27. \/ Vizsgakalend\u00e1rium v\u00e1ltoz\u00e1s 2023.05.09.-12. - Cs\u00edkszeredai Megyei S\u00fcrg\u0151ss\u00e9gi K\u00f3rh\u00e1z","og_description":"HIRDET\u00c9S A Csikszeredai Megyei S\u00fcrg\u0151ss\u00e9gi K\u00f3rh\u00e1z\u00a0 \u00e1ltal meghirdetett \u00fcres \u00e1ll\u00e1sok bet\u00f6lt\u00e9s\u00e9re, meghat\u00e1rozott \u00e9s meghat\u00e1rozatlan id\u0151szakra a versenyvizsga lebonyol\u00edt\u00e1s\u00e1nak id\u0151beli beoszt\u00e1s\u00e1nak v\u00e1ltoz\u00e1sa &nbsp; &nbsp; Tekintettel az 1.336\/2022-es sz\u00e1m\u00fa Korm\u00e1nyzati Hat\u00e1rozat 63(1) bekezd\u00e9s\u00e9nek el\u0151\u00edr\u00e1s\u00e1ra Ha objekt\u00edv okokb\u00f3l a versenyvizsga d\u00e1tuma, id\u0151pontja \u00e9s helye nem tarthat\u00f3 be:\u00a0 a versenyvizsg\u00e1t 15 munkanappal elhalasztj\u00e1k a jelen hat\u00e1rozatban meghat\u00e1rozott felt\u00e9telekkel &nbsp;&hellip;","og_url":"https:\/\/spitalmciuc.ro\/hu\/allashirdetes\/","og_site_name":"Cs\u00edkszeredai Megyei S\u00fcrg\u0151ss\u00e9gi K\u00f3rh\u00e1z","article_published_time":"2023-03-29T11:41:24+00:00","article_modified_time":"2025-10-06T10:46:51+00:00","twitter_card":"summary_large_image","twitter_misc":{"Szerz\u0151:":"Milik Szil\u00e1rd","Becs\u00fclt olvas\u00e1si id\u0151":"9 perc"},"schema":{"@context":"https:\/\/schema.org","@graph":[{"@type":"Organization","@id":"https:\/\/spitalmciuc.ro\/#organization","name":"Spitalul Jude\u0163ean de Urgen\u0163\u0103 Miercurea Ciuc","url":"https:\/\/spitalmciuc.ro\/","sameAs":[],"logo":{"@type":"ImageObject","@id":"https:\/\/spitalmciuc.ro\/#logo","inLanguage":"hu","url":"https:\/\/spitalmciuc.ro\/wp-content\/uploads\/2022\/02\/logo-spital-ro-60.jpg","contentUrl":"https:\/\/spitalmciuc.ro\/wp-content\/uploads\/2022\/02\/logo-spital-ro-60.jpg","width":198,"height":60,"caption":"Spitalul Jude\u0163ean de Urgen\u0163\u0103 Miercurea Ciuc"},"image":{"@id":"https:\/\/spitalmciuc.ro\/#logo"}},{"@type":"WebSite","@id":"https:\/\/spitalmciuc.ro\/#website","url":"https:\/\/spitalmciuc.ro\/","name":"Cs\u00edkszeredai Megyei S\u00fcrg\u0151ss\u00e9gi K\u00f3rh\u00e1z","description":"","publisher":{"@id":"https:\/\/spitalmciuc.ro\/#organization"},"potentialAction":[{"@type":"SearchAction","target":{"@type":"EntryPoint","urlTemplate":"https:\/\/spitalmciuc.ro\/?s={search_term_string}"},"query-input":"required name=search_term_string"}],"inLanguage":"hu"},{"@type":"WebPage","@id":"https:\/\/spitalmciuc.ro\/hu\/allashirdetes\/#webpage","url":"https:\/\/spitalmciuc.ro\/hu\/allashirdetes\/","name":"\u00c1ll\u00e1shirdet\u00e9s - 2023.04.24.-27. \/ Vizsgakalend\u00e1rium v\u00e1ltoz\u00e1s 2023.05.09.-12. - Cs\u00edkszeredai Megyei S\u00fcrg\u0151ss\u00e9gi K\u00f3rh\u00e1z","isPartOf":{"@id":"https:\/\/spitalmciuc.ro\/#website"},"datePublished":"2023-03-29T11:41:24+00:00","dateModified":"2025-10-06T10:46:51+00:00","breadcrumb":{"@id":"https:\/\/spitalmciuc.ro\/hu\/allashirdetes\/#breadcrumb"},"inLanguage":"hu","potentialAction":[{"@type":"ReadAction","target":["https:\/\/spitalmciuc.ro\/hu\/allashirdetes\/"]}]},{"@type":"BreadcrumbList","@id":"https:\/\/spitalmciuc.ro\/hu\/allashirdetes\/#breadcrumb","itemListElement":[{"@type":"ListItem","position":1,"name":"Kezd\u0151lap","item":"https:\/\/spitalmciuc.ro\/hu\/"},{"@type":"ListItem","position":2,"name":"\u00c1ll\u00e1shirdet\u00e9s &#8211; 2023.04.24.-27. \/ Vizsgakalend\u00e1rium v\u00e1ltoz\u00e1s 2023.05.09.-12."}]},{"@type":"Article","@id":"https:\/\/spitalmciuc.ro\/hu\/allashirdetes\/#article","isPartOf":{"@id":"https:\/\/spitalmciuc.ro\/hu\/allashirdetes\/#webpage"},"author":{"@id":"https:\/\/spitalmciuc.ro\/#\/schema\/person\/20ea297ab07e8f4d1689dfe252e34174"},"headline":"\u00c1ll\u00e1shirdet\u00e9s &#8211; 2023.04.24.-27. \/ Vizsgakalend\u00e1rium v\u00e1ltoz\u00e1s 2023.05.09.-12.","datePublished":"2023-03-29T11:41:24+00:00","dateModified":"2025-10-06T10:46:51+00:00","mainEntityOfPage":{"@id":"https:\/\/spitalmciuc.ro\/hu\/allashirdetes\/#webpage"},"wordCount":3344,"publisher":{"@id":"https:\/\/spitalmciuc.ro\/#organization"},"articleSection":["\u00c1ll\u00e1sh\u00edrdet\u00e9sek"],"inLanguage":"hu"},{"@type":"Person","@id":"https:\/\/spitalmciuc.ro\/#\/schema\/person\/20ea297ab07e8f4d1689dfe252e34174","name":"Milik Szil\u00e1rd","url":"https:\/\/spitalmciuc.ro\/hu\/author\/szilard\/"}]}},"_links":{"self":[{"href":"https:\/\/spitalmciuc.ro\/hu\/wp-json\/wp\/v2\/posts\/11172"}],"collection":[{"href":"https:\/\/spitalmciuc.ro\/hu\/wp-json\/wp\/v2\/posts"}],"about":[{"href":"https:\/\/spitalmciuc.ro\/hu\/wp-json\/wp\/v2\/types\/post"}],"author":[{"embeddable":true,"href":"https:\/\/spitalmciuc.ro\/hu\/wp-json\/wp\/v2\/users\/11"}],"replies":[{"embeddable":true,"href":"https:\/\/spitalmciuc.ro\/hu\/wp-json\/wp\/v2\/comments?post=11172"}],"version-history":[{"count":19,"href":"https:\/\/spitalmciuc.ro\/hu\/wp-json\/wp\/v2\/posts\/11172\/revisions"}],"predecessor-version":[{"id":18043,"href":"https:\/\/spitalmciuc.ro\/hu\/wp-json\/wp\/v2\/posts\/11172\/revisions\/18043"}],"wp:attachment":[{"href":"https:\/\/spitalmciuc.ro\/hu\/wp-json\/wp\/v2\/media?parent=11172"}],"wp:term":[{"taxonomy":"category","embeddable":true,"href":"https:\/\/spitalmciuc.ro\/hu\/wp-json\/wp\/v2\/categories?post=11172"},{"taxonomy":"post_tag","embeddable":true,"href":"https:\/\/spitalmciuc.ro\/hu\/wp-json\/wp\/v2\/tags?post=11172"}],"curies":[{"name":"wp","href":"https:\/\/api.w.org\/{rel}","templated":true}]}}